{"id":59974,"date":"2026-09-05T00:02:11","date_gmt":"2026-09-04T21:02:11","guid":{"rendered":"https:\/\/www.karekod.org\/blog\/?p=59974"},"modified":"2026-09-05T00:02:21","modified_gmt":"2026-09-04T21:02:21","slug":"yillara-gore-milletvekili-maaslari","status":"publish","type":"post","link":"https:\/\/www.karekod.org\/blog\/yillara-gore-milletvekili-maaslari\/","title":{"rendered":"Y\u0131llara G\u00f6re Milletvekili Maa\u015flar\u0131: 1876\u2019dan 2026\u2019ya De\u011fi\u015fim"},"content":{"rendered":"\n<p class=\"wp-block-paragraph\"><strong>Y\u0131llara g\u00f6re milletvekili maa\u015flar\u0131<\/strong>, T\u00fcrkiye&#8217;de siyasi temsilcilerin ald\u0131\u011f\u0131 \u00f6deneklerin yakla\u015f\u0131k 150 y\u0131ll\u0131k de\u011fi\u015fimini ortaya koyuyor. T\u00fcrkiye&#8217;deki parlamenter \u00f6demelerin izini Osmanl\u0131 d\u00f6nemindeki Meclis-i Mebusan&#8217;a kadar s\u00fcrd\u00fc\u011f\u00fcm\u00fczde ula\u015f\u0131labilen kay\u0131tlar <strong>1876 y\u0131l\u0131na<\/strong> kadar gidiyor.<\/p>\n\n\n\n<p class=\"wp-block-paragraph\">T\u00fcrkiye B\u00fcy\u00fck Millet Meclisi d\u00f6neminde ise milletvekillerine yap\u0131lacak \u00f6demelerin ilk yasal d\u00fczenlemelerinden biri 5 Eyl\u00fcl 1920 tarihli Nisab-\u0131 M\u00fczakere Kanunu oldu. 1920&#8217;de ilk d\u00f6rt ayl\u0131k d\u00f6nem i\u00e7in toplam 1.250 lira tahsisat \u00f6ng\u00f6r\u00fcl\u00fcrken, daha sonraki d\u00f6nem i\u00e7in ayl\u0131k 100 lira \u00f6deme kararla\u015ft\u0131r\u0131ld\u0131. 1921&#8217;de ayl\u0131k \u00f6deme 200 liraya, 1924&#8217;te ise 300 liraya y\u00fckseldi.<\/p>\n\n\n\n<p class=\"wp-block-paragraph\">2026 y\u0131l\u0131na geldi\u011fimizde ise aktif bir milletvekilinin ayl\u0131\u011f\u0131 Temmuz zamm\u0131n\u0131n ard\u0131ndan yakla\u015f\u0131k <strong>310.332 TL<\/strong> seviyesine ula\u015ft\u0131. Ayn\u0131 d\u00f6nemde net asgari \u00fccret <strong>28.075,50 TL<\/strong>. Buna g\u00f6re milletvekili ayl\u0131\u011f\u0131, net asgari \u00fccretin yakla\u015f\u0131k <strong>11,1 kat\u0131na<\/strong> denk geliyor.<\/p>\n\n\n\n<blockquote class=\"wp-block-quote is-layout-flow wp-block-quote-is-layout-flow\">\n<p class=\"wp-block-paragraph\"><strong>K\u0131sa sonu\u00e7:<\/strong> 2002&#8217;de milletvekili ayl\u0131\u011f\u0131 net asgari \u00fccretin yakla\u015f\u0131k 30,7 kat\u0131 d\u00fczeyindeyken, 2026&#8217;da bu oran yakla\u015f\u0131k 11,1 kata geriledi. Buna kar\u015f\u0131l\u0131k yaln\u0131zca 2024\u20132026 d\u00f6nemine bak\u0131ld\u0131\u011f\u0131nda milletvekili ayl\u0131\u011f\u0131ndaki art\u0131\u015f yeniden asgari \u00fccret art\u0131\u015f\u0131n\u0131n \u00fczerine \u00e7\u0131kt\u0131.<\/p>\n<\/blockquote>\n\n\n\n<div id=\"ez-toc-container\" class=\"ez-toc-v2_0_87 counter-hierarchy ez-toc-counter ez-toc-grey ez-toc-container-direction\">\n<div class=\"ez-toc-title-container\"><p class=\"ez-toc-title\" style=\"cursor:inherit\">\u0130\u00e7indekiler<\/p>\n<\/div><nav><ul class='ez-toc-list ez-toc-list-level-1 ' ><li class='ez-toc-page-1 ez-toc-heading-level-2'><a class=\"ez-toc-link ez-toc-heading-1\" href=\"https:\/\/www.karekod.org\/blog\/yillara-gore-milletvekili-maaslari\/#Milletvekili_Maasi_Nasil_Belirleniyor\" >Milletvekili Maa\u015f\u0131 Nas\u0131l Belirleniyor?<\/a><\/li><li class='ez-toc-page-1 ez-toc-heading-level-2'><a class=\"ez-toc-link ez-toc-heading-2\" href=\"https:\/\/www.karekod.org\/blog\/yillara-gore-milletvekili-maaslari\/#Ilk_Milletvekili_Maasi_Ne_Kadardi\" >\u0130lk Milletvekili Maa\u015f\u0131 Ne Kadard\u0131?<\/a><\/li><li class='ez-toc-page-1 ez-toc-heading-level-2'><a class=\"ez-toc-link ez-toc-heading-3\" href=\"https:\/\/www.karekod.org\/blog\/yillara-gore-milletvekili-maaslari\/#1920den_1931e_Milletvekili_Maaslari\" >1920&#8217;den 1931&#8217;e Milletvekili Maa\u015flar\u0131<\/a><\/li><li class='ez-toc-page-1 ez-toc-heading-level-2'><a class=\"ez-toc-link ez-toc-heading-4\" href=\"https:\/\/www.karekod.org\/blog\/yillara-gore-milletvekili-maaslari\/#1983%E2%80%932004_Yillari_Milletvekili_Maaslari\" >1983\u20132004 Y\u0131llar\u0131 Milletvekili Maa\u015flar\u0131<\/a><\/li><li class='ez-toc-page-1 ez-toc-heading-level-2'><a class=\"ez-toc-link ez-toc-heading-5\" href=\"https:\/\/www.karekod.org\/blog\/yillara-gore-milletvekili-maaslari\/#2005%E2%80%932026_Yillara_Gore_Milletvekili_Maaslari\" >2005\u20132026 Y\u0131llara G\u00f6re Milletvekili Maa\u015flar\u0131<\/a><\/li><li class='ez-toc-page-1 ez-toc-heading-level-2'><a class=\"ez-toc-link ez-toc-heading-6\" href=\"https:\/\/www.karekod.org\/blog\/yillara-gore-milletvekili-maaslari\/#Yillara_Gore_Milletvekili_Maasi_ve_Asgari_Ucret_Karsilastirmasi\" >Y\u0131llara G\u00f6re Milletvekili Maa\u015f\u0131 ve Asgari \u00dccret Kar\u015f\u0131la\u015ft\u0131rmas\u0131<\/a><\/li><li class='ez-toc-page-1 ez-toc-heading-level-2'><a class=\"ez-toc-link ez-toc-heading-7\" href=\"https:\/\/www.karekod.org\/blog\/yillara-gore-milletvekili-maaslari\/#Milletvekili_Maasi_mi_Asgari_Ucret_mi_Daha_Fazla_Artti\" >Milletvekili Maa\u015f\u0131 m\u0131, Asgari \u00dccret mi Daha Fazla Artt\u0131?<\/a><\/li><li class='ez-toc-page-1 ez-toc-heading-level-2'><a class=\"ez-toc-link ez-toc-heading-8\" href=\"https:\/\/www.karekod.org\/blog\/yillara-gore-milletvekili-maaslari\/#Son_Iki_Yilda_Tablo_Tersine_Dondu\" >Son \u0130ki Y\u0131lda Tablo Tersine D\u00f6nd\u00fc<\/a><\/li><li class='ez-toc-page-1 ez-toc-heading-level-2'><a class=\"ez-toc-link ez-toc-heading-9\" href=\"https:\/\/www.karekod.org\/blog\/yillara-gore-milletvekili-maaslari\/#Milletvekili_Maaslari_2026da_Asgari_Ucretin_Kac_Kati\" >Milletvekili Maa\u015flar\u0131 2026&#8217;da Asgari \u00dccretin Ka\u00e7 Kat\u0131?<\/a><\/li><li class='ez-toc-page-1 ez-toc-heading-level-2'><a class=\"ez-toc-link ez-toc-heading-10\" href=\"https:\/\/www.karekod.org\/blog\/yillara-gore-milletvekili-maaslari\/#Milletvekili_Maaslarinda_En_Dikkat_Cekici_Donemler\" >Milletvekili Maa\u015flar\u0131nda En Dikkat \u00c7ekici D\u00f6nemler<\/a><\/li><li class='ez-toc-page-1 ez-toc-heading-level-2'><a class=\"ez-toc-link ez-toc-heading-11\" href=\"https:\/\/www.karekod.org\/blog\/yillara-gore-milletvekili-maaslari\/#Maas_Degerlendirmesi\" >Maa\u015f De\u011ferlendirmesi<\/a><\/li><li class='ez-toc-page-1 ez-toc-heading-level-2'><a class=\"ez-toc-link ez-toc-heading-12\" href=\"https:\/\/www.karekod.org\/blog\/yillara-gore-milletvekili-maaslari\/#Editor_Yorumu\" >Edit\u00f6r Yorumu<\/a><\/li><li class='ez-toc-page-1 ez-toc-heading-level-2'><a class=\"ez-toc-link ez-toc-heading-13\" href=\"https:\/\/www.karekod.org\/blog\/yillara-gore-milletvekili-maaslari\/#Sikca_Sorulan_Sorular\" >S\u0131k\u00e7a Sorulan Sorular<\/a><\/li><li class='ez-toc-page-1 ez-toc-heading-level-2'><a class=\"ez-toc-link ez-toc-heading-14\" href=\"https:\/\/www.karekod.org\/blog\/yillara-gore-milletvekili-maaslari\/#Kaynaklar\" >Kaynaklar<\/a><\/li><\/ul><\/nav><\/div>\n<h2 class=\"wp-block-heading\"><span class=\"ez-toc-section\" id=\"Milletvekili_Maasi_Nasil_Belirleniyor\"><\/span>Milletvekili Maa\u015f\u0131 Nas\u0131l Belirleniyor?<span class=\"ez-toc-section-end\"><\/span><\/h2>\n\n\n\n<p class=\"wp-block-paragraph\">Kamuoyunda genel olarak \u201cmilletvekili maa\u015f\u0131\u201d ifadesi kullan\u0131lsa da mevzuattaki teknik kar\u015f\u0131l\u0131\u011f\u0131 <strong>\u00f6denek ve yolluk<\/strong>.<\/p>\n\n\n\n<p class=\"wp-block-paragraph\">3671 say\u0131l\u0131 T\u00fcrkiye B\u00fcy\u00fck Millet Meclisi \u00dcyelerinin \u00d6denek, Yolluk ve Emekliliklerine Dair Kanun&#8217;a g\u00f6re milletvekillerinin ayl\u0131k \u00f6dene\u011fi, en y\u00fcksek devlet memurunun almakta oldu\u011fu tutara ba\u011fl\u0131 olarak belirleniyor. Ayr\u0131ca hesaplanan ayl\u0131k \u00f6dene\u011fin yar\u0131s\u0131 kadar yolluk \u00f6deniyor.<\/p>\n\n\n\n<p class=\"wp-block-paragraph\">1982 Anayasas\u0131&#8217;n\u0131n 86. maddesi de milletvekili \u00f6denek ve yolluklar\u0131n\u0131n kanunla d\u00fczenlenece\u011fini, ayl\u0131k \u00f6dene\u011fin en y\u00fcksek devlet memurunun ald\u0131\u011f\u0131 miktar\u0131 ve yollu\u011fun \u00f6dene\u011fin yar\u0131s\u0131n\u0131 a\u015famayaca\u011f\u0131n\u0131 h\u00fckme ba\u011fl\u0131yor.<\/p>\n\n\n\n<p class=\"wp-block-paragraph\">Bu nedenle tarihsel tablolardaki \u201cmilletvekili maa\u015f\u0131\u201d rakamlar\u0131n\u0131 de\u011ferlendirirken baz\u0131 d\u00f6nemlerde yaln\u0131zca tahsisat\u0131n, baz\u0131 \u00e7al\u0131\u015fmalarda ise \u00f6denek ve di\u011fer \u00f6deme unsurlar\u0131n\u0131n birlikte de\u011ferlendirildi\u011fini g\u00f6z \u00f6n\u00fcnde bulundurmak gerekiyor.<\/p>\n\n\n\n<h2 class=\"wp-block-heading\"><span class=\"ez-toc-section\" id=\"Ilk_Milletvekili_Maasi_Ne_Kadardi\"><\/span>\u0130lk Milletvekili Maa\u015f\u0131 Ne Kadard\u0131?<span class=\"ez-toc-section-end\"><\/span><\/h2>\n\n\n\n<p class=\"wp-block-paragraph\">Bug\u00fcnk\u00fc anlam\u0131yla T\u00fcrkiye Cumhuriyeti milletvekilli\u011finden \u00f6nce parlamenter \u00f6deme kay\u0131tlar\u0131 <strong>1876&#8217;da a\u00e7\u0131lan Meclis-i Mebusan<\/strong> d\u00f6nemine kadar uzan\u0131yor.<\/p>\n\n\n\n<p class=\"wp-block-paragraph\">Fahri Bak\u0131rc\u0131&#8217;n\u0131n Yasama Dergisi&#8217;nde yay\u0131mlanan kapsaml\u0131 \u00e7al\u0131\u015fmas\u0131nda Osmanl\u0131 d\u00f6nemindeki Meclis-i Mebusan \u00fcyelerinin y\u0131ll\u0131k toplam \u00f6demeleri \u015f\u00f6yle hesaplan\u0131yor:<\/p>\n\n\n\n<figure class=\"wp-block-table\"><table class=\"has-fixed-layout\"><thead><tr><th>D\u00f6nem<\/th><th>Meclis-i Mebusan Y\u0131ll\u0131k \u00d6demesi<\/th><\/tr><\/thead><tbody><tr><td>1876\u20131909<\/td><td><strong>80.000 kuru\u015f<\/strong><\/td><\/tr><tr><td>1909\u20131916<\/td><td><strong>150.000 kuru\u015f<\/strong><\/td><\/tr><tr><td>1916\u20131920<\/td><td><strong>98.000 kuru\u015f<\/strong><\/td><\/tr><\/tbody><\/table><\/figure>\n\n\n\n<p class=\"wp-block-paragraph\">Bu rakamlar\u0131 bug\u00fcnk\u00fc milletvekili maa\u015flar\u0131yla do\u011frudan kar\u015f\u0131la\u015ft\u0131rmak do\u011fru de\u011fil. Para sistemi, \u00f6deme bi\u00e7imleri, harc\u0131rahlar ve parlamentonun \u00e7al\u0131\u015fma d\u00fczeni tamamen farkl\u0131yd\u0131.<\/p>\n\n\n\n<p class=\"wp-block-paragraph\">Bununla birlikte <strong>1876<\/strong>, T\u00fcrkiye&#8217;deki parlamenter \u00f6denek ge\u00e7mi\u015fini incelemek a\u00e7\u0131s\u0131ndan ula\u015fabildi\u011fimiz en eski d\u00fczenli kay\u0131t noktalar\u0131ndan biri.<\/p>\n\n\n\n<h2 class=\"wp-block-heading\"><span class=\"ez-toc-section\" id=\"1920den_1931e_Milletvekili_Maaslari\"><\/span>1920&#8217;den 1931&#8217;e Milletvekili Maa\u015flar\u0131<span class=\"ez-toc-section-end\"><\/span><\/h2>\n\n\n\n<p class=\"wp-block-paragraph\">TBMM&#8217;nin a\u00e7\u0131lmas\u0131ndan k\u0131sa s\u00fcre sonra milletvekili \u00f6demeleri kanunlarla d\u00fczenlenmeye ba\u015flad\u0131.<\/p>\n\n\n\n<figure class=\"wp-block-table\"><table class=\"has-fixed-layout\"><thead><tr><th>Y\u0131l<\/th><th>Milletvekili \u00d6dene\u011fi<\/th><th>A\u00e7\u0131klama<\/th><\/tr><\/thead><tbody><tr><td>1920<\/td><td><strong>100 TL\/ay<\/strong><\/td><td>\u0130lk d\u00f6rt ay i\u00e7in ayr\u0131ca toplam 1.250 TL tahsisat<\/td><\/tr><tr><td>1921<\/td><td><strong>200 TL\/ay<\/strong><\/td><td>1 Mart 1921&#8217;den itibaren<\/td><\/tr><tr><td>1923<\/td><td><strong>200 TL\/ay<\/strong><\/td><td>Y\u0131ll\u0131k 2.400 TL<\/td><\/tr><tr><td>1924<\/td><td><strong>300 TL\/ay<\/strong><\/td><td>Y\u0131ll\u0131k 3.600 TL<\/td><\/tr><tr><td>1930<\/td><td><strong>500 TL\/ay<\/strong><\/td><td>Y\u0131ll\u0131k 6.000 TL<\/td><\/tr><tr><td>1931<\/td><td><strong>350 TL\/ay<\/strong><\/td><td>Ekonomik buhran d\u00f6neminde %30 indirim<\/td><\/tr><\/tbody><\/table><\/figure>\n\n\n\n<p class=\"wp-block-paragraph\">1920 tarihli d\u00fczenlemede TBMM \u00fcyelerine d\u00f6rt ayl\u0131k d\u00f6nem i\u00e7in toplam 1.250 lira tahsisat verilmesi, bu d\u00f6nemden sonra Meclis \u00e7al\u0131\u015fmalar\u0131na devam edenlere ayl\u0131k 100 lira \u00f6denmesi \u00f6ng\u00f6r\u00fcl\u00fcyordu. 1921&#8217;de ayl\u0131k tutar 200 liraya y\u00fckseltildi.<\/p>\n\n\n\n<p class=\"wp-block-paragraph\">8 Mart 1923 tarihli d\u00fczenlemeyle y\u0131ll\u0131k milletvekili \u00f6dene\u011fi 2.400 liraya, 23 \u015eubat 1924 tarihli 421 say\u0131l\u0131 Kanunla ise y\u0131ll\u0131k 3.600 liraya \u00e7\u0131kar\u0131ld\u0131. B\u00f6ylece ayl\u0131k kar\u015f\u0131l\u0131k 300 liraya y\u00fckselmi\u015f oldu.<\/p>\n\n\n\n<p class=\"wp-block-paragraph\">1930&#8217;da 1613 say\u0131l\u0131 Kanunla milletvekillerinin y\u0131ll\u0131k tahsisat\u0131 <strong>6.000 lira<\/strong>, ayl\u0131k \u00f6demesi <strong>500 lira<\/strong> olarak belirlendi.<\/p>\n\n\n\n<p class=\"wp-block-paragraph\">Ancak 1929 D\u00fcnya Ekonomik Buhran\u0131&#8217;n\u0131n etkilerinin hissedildi\u011fi 1931 y\u0131l\u0131nda dikkat \u00e7ekici bir geli\u015fme ya\u015fand\u0131. 1757 say\u0131l\u0131 Kanunla milletvekili ayl\u0131\u011f\u0131 <strong>500 liradan 350 liraya indirildi<\/strong>. Bu, yakla\u015f\u0131k <strong>%30&#8217;luk maa\u015f indirimi<\/strong> anlam\u0131na geliyordu.<\/p>\n\n\n\n<h2 class=\"wp-block-heading\"><span class=\"ez-toc-section\" id=\"1983%E2%80%932004_Yillari_Milletvekili_Maaslari\"><\/span>1983\u20132004 Y\u0131llar\u0131 Milletvekili Maa\u015flar\u0131<span class=\"ez-toc-section-end\"><\/span><\/h2>\n\n\n\n<p class=\"wp-block-paragraph\">\u0130stanbul Medeniyet \u00dcniversitesi&#8217;nde haz\u0131rlanan 2024 tarihli doktora tezinde 1983\u20132023 aras\u0131ndaki milletvekili ayl\u0131klar\u0131 y\u0131l ortas\u0131 de\u011ferleriyle kesintisiz olarak derlenmi\u015f durumda. \u00c7al\u0131\u015fmada \u00f6zellikle <strong>Haziran sonu\/y\u0131l ortas\u0131 milletvekili ayl\u0131\u011f\u0131<\/strong> esas al\u0131n\u0131yor.<\/p>\n\n\n\n<figure class=\"wp-block-table\"><table class=\"has-fixed-layout\"><thead><tr><th>Y\u0131l<\/th><th>Milletvekili Ayl\u0131\u011f\u0131<\/th><\/tr><\/thead><tbody><tr><td>1983<\/td><td>117.666 TL<\/td><\/tr><tr><td>1984<\/td><td>180.820 TL<\/td><\/tr><tr><td>1985<\/td><td>359.870 TL<\/td><\/tr><tr><td>1986<\/td><td>515.472 TL<\/td><\/tr><tr><td>1987<\/td><td>769.252 TL<\/td><\/tr><tr><td>1988<\/td><td>1.331.556 TL<\/td><\/tr><tr><td>1989<\/td><td>3.209.933 TL<\/td><\/tr><tr><td>1990<\/td><td>5.981.593 TL<\/td><\/tr><tr><td>1991<\/td><td>16.671.849 TL<\/td><\/tr><tr><td>1992<\/td><td>25.867.000 TL<\/td><\/tr><tr><td>1993<\/td><td>38.533.500 TL<\/td><\/tr><tr><td>1994<\/td><td>57.981.994 TL<\/td><\/tr><tr><td>1995<\/td><td>78.457.500 TL<\/td><\/tr><tr><td>1996<\/td><td>249.476.000 TL<\/td><\/tr><tr><td>1997<\/td><td>598.038.000 TL<\/td><\/tr><tr><td>1998<\/td><td>936.452.000 TL<\/td><\/tr><tr><td>1999<\/td><td>1.648.968.000 TL<\/td><\/tr><tr><td>2000<\/td><td>2.291.463.000 TL<\/td><\/tr><tr><td>2001<\/td><td>3.301.240.000 TL<\/td><\/tr><tr><td>2002<\/td><td>5.652.050.000 TL<\/td><\/tr><tr><td>2003<\/td><td>5.855.440.000 TL<\/td><\/tr><tr><td>2004<\/td><td>7.077.350.000 TL<\/td><\/tr><\/tbody><\/table><\/figure>\n\n\n\n<p class=\"wp-block-paragraph\"><strong>\u00d6nemli:<\/strong> 1983\u20132004 rakamlar\u0131 d\u00f6nemin eski T\u00fcrk liras\u0131yla verilmi\u015ftir. 1 Ocak 2005&#8217;te T\u00fcrk liras\u0131ndan alt\u0131 s\u0131f\u0131r at\u0131ld\u0131\u011f\u0131 i\u00e7in \u00f6rne\u011fin 2004&#8217;teki 7.077.350.000 TL, yeni para birimiyle yakla\u015f\u0131k <strong>7.077,35 TL<\/strong> kar\u015f\u0131l\u0131\u011f\u0131na denk geliyor.<\/p>\n\n\n\n<p class=\"wp-block-paragraph\">Bu nedenle 2004 ile 2005 aras\u0131ndaki tablolar\u0131 okurken rakamsal d\u00fc\u015f\u00fc\u015f oldu\u011fu d\u00fc\u015f\u00fcn\u00fclmemeli; de\u011fi\u015fimin temel nedeni para biriminden alt\u0131 s\u0131f\u0131r at\u0131lmas\u0131d\u0131r.<\/p>\n\n\n\n<h2 class=\"wp-block-heading\"><span class=\"ez-toc-section\" id=\"2005%E2%80%932026_Yillara_Gore_Milletvekili_Maaslari\"><\/span>2005\u20132026 Y\u0131llara G\u00f6re Milletvekili Maa\u015flar\u0131<span class=\"ez-toc-section-end\"><\/span><\/h2>\n\n\n\n<p class=\"wp-block-paragraph\">Para reformundan sonraki d\u00f6nem, g\u00fcn\u00fcm\u00fczdeki TL birimiyle \u00e7ok daha kolay kar\u015f\u0131la\u015ft\u0131r\u0131labiliyor.<\/p>\n\n\n\n<figure class=\"wp-block-table\"><table class=\"has-fixed-layout\"><thead><tr><th>Y\u0131l<\/th><th>Milletvekili Ayl\u0131\u011f\u0131<\/th><\/tr><\/thead><tbody><tr><td>2005<\/td><td><strong>7.664 TL<\/strong><\/td><\/tr><tr><td>2006<\/td><td><strong>7.808 TL<\/strong><\/td><\/tr><tr><td>2007<\/td><td><strong>8.464 TL<\/strong><\/td><\/tr><tr><td>2008<\/td><td><strong>9.024 TL<\/strong><\/td><\/tr><tr><td>2009<\/td><td><strong>9.806 TL<\/strong><\/td><\/tr><tr><td>2010<\/td><td><strong>10.418 TL<\/strong><\/td><\/tr><tr><td>2011<\/td><td><strong>11.294 TL<\/strong><\/td><\/tr><tr><td>2012<\/td><td><strong>12.543 TL<\/strong><\/td><\/tr><tr><td>2013<\/td><td><strong>13.439 TL<\/strong><\/td><\/tr><tr><td>2014<\/td><td><strong>13.795 TL<\/strong><\/td><\/tr><tr><td>2015<\/td><td><strong>13.958 TL<\/strong><\/td><\/tr><tr><td>2016<\/td><td><strong>15.667 TL<\/strong><\/td><\/tr><tr><td>2017<\/td><td><strong>17.200 TL<\/strong><\/td><\/tr><tr><td>2018<\/td><td><strong>20.646 TL<\/strong><\/td><\/tr><tr><td>2019<\/td><td><strong>22.200 TL<\/strong><\/td><\/tr><tr><td>2020<\/td><td><strong>23.530 TL<\/strong><\/td><\/tr><tr><td>2021<\/td><td><strong>25.000 TL<\/strong><\/td><\/tr><tr><td>2022<\/td><td><strong>40.000 TL<\/strong><\/td><\/tr><tr><td>2023<\/td><td><strong>73.379 TL<\/strong><\/td><\/tr><tr><td>2024 Temmuz<\/td><td><strong>169.300 TL<\/strong><\/td><\/tr><tr><td>2025 Temmuz<\/td><td><strong>229.676 TL<\/strong><\/td><\/tr><tr><td>2026 Temmuz<\/td><td><strong>310.332 TL<\/strong><\/td><\/tr><\/tbody><\/table><\/figure>\n\n\n\n<p class=\"wp-block-paragraph\">2005\u20132023 rakamlar\u0131 akademik \u00e7al\u0131\u015fmadaki y\u0131l ortas\u0131 serisini esas al\u0131yor.<\/p>\n\n\n\n<p class=\"wp-block-paragraph\">2024 Temmuz ay\u0131nda milletvekili ayl\u0131\u011f\u0131n\u0131n 169.300 TL&#8217;ye \u00e7\u0131kt\u0131\u011f\u0131, 2025 Temmuz zamm\u0131yla 229.676 TL&#8217;ye y\u00fckseldi\u011fi bildirildi. 2026&#8217;n\u0131n ilk yar\u0131s\u0131nda yakla\u015f\u0131k 273.196 TL olan aktif milletvekili ayl\u0131\u011f\u0131 ise Temmuz 2026 g\u00fcncellemesinden sonra yakla\u015f\u0131k <strong>310.332 TL<\/strong> seviyesine \u00e7\u0131kt\u0131.<\/p>\n\n\n\n<p class=\"wp-block-paragraph\">2026 rakam\u0131 g\u00fcncel maa\u015f katsay\u0131lar\u0131 \u00fczerinden kamuoyuna yans\u0131yan hesaplamalara dayanmaktad\u0131r. Kesin bordro tutarlar\u0131 vergi ve \u00f6deme unsurlar\u0131na g\u00f6re farkl\u0131la\u015fabilece\u011finden bu rakam\u0131 yakla\u015f\u0131k g\u00fcncel milletvekili ayl\u0131\u011f\u0131 olarak de\u011ferlendirmek daha do\u011fru olur.<\/p>\n\n\n\n<h2 class=\"wp-block-heading\"><span class=\"ez-toc-section\" id=\"Yillara_Gore_Milletvekili_Maasi_ve_Asgari_Ucret_Karsilastirmasi\"><\/span>Y\u0131llara G\u00f6re Milletvekili Maa\u015f\u0131 ve Asgari \u00dccret Kar\u015f\u0131la\u015ft\u0131rmas\u0131<span class=\"ez-toc-section-end\"><\/span><\/h2>\n\n\n\n<p class=\"wp-block-paragraph\">Milletvekili maa\u015flar\u0131ndaki art\u0131\u015f\u0131 tek ba\u015f\u0131na incelemek, gelir fark\u0131n\u0131n zaman i\u00e7inde nas\u0131l de\u011fi\u015fti\u011fini g\u00f6stermiyor. Bunun i\u00e7in <strong>net asgari \u00fccretle kar\u015f\u0131la\u015ft\u0131rmak<\/strong> daha anlaml\u0131 bir g\u00f6sterge olu\u015fturuyor.<\/p>\n\n\n\n<p class=\"wp-block-paragraph\">\u00c7al\u0131\u015fma ve Sosyal G\u00fcvenlik Bakanl\u0131\u011f\u0131&#8217;n\u0131n resmi serisine g\u00f6re 2002&#8217;de net asgari \u00fccret yakla\u015f\u0131k 184,25 TL iken 2026&#8217;da <strong>28.075,50 TL<\/strong> seviyesine ula\u015ft\u0131.<\/p>\n\n\n\n<figure class=\"wp-block-table\"><table class=\"has-fixed-layout\"><thead><tr><th>Y\u0131l<\/th><th>Milletvekili Ayl\u0131\u011f\u0131<\/th><th>Net Asgari \u00dccret<\/th><th>Vekil Maa\u015f\u0131 \/ Asgari \u00dccret<\/th><\/tr><\/thead><tbody><tr><td>2002<\/td><td><strong>5.652,05 TL<\/strong>*<\/td><td><strong>184,25 TL<\/strong><\/td><td><strong>30,7 kat<\/strong><\/td><\/tr><tr><td>2010<\/td><td><strong>10.418 TL<\/strong><\/td><td><strong>576,60 TL<\/strong><\/td><td><strong>18,1 kat<\/strong><\/td><\/tr><tr><td>2015<\/td><td><strong>13.958 TL<\/strong><\/td><td><strong>949,10 TL<\/strong><\/td><td><strong>14,7 kat<\/strong><\/td><\/tr><tr><td>2020<\/td><td><strong>23.530 TL<\/strong><\/td><td><strong>2.324,70 TL<\/strong><\/td><td><strong>10,1 kat<\/strong><\/td><\/tr><tr><td>2024<\/td><td><strong>169.300 TL<\/strong><\/td><td><strong>17.002,10 TL<\/strong><\/td><td><strong>10,0 kat<\/strong><\/td><\/tr><tr><td>2025<\/td><td><strong>229.676 TL<\/strong><\/td><td><strong>22.104,67 TL<\/strong><\/td><td><strong>10,4 kat<\/strong><\/td><\/tr><tr><td>2026<\/td><td><strong>310.332 TL<\/strong><\/td><td><strong>28.075,50 TL<\/strong><\/td><td><strong>11,1 kat<\/strong><\/td><\/tr><\/tbody><\/table><\/figure>\n\n\n\n<p class=\"wp-block-paragraph\">*2002 milletvekili ayl\u0131\u011f\u0131, eski TL&#8217;deki 5.652.050.000 TL tutar\u0131ndan alt\u0131 s\u0131f\u0131r at\u0131larak bug\u00fcnk\u00fc para birimine \u00e7evrilmi\u015ftir.<\/p>\n\n\n\n<figure class=\"wp-block-image size-large\"><img decoding=\"async\" width=\"1048\" height=\"590\" src=\"https:\/\/www.karekod.org\/blog\/wp-content\/uploads\/2026\/09\/Yillara-Gore-Milletvekili-Maasi-ve-Asgari-Ucret-Karsilastirmasi-1048x590.webp\" alt=\"Y\u0131llara G\u00f6re Milletvekili Maa\u015f\u0131 ve Asgari \u00dccret Kar\u015f\u0131la\u015ft\u0131rmas\u0131\" class=\"wp-image-59975\" srcset=\"https:\/\/www.karekod.org\/blog\/wp-content\/uploads\/2026\/09\/Yillara-Gore-Milletvekili-Maasi-ve-Asgari-Ucret-Karsilastirmasi-1048x590.webp 1048w, https:\/\/www.karekod.org\/blog\/wp-content\/uploads\/2026\/09\/Yillara-Gore-Milletvekili-Maasi-ve-Asgari-Ucret-Karsilastirmasi-360x203.webp 360w, https:\/\/www.karekod.org\/blog\/wp-content\/uploads\/2026\/09\/Yillara-Gore-Milletvekili-Maasi-ve-Asgari-Ucret-Karsilastirmasi-730x411.webp 730w, https:\/\/www.karekod.org\/blog\/wp-content\/uploads\/2026\/09\/Yillara-Gore-Milletvekili-Maasi-ve-Asgari-Ucret-Karsilastirmasi-350x197.webp 350w, https:\/\/www.karekod.org\/blog\/wp-content\/uploads\/2026\/09\/Yillara-Gore-Milletvekili-Maasi-ve-Asgari-Ucret-Karsilastirmasi-1100x619.webp 1100w, https:\/\/www.karekod.org\/blog\/wp-content\/uploads\/2026\/09\/Yillara-Gore-Milletvekili-Maasi-ve-Asgari-Ucret-Karsilastirmasi.webp 1421w\" sizes=\"(max-width: 1048px) 100vw, 1048px\" \/><figcaption class=\"wp-element-caption\">Y\u0131llara G\u00f6re Milletvekili Maa\u015f\u0131 ve Asgari \u00dccret Kar\u015f\u0131la\u015ft\u0131rmas\u0131<\/figcaption><\/figure>\n\n\n\n<p class=\"wp-block-paragraph\">Kar\u015f\u0131la\u015ft\u0131rmadaki milletvekili rakamlar\u0131 y\u0131l ortas\u0131\/Temmuz de\u011ferlerini, asgari \u00fccret rakamlar\u0131 ise ilgili y\u0131lda ge\u00e7erli net asgari \u00fccreti ifade ediyor. Bu nedenle tablo <strong>nominal gelir fark\u0131n\u0131 g\u00f6stermek amac\u0131yla haz\u0131rlanm\u0131\u015ft\u0131r; birebir ayn\u0131 ay ve ayn\u0131 vergi stat\u00fcs\u00fcndeki iki net \u00fccretin bordro kar\u015f\u0131la\u015ft\u0131rmas\u0131 de\u011fildir.<\/strong><\/p>\n\n\n\n<h2 class=\"wp-block-heading\"><span class=\"ez-toc-section\" id=\"Milletvekili_Maasi_mi_Asgari_Ucret_mi_Daha_Fazla_Artti\"><\/span>Milletvekili Maa\u015f\u0131 m\u0131, Asgari \u00dccret mi Daha Fazla Artt\u0131?<span class=\"ez-toc-section-end\"><\/span><\/h2>\n\n\n\n<p class=\"wp-block-paragraph\">Uzun d\u00f6neme bakt\u0131\u011f\u0131m\u0131zda olduk\u00e7a dikkat \u00e7ekici bir sonu\u00e7 ortaya \u00e7\u0131k\u0131yor.<\/p>\n\n\n\n<p class=\"wp-block-paragraph\">2002&#8217;de bug\u00fcnk\u00fc para birimiyle yakla\u015f\u0131k <strong>5.652 TL<\/strong> olan milletvekili ayl\u0131\u011f\u0131, 2026 Temmuz ay\u0131nda yakla\u015f\u0131k <strong>310.332 TL&#8217;ye<\/strong> \u00e7\u0131kt\u0131.<\/p>\n\n\n\n<p class=\"wp-block-paragraph\">Bu yakla\u015f\u0131k:<\/p>\n\n\n\n<p class=\"wp-block-paragraph\"><strong>54,9 katl\u0131k art\u0131\u015f<\/strong><br>veya<br><strong>%5.391 nominal art\u0131\u015f<\/strong> anlam\u0131na geliyor.<\/p>\n\n\n\n<p class=\"wp-block-paragraph\">Ayn\u0131 d\u00f6nemde net asgari \u00fccret 184,25 TL&#8217;den 28.075,50 TL&#8217;ye y\u00fckseldi.<\/p>\n\n\n\n<p class=\"wp-block-paragraph\">\u00c7al\u0131\u015fma ve Sosyal G\u00fcvenlik Bakanl\u0131\u011f\u0131 da 2002\u20132026 aras\u0131nda net asgari \u00fccretteki nominal art\u0131\u015f\u0131 yakla\u015f\u0131k <strong>%15.137,6<\/strong> olarak hesapl\u0131yor. Ba\u015fka bir ifadeyle net asgari \u00fccret yakla\u015f\u0131k <strong>152,4 kat\u0131na<\/strong> \u00e7\u0131kt\u0131.<\/p>\n\n\n\n<h3 class=\"wp-block-heading\">2002\u20132026 art\u0131\u015f kar\u015f\u0131la\u015ft\u0131rmas\u0131<\/h3>\n\n\n\n<figure class=\"wp-block-table\"><table class=\"has-fixed-layout\"><thead><tr><th>Gelir<\/th><th>2002<\/th><th>2026<\/th><th>Nominal Art\u0131\u015f<\/th><th>Ka\u00e7 Kat?<\/th><\/tr><\/thead><tbody><tr><td>Milletvekili ayl\u0131\u011f\u0131<\/td><td>5.652,05 TL<\/td><td>310.332 TL<\/td><td><strong>%5.391<\/strong><\/td><td><strong>54,9 kat<\/strong><\/td><\/tr><tr><td>Net asgari \u00fccret<\/td><td>184,25 TL<\/td><td>28.075,50 TL<\/td><td><strong>%15.138<\/strong><\/td><td><strong>152,4 kat<\/strong><\/td><\/tr><\/tbody><\/table><\/figure>\n\n\n\n<p class=\"wp-block-paragraph\">Bu a\u00e7\u0131dan bak\u0131ld\u0131\u011f\u0131nda <strong>2002\u20132026 d\u00f6neminde asgari \u00fccret nominal olarak milletvekili maa\u015f\u0131ndan \u00e7ok daha h\u0131zl\u0131 artm\u0131\u015f durumda.<\/strong><\/p>\n\n\n\n<p class=\"wp-block-paragraph\">Bunun sonucu olarak milletvekili ayl\u0131\u011f\u0131n\u0131n asgari \u00fccrete oran\u0131:<\/p>\n\n\n\n<p class=\"wp-block-paragraph\"><strong>2002: 30,7 kat \u2192 2026: 11,1 kat<\/strong><\/p>\n\n\n\n<p class=\"wp-block-paragraph\">seviyesine geriledi.<\/p>\n\n\n\n<p class=\"wp-block-paragraph\">Bu sonu\u00e7 \u201cmilletvekili maa\u015f\u0131 az artt\u0131\u201d anlam\u0131na gelmiyor. Her iki gelir kaleminde de \u00e7ok y\u00fcksek nominal art\u0131\u015f var. G\u00f6sterge yaln\u0131zca <strong>asgari \u00fccretin ayn\u0131 d\u00f6nemde oransal olarak daha h\u0131zl\u0131 y\u00fckseldi\u011fini<\/strong> ortaya koyuyor.<\/p>\n\n\n\n<h2 class=\"wp-block-heading\"><span class=\"ez-toc-section\" id=\"Son_Iki_Yilda_Tablo_Tersine_Dondu\"><\/span>Son \u0130ki Y\u0131lda Tablo Tersine D\u00f6nd\u00fc<span class=\"ez-toc-section-end\"><\/span><\/h2>\n\n\n\n<p class=\"wp-block-paragraph\">Uzun d\u00f6nemli tablo asgari \u00fccret lehine g\u00f6r\u00fcnse de \u00f6zellikle <strong>2024\u20132026 d\u00f6neminde farkl\u0131 bir e\u011filim<\/strong> ortaya \u00e7\u0131k\u0131yor.<\/p>\n\n\n\n<p class=\"wp-block-paragraph\">2024 Temmuz ay\u0131nda yakla\u015f\u0131k 169.300 TL olan milletvekili ayl\u0131\u011f\u0131, 2026 Temmuz ay\u0131nda 310.332 TL&#8217;ye y\u00fckseldi. \u0130ki y\u0131ldaki nominal art\u0131\u015f yakla\u015f\u0131k <strong>%83,3<\/strong>.<\/p>\n\n\n\n<p class=\"wp-block-paragraph\">Net asgari \u00fccret ise ayn\u0131 d\u00f6nemde 17.002,10 TL&#8217;den 28.075,50 TL&#8217;ye \u00e7\u0131kt\u0131. Art\u0131\u015f yakla\u015f\u0131k <strong>%65,1<\/strong> oldu. 2025&#8217;ten 2026&#8217;ya net asgari \u00fccretteki resmi art\u0131\u015f oran\u0131 ise %27,01 olarak a\u00e7\u0131kland\u0131.<\/p>\n\n\n\n<figure class=\"wp-block-table\"><table class=\"has-fixed-layout\"><thead><tr><th>Gelir<\/th><th>2024<\/th><th>2026<\/th><th>Art\u0131\u015f<\/th><\/tr><\/thead><tbody><tr><td>Milletvekili ayl\u0131\u011f\u0131<\/td><td>169.300 TL<\/td><td>310.332 TL<\/td><td><strong>%83,3<\/strong><\/td><\/tr><tr><td>Net asgari \u00fccret<\/td><td>17.002,10 TL<\/td><td>28.075,50 TL<\/td><td><strong>%65,1<\/strong><\/td><\/tr><\/tbody><\/table><\/figure>\n\n\n\n<p class=\"wp-block-paragraph\">Bunun sonucunda 2024&#8217;te yakla\u015f\u0131k <strong>9,96 kat<\/strong> olan milletvekili maa\u015f\u0131\/asgari \u00fccret oran\u0131, 2025&#8217;te <strong>10,39 kata<\/strong>, 2026&#8217;da ise yakla\u015f\u0131k <strong>11,05 kata<\/strong> y\u00fckseldi.<\/p>\n\n\n\n<p class=\"wp-block-paragraph\">Dolay\u0131s\u0131yla iki ayr\u0131 e\u011filimden s\u00f6z etmek m\u00fcmk\u00fcn:<\/p>\n\n\n\n<p class=\"wp-block-paragraph\"><strong>Uzun d\u00f6nemde:<\/strong> Asgari \u00fccret milletvekili maa\u015f\u0131ndan daha h\u0131zl\u0131 artt\u0131 ve aradaki oran k\u00fc\u00e7\u00fcld\u00fc.<\/p>\n\n\n\n<p class=\"wp-block-paragraph\"><strong>Son d\u00f6nemde:<\/strong> Milletvekili ayl\u0131\u011f\u0131 daha h\u0131zl\u0131 y\u00fckselmeye ba\u015flad\u0131 ve maa\u015f\/asgari \u00fccret oran\u0131 yeniden b\u00fcy\u00fcd\u00fc.<\/p>\n\n\n\n<h2 class=\"wp-block-heading\"><span class=\"ez-toc-section\" id=\"Milletvekili_Maaslari_2026da_Asgari_Ucretin_Kac_Kati\"><\/span>Milletvekili Maa\u015flar\u0131 2026&#8217;da Asgari \u00dccretin Ka\u00e7 Kat\u0131?<span class=\"ez-toc-section-end\"><\/span><\/h2>\n\n\n\n<p class=\"wp-block-paragraph\">2026 net asgari \u00fccret <strong>28.075,50 TL<\/strong>, Temmuz 2026 itibar\u0131yla g\u00fcncel aktif milletvekili ayl\u0131\u011f\u0131 ise yakla\u015f\u0131k <strong>310.332 TL<\/strong>.<\/p>\n\n\n\n<p class=\"wp-block-paragraph\">Hesaplama:<\/p>\n\n\n\n<p class=\"wp-block-paragraph\"><strong>310.332 \/ 28.075,50 = 11,05<\/strong><\/p>\n\n\n\n<p class=\"wp-block-paragraph\">Buna g\u00f6re bir milletvekili ayl\u0131\u011f\u0131 <strong>yakla\u015f\u0131k 11,1 net asgari \u00fccrete<\/strong> denk geliyor.<\/p>\n\n\n\n<p class=\"wp-block-paragraph\">2026&#8217;n\u0131n ilk yar\u0131s\u0131nda milletvekili ayl\u0131\u011f\u0131 yakla\u015f\u0131k 273.196 TL oldu\u011fu i\u00e7in oran yakla\u015f\u0131k 9,7 katt\u0131. Temmuz ay\u0131ndaki g\u00fcncellemeden sonra oran yeniden 11 kat\u0131n \u00fczerine \u00e7\u0131kt\u0131.<\/p>\n\n\n\n<h2 class=\"wp-block-heading\"><span class=\"ez-toc-section\" id=\"Milletvekili_Maaslarinda_En_Dikkat_Cekici_Donemler\"><\/span>Milletvekili Maa\u015flar\u0131nda En Dikkat \u00c7ekici D\u00f6nemler<span class=\"ez-toc-section-end\"><\/span><\/h2>\n\n\n\n<p class=\"wp-block-paragraph\">Milletvekili ayl\u0131klar\u0131n\u0131n yakla\u015f\u0131k 150 y\u0131ll\u0131k ge\u00e7mi\u015finde birka\u00e7 d\u00f6nem \u00f6zellikle \u00f6ne \u00e7\u0131k\u0131yor.<\/p>\n\n\n\n<p class=\"wp-block-paragraph\">1876, ula\u015f\u0131labilen d\u00fczenli parlamenter \u00f6denek kay\u0131tlar\u0131n\u0131n ba\u015flang\u0131\u00e7 noktalar\u0131ndan biri.<\/p>\n\n\n\n<p class=\"wp-block-paragraph\">1920, TBMM milletvekillerinin \u00f6deneklerinin kanunla d\u00fczenlenmeye ba\u015flad\u0131\u011f\u0131 d\u00f6nem.<\/p>\n\n\n\n<p class=\"wp-block-paragraph\">1931, milletvekili ayl\u0131\u011f\u0131n\u0131n ekonomik buhran nedeniyle 500 liradan 350 liraya d\u00fc\u015f\u00fcr\u00fcld\u00fc\u011f\u00fc ve nominal maa\u015f indiriminin g\u00f6r\u00fcld\u00fc\u011f\u00fc dikkat \u00e7ekici bir y\u0131l.<\/p>\n\n\n\n<p class=\"wp-block-paragraph\">2005, T\u00fcrk liras\u0131ndan alt\u0131 s\u0131f\u0131r at\u0131lmas\u0131 nedeniyle maa\u015f serisindeki rakamlar\u0131n bi\u00e7imsel olarak tamamen de\u011fi\u015fti\u011fi d\u00f6nem.<\/p>\n\n\n\n<p class=\"wp-block-paragraph\">2022 sonras\u0131nda ise nominal milletvekili ayl\u0131klar\u0131nda \u00f6nceki y\u0131llara k\u0131yasla \u00e7ok daha h\u0131zl\u0131 art\u0131\u015f g\u00f6r\u00fclmeye ba\u015flad\u0131.<\/p>\n\n\n\n<h2 class=\"wp-block-heading\"><span class=\"ez-toc-section\" id=\"Maas_Degerlendirmesi\"><\/span>Maa\u015f De\u011ferlendirmesi<span class=\"ez-toc-section-end\"><\/span><\/h2>\n\n\n\n<p class=\"wp-block-paragraph\">Y\u0131llara g\u00f6re milletvekili maa\u015flar\u0131 incelendi\u011finde yaln\u0131zca nominal rakamlara bakmak yan\u0131lt\u0131c\u0131 olabilir. 1980&#8217;lerde y\u00fcz binlerle, 1990&#8217;larda milyonlarla ve 2000&#8217;lerin ba\u015f\u0131nda milyarlarla ifade edilen rakamlar\u0131n b\u00fcy\u00fckl\u00fc\u011f\u00fcnde T\u00fcrkiye&#8217;nin y\u00fcksek enflasyon ge\u00e7mi\u015fi ve eski TL sistemi \u00f6nemli rol oynuyor.<\/p>\n\n\n\n<p class=\"wp-block-paragraph\">Bu nedenle tarihsel kar\u015f\u0131la\u015ft\u0131rmada en anlaml\u0131 g\u00f6stergelerden biri milletvekili ayl\u0131\u011f\u0131n\u0131n ba\u015fka bir referans gelire oran\u0131.<\/p>\n\n\n\n<p class=\"wp-block-paragraph\">Net asgari \u00fccret bu ama\u00e7la kullan\u0131ld\u0131\u011f\u0131nda dikkat \u00e7ekici sonu\u00e7, <strong>milletvekili maa\u015f\u0131n\u0131n asgari \u00fccrete oran\u0131n\u0131n 2002&#8217;de yakla\u015f\u0131k 30,7 kattan 2024&#8217;te yakla\u015f\u0131k 10 kata gerilemi\u015f olmas\u0131<\/strong>.<\/p>\n\n\n\n<p class=\"wp-block-paragraph\">Buna kar\u015f\u0131l\u0131k 2024 sonras\u0131nda oran yeniden y\u00fckselerek 2026 Temmuz itibar\u0131yla yakla\u015f\u0131k <strong>11,1 kata<\/strong> \u00e7\u0131kt\u0131.<\/p>\n\n\n\n<p class=\"wp-block-paragraph\">Buradaki b\u00fct\u00fcn art\u0131\u015f oranlar\u0131n\u0131n <strong>nominal<\/strong> oldu\u011fu unutulmamal\u0131. Milletvekili maa\u015f\u0131n\u0131n veya asgari \u00fccretin ger\u00e7ek sat\u0131n alma g\u00fcc\u00fcn\u00fcn ne kadar de\u011fi\u015fti\u011fini hesaplamak i\u00e7in T\u00dcFE veya ba\u015fka bir fiyat endeksiyle enflasyondan ar\u0131nd\u0131r\u0131lm\u0131\u015f reel kar\u015f\u0131la\u015ft\u0131rma yap\u0131lmas\u0131 gerekir.<\/p>\n\n\n\n<h2 class=\"wp-block-heading\"><span class=\"ez-toc-section\" id=\"Editor_Yorumu\"><\/span>Edit\u00f6r Yorumu<span class=\"ez-toc-section-end\"><\/span><\/h2>\n\n\n\n<p class=\"wp-block-paragraph\">Yakla\u015f\u0131k bir bu\u00e7uk as\u0131rl\u0131k veri tek bir \u015feyi olduk\u00e7a a\u00e7\u0131k g\u00f6steriyor: milletvekili \u00f6demelerini yaln\u0131zca \u201ceskiden \u015fu kadard\u0131, bug\u00fcn bu kadar\u201d \u015feklinde kar\u015f\u0131la\u015ft\u0131rmak yeterli de\u011fil.<\/p>\n\n\n\n<p class=\"wp-block-paragraph\">Para biriminin de\u011fi\u015fmesi, y\u00fcksek enflasyon d\u00f6nemleri, \u00f6denek ve yolluk sistemindeki yasal d\u00fczenlemeler ile maa\u015f g\u00fcncellemelerinin d\u00f6nemleri rakamlar\u0131n anlam\u0131n\u0131 de\u011fi\u015ftiriyor.<\/p>\n\n\n\n<p class=\"wp-block-paragraph\">Buna kar\u015f\u0131l\u0131k asgari \u00fccret oran\u0131 daha anla\u015f\u0131l\u0131r bir g\u00f6sterge sunuyor. 2002&#8217;de bir milletvekili ayl\u0131\u011f\u0131n\u0131n yakla\u015f\u0131k 31 asgari \u00fccrete kar\u015f\u0131l\u0131k gelmesi, 2024&#8217;te bu oran\u0131n yakla\u015f\u0131k 10&#8217;a gerilemesi ve 2026&#8217;da yeniden 11&#8217;in \u00fczerine \u00e7\u0131kmas\u0131, iki gelir grubunun art\u0131\u015f h\u0131zlar\u0131n\u0131n d\u00f6nemlere g\u00f6re ciddi bi\u00e7imde de\u011fi\u015fti\u011fini g\u00f6steriyor.<\/p>\n\n\n\n<p class=\"wp-block-paragraph\">Milletvekili ayl\u0131klar\u0131n\u0131n kamu \u00e7al\u0131\u015fanlar\u0131n\u0131n gelirleriyle nas\u0131l ayr\u0131\u015ft\u0131\u011f\u0131n\u0131 g\u00f6rmek i\u00e7in <a href=\"https:\/\/www.karekod.org\/blog\/memur-maaslari\/\">2026 memur maa\u015flar\u0131<\/a> tablosuna da g\u00f6z atabilirsiniz.<\/p>\n\n\n\n<p class=\"wp-block-paragraph\">Son maa\u015f art\u0131\u015flar\u0131n\u0131n \u00f6\u011fretmen, polis, doktor ve di\u011fer kamu \u00e7al\u0131\u015fanlar\u0131na nas\u0131l yans\u0131d\u0131\u011f\u0131n\u0131 g\u00f6rmek isteyenler <a href=\"https:\/\/www.karekod.org\/blog\/zamli-memur-maaslari\/\">zaml\u0131 memur maa\u015flar\u0131 2026<\/a> ara\u015ft\u0131rmas\u0131n\u0131 inceleyebilir.<\/p>\n\n\n\n<p class=\"wp-block-paragraph\">Milletvekili maa\u015flar\u0131n\u0131n asgari \u00fccret kar\u015f\u0131s\u0131ndaki de\u011fi\u015fimi, gelir fark\u0131n\u0131n y\u0131llar i\u00e7inde nas\u0131l \u015fekillendi\u011fini g\u00f6rmek a\u00e7\u0131s\u0131ndan \u00f6zellikle dikkat \u00e7ekiyor. Bu kar\u015f\u0131la\u015ft\u0131rmay\u0131 de\u011ferlendirirken g\u00fcncel asgari \u00fccret verilerini de ayr\u0131ca incelemek yararl\u0131 olacakt\u0131r.<\/p>\n\n\n\n<h2 class=\"wp-block-heading\"><span class=\"ez-toc-section\" id=\"Sikca_Sorulan_Sorular\"><\/span>S\u0131k\u00e7a Sorulan Sorular<span class=\"ez-toc-section-end\"><\/span><\/h2>\n\n\n\n<h3 class=\"wp-block-heading\">2026 milletvekili maa\u015f\u0131 ne kadar?<\/h3>\n\n\n\n<p class=\"wp-block-paragraph\">Temmuz 2026 itibar\u0131yla aktif milletvekili ayl\u0131\u011f\u0131 yakla\u015f\u0131k <strong>310.332 TL<\/strong> seviyesinde hesaplan\u0131yor. 2026&#8217;n\u0131n ilk yar\u0131s\u0131nda tutar yakla\u015f\u0131k 273.196 TL idi.<\/p>\n\n\n\n<h3 class=\"wp-block-heading\">2025 milletvekili maa\u015f\u0131 ne kadard\u0131?<\/h3>\n\n\n\n<p class=\"wp-block-paragraph\">2025&#8217;in ilk yar\u0131s\u0131nda milletvekili ayl\u0131\u011f\u0131 yakla\u015f\u0131k <strong>196.775 TL<\/strong>, Temmuz 2025 sonras\u0131nda ise <strong>229.676 TL<\/strong> seviyesindeydi.<\/p>\n\n\n\n<h3 class=\"wp-block-heading\">2024 milletvekili maa\u015f\u0131 ne kadard\u0131?<\/h3>\n\n\n\n<p class=\"wp-block-paragraph\">2024&#8217;\u00fcn ilk yar\u0131s\u0131nda yakla\u015f\u0131k 141.800 TL olan milletvekili ayl\u0131\u011f\u0131, Temmuz ay\u0131nda <strong>169.300 TL&#8217;ye<\/strong> y\u00fckseldi.<\/p>\n\n\n\n<h3 class=\"wp-block-heading\">Milletvekili maa\u015f\u0131 asgari \u00fccretin ka\u00e7 kat\u0131?<\/h3>\n\n\n\n<p class=\"wp-block-paragraph\">Temmuz 2026 milletvekili ayl\u0131\u011f\u0131 ve 2026 net asgari \u00fccreti esas al\u0131nd\u0131\u011f\u0131nda oran yakla\u015f\u0131k <strong>11,05 kat<\/strong>.<\/p>\n\n\n\n<h3 class=\"wp-block-heading\">T\u00fcrkiye&#8217;de ilk milletvekili maa\u015f\u0131 ne kadard\u0131?<\/h3>\n\n\n\n<p class=\"wp-block-paragraph\">TBMM d\u00f6neminde 1920 tarihli d\u00fczenlemeyle ilk d\u00f6rt ay i\u00e7in toplam 1.250 lira tahsisat \u00f6ng\u00f6r\u00fclm\u00fc\u015f, bu s\u00fcreden sonra Meclis \u00e7al\u0131\u015fmalar\u0131na devam edenlere ayl\u0131k <strong>100 lira<\/strong> verilmesi kararla\u015ft\u0131r\u0131lm\u0131\u015ft\u0131. Parlamenter \u00f6denek ge\u00e7mi\u015fi Osmanl\u0131 Meclis-i Mebusan d\u00f6neminde <strong>1876&#8217;ya<\/strong> kadar izlenebiliyor.<\/p>\n\n\n\n<h3 class=\"wp-block-heading\">Milletvekili maa\u015f\u0131 nas\u0131l belirleniyor?<\/h3>\n\n\n\n<p class=\"wp-block-paragraph\">3671 say\u0131l\u0131 Kanun kapsam\u0131nda milletvekili ayl\u0131k \u00f6dene\u011fi en y\u00fcksek devlet memurunun ald\u0131\u011f\u0131 miktara ba\u011fl\u0131d\u0131r. Ayr\u0131ca ayl\u0131k \u00f6dene\u011fin yar\u0131s\u0131 kadar yolluk \u00f6denir.<\/p>\n\n\n\n<h2 class=\"wp-block-heading\"><span class=\"ez-toc-section\" id=\"Kaynaklar\"><\/span>Kaynaklar<span class=\"ez-toc-section-end\"><\/span><\/h2>\n\n\n\n<p class=\"wp-block-paragraph\">\u00c7al\u0131\u015fmada TBMM&#8217;nin tarih\u00ee kanun ve tutanaklar\u0131, Anayasa h\u00fck\u00fcmleri, Fahri Bak\u0131rc\u0131&#8217;n\u0131n Yasama Dergisi&#8217;nde yay\u0131mlanan \u201cMeclis \u00dcyelerinin Ayl\u0131k ve Di\u011fer \u00d6denekleri\u201d \u00e7al\u0131\u015fmas\u0131, \u0130stanbul Medeniyet \u00dcniversitesi&#8217;nde B\u00fc\u015fra \u00d6zen taraf\u0131ndan haz\u0131rlanan \u201cSiyasetin Meslekle\u015fmesi: T\u00fcrkiye&#8217;de Milletvekillerinin Sosyal Profili ve Siyasal Profesyonelle\u015fmesi\u201d doktora tezi ve \u00c7al\u0131\u015fma ve Sosyal G\u00fcvenlik Bakanl\u0131\u011f\u0131&#8217;n\u0131n resmi asgari \u00fccret istatistikleri temel al\u0131nd\u0131. 2024\u20132026 g\u00fcncel milletvekili ayl\u0131klar\u0131 d\u00f6nemsel maa\u015f art\u0131\u015flar\u0131n\u0131n ard\u0131ndan yay\u0131mlanan g\u00fcncel haber ve hesaplamalarla tamamland\u0131.<\/p>\n\n\n\n<p class=\"wp-block-paragraph\">Y\u0131llara g\u00f6re resmi asgari \u00fccret tutarlar\u0131 ve g\u00fcncel veriler i\u00e7in <a href=\"https:\/\/www.csgb.gov.tr\/tr\/poco-pages\/asgari-ucret\/\">\u00c7al\u0131\u015fma ve Sosyal G\u00fcvenlik Bakanl\u0131\u011f\u0131 asgari \u00fccret sayfas\u0131n\u0131<\/a> inceleyebilirsiniz.<\/p>\n","protected":false},"excerpt":{"rendered":"<p>Y\u0131llara g\u00f6re milletvekili maa\u015flar\u0131, T\u00fcrkiye&#8217;de siyasi temsilcilerin ald\u0131\u011f\u0131 \u00f6deneklerin yakla\u015f\u0131k 150 y\u0131ll\u0131k de\u011fi\u015fimini ortaya koyuyor. T\u00fcrkiye&#8217;deki parlamenter \u00f6demelerin izini Osmanl\u0131 [&hellip;]<\/p>\n","protected":false},"author":1,"featured_media":59976,"comment_status":"open","ping_status":"open","sticky":false,"template":"","format":"standard","meta":{"footnotes":""},"categories":[3958,53],"tags":[],"class_list":["post-59974","post","type-post","status-publish","format-standard","has-post-thumbnail","hentry","category-ekonomi","category-haberler"],"yoast_head":"<!-- This site is optimized with the Yoast SEO plugin v28.4 - https:\/\/yoast.com\/product\/yoast-seo-wordpress\/ -->\n<title>Y\u0131llara G\u00f6re Milletvekili Maa\u015flar\u0131 (1876\u20132026)<\/title>\n<meta name=\"description\" content=\"Y\u0131llara g\u00f6re milletvekili maa\u015flar\u0131 1876&#039;dan 2026&#039;ya nas\u0131l de\u011fi\u015fti? Eski vekil maa\u015flar\u0131, g\u00fcncel tutarlar ve asgari \u00fccret kar\u015f\u0131la\u015ft\u0131rmas\u0131.\" \/>\n<meta name=\"robots\" content=\"index, follow, max-snippet:-1, max-image-preview:large, max-video-preview:-1\" \/>\n<link rel=\"canonical\" href=\"https:\/\/www.karekod.org\/blog\/yillara-gore-milletvekili-maaslari\/\" \/>\n<meta property=\"og:locale\" content=\"tr_TR\" \/>\n<meta property=\"og:type\" content=\"article\" \/>\n<meta property=\"og:title\" content=\"Y\u0131llara G\u00f6re Milletvekili Maa\u015flar\u0131 (1876\u20132026)\" \/>\n<meta property=\"og:description\" content=\"Y\u0131llara g\u00f6re milletvekili maa\u015flar\u0131 1876&#039;dan 2026&#039;ya nas\u0131l de\u011fi\u015fti? Eski vekil maa\u015flar\u0131, g\u00fcncel tutarlar ve asgari \u00fccret kar\u015f\u0131la\u015ft\u0131rmas\u0131.\" \/>\n<meta property=\"og:url\" content=\"https:\/\/www.karekod.org\/blog\/yillara-gore-milletvekili-maaslari\/\" \/>\n<meta property=\"og:site_name\" content=\"Karekod Blog\" \/>\n<meta property=\"article:publisher\" content=\"https:\/\/www.facebook.com\/KarekodBlog\/\" \/>\n<meta property=\"article:author\" content=\"https:\/\/www.facebook.com\/mentor.perplexed\/\" \/>\n<meta property=\"article:published_time\" content=\"2026-09-04T21:02:11+00:00\" \/>\n<meta property=\"article:modified_time\" content=\"2026-09-04T21:02:21+00:00\" \/>\n<meta property=\"og:image\" content=\"https:\/\/www.karekod.org\/blog\/wp-content\/uploads\/2026\/09\/yillara-gore-milletvekili-maaslari.webp\" \/>\n\t<meta property=\"og:image:width\" content=\"1200\" \/>\n\t<meta property=\"og:image:height\" content=\"675\" \/>\n\t<meta property=\"og:image:type\" content=\"image\/webp\" \/>\n<meta name=\"author\" content=\"Muharrem Emino\u011flu\" \/>\n<meta name=\"twitter:card\" content=\"summary_large_image\" \/>\n<meta name=\"twitter:creator\" content=\"@temassizmenu\" \/>\n<meta name=\"twitter:site\" content=\"@temassizmenu\" \/>\n<meta name=\"twitter:label1\" content=\"Yazan:\" \/>\n\t<meta name=\"twitter:data1\" content=\"Muharrem Emino\u011flu\" \/>\n\t<meta name=\"twitter:label2\" content=\"Tahmini okuma s\u00fcresi\" \/>\n\t<meta name=\"twitter:data2\" content=\"13 dakika\" \/>\n<script type=\"application\/ld+json\" class=\"yoast-schema-graph\">{\"@context\":\"https:\\\/\\\/schema.org\",\"@graph\":[{\"@type\":\"NewsArticle\",\"@id\":\"https:\\\/\\\/www.karekod.org\\\/blog\\\/yillara-gore-milletvekili-maaslari\\\/#article\",\"isPartOf\":{\"@id\":\"https:\\\/\\\/www.karekod.org\\\/blog\\\/yillara-gore-milletvekili-maaslari\\\/\"},\"author\":{\"name\":\"Muharrem Emino\u011flu\",\"@id\":\"https:\\\/\\\/www.karekod.org\\\/blog\\\/#\\\/schema\\\/person\\\/8c87c879aca1c63c7438bf937a5da8bd\"},\"headline\":\"Y\u0131llara G\u00f6re Milletvekili Maa\u015flar\u0131: 1876\u2019dan 2026\u2019ya De\u011fi\u015fim\",\"datePublished\":\"2026-09-04T21:02:11+00:00\",\"dateModified\":\"2026-09-04T21:02:21+00:00\",\"mainEntityOfPage\":{\"@id\":\"https:\\\/\\\/www.karekod.org\\\/blog\\\/yillara-gore-milletvekili-maaslari\\\/\"},\"wordCount\":2486,\"commentCount\":0,\"publisher\":{\"@id\":\"https:\\\/\\\/www.karekod.org\\\/blog\\\/#organization\"},\"image\":{\"@id\":\"https:\\\/\\\/www.karekod.org\\\/blog\\\/yillara-gore-milletvekili-maaslari\\\/#primaryimage\"},\"thumbnailUrl\":\"https:\\\/\\\/www.karekod.org\\\/blog\\\/wp-content\\\/uploads\\\/2026\\\/09\\\/yillara-gore-milletvekili-maaslari.webp\",\"articleSection\":[\"Ekonomi\",\"Haberler\"],\"inLanguage\":\"tr\",\"potentialAction\":[{\"@type\":\"CommentAction\",\"name\":\"Comment\",\"target\":[\"https:\\\/\\\/www.karekod.org\\\/blog\\\/yillara-gore-milletvekili-maaslari\\\/#respond\"]}]},{\"@type\":\"WebPage\",\"@id\":\"https:\\\/\\\/www.karekod.org\\\/blog\\\/yillara-gore-milletvekili-maaslari\\\/\",\"url\":\"https:\\\/\\\/www.karekod.org\\\/blog\\\/yillara-gore-milletvekili-maaslari\\\/\",\"name\":\"Y\u0131llara G\u00f6re Milletvekili Maa\u015flar\u0131 (1876\u20132026)\",\"isPartOf\":{\"@id\":\"https:\\\/\\\/www.karekod.org\\\/blog\\\/#website\"},\"primaryImageOfPage\":{\"@id\":\"https:\\\/\\\/www.karekod.org\\\/blog\\\/yillara-gore-milletvekili-maaslari\\\/#primaryimage\"},\"image\":{\"@id\":\"https:\\\/\\\/www.karekod.org\\\/blog\\\/yillara-gore-milletvekili-maaslari\\\/#primaryimage\"},\"thumbnailUrl\":\"https:\\\/\\\/www.karekod.org\\\/blog\\\/wp-content\\\/uploads\\\/2026\\\/09\\\/yillara-gore-milletvekili-maaslari.webp\",\"datePublished\":\"2026-09-04T21:02:11+00:00\",\"dateModified\":\"2026-09-04T21:02:21+00:00\",\"description\":\"Y\u0131llara g\u00f6re milletvekili maa\u015flar\u0131 1876'dan 2026'ya nas\u0131l de\u011fi\u015fti? Eski vekil maa\u015flar\u0131, g\u00fcncel tutarlar ve asgari \u00fccret kar\u015f\u0131la\u015ft\u0131rmas\u0131.\",\"breadcrumb\":{\"@id\":\"https:\\\/\\\/www.karekod.org\\\/blog\\\/yillara-gore-milletvekili-maaslari\\\/#breadcrumb\"},\"inLanguage\":\"tr\",\"potentialAction\":[{\"@type\":\"ReadAction\",\"target\":[\"https:\\\/\\\/www.karekod.org\\\/blog\\\/yillara-gore-milletvekili-maaslari\\\/\"]}]},{\"@type\":\"ImageObject\",\"inLanguage\":\"tr\",\"@id\":\"https:\\\/\\\/www.karekod.org\\\/blog\\\/yillara-gore-milletvekili-maaslari\\\/#primaryimage\",\"url\":\"https:\\\/\\\/www.karekod.org\\\/blog\\\/wp-content\\\/uploads\\\/2026\\\/09\\\/yillara-gore-milletvekili-maaslari.webp\",\"contentUrl\":\"https:\\\/\\\/www.karekod.org\\\/blog\\\/wp-content\\\/uploads\\\/2026\\\/09\\\/yillara-gore-milletvekili-maaslari.webp\",\"width\":1200,\"height\":675,\"caption\":\"y\u0131llara g\u00f6re milletvekili maa\u015flar\u0131\"},{\"@type\":\"BreadcrumbList\",\"@id\":\"https:\\\/\\\/www.karekod.org\\\/blog\\\/yillara-gore-milletvekili-maaslari\\\/#breadcrumb\",\"itemListElement\":[{\"@type\":\"ListItem\",\"position\":1,\"name\":\"Ana sayfa\",\"item\":\"https:\\\/\\\/www.karekod.org\\\/blog\\\/\"},{\"@type\":\"ListItem\",\"position\":2,\"name\":\"Haberler\",\"item\":\"https:\\\/\\\/www.karekod.org\\\/blog\\\/category\\\/haberler\\\/\"},{\"@type\":\"ListItem\",\"position\":3,\"name\":\"Ekonomi\",\"item\":\"https:\\\/\\\/www.karekod.org\\\/blog\\\/category\\\/haberler\\\/ekonomi\\\/\"},{\"@type\":\"ListItem\",\"position\":4,\"name\":\"Y\u0131llara G\u00f6re Milletvekili Maa\u015flar\u0131: 1876\u2019dan 2026\u2019ya De\u011fi\u015fim\"}]},{\"@type\":\"WebSite\",\"@id\":\"https:\\\/\\\/www.karekod.org\\\/blog\\\/#website\",\"url\":\"https:\\\/\\\/www.karekod.org\\\/blog\\\/\",\"name\":\"Karekod Blog\",\"description\":\"G\u00fcncel Alkol Fiyatlar\u0131 ve Piyasa Rehberi\",\"publisher\":{\"@id\":\"https:\\\/\\\/www.karekod.org\\\/blog\\\/#organization\"},\"potentialAction\":[{\"@type\":\"SearchAction\",\"target\":{\"@type\":\"EntryPoint\",\"urlTemplate\":\"https:\\\/\\\/www.karekod.org\\\/blog\\\/?s={search_term_string}\"},\"query-input\":{\"@type\":\"PropertyValueSpecification\",\"valueRequired\":true,\"valueName\":\"search_term_string\"}}],\"inLanguage\":\"tr\"},{\"@type\":\"Organization\",\"@id\":\"https:\\\/\\\/www.karekod.org\\\/blog\\\/#organization\",\"name\":\"Karekod Blog\",\"alternateName\":\"Karekod Haber\",\"url\":\"https:\\\/\\\/www.karekod.org\\\/blog\\\/\",\"logo\":{\"@type\":\"ImageObject\",\"inLanguage\":\"tr\",\"@id\":\"https:\\\/\\\/www.karekod.org\\\/blog\\\/#\\\/schema\\\/logo\\\/image\\\/\",\"url\":\"https:\\\/\\\/www.karekod.org\\\/blog\\\/wp-content\\\/uploads\\\/2025\\\/01\\\/cropped-logo.webp\",\"contentUrl\":\"https:\\\/\\\/www.karekod.org\\\/blog\\\/wp-content\\\/uploads\\\/2025\\\/01\\\/cropped-logo.webp\",\"width\":512,\"height\":384,\"caption\":\"Karekod Blog\"},\"image\":{\"@id\":\"https:\\\/\\\/www.karekod.org\\\/blog\\\/#\\\/schema\\\/logo\\\/image\\\/\"},\"sameAs\":[\"https:\\\/\\\/www.facebook.com\\\/KarekodBlog\\\/\",\"https:\\\/\\\/x.com\\\/temassizmenu\",\"https:\\\/\\\/www.instagram.com\\\/karekod.blog\\\/\",\"https:\\\/\\\/www.linkedin.com\\\/company\\\/karekod\\\/\",\"https:\\\/\\\/tr.pinterest.com\\\/dijitalmenu\\\/\",\"https:\\\/\\\/www.youtube.com\\\/@qrmenu\",\"https:\\\/\\\/karekodmenu.tumblr.com\\\/\",\"https:\\\/\\\/karekod.medium.com\\\/\",\"https:\\\/\\\/www.diigo.com\\\/user\\\/karekod\",\"https:\\\/\\\/mastodon.social\\\/@karekod\",\"https:\\\/\\\/vk.com\\\/karekod\",\"https:\\\/\\\/flipboard.com\\\/@karekod\",\"https:\\\/\\\/www.quora.com\\\/profile\\\/Karekod-Haber\",\"https:\\\/\\\/note.com\\\/karekod\",\"https:\\\/\\\/www.linkedin.com\\\/in\\\/karekod-blog\\\/\",\"https:\\\/\\\/www.reddit.com\\\/r\\\/guncelfiyatlar\\\/\"]},{\"@type\":\"Person\",\"@id\":\"https:\\\/\\\/www.karekod.org\\\/blog\\\/#\\\/schema\\\/person\\\/8c87c879aca1c63c7438bf937a5da8bd\",\"name\":\"Muharrem Emino\u011flu\",\"pronouns\":\"he\\\/him\",\"description\":\"Veri analizi ve dijital raporlama s\u00fcre\u00e7lerinde yenilik\u00e7i yakla\u015f\u0131mlar benimseyerek s\u00fcrd\u00fcr\u00fclebilir i\u015f modelleri \u00fczerine \u00e7al\u0131\u015fmalar yap\u0131yorum. Teknoloji, ekonomi ve dijital pazarlama alanlar\u0131nda g\u00fcncel ve g\u00fcvenilir i\u00e7erikler \u00fcretiyorum.\",\"sameAs\":[\"https:\\\/\\\/www.karekod.org\",\"https:\\\/\\\/www.facebook.com\\\/mentor.perplexed\\\/\",\"https:\\\/\\\/www.instagram.com\\\/mentorperplexed\\\/\",\"https:\\\/\\\/www.linkedin.com\\\/in\\\/eminoglu\",\"https:\\\/\\\/www.pinterest.de\\\/dijitalmenu\\\/\",\"https:\\\/\\\/x.com\\\/temassizmenu\",\"https:\\\/\\\/www.youtube.com\\\/channel\\\/UC_vI-xTP9NegNfIqSGoesGg\",\"https:\\\/\\\/qrmenu.tumblr.com\\\/\"],\"url\":\"https:\\\/\\\/www.karekod.org\\\/blog\\\/yazar\\\/muharrem-eminoglu\\\/\"}]}<\/script>\n<!-- \/ Yoast SEO plugin. -->","yoast_head_json":{"title":"Y\u0131llara G\u00f6re Milletvekili Maa\u015flar\u0131 (1876\u20132026)","description":"Y\u0131llara g\u00f6re milletvekili maa\u015flar\u0131 1876'dan 2026'ya nas\u0131l de\u011fi\u015fti? Eski vekil maa\u015flar\u0131, g\u00fcncel tutarlar ve asgari \u00fccret kar\u015f\u0131la\u015ft\u0131rmas\u0131.","robots":{"index":"index","follow":"follow","max-snippet":"max-snippet:-1","max-image-preview":"max-image-preview:large","max-video-preview":"max-video-preview:-1"},"canonical":"https:\/\/www.karekod.org\/blog\/yillara-gore-milletvekili-maaslari\/","og_locale":"tr_TR","og_type":"article","og_title":"Y\u0131llara G\u00f6re Milletvekili Maa\u015flar\u0131 (1876\u20132026)","og_description":"Y\u0131llara g\u00f6re milletvekili maa\u015flar\u0131 1876'dan 2026'ya nas\u0131l de\u011fi\u015fti? Eski vekil maa\u015flar\u0131, g\u00fcncel tutarlar ve asgari \u00fccret kar\u015f\u0131la\u015ft\u0131rmas\u0131.","og_url":"https:\/\/www.karekod.org\/blog\/yillara-gore-milletvekili-maaslari\/","og_site_name":"Karekod Blog","article_publisher":"https:\/\/www.facebook.com\/KarekodBlog\/","article_author":"https:\/\/www.facebook.com\/mentor.perplexed\/","article_published_time":"2026-09-04T21:02:11+00:00","article_modified_time":"2026-09-04T21:02:21+00:00","og_image":[{"width":1200,"height":675,"url":"https:\/\/www.karekod.org\/blog\/wp-content\/uploads\/2026\/09\/yillara-gore-milletvekili-maaslari.webp","type":"image\/webp"}],"author":"Muharrem Emino\u011flu","twitter_card":"summary_large_image","twitter_creator":"@temassizmenu","twitter_site":"@temassizmenu","twitter_misc":{"Yazan:":"Muharrem Emino\u011flu","Tahmini okuma s\u00fcresi":"13 dakika"},"schema":{"@context":"https:\/\/schema.org","@graph":[{"@type":"NewsArticle","@id":"https:\/\/www.karekod.org\/blog\/yillara-gore-milletvekili-maaslari\/#article","isPartOf":{"@id":"https:\/\/www.karekod.org\/blog\/yillara-gore-milletvekili-maaslari\/"},"author":{"name":"Muharrem Emino\u011flu","@id":"https:\/\/www.karekod.org\/blog\/#\/schema\/person\/8c87c879aca1c63c7438bf937a5da8bd"},"headline":"Y\u0131llara G\u00f6re Milletvekili Maa\u015flar\u0131: 1876\u2019dan 2026\u2019ya De\u011fi\u015fim","datePublished":"2026-09-04T21:02:11+00:00","dateModified":"2026-09-04T21:02:21+00:00","mainEntityOfPage":{"@id":"https:\/\/www.karekod.org\/blog\/yillara-gore-milletvekili-maaslari\/"},"wordCount":2486,"commentCount":0,"publisher":{"@id":"https:\/\/www.karekod.org\/blog\/#organization"},"image":{"@id":"https:\/\/www.karekod.org\/blog\/yillara-gore-milletvekili-maaslari\/#primaryimage"},"thumbnailUrl":"https:\/\/www.karekod.org\/blog\/wp-content\/uploads\/2026\/09\/yillara-gore-milletvekili-maaslari.webp","articleSection":["Ekonomi","Haberler"],"inLanguage":"tr","potentialAction":[{"@type":"CommentAction","name":"Comment","target":["https:\/\/www.karekod.org\/blog\/yillara-gore-milletvekili-maaslari\/#respond"]}]},{"@type":"WebPage","@id":"https:\/\/www.karekod.org\/blog\/yillara-gore-milletvekili-maaslari\/","url":"https:\/\/www.karekod.org\/blog\/yillara-gore-milletvekili-maaslari\/","name":"Y\u0131llara G\u00f6re Milletvekili Maa\u015flar\u0131 (1876\u20132026)","isPartOf":{"@id":"https:\/\/www.karekod.org\/blog\/#website"},"primaryImageOfPage":{"@id":"https:\/\/www.karekod.org\/blog\/yillara-gore-milletvekili-maaslari\/#primaryimage"},"image":{"@id":"https:\/\/www.karekod.org\/blog\/yillara-gore-milletvekili-maaslari\/#primaryimage"},"thumbnailUrl":"https:\/\/www.karekod.org\/blog\/wp-content\/uploads\/2026\/09\/yillara-gore-milletvekili-maaslari.webp","datePublished":"2026-09-04T21:02:11+00:00","dateModified":"2026-09-04T21:02:21+00:00","description":"Y\u0131llara g\u00f6re milletvekili maa\u015flar\u0131 1876'dan 2026'ya nas\u0131l de\u011fi\u015fti? Eski vekil maa\u015flar\u0131, g\u00fcncel tutarlar ve asgari \u00fccret kar\u015f\u0131la\u015ft\u0131rmas\u0131.","breadcrumb":{"@id":"https:\/\/www.karekod.org\/blog\/yillara-gore-milletvekili-maaslari\/#breadcrumb"},"inLanguage":"tr","potentialAction":[{"@type":"ReadAction","target":["https:\/\/www.karekod.org\/blog\/yillara-gore-milletvekili-maaslari\/"]}]},{"@type":"ImageObject","inLanguage":"tr","@id":"https:\/\/www.karekod.org\/blog\/yillara-gore-milletvekili-maaslari\/#primaryimage","url":"https:\/\/www.karekod.org\/blog\/wp-content\/uploads\/2026\/09\/yillara-gore-milletvekili-maaslari.webp","contentUrl":"https:\/\/www.karekod.org\/blog\/wp-content\/uploads\/2026\/09\/yillara-gore-milletvekili-maaslari.webp","width":1200,"height":675,"caption":"y\u0131llara g\u00f6re milletvekili maa\u015flar\u0131"},{"@type":"BreadcrumbList","@id":"https:\/\/www.karekod.org\/blog\/yillara-gore-milletvekili-maaslari\/#breadcrumb","itemListElement":[{"@type":"ListItem","position":1,"name":"Ana sayfa","item":"https:\/\/www.karekod.org\/blog\/"},{"@type":"ListItem","position":2,"name":"Haberler","item":"https:\/\/www.karekod.org\/blog\/category\/haberler\/"},{"@type":"ListItem","position":3,"name":"Ekonomi","item":"https:\/\/www.karekod.org\/blog\/category\/haberler\/ekonomi\/"},{"@type":"ListItem","position":4,"name":"Y\u0131llara G\u00f6re Milletvekili Maa\u015flar\u0131: 1876\u2019dan 2026\u2019ya De\u011fi\u015fim"}]},{"@type":"WebSite","@id":"https:\/\/www.karekod.org\/blog\/#website","url":"https:\/\/www.karekod.org\/blog\/","name":"Karekod Blog","description":"G\u00fcncel Alkol Fiyatlar\u0131 ve Piyasa Rehberi","publisher":{"@id":"https:\/\/www.karekod.org\/blog\/#organization"},"potentialAction":[{"@type":"SearchAction","target":{"@type":"EntryPoint","urlTemplate":"https:\/\/www.karekod.org\/blog\/?s={search_term_string}"},"query-input":{"@type":"PropertyValueSpecification","valueRequired":true,"valueName":"search_term_string"}}],"inLanguage":"tr"},{"@type":"Organization","@id":"https:\/\/www.karekod.org\/blog\/#organization","name":"Karekod Blog","alternateName":"Karekod Haber","url":"https:\/\/www.karekod.org\/blog\/","logo":{"@type":"ImageObject","inLanguage":"tr","@id":"https:\/\/www.karekod.org\/blog\/#\/schema\/logo\/image\/","url":"https:\/\/www.karekod.org\/blog\/wp-content\/uploads\/2025\/01\/cropped-logo.webp","contentUrl":"https:\/\/www.karekod.org\/blog\/wp-content\/uploads\/2025\/01\/cropped-logo.webp","width":512,"height":384,"caption":"Karekod Blog"},"image":{"@id":"https:\/\/www.karekod.org\/blog\/#\/schema\/logo\/image\/"},"sameAs":["https:\/\/www.facebook.com\/KarekodBlog\/","https:\/\/x.com\/temassizmenu","https:\/\/www.instagram.com\/karekod.blog\/","https:\/\/www.linkedin.com\/company\/karekod\/","https:\/\/tr.pinterest.com\/dijitalmenu\/","https:\/\/www.youtube.com\/@qrmenu","https:\/\/karekodmenu.tumblr.com\/","https:\/\/karekod.medium.com\/","https:\/\/www.diigo.com\/user\/karekod","https:\/\/mastodon.social\/@karekod","https:\/\/vk.com\/karekod","https:\/\/flipboard.com\/@karekod","https:\/\/www.quora.com\/profile\/Karekod-Haber","https:\/\/note.com\/karekod","https:\/\/www.linkedin.com\/in\/karekod-blog\/","https:\/\/www.reddit.com\/r\/guncelfiyatlar\/"]},{"@type":"Person","@id":"https:\/\/www.karekod.org\/blog\/#\/schema\/person\/8c87c879aca1c63c7438bf937a5da8bd","name":"Muharrem Emino\u011flu","pronouns":"he\/him","description":"Veri analizi ve dijital raporlama s\u00fcre\u00e7lerinde yenilik\u00e7i yakla\u015f\u0131mlar benimseyerek s\u00fcrd\u00fcr\u00fclebilir i\u015f modelleri \u00fczerine \u00e7al\u0131\u015fmalar yap\u0131yorum. Teknoloji, ekonomi ve dijital pazarlama alanlar\u0131nda g\u00fcncel ve g\u00fcvenilir i\u00e7erikler \u00fcretiyorum.","sameAs":["https:\/\/www.karekod.org","https:\/\/www.facebook.com\/mentor.perplexed\/","https:\/\/www.instagram.com\/mentorperplexed\/","https:\/\/www.linkedin.com\/in\/eminoglu","https:\/\/www.pinterest.de\/dijitalmenu\/","https:\/\/x.com\/temassizmenu","https:\/\/www.youtube.com\/channel\/UC_vI-xTP9NegNfIqSGoesGg","https:\/\/qrmenu.tumblr.com\/"],"url":"https:\/\/www.karekod.org\/blog\/yazar\/muharrem-eminoglu\/"}]}},"_links":{"self":[{"href":"https:\/\/www.karekod.org\/blog\/wp-json\/wp\/v2\/posts\/59974","targetHints":{"allow":["GET"]}}],"collection":[{"href":"https:\/\/www.karekod.org\/blog\/wp-json\/wp\/v2\/posts"}],"about":[{"href":"https:\/\/www.karekod.org\/blog\/wp-json\/wp\/v2\/types\/post"}],"author":[{"embeddable":true,"href":"https:\/\/www.karekod.org\/blog\/wp-json\/wp\/v2\/users\/1"}],"replies":[{"embeddable":true,"href":"https:\/\/www.karekod.org\/blog\/wp-json\/wp\/v2\/comments?post=59974"}],"version-history":[{"count":2,"href":"https:\/\/www.karekod.org\/blog\/wp-json\/wp\/v2\/posts\/59974\/revisions"}],"predecessor-version":[{"id":59978,"href":"https:\/\/www.karekod.org\/blog\/wp-json\/wp\/v2\/posts\/59974\/revisions\/59978"}],"wp:featuredmedia":[{"embeddable":true,"href":"https:\/\/www.karekod.org\/blog\/wp-json\/wp\/v2\/media\/59976"}],"wp:attachment":[{"href":"https:\/\/www.karekod.org\/blog\/wp-json\/wp\/v2\/media?parent=59974"}],"wp:term":[{"taxonomy":"category","embeddable":true,"href":"https:\/\/www.karekod.org\/blog\/wp-json\/wp\/v2\/categories?post=59974"},{"taxonomy":"post_tag","embeddable":true,"href":"https:\/\/www.karekod.org\/blog\/wp-json\/wp\/v2\/tags?post=59974"}],"curies":[{"name":"wp","href":"https:\/\/api.w.org\/{rel}","templated":true}]}}