{"id":59916,"date":"2026-09-04T09:37:17","date_gmt":"2026-09-04T06:37:17","guid":{"rendered":"https:\/\/www.karekod.org\/blog\/?p=59916"},"modified":"2026-09-04T09:39:40","modified_gmt":"2026-09-04T06:39:40","slug":"yillara-gore-imei-ucretleri","status":"publish","type":"post","link":"https:\/\/www.karekod.org\/blog\/yillara-gore-imei-ucretleri\/","title":{"rendered":"IMEI Kay\u0131t \u00dccreti Y\u0131llara G\u00f6re: 10 Y\u0131ll\u0131k De\u011fi\u015fim ve 2027 Beklentisi"},"content":{"rendered":"\n<p class=\"wp-block-paragraph\">Yurt d\u0131\u015f\u0131ndan getirilen telefonlar i\u00e7in \u00f6denen <strong>IMEI kay\u0131t \u00fccreti<\/strong>, son y\u0131llarda T\u00fcrkiye\u2019de en h\u0131zl\u0131 artan har\u00e7 kalemlerinden biri haline geldi. 2017 y\u0131l\u0131nda 149,20 TL seviyesinde olan kay\u0131t bedeli, 2026 y\u0131l\u0131nda <strong>54.258 TL<\/strong> seviyesine ula\u015ft\u0131.<\/p>\n\n\n\n<p class=\"wp-block-paragraph\">2017-2026 aras\u0131ndaki 10 y\u0131ll\u0131k veri serisi kar\u015f\u0131la\u015ft\u0131r\u0131ld\u0131\u011f\u0131nda IMEI kay\u0131t \u00fccretinin yakla\u015f\u0131k <strong>364 kat\u0131na \u00e7\u0131kt\u0131\u011f\u0131<\/strong> g\u00f6r\u00fcl\u00fcyor. Nominal art\u0131\u015f oran\u0131 ise yakla\u015f\u0131k <strong>%36.266<\/strong>.<\/p>\n\n\n\n<p class=\"wp-block-paragraph\">Eyl\u00fcl 2026 itibar\u0131yla g\u00f6zler \u015fimdiden 2027 y\u0131l\u0131na \u00e7evrilmi\u015f durumda. Hen\u00fcz resm\u00ee bir 2027 IMEI kay\u0131t \u00fccreti a\u00e7\u0131klanmad\u0131. Ancak yeniden de\u011ferleme oran\u0131na ili\u015fkin mevcut senaryolar dikkate al\u0131nd\u0131\u011f\u0131nda kay\u0131t bedelinin <strong>69-70 bin TL band\u0131na yakla\u015fmas\u0131<\/strong> m\u00fcmk\u00fcn g\u00f6r\u00fcn\u00fcyor. Mevcut tahminlerin merkezindeki yakla\u015f\u0131k %28&#8217;lik art\u0131\u015f senaryosunda \u00fccret <strong>69.450 TL civar\u0131nda<\/strong> hesaplan\u0131yor.<\/p>\n\n\n\n<blockquote class=\"wp-block-quote is-layout-flow wp-block-quote-is-layout-flow\">\n<p class=\"wp-block-paragraph\"><strong>K\u0131sa cevap:<\/strong> 2026 IMEI kay\u0131t \u00fccreti 54.258 TL&#8217;dir. 2027 y\u0131l\u0131 i\u00e7in kesin \u00fccret hen\u00fcz a\u00e7\u0131klanmad\u0131. Eyl\u00fcl 2026 itibar\u0131yla yap\u0131lan hesaplamalar yakla\u015f\u0131k 69.450 TL seviyesine i\u015faret ediyor.<\/p>\n<\/blockquote>\n\n\n\n<div id=\"ez-toc-container\" class=\"ez-toc-v2_0_87 counter-hierarchy ez-toc-counter ez-toc-grey ez-toc-container-direction\">\n<div class=\"ez-toc-title-container\"><p class=\"ez-toc-title\" style=\"cursor:inherit\">\u0130\u00e7indekiler<\/p>\n<\/div><nav><ul class='ez-toc-list ez-toc-list-level-1 ' ><li class='ez-toc-page-1 ez-toc-heading-level-2'><a class=\"ez-toc-link ez-toc-heading-1\" href=\"https:\/\/www.karekod.org\/blog\/yillara-gore-imei-ucretleri\/#Yillara_Gore_IMEI_Kayit_Ucretleri\" >Y\u0131llara G\u00f6re IMEI Kay\u0131t \u00dccretleri<\/a><\/li><li class='ez-toc-page-1 ez-toc-heading-level-2'><a class=\"ez-toc-link ez-toc-heading-2\" href=\"https:\/\/www.karekod.org\/blog\/yillara-gore-imei-ucretleri\/#IMEI_Kayit_Ucreti_10_Yilda_Ne_Kadar_Artti\" >IMEI Kay\u0131t \u00dccreti 10 Y\u0131lda Ne Kadar Artt\u0131?<\/a><\/li><li class='ez-toc-page-1 ez-toc-heading-level-2'><a class=\"ez-toc-link ez-toc-heading-3\" href=\"https:\/\/www.karekod.org\/blog\/yillara-gore-imei-ucretleri\/#IMEI_Kayit_Ucretinde_En_Buyuk_Artis_Hangi_Yil_Oldu\" >IMEI Kay\u0131t \u00dccretinde En B\u00fcy\u00fck Art\u0131\u015f Hangi Y\u0131l Oldu?<\/a><\/li><li class='ez-toc-page-1 ez-toc-heading-level-2'><a class=\"ez-toc-link ez-toc-heading-4\" href=\"https:\/\/www.karekod.org\/blog\/yillara-gore-imei-ucretleri\/#IMEI_Kayit_Ucreti_Neden_Her_Yil_Artiyor\" >IMEI Kay\u0131t \u00dccreti Neden Her Y\u0131l Art\u0131yor?<\/a><\/li><li class='ez-toc-page-1 ez-toc-heading-level-2'><a class=\"ez-toc-link ez-toc-heading-5\" href=\"https:\/\/www.karekod.org\/blog\/yillara-gore-imei-ucretleri\/#2027_IMEI_Kayit_Ucreti_Ne_Kadar_Olacak\" >2027 IMEI Kay\u0131t \u00dccreti Ne Kadar Olacak?<\/a><\/li><li class='ez-toc-page-1 ez-toc-heading-level-2'><a class=\"ez-toc-link ez-toc-heading-6\" href=\"https:\/\/www.karekod.org\/blog\/yillara-gore-imei-ucretleri\/#2027de_IMEI_Kayit_Ucreti_70_Bin_TL_Olur_mu\" >2027&#8217;de IMEI Kay\u0131t \u00dccreti 70 Bin TL Olur mu?<\/a><\/li><li class='ez-toc-page-1 ez-toc-heading-level-2'><a class=\"ez-toc-link ez-toc-heading-7\" href=\"https:\/\/www.karekod.org\/blog\/yillara-gore-imei-ucretleri\/#2026_ile_2027_Arasindaki_Fark_Ne_Kadar_Olabilir\" >2026 ile 2027 Aras\u0131ndaki Fark Ne Kadar Olabilir?<\/a><\/li><li class='ez-toc-page-1 ez-toc-heading-level-2'><a class=\"ez-toc-link ez-toc-heading-8\" href=\"https:\/\/www.karekod.org\/blog\/yillara-gore-imei-ucretleri\/#Yurt_Disindan_Telefon_Almak_Hala_Mantikli_mi\" >Yurt D\u0131\u015f\u0131ndan Telefon Almak H\u00e2l\u00e2 Mant\u0131kl\u0131 m\u0131?<\/a><\/li><li class='ez-toc-page-1 ez-toc-heading-level-2'><a class=\"ez-toc-link ez-toc-heading-9\" href=\"https:\/\/www.karekod.org\/blog\/yillara-gore-imei-ucretleri\/#IMEI_Kayit_Ucretinin_Degisiminde_Donum_Noktalari\" >IMEI Kay\u0131t \u00dccretinin De\u011fi\u015fiminde D\u00f6n\u00fcm Noktalar\u0131<\/a><\/li><li class='ez-toc-page-1 ez-toc-heading-level-2'><a class=\"ez-toc-link ez-toc-heading-10\" href=\"https:\/\/www.karekod.org\/blog\/yillara-gore-imei-ucretleri\/#Fiyat_Degerlendirmesi\" >Fiyat De\u011ferlendirmesi<\/a><\/li><li class='ez-toc-page-1 ez-toc-heading-level-2'><a class=\"ez-toc-link ez-toc-heading-11\" href=\"https:\/\/www.karekod.org\/blog\/yillara-gore-imei-ucretleri\/#Kaynakca\" >Kaynak\u00e7a<\/a><\/li><\/ul><\/nav><\/div>\n<h2 class=\"wp-block-heading\"><span class=\"ez-toc-section\" id=\"Yillara_Gore_IMEI_Kayit_Ucretleri\"><\/span>Y\u0131llara G\u00f6re IMEI Kay\u0131t \u00dccretleri<span class=\"ez-toc-section-end\"><\/span><\/h2>\n\n\n\n<p class=\"wp-block-paragraph\">IMEI kay\u0131t \u00fccretinin y\u0131llara g\u00f6re de\u011fi\u015fimi \u015f\u00f6yle:<\/p>\n\n\n\n<figure class=\"wp-block-image size-large\"><img decoding=\"async\" width=\"1049\" height=\"590\" src=\"https:\/\/www.karekod.org\/blog\/wp-content\/uploads\/2026\/09\/IMEI-Kayit-Ucreti-Yillara-Gore-Degisimi-1049x590.webp\" alt=\"IMEI Kay\u0131t \u00dccreti Y\u0131llara G\u00f6re De\u011fi\u015fimi\" class=\"wp-image-59919\" srcset=\"https:\/\/www.karekod.org\/blog\/wp-content\/uploads\/2026\/09\/IMEI-Kayit-Ucreti-Yillara-Gore-Degisimi-1049x590.webp 1049w, https:\/\/www.karekod.org\/blog\/wp-content\/uploads\/2026\/09\/IMEI-Kayit-Ucreti-Yillara-Gore-Degisimi-360x203.webp 360w, https:\/\/www.karekod.org\/blog\/wp-content\/uploads\/2026\/09\/IMEI-Kayit-Ucreti-Yillara-Gore-Degisimi-730x411.webp 730w, https:\/\/www.karekod.org\/blog\/wp-content\/uploads\/2026\/09\/IMEI-Kayit-Ucreti-Yillara-Gore-Degisimi-350x197.webp 350w, https:\/\/www.karekod.org\/blog\/wp-content\/uploads\/2026\/09\/IMEI-Kayit-Ucreti-Yillara-Gore-Degisimi-1100x619.webp 1100w, https:\/\/www.karekod.org\/blog\/wp-content\/uploads\/2026\/09\/IMEI-Kayit-Ucreti-Yillara-Gore-Degisimi.webp 1200w\" sizes=\"(max-width: 1049px) 100vw, 1049px\" \/><figcaption class=\"wp-element-caption\">IMEI Kay\u0131t \u00dccreti Y\u0131llara G\u00f6re De\u011fi\u015fimi<\/figcaption><\/figure>\n\n\n\n<figure class=\"wp-block-table\"><table class=\"has-fixed-layout\"><thead><tr><th>Y\u0131l<\/th><th>IMEI Kay\u0131t \u00dccreti<\/th><th>\u00d6nceki Y\u0131la G\u00f6re De\u011fi\u015fim<\/th><\/tr><\/thead><tbody><tr><td>2017<\/td><td>149,20 TL<\/td><td>\u2013<\/td><\/tr><tr><td>2018<\/td><td>500 TL<\/td><td>%235,12<\/td><\/tr><tr><td>2019<\/td><td>1.500 TL<\/td><td>%200,00<\/td><\/tr><tr><td>2020<\/td><td>1.838,70 TL<\/td><td>%22,58<\/td><\/tr><tr><td>2021<\/td><td>2.006,20 TL<\/td><td>%9,11<\/td><\/tr><tr><td>2022<\/td><td>2.732,40 TL<\/td><td>%36,20<\/td><\/tr><tr><td>2023<\/td><td>20.000 TL<\/td><td>%631,96<\/td><\/tr><tr><td>2024<\/td><td>31.692 TL<\/td><td>%58,46<\/td><\/tr><tr><td>2025<\/td><td>45.614,20 TL<\/td><td>%43,93<\/td><\/tr><tr><td><strong>2026<\/strong><\/td><td><strong>54.258 TL<\/strong><\/td><td><strong>%18,95<\/strong><\/td><\/tr><tr><td><strong>2027 tahmini<\/strong><\/td><td><strong>\u224869.450 TL<\/strong><\/td><td><strong>\u2248%28,00<\/strong><\/td><\/tr><\/tbody><\/table><\/figure>\n\n\n\n<p class=\"wp-block-paragraph\"><strong>Not:<\/strong> Tabloda ilgili y\u0131l i\u00e7erisinde uygulanan son g\u00fcncel tutar esas al\u0131nm\u0131\u015ft\u0131r. Baz\u0131 y\u0131llarda kay\u0131t \u00fccreti y\u0131l i\u00e7inde ayr\u0131ca de\u011fi\u015ftirildi. 2018 y\u0131l\u0131nda \u00fccret 170,70 TL seviyesinden 500 TL&#8217;ye, 2019&#8217;da 618,60 TL&#8217;den 1.500 TL&#8217;ye y\u00fckseldi. 2023&#8217;te ise y\u0131l ba\u015f\u0131ndaki 6.091,30 TL&#8217;lik \u00fccret 8 Temmuz 2023 itibar\u0131yla 20.000 TL olarak yeniden belirlendi.<\/p>\n\n\n\n<h2 class=\"wp-block-heading\"><span class=\"ez-toc-section\" id=\"IMEI_Kayit_Ucreti_10_Yilda_Ne_Kadar_Artti\"><\/span>IMEI Kay\u0131t \u00dccreti 10 Y\u0131lda Ne Kadar Artt\u0131?<span class=\"ez-toc-section-end\"><\/span><\/h2>\n\n\n\n<p class=\"wp-block-paragraph\">2017 y\u0131l\u0131nda yurt d\u0131\u015f\u0131ndan getirilen bir telefonun IMEI kayd\u0131 i\u00e7in <strong>149,20 TL<\/strong> \u00f6deniyordu. 2026 y\u0131l\u0131nda ayn\u0131 har\u00e7 <strong>54.258 TL<\/strong> seviyesinde.<\/p>\n\n\n\n<p class=\"wp-block-paragraph\">Buna g\u00f6re:<\/p>\n\n\n\n<ul class=\"wp-block-list\">\n<li>2017 IMEI kay\u0131t \u00fccreti: <strong>149,20 TL<\/strong><\/li>\n\n\n\n<li>2026 IMEI kay\u0131t \u00fccreti: <strong>54.258 TL<\/strong><\/li>\n\n\n\n<li>Nominal art\u0131\u015f: <strong>54.108,80 TL<\/strong><\/li>\n\n\n\n<li>Toplam art\u0131\u015f oran\u0131: <strong>yakla\u015f\u0131k %36.266<\/strong><\/li>\n\n\n\n<li>\u00dccretin ula\u015ft\u0131\u011f\u0131 seviye: <strong>2017&#8217;nin yakla\u015f\u0131k 364 kat\u0131<\/strong><\/li>\n<\/ul>\n\n\n\n<p class=\"wp-block-paragraph\">Ba\u015fka bir ifadeyle 2017&#8217;de 1 TL olarak kabul edilen kay\u0131t maliyeti, 2026&#8217;da yakla\u015f\u0131k 364 TL&#8217;lik bir maliyete kar\u015f\u0131l\u0131k geliyor.<\/p>\n\n\n\n<p class=\"wp-block-paragraph\">Bu art\u0131\u015f d\u00fczenli bir \u00e7izgide ger\u00e7ekle\u015fmedi. \u00d6zellikle 2018, 2019 ve 2023 y\u0131llar\u0131nda al\u0131nan ek kararlar uzun d\u00f6nemli grafikte belirgin k\u0131r\u0131lmalar olu\u015fturdu.<\/p>\n\n\n\n<h2 class=\"wp-block-heading\"><span class=\"ez-toc-section\" id=\"IMEI_Kayit_Ucretinde_En_Buyuk_Artis_Hangi_Yil_Oldu\"><\/span>IMEI Kay\u0131t \u00dccretinde En B\u00fcy\u00fck Art\u0131\u015f Hangi Y\u0131l Oldu?<span class=\"ez-toc-section-end\"><\/span><\/h2>\n\n\n\n<p class=\"wp-block-paragraph\">Son 10 y\u0131ll\u0131k tabloya bak\u0131ld\u0131\u011f\u0131nda en dikkat \u00e7ekici de\u011fi\u015fim <strong>2023 y\u0131l\u0131nda<\/strong> ger\u00e7ekle\u015fti.<\/p>\n\n\n\n<p class=\"wp-block-paragraph\">2022 y\u0131l\u0131nda 2.732,40 TL olan kay\u0131t \u00fccreti, 2023 y\u0131l\u0131 ba\u015f\u0131nda yeniden de\u011ferleme sonras\u0131nda <strong>6.091,30 TL&#8217;ye<\/strong> y\u00fckseldi. Ancak y\u0131l i\u00e7erisindeki ikinci d\u00fczenlemeyle kay\u0131t harc\u0131 8 Temmuz 2023&#8217;ten itibaren do\u011frudan <strong>20.000 TL<\/strong> olarak belirlendi.<\/p>\n\n\n\n<p class=\"wp-block-paragraph\">Y\u0131l sonu \u00fccretleri kar\u015f\u0131la\u015ft\u0131r\u0131ld\u0131\u011f\u0131nda 2022&#8217;den 2023&#8217;e art\u0131\u015f yakla\u015f\u0131k:<\/p>\n\n\n\n<p class=\"wp-block-paragraph\"><strong>%631,96<\/strong><\/p>\n\n\n\n<p class=\"wp-block-paragraph\">oldu.<\/p>\n\n\n\n<p class=\"wp-block-paragraph\">Bu nedenle 2023, IMEI kay\u0131t \u00fccretinin tarihindeki en \u00f6nemli k\u0131r\u0131lma y\u0131llar\u0131ndan biri olarak \u00f6ne \u00e7\u0131k\u0131yor.<\/p>\n\n\n\n<h2 class=\"wp-block-heading\"><span class=\"ez-toc-section\" id=\"IMEI_Kayit_Ucreti_Neden_Her_Yil_Artiyor\"><\/span>IMEI Kay\u0131t \u00dccreti Neden Her Y\u0131l Art\u0131yor?<span class=\"ez-toc-section-end\"><\/span><\/h2>\n\n\n\n<p class=\"wp-block-paragraph\">IMEI kay\u0131t bedelinin mevzuattaki ad\u0131 **\u201cyolcu beraberinde getirilen telefon kullan\u0131m izin harc\u0131\u201d**d\u0131r.<\/p>\n\n\n\n<p class=\"wp-block-paragraph\">Maktu har\u00e7lar normal \u015fartlarda her y\u0131l yeniden de\u011ferleme mekanizmas\u0131 kapsam\u0131nda g\u00fcncelleniyor. Yeniden de\u011ferleme oran\u0131n\u0131n belirlenmesinde Yurt \u0130\u00e7i \u00dcretici Fiyat Endeksi verileri etkili oluyor.<\/p>\n\n\n\n<p class=\"wp-block-paragraph\">Ancak a\u00e7\u0131klanan yeniden de\u011ferleme oran\u0131 ile bir sonraki y\u0131l uygulanacak nihai har\u00e7 art\u0131\u015f\u0131 her zaman bire bir ayn\u0131 olmak zorunda de\u011fil.<\/p>\n\n\n\n<p class=\"wp-block-paragraph\">Bunun en g\u00fcncel \u00f6rne\u011fi 2026 y\u0131l\u0131nda ya\u015fand\u0131.<\/p>\n\n\n\n<p class=\"wp-block-paragraph\">2025 y\u0131l\u0131 yeniden de\u011ferleme oran\u0131 <strong>%25,49<\/strong> olarak belirlenmesine ra\u011fmen, Cumhurba\u015fkan\u0131 yetkisi kullan\u0131larak 2026 y\u0131l\u0131nda baz\u0131 maktu vergi ve har\u00e7larda uygulanacak art\u0131\u015f <strong>%18,95<\/strong> seviyesinde tutuldu. Bunun sonucunda 2025&#8217;te 45.614,20 TL olan IMEI kay\u0131t \u00fccreti 2026 y\u0131l\u0131nda <strong>54.258 TL<\/strong> oldu.<\/p>\n\n\n\n<p class=\"wp-block-paragraph\">Bu ayr\u0131nt\u0131 2027 tahminleri a\u00e7\u0131s\u0131ndan da \u00f6nemli.<\/p>\n\n\n\n<h2 class=\"wp-block-heading\"><span class=\"ez-toc-section\" id=\"2027_IMEI_Kayit_Ucreti_Ne_Kadar_Olacak\"><\/span>2027 IMEI Kay\u0131t \u00dccreti Ne Kadar Olacak?<span class=\"ez-toc-section-end\"><\/span><\/h2>\n\n\n\n<p class=\"wp-block-paragraph\"><strong>2027 IMEI kay\u0131t \u00fccreti hen\u00fcz kesinle\u015fmedi.<\/strong><\/p>\n\n\n\n<p class=\"wp-block-paragraph\">Eyl\u00fcl 2026 itibar\u0131yla 2027 y\u0131l\u0131nda uygulanacak yeniden de\u011ferleme oran\u0131na ili\u015fkin hesaplamalar yakla\u015f\u0131k <strong>%28 civar\u0131nda<\/strong> yo\u011funla\u015f\u0131yor.<\/p>\n\n\n\n<p class=\"wp-block-paragraph\">Mevcut projeksiyonlarda farkl\u0131 Y\u0130-\u00dcFE senaryolar\u0131na g\u00f6re yeniden de\u011ferleme oran\u0131n\u0131n yakla\u015f\u0131k <strong>%27,66 ile %29,01<\/strong> aras\u0131nda olu\u015fabilece\u011fi hesaplan\u0131yor.<\/p>\n\n\n\n<p class=\"wp-block-paragraph\">54.258 TL&#8217;lik mevcut IMEI kay\u0131t \u00fccretine bu oranlar uyguland\u0131\u011f\u0131nda \u015fu sonu\u00e7lar ortaya \u00e7\u0131k\u0131yor:<\/p>\n\n\n\n<figure class=\"wp-block-table\"><table class=\"has-fixed-layout\"><thead><tr><th>2027 Senaryosu<\/th><th>Tahmini Art\u0131\u015f<\/th><th>Tahmini IMEI \u00dccreti<\/th><\/tr><\/thead><tbody><tr><td>D\u00fc\u015f\u00fck senaryo<\/td><td>%27,66<\/td><td>yakla\u015f\u0131k <strong>69.266 TL<\/strong><\/td><\/tr><tr><td>Orta senaryo<\/td><td>%28,00<\/td><td>yakla\u015f\u0131k <strong>69.450 TL<\/strong><\/td><\/tr><tr><td>Y\u00fcksek senaryo<\/td><td>%29,01<\/td><td>yakla\u015f\u0131k <strong>69.998 TL<\/strong><\/td><\/tr><\/tbody><\/table><\/figure>\n\n\n\n<p class=\"wp-block-paragraph\">Bu hesaplamalara g\u00f6re <strong>2027 IMEI kay\u0131t \u00fccreti yakla\u015f\u0131k 69-70 bin TL band\u0131na \u00e7\u0131kabilir.<\/strong><\/p>\n\n\n\n<p class=\"wp-block-paragraph\">Ancak bu rakamlar\u0131n tamam\u0131 tahmindir.<\/p>\n\n\n\n<p class=\"wp-block-paragraph\">Kesin yeniden de\u011ferleme oran\u0131 2026 y\u0131l\u0131 ekim ay\u0131na ili\u015fkin Y\u0130-\u00dcFE verilerinin a\u00e7\u0131klanmas\u0131n\u0131n ard\u0131ndan netle\u015fecek. Ard\u0131ndan 2027 y\u0131l\u0131nda uygulanacak har\u00e7 tarifeleri y\u0131l sonunda yay\u0131mlanacak.<\/p>\n\n\n\n<p class=\"wp-block-paragraph\">Ayr\u0131ca 2026 y\u0131l\u0131nda oldu\u011fu gibi Cumhurba\u015fkan\u0131n\u0131n yeniden de\u011ferleme oran\u0131ndan daha d\u00fc\u015f\u00fck bir art\u0131\u015f belirleme yetkisini kullanmas\u0131 halinde nihai IMEI kay\u0131t \u00fccreti bu hesaplamalar\u0131n alt\u0131nda kalabilir.<\/p>\n\n\n\n<h2 class=\"wp-block-heading\"><span class=\"ez-toc-section\" id=\"2027de_IMEI_Kayit_Ucreti_70_Bin_TL_Olur_mu\"><\/span>2027&#8217;de IMEI Kay\u0131t \u00dccreti 70 Bin TL Olur mu?<span class=\"ez-toc-section-end\"><\/span><\/h2>\n\n\n\n<p class=\"wp-block-paragraph\">Mevcut hesaplamalara g\u00f6re <strong>70 bin TL s\u0131n\u0131r\u0131 olduk\u00e7a yak\u0131n<\/strong>.<\/p>\n\n\n\n<p class=\"wp-block-paragraph\">%28&#8217;lik art\u0131\u015f:<\/p>\n\n\n\n<p class=\"wp-block-paragraph\"><strong>54.258 TL \u00d7 1,28 = 69.450,24 TL<\/strong><\/p>\n\n\n\n<p class=\"wp-block-paragraph\">%29,01&#8217;lik senaryo ise:<\/p>\n\n\n\n<p class=\"wp-block-paragraph\"><strong>54.258 TL \u00d7 1,2901 \u2248 69.998 TL<\/strong><\/p>\n\n\n\n<p class=\"wp-block-paragraph\">sonucunu veriyor.<\/p>\n\n\n\n<p class=\"wp-block-paragraph\">Dolay\u0131s\u0131yla yeniden de\u011ferleme oran\u0131n\u0131n yakla\u015f\u0131k %29 seviyesinde ger\u00e7ekle\u015fmesi ve ayr\u0131ca daha d\u00fc\u015f\u00fck bir art\u0131\u015f karar\u0131 al\u0131nmamas\u0131 halinde IMEI kay\u0131t \u00fccreti 2027 y\u0131l\u0131nda <strong>70 bin TL seviyesine ula\u015fabilir.<\/strong><\/p>\n\n\n\n<h2 class=\"wp-block-heading\"><span class=\"ez-toc-section\" id=\"2026_ile_2027_Arasindaki_Fark_Ne_Kadar_Olabilir\"><\/span>2026 ile 2027 Aras\u0131ndaki Fark Ne Kadar Olabilir?<span class=\"ez-toc-section-end\"><\/span><\/h2>\n\n\n\n<p class=\"wp-block-paragraph\">Orta senaryodaki 69.450 TL tahmini \u00fczerinden hesapland\u0131\u011f\u0131nda:<\/p>\n\n\n\n<figure class=\"wp-block-table\"><table class=\"has-fixed-layout\"><thead><tr><th>D\u00f6nem<\/th><th>IMEI \u00dccreti<\/th><\/tr><\/thead><tbody><tr><td>2026<\/td><td>54.258 TL<\/td><\/tr><tr><td>2027 tahmini<\/td><td>69.450 TL<\/td><\/tr><tr><td>Tahmini fark<\/td><td><strong>15.192 TL<\/strong><\/td><\/tr><\/tbody><\/table><\/figure>\n\n\n\n<p class=\"wp-block-paragraph\">Yani yaln\u0131zca bir y\u0131ll\u0131k d\u00f6nemde kay\u0131t maliyetine yakla\u015f\u0131k <strong>15 bin TL<\/strong> daha eklenebilir.<\/p>\n\n\n\n<p class=\"wp-block-paragraph\">Bu tutar tek ba\u015f\u0131na bir\u00e7ok giri\u015f ve orta segment ak\u0131ll\u0131 telefonun sat\u0131\u015f fiyat\u0131na yakla\u015fan ek bir maliyet anlam\u0131na geliyor.<\/p>\n\n\n\n<h2 class=\"wp-block-heading\"><span class=\"ez-toc-section\" id=\"Yurt_Disindan_Telefon_Almak_Hala_Mantikli_mi\"><\/span>Yurt D\u0131\u015f\u0131ndan Telefon Almak H\u00e2l\u00e2 Mant\u0131kl\u0131 m\u0131?<span class=\"ez-toc-section-end\"><\/span><\/h2>\n\n\n\n<p class=\"wp-block-paragraph\">IMEI kay\u0131t \u00fccretinin 50 bin TL&#8217;yi a\u015fmas\u0131, yurt d\u0131\u015f\u0131ndan telefon sat\u0131n al\u0131rken yaln\u0131zca cihaz fiyat\u0131n\u0131 kar\u015f\u0131la\u015ft\u0131rmay\u0131 anlams\u0131z hale getiriyor.<\/p>\n\n\n\n<p class=\"wp-block-paragraph\">Ger\u00e7ek maliyet hesab\u0131nda:<\/p>\n\n\n\n<p class=\"wp-block-paragraph\"><strong>Yurt d\u0131\u015f\u0131 telefon fiyat\u0131 + IMEI kay\u0131t \u00fccreti + seyahat\/teslim maliyetleri + olas\u0131 garanti farklar\u0131<\/strong><\/p>\n\n\n\n<p class=\"wp-block-paragraph\">birlikte de\u011ferlendirilmelidir.<\/p>\n\n\n\n<p class=\"wp-block-paragraph\">\u00d6zellikle T\u00fcrkiye ve yurt d\u0131\u015f\u0131 fiyat fark\u0131n\u0131n IMEI kay\u0131t bedelinden d\u00fc\u015f\u00fck oldu\u011fu modellerde yurt d\u0131\u015f\u0131ndan telefon sat\u0131n almak ekonomik avantaj sa\u011flamayabilir.<\/p>\n\n\n\n<p class=\"wp-block-paragraph\">G\u00fcncel kay\u0131t bedeli, kay\u0131t ko\u015fullar\u0131 ve e-Devlet \u00fczerinden yap\u0131lacak i\u015flemler i\u00e7in <strong><a href=\"https:\/\/www.karekod.org\/blog\/imei-kayit-ucreti-yurtdisindan-telefon-getirmenin-bedeli-ne-kadar\/\" data-type=\"post\" data-id=\"30891\">IMEI kay\u0131t \u00fccreti 2026<\/a><\/strong> ba\u015fl\u0131kl\u0131 g\u00fcncel rehberimizi inceleyebilirsiniz.<\/p>\n\n\n\n<h2 class=\"wp-block-heading\"><span class=\"ez-toc-section\" id=\"IMEI_Kayit_Ucretinin_Degisiminde_Donum_Noktalari\"><\/span>IMEI Kay\u0131t \u00dccretinin De\u011fi\u015fiminde D\u00f6n\u00fcm Noktalar\u0131<span class=\"ez-toc-section-end\"><\/span><\/h2>\n\n\n\n<p class=\"wp-block-paragraph\">Son y\u0131llardaki d\u00f6rt tarih \u00f6zellikle dikkat \u00e7ekiyor:<\/p>\n\n\n\n<h3 class=\"wp-block-heading\">2018: \u0130lk B\u00fcy\u00fck S\u0131\u00e7rama<\/h3>\n\n\n\n<p class=\"wp-block-paragraph\">2018 y\u0131l\u0131 ba\u015f\u0131nda 170 TL civar\u0131nda bulunan kay\u0131t \u00fccreti kas\u0131m ay\u0131nda al\u0131nan kararla <strong>500 TL&#8217;ye<\/strong> y\u00fckseldi.<\/p>\n\n\n\n<h3 class=\"wp-block-heading\">2019: 1.500 TL D\u00f6nemi<\/h3>\n\n\n\n<p class=\"wp-block-paragraph\">2019 y\u0131l\u0131nda \u00f6nce 618,60 TL olarak uygulanan \u00fccret, temmuz ay\u0131nda yay\u0131mlanan d\u00fczenlemeyle <strong>1.500 TL&#8217;ye<\/strong> \u00e7\u0131kar\u0131ld\u0131. Kamu Denet\u00e7ili\u011fi Kurumu kay\u0131tlar\u0131nda da 19 Temmuz 2019 tarihli d\u00fczenleme ve 1.500 TL&#8217;lik yeni tutar yer al\u0131yor.<\/p>\n\n\n\n<h3 class=\"wp-block-heading\">2023: 20 Bin TL&#8217;lik E\u015fik<\/h3>\n\n\n\n<p class=\"wp-block-paragraph\">2023 y\u0131l\u0131 ba\u015f\u0131nda 6.091,30 TL olan \u00fccret, y\u0131l i\u00e7inde al\u0131nan kararla <strong>20.000 TL<\/strong> oldu.<\/p>\n\n\n\n<h3 class=\"wp-block-heading\">2026: Yeniden De\u011ferleme Oran\u0131ndan Daha D\u00fc\u015f\u00fck Art\u0131\u015f<\/h3>\n\n\n\n<p class=\"wp-block-paragraph\">2025 y\u0131l\u0131 yeniden de\u011ferleme oran\u0131 %25,49 olmas\u0131na ra\u011fmen 2026&#8217;da har\u00e7lara uygulanan art\u0131\u015f %18,95 olarak belirlendi. B\u00f6ylece beklenen 57 bin TL civar\u0131ndaki rakam yerine g\u00fcncel IMEI kay\u0131t bedeli <strong>54.258 TL<\/strong> oldu.<\/p>\n\n\n\n<h2 class=\"wp-block-heading\"><span class=\"ez-toc-section\" id=\"Fiyat_Degerlendirmesi\"><\/span>Fiyat De\u011ferlendirmesi<span class=\"ez-toc-section-end\"><\/span><\/h2>\n\n\n\n<p class=\"wp-block-paragraph\">2017-2026 aras\u0131ndaki tablo, IMEI kay\u0131t \u00fccretindeki y\u00fckseli\u015fin yaln\u0131zca y\u0131ll\u0131k yeniden de\u011ferleme art\u0131\u015flar\u0131ndan olu\u015fmad\u0131\u011f\u0131n\u0131 g\u00f6steriyor. \u00d6zellikle 2018, 2019 ve 2023&#8217;te yap\u0131lan ara d\u00fczenlemeler uzun d\u00f6nemli art\u0131\u015f\u0131n \u00f6nemli b\u00f6l\u00fcm\u00fcn\u00fc olu\u015fturuyor.<\/p>\n\n\n\n<p class=\"wp-block-paragraph\">2017 y\u0131l\u0131nda 149,20 TL olan \u00fccretin 2026&#8217;da 54.258 TL&#8217;ye \u00e7\u0131kmas\u0131, 10 y\u0131ll\u0131k veri serisinde yakla\u015f\u0131k <strong>364 katl\u0131k<\/strong> bir fark anlam\u0131na geliyor.<\/p>\n\n\n\n<p class=\"wp-block-paragraph\">2027 i\u00e7in mevcut yakla\u015f\u0131k 69.450 TL&#8217;lik tahmin ger\u00e7ekle\u015firse kay\u0131t harc\u0131 yaln\u0131zca bir y\u0131lda yakla\u015f\u0131k 15 bin TL daha artacak. Ancak 2026 \u00f6rne\u011finde g\u00f6r\u00fcld\u00fc\u011f\u00fc \u00fczere yeniden de\u011ferleme oran\u0131n\u0131n a\u00e7\u0131klanmas\u0131 tek ba\u015f\u0131na nihai \u00fccreti garanti etmiyor.<\/p>\n\n\n\n<p class=\"wp-block-paragraph\">Bu nedenle <strong>2027 IMEI kay\u0131t \u00fccreti i\u00e7in 69-70 bin TL band\u0131 \u015fimdilik bir tahmin olarak de\u011ferlendirilmelidir.<\/strong><\/p>\n\n\n\nS\u0131k\u00e7a Sorulan Sorular\n\n<div class=\"faq-section\">\n\n<h3>2026 IMEI kay\u0131t \u00fccreti ne kadar?<\/h3> <p>2026 y\u0131l\u0131nda yurt d\u0131\u015f\u0131ndan getirilen telefonlar i\u00e7in uygulanan IMEI kay\u0131t \u00fccreti 54.258 TL&#8217;dir.<\/p>\n\n<h3>2027 IMEI kay\u0131t \u00fccreti ne kadar olacak?<\/h3> <p>2027 IMEI kay\u0131t \u00fccreti hen\u00fcz resm\u00ee olarak a\u00e7\u0131klanmad\u0131. Eyl\u00fcl 2026 itibar\u0131yla yakla\u015f\u0131k y\u00fczde 28&#8217;lik art\u0131\u015f senaryosu \u00fczerinden yap\u0131lan hesaplama, \u00fccretin yakla\u015f\u0131k 69.450 TL olabilece\u011fini g\u00f6steriyor.<\/p>\n\n<h3>IMEI kay\u0131t \u00fccreti son 10 y\u0131lda ne kadar artt\u0131?<\/h3> <p>2017 y\u0131l\u0131nda 149,20 TL olan IMEI kay\u0131t \u00fccreti 2026 y\u0131l\u0131nda 54.258 TL&#8217;ye y\u00fckseldi. Bu, yakla\u015f\u0131k y\u00fczde 36.266&#8217;l\u0131k nominal art\u0131\u015f ve \u00fccretin yakla\u015f\u0131k 364 kat\u0131na \u00e7\u0131kmas\u0131 anlam\u0131na geliyor.<\/p>\n\n<h3>IMEI kay\u0131t \u00fccretinin en fazla artt\u0131\u011f\u0131 y\u0131l hangisi?<\/h3> <p>Y\u0131l sonu tutarlar\u0131 kar\u015f\u0131la\u015ft\u0131r\u0131ld\u0131\u011f\u0131nda en b\u00fcy\u00fck s\u0131\u00e7ramalardan biri 2023 y\u0131l\u0131nda ger\u00e7ekle\u015fti. 2022 sonunda 2.732,40 TL olan \u00fccret, 2023 y\u0131l\u0131 i\u00e7inde 20.000 TL&#8217;ye kadar y\u00fckseldi.<\/p>\n\n<h3>2027 IMEI kay\u0131t \u00fccreti 70 bin TL olur mu?<\/h3> <p>Mevcut yeniden de\u011ferleme senaryolar\u0131na g\u00f6re m\u00fcmk\u00fcnd\u00fcr. Yakla\u015f\u0131k y\u00fczde 29&#8217;luk art\u0131\u015f halinde 54.258 TL&#8217;lik mevcut kay\u0131t \u00fccreti yakla\u015f\u0131k 70 bin TL seviyesine ula\u015fmaktad\u0131r. Ancak kesin rakam y\u0131l sonunda belli olacakt\u0131r.<\/p>\n\n<\/div>\n\n<script type=\"application\/ld+json\"> { \"@context\": \"https:\/\/schema.org\", \"@type\": \"FAQPage\", \"mainEntity\": [ { \"@type\": \"Question\", \"name\": \"2026 IMEI kay\u0131t \u00fccreti ne kadar?\", \"acceptedAnswer\": { \"@type\": \"Answer\", \"text\": \"2026 y\u0131l\u0131nda yurt d\u0131\u015f\u0131ndan getirilen telefonlar i\u00e7in uygulanan IMEI kay\u0131t \u00fccreti 54.258 TL'dir.\" } }, { \"@type\": \"Question\", \"name\": \"2027 IMEI kay\u0131t \u00fccreti ne kadar olacak?\", \"acceptedAnswer\": { \"@type\": \"Answer\", \"text\": \"2027 IMEI kay\u0131t \u00fccreti hen\u00fcz resmi olarak a\u00e7\u0131klanmad\u0131. Eyl\u00fcl 2026 itibar\u0131yla yakla\u015f\u0131k y\u00fczde 28 art\u0131\u015f senaryosu \u00fczerinden yap\u0131lan hesaplama, \u00fccretin yakla\u015f\u0131k 69.450 TL olabilece\u011fini g\u00f6steriyor.\" } }, { \"@type\": \"Question\", \"name\": \"IMEI kay\u0131t \u00fccreti son 10 y\u0131lda ne kadar artt\u0131?\", \"acceptedAnswer\": { \"@type\": \"Answer\", \"text\": \"2017 y\u0131l\u0131nda 149,20 TL olan IMEI kay\u0131t \u00fccreti 2026 y\u0131l\u0131nda 54.258 TL'ye y\u00fckseldi. Bu yakla\u015f\u0131k y\u00fczde 36.266 nominal art\u0131\u015f ve \u00fccretin yakla\u015f\u0131k 364 kat\u0131na \u00e7\u0131kmas\u0131 anlam\u0131na geliyor.\" } }, { \"@type\": \"Question\", \"name\": \"IMEI kay\u0131t \u00fccretinin en fazla artt\u0131\u011f\u0131 y\u0131l hangisi?\", \"acceptedAnswer\": { \"@type\": \"Answer\", \"text\": \"Y\u0131l sonu tutarlar\u0131 kar\u015f\u0131la\u015ft\u0131r\u0131ld\u0131\u011f\u0131nda en b\u00fcy\u00fck s\u0131\u00e7ramalardan biri 2023 y\u0131l\u0131nda ger\u00e7ekle\u015fti. 2022 sonunda 2.732,40 TL olan \u00fccret, 2023 y\u0131l\u0131 i\u00e7inde 20.000 TL'ye kadar y\u00fckseldi.\" } }, { \"@type\": \"Question\", \"name\": \"2027 IMEI kay\u0131t \u00fccreti 70 bin TL olur mu?\", \"acceptedAnswer\": { \"@type\": \"Answer\", \"text\": \"Mevcut yeniden de\u011ferleme senaryolar\u0131na g\u00f6re m\u00fcmk\u00fcnd\u00fcr. Yakla\u015f\u0131k y\u00fczde 29 art\u0131\u015f halinde mevcut kay\u0131t \u00fccreti yakla\u015f\u0131k 70 bin TL seviyesine ula\u015fabilir. Kesin tutar y\u0131l sonunda belli olacakt\u0131r.\" } } ] } <\/script>\n\n\n\n<h2 class=\"wp-block-heading\"><span class=\"ez-toc-section\" id=\"Kaynakca\"><\/span>Kaynak\u00e7a<span class=\"ez-toc-section-end\"><\/span><\/h2>\n\n\n\n<ul class=\"wp-block-list\">\n<li>Gelir \u0130daresi Ba\u015fkanl\u0131\u011f\u0131 \u2013 Har\u00e7lar Kanunu tarifeleri<\/li>\n\n\n\n<li>Resm\u00ee Gazete \u2013 Har\u00e7lar Kanunu ve ilgili Cumhurba\u015fkan\u0131 kararlar\u0131<\/li>\n\n\n\n<li>Kamu Denet\u00e7ili\u011fi Kurumu \u2013 IMEI kullan\u0131m izin harc\u0131 karar ve kay\u0131tlar\u0131<\/li>\n\n\n\n<li>EY T\u00fcrkiye \u2013 2026 vergi ve har\u00e7 d\u00fczenlemeleri<\/li>\n\n\n\n<li>T\u00dc\u0130K \u2013 Yurt \u0130\u00e7i \u00dcretici Fiyat Endeksi verileri<\/li>\n\n\n\n<li>BTK \/ e-Devlet \u2013 IMEI kay\u0131t ve sorgulama hizmetleri<\/li>\n<\/ul>\n\n\n\n<p class=\"wp-block-paragraph\"><strong>Son g\u00fcncelleme: 4 Eyl\u00fcl 2026<\/strong><\/p>\n","protected":false},"excerpt":{"rendered":"<p>Yurt d\u0131\u015f\u0131ndan getirilen telefonlar i\u00e7in \u00f6denen IMEI kay\u0131t \u00fccreti, son y\u0131llarda T\u00fcrkiye\u2019de en h\u0131zl\u0131 artan har\u00e7 kalemlerinden biri haline geldi. [&hellip;]<\/p>\n","protected":false},"author":1,"featured_media":59918,"comment_status":"open","ping_status":"open","sticky":false,"template":"","format":"standard","meta":{"footnotes":""},"categories":[3940,53],"tags":[7092],"class_list":["post-59916","post","type-post","status-publish","format-standard","has-post-thumbnail","hentry","category-elektronik-esya-fiyatlari","category-haberler","tag-imei-kayit-ucreti"],"yoast_head":"<!-- This site is optimized with the Yoast SEO plugin v28.4 - https:\/\/yoast.com\/product\/yoast-seo-wordpress\/ -->\n<title>IMEI Kay\u0131t \u00dccreti 2027: Y\u0131llara G\u00f6re De\u011fi\u015fimi ve 10 Y\u0131ll\u0131k Art\u0131\u015f<\/title>\n<meta name=\"description\" content=\"IMEI kay\u0131t \u00fccreti 2017-2026 d\u00f6neminde nas\u0131l de\u011fi\u015fti? Y\u0131llara g\u00f6re \u00fccret tablosu, art\u0131\u015f oranlar\u0131 ve 2027 i\u00e7in yakla\u015f\u0131k 69 bin TL beklentisi.\" \/>\n<meta name=\"robots\" content=\"index, follow, max-snippet:-1, max-image-preview:large, max-video-preview:-1\" \/>\n<link rel=\"canonical\" href=\"https:\/\/www.karekod.org\/blog\/yillara-gore-imei-ucretleri\/\" \/>\n<meta property=\"og:locale\" content=\"tr_TR\" \/>\n<meta property=\"og:type\" content=\"article\" \/>\n<meta property=\"og:title\" content=\"IMEI Kay\u0131t \u00dccreti 2027: Y\u0131llara G\u00f6re De\u011fi\u015fimi ve 10 Y\u0131ll\u0131k Art\u0131\u015f\" \/>\n<meta property=\"og:description\" content=\"IMEI kay\u0131t \u00fccreti 2017-2026 d\u00f6neminde nas\u0131l de\u011fi\u015fti? Y\u0131llara g\u00f6re \u00fccret tablosu, art\u0131\u015f oranlar\u0131 ve 2027 i\u00e7in yakla\u015f\u0131k 69 bin TL beklentisi.\" \/>\n<meta property=\"og:url\" content=\"https:\/\/www.karekod.org\/blog\/yillara-gore-imei-ucretleri\/\" \/>\n<meta property=\"og:site_name\" content=\"Karekod Blog\" \/>\n<meta property=\"article:publisher\" content=\"https:\/\/www.facebook.com\/KarekodBlog\/\" \/>\n<meta property=\"article:author\" content=\"https:\/\/www.facebook.com\/mentor.perplexed\/\" \/>\n<meta property=\"article:published_time\" content=\"2026-09-04T06:37:17+00:00\" \/>\n<meta property=\"article:modified_time\" content=\"2026-09-04T06:39:40+00:00\" \/>\n<meta property=\"og:image\" content=\"https:\/\/www.karekod.org\/blog\/wp-content\/uploads\/2026\/09\/IMEI-kayit-ucreti-yillara-gore.webp\" \/>\n\t<meta property=\"og:image:width\" content=\"1200\" \/>\n\t<meta property=\"og:image:height\" content=\"675\" \/>\n\t<meta property=\"og:image:type\" content=\"image\/webp\" \/>\n<meta name=\"author\" content=\"Muharrem Emino\u011flu\" \/>\n<meta name=\"twitter:card\" content=\"summary_large_image\" \/>\n<meta name=\"twitter:creator\" content=\"@temassizmenu\" \/>\n<meta name=\"twitter:site\" content=\"@temassizmenu\" \/>\n<meta name=\"twitter:label1\" content=\"Yazan:\" \/>\n\t<meta name=\"twitter:data1\" content=\"Muharrem Emino\u011flu\" \/>\n\t<meta name=\"twitter:label2\" content=\"Tahmini okuma s\u00fcresi\" \/>\n\t<meta name=\"twitter:data2\" content=\"9 dakika\" \/>\n<script type=\"application\/ld+json\" class=\"yoast-schema-graph\">{\"@context\":\"https:\\\/\\\/schema.org\",\"@graph\":[{\"@type\":\"NewsArticle\",\"@id\":\"https:\\\/\\\/www.karekod.org\\\/blog\\\/yillara-gore-imei-ucretleri\\\/#article\",\"isPartOf\":{\"@id\":\"https:\\\/\\\/www.karekod.org\\\/blog\\\/yillara-gore-imei-ucretleri\\\/\"},\"author\":{\"name\":\"Muharrem Emino\u011flu\",\"@id\":\"https:\\\/\\\/www.karekod.org\\\/blog\\\/#\\\/schema\\\/person\\\/8c87c879aca1c63c7438bf937a5da8bd\"},\"headline\":\"IMEI Kay\u0131t \u00dccreti Y\u0131llara G\u00f6re: 10 Y\u0131ll\u0131k De\u011fi\u015fim ve 2027 Beklentisi\",\"datePublished\":\"2026-09-04T06:37:17+00:00\",\"dateModified\":\"2026-09-04T06:39:40+00:00\",\"mainEntityOfPage\":{\"@id\":\"https:\\\/\\\/www.karekod.org\\\/blog\\\/yillara-gore-imei-ucretleri\\\/\"},\"wordCount\":1702,\"commentCount\":0,\"publisher\":{\"@id\":\"https:\\\/\\\/www.karekod.org\\\/blog\\\/#organization\"},\"image\":{\"@id\":\"https:\\\/\\\/www.karekod.org\\\/blog\\\/yillara-gore-imei-ucretleri\\\/#primaryimage\"},\"thumbnailUrl\":\"https:\\\/\\\/www.karekod.org\\\/blog\\\/wp-content\\\/uploads\\\/2026\\\/09\\\/IMEI-kayit-ucreti-yillara-gore.webp\",\"keywords\":[\"IMEI kay\u0131t \u00fccreti\"],\"articleSection\":[\"Elektronik E\u015fya Fiyatlar\u0131\",\"Haberler\"],\"inLanguage\":\"tr\",\"potentialAction\":[{\"@type\":\"CommentAction\",\"name\":\"Comment\",\"target\":[\"https:\\\/\\\/www.karekod.org\\\/blog\\\/yillara-gore-imei-ucretleri\\\/#respond\"]}]},{\"@type\":\"WebPage\",\"@id\":\"https:\\\/\\\/www.karekod.org\\\/blog\\\/yillara-gore-imei-ucretleri\\\/\",\"url\":\"https:\\\/\\\/www.karekod.org\\\/blog\\\/yillara-gore-imei-ucretleri\\\/\",\"name\":\"IMEI Kay\u0131t \u00dccreti 2027: Y\u0131llara G\u00f6re De\u011fi\u015fimi ve 10 Y\u0131ll\u0131k Art\u0131\u015f\",\"isPartOf\":{\"@id\":\"https:\\\/\\\/www.karekod.org\\\/blog\\\/#website\"},\"primaryImageOfPage\":{\"@id\":\"https:\\\/\\\/www.karekod.org\\\/blog\\\/yillara-gore-imei-ucretleri\\\/#primaryimage\"},\"image\":{\"@id\":\"https:\\\/\\\/www.karekod.org\\\/blog\\\/yillara-gore-imei-ucretleri\\\/#primaryimage\"},\"thumbnailUrl\":\"https:\\\/\\\/www.karekod.org\\\/blog\\\/wp-content\\\/uploads\\\/2026\\\/09\\\/IMEI-kayit-ucreti-yillara-gore.webp\",\"datePublished\":\"2026-09-04T06:37:17+00:00\",\"dateModified\":\"2026-09-04T06:39:40+00:00\",\"description\":\"IMEI kay\u0131t \u00fccreti 2017-2026 d\u00f6neminde nas\u0131l de\u011fi\u015fti? Y\u0131llara g\u00f6re \u00fccret tablosu, art\u0131\u015f oranlar\u0131 ve 2027 i\u00e7in yakla\u015f\u0131k 69 bin TL beklentisi.\",\"breadcrumb\":{\"@id\":\"https:\\\/\\\/www.karekod.org\\\/blog\\\/yillara-gore-imei-ucretleri\\\/#breadcrumb\"},\"inLanguage\":\"tr\",\"potentialAction\":[{\"@type\":\"ReadAction\",\"target\":[\"https:\\\/\\\/www.karekod.org\\\/blog\\\/yillara-gore-imei-ucretleri\\\/\"]}]},{\"@type\":\"ImageObject\",\"inLanguage\":\"tr\",\"@id\":\"https:\\\/\\\/www.karekod.org\\\/blog\\\/yillara-gore-imei-ucretleri\\\/#primaryimage\",\"url\":\"https:\\\/\\\/www.karekod.org\\\/blog\\\/wp-content\\\/uploads\\\/2026\\\/09\\\/IMEI-kayit-ucreti-yillara-gore.webp\",\"contentUrl\":\"https:\\\/\\\/www.karekod.org\\\/blog\\\/wp-content\\\/uploads\\\/2026\\\/09\\\/IMEI-kayit-ucreti-yillara-gore.webp\",\"width\":1200,\"height\":675,\"caption\":\"IMEI kay\u0131t \u00fccreti y\u0131llara g\u00f6re\"},{\"@type\":\"BreadcrumbList\",\"@id\":\"https:\\\/\\\/www.karekod.org\\\/blog\\\/yillara-gore-imei-ucretleri\\\/#breadcrumb\",\"itemListElement\":[{\"@type\":\"ListItem\",\"position\":1,\"name\":\"Ana sayfa\",\"item\":\"https:\\\/\\\/www.karekod.org\\\/blog\\\/\"},{\"@type\":\"ListItem\",\"position\":2,\"name\":\"Fiyat\",\"item\":\"https:\\\/\\\/www.karekod.org\\\/blog\\\/category\\\/fiyat\\\/\"},{\"@type\":\"ListItem\",\"position\":3,\"name\":\"Elektronik E\u015fya Fiyatlar\u0131\",\"item\":\"https:\\\/\\\/www.karekod.org\\\/blog\\\/category\\\/fiyat\\\/elektronik-esya-fiyatlari\\\/\"},{\"@type\":\"ListItem\",\"position\":4,\"name\":\"IMEI Kay\u0131t \u00dccreti Y\u0131llara G\u00f6re: 10 Y\u0131ll\u0131k De\u011fi\u015fim ve 2027 Beklentisi\"}]},{\"@type\":\"WebSite\",\"@id\":\"https:\\\/\\\/www.karekod.org\\\/blog\\\/#website\",\"url\":\"https:\\\/\\\/www.karekod.org\\\/blog\\\/\",\"name\":\"Karekod Blog\",\"description\":\"G\u00fcncel Alkol Fiyatlar\u0131 ve Piyasa Rehberi\",\"publisher\":{\"@id\":\"https:\\\/\\\/www.karekod.org\\\/blog\\\/#organization\"},\"potentialAction\":[{\"@type\":\"SearchAction\",\"target\":{\"@type\":\"EntryPoint\",\"urlTemplate\":\"https:\\\/\\\/www.karekod.org\\\/blog\\\/?s={search_term_string}\"},\"query-input\":{\"@type\":\"PropertyValueSpecification\",\"valueRequired\":true,\"valueName\":\"search_term_string\"}}],\"inLanguage\":\"tr\"},{\"@type\":\"Organization\",\"@id\":\"https:\\\/\\\/www.karekod.org\\\/blog\\\/#organization\",\"name\":\"Karekod Blog\",\"alternateName\":\"Karekod Haber\",\"url\":\"https:\\\/\\\/www.karekod.org\\\/blog\\\/\",\"logo\":{\"@type\":\"ImageObject\",\"inLanguage\":\"tr\",\"@id\":\"https:\\\/\\\/www.karekod.org\\\/blog\\\/#\\\/schema\\\/logo\\\/image\\\/\",\"url\":\"https:\\\/\\\/www.karekod.org\\\/blog\\\/wp-content\\\/uploads\\\/2025\\\/01\\\/cropped-logo.webp\",\"contentUrl\":\"https:\\\/\\\/www.karekod.org\\\/blog\\\/wp-content\\\/uploads\\\/2025\\\/01\\\/cropped-logo.webp\",\"width\":512,\"height\":384,\"caption\":\"Karekod Blog\"},\"image\":{\"@id\":\"https:\\\/\\\/www.karekod.org\\\/blog\\\/#\\\/schema\\\/logo\\\/image\\\/\"},\"sameAs\":[\"https:\\\/\\\/www.facebook.com\\\/KarekodBlog\\\/\",\"https:\\\/\\\/x.com\\\/temassizmenu\",\"https:\\\/\\\/www.instagram.com\\\/karekod.blog\\\/\",\"https:\\\/\\\/www.linkedin.com\\\/company\\\/karekod\\\/\",\"https:\\\/\\\/tr.pinterest.com\\\/dijitalmenu\\\/\",\"https:\\\/\\\/www.youtube.com\\\/@qrmenu\",\"https:\\\/\\\/karekodmenu.tumblr.com\\\/\",\"https:\\\/\\\/karekod.medium.com\\\/\",\"https:\\\/\\\/www.diigo.com\\\/user\\\/karekod\",\"https:\\\/\\\/mastodon.social\\\/@karekod\",\"https:\\\/\\\/vk.com\\\/karekod\",\"https:\\\/\\\/flipboard.com\\\/@karekod\",\"https:\\\/\\\/www.quora.com\\\/profile\\\/Karekod-Haber\",\"https:\\\/\\\/note.com\\\/karekod\",\"https:\\\/\\\/www.linkedin.com\\\/in\\\/karekod-blog\\\/\",\"https:\\\/\\\/www.reddit.com\\\/r\\\/guncelfiyatlar\\\/\"]},{\"@type\":\"Person\",\"@id\":\"https:\\\/\\\/www.karekod.org\\\/blog\\\/#\\\/schema\\\/person\\\/8c87c879aca1c63c7438bf937a5da8bd\",\"name\":\"Muharrem Emino\u011flu\",\"pronouns\":\"he\\\/him\",\"description\":\"Veri analizi ve dijital raporlama s\u00fcre\u00e7lerinde yenilik\u00e7i yakla\u015f\u0131mlar benimseyerek s\u00fcrd\u00fcr\u00fclebilir i\u015f modelleri \u00fczerine \u00e7al\u0131\u015fmalar yap\u0131yorum. Teknoloji, ekonomi ve dijital pazarlama alanlar\u0131nda g\u00fcncel ve g\u00fcvenilir i\u00e7erikler \u00fcretiyorum.\",\"sameAs\":[\"https:\\\/\\\/www.karekod.org\",\"https:\\\/\\\/www.facebook.com\\\/mentor.perplexed\\\/\",\"https:\\\/\\\/www.instagram.com\\\/mentorperplexed\\\/\",\"https:\\\/\\\/www.linkedin.com\\\/in\\\/eminoglu\",\"https:\\\/\\\/www.pinterest.de\\\/dijitalmenu\\\/\",\"https:\\\/\\\/x.com\\\/temassizmenu\",\"https:\\\/\\\/www.youtube.com\\\/channel\\\/UC_vI-xTP9NegNfIqSGoesGg\",\"https:\\\/\\\/qrmenu.tumblr.com\\\/\"],\"url\":\"https:\\\/\\\/www.karekod.org\\\/blog\\\/yazar\\\/muharrem-eminoglu\\\/\"}]}<\/script>\n<!-- \/ Yoast SEO plugin. -->","yoast_head_json":{"title":"IMEI Kay\u0131t \u00dccreti 2027: Y\u0131llara G\u00f6re De\u011fi\u015fimi ve 10 Y\u0131ll\u0131k Art\u0131\u015f","description":"IMEI kay\u0131t \u00fccreti 2017-2026 d\u00f6neminde nas\u0131l de\u011fi\u015fti? Y\u0131llara g\u00f6re \u00fccret tablosu, art\u0131\u015f oranlar\u0131 ve 2027 i\u00e7in yakla\u015f\u0131k 69 bin TL beklentisi.","robots":{"index":"index","follow":"follow","max-snippet":"max-snippet:-1","max-image-preview":"max-image-preview:large","max-video-preview":"max-video-preview:-1"},"canonical":"https:\/\/www.karekod.org\/blog\/yillara-gore-imei-ucretleri\/","og_locale":"tr_TR","og_type":"article","og_title":"IMEI Kay\u0131t \u00dccreti 2027: Y\u0131llara G\u00f6re De\u011fi\u015fimi ve 10 Y\u0131ll\u0131k Art\u0131\u015f","og_description":"IMEI kay\u0131t \u00fccreti 2017-2026 d\u00f6neminde nas\u0131l de\u011fi\u015fti? Y\u0131llara g\u00f6re \u00fccret tablosu, art\u0131\u015f oranlar\u0131 ve 2027 i\u00e7in yakla\u015f\u0131k 69 bin TL beklentisi.","og_url":"https:\/\/www.karekod.org\/blog\/yillara-gore-imei-ucretleri\/","og_site_name":"Karekod Blog","article_publisher":"https:\/\/www.facebook.com\/KarekodBlog\/","article_author":"https:\/\/www.facebook.com\/mentor.perplexed\/","article_published_time":"2026-09-04T06:37:17+00:00","article_modified_time":"2026-09-04T06:39:40+00:00","og_image":[{"width":1200,"height":675,"url":"https:\/\/www.karekod.org\/blog\/wp-content\/uploads\/2026\/09\/IMEI-kayit-ucreti-yillara-gore.webp","type":"image\/webp"}],"author":"Muharrem Emino\u011flu","twitter_card":"summary_large_image","twitter_creator":"@temassizmenu","twitter_site":"@temassizmenu","twitter_misc":{"Yazan:":"Muharrem Emino\u011flu","Tahmini okuma s\u00fcresi":"9 dakika"},"schema":{"@context":"https:\/\/schema.org","@graph":[{"@type":"NewsArticle","@id":"https:\/\/www.karekod.org\/blog\/yillara-gore-imei-ucretleri\/#article","isPartOf":{"@id":"https:\/\/www.karekod.org\/blog\/yillara-gore-imei-ucretleri\/"},"author":{"name":"Muharrem Emino\u011flu","@id":"https:\/\/www.karekod.org\/blog\/#\/schema\/person\/8c87c879aca1c63c7438bf937a5da8bd"},"headline":"IMEI Kay\u0131t \u00dccreti Y\u0131llara G\u00f6re: 10 Y\u0131ll\u0131k De\u011fi\u015fim ve 2027 Beklentisi","datePublished":"2026-09-04T06:37:17+00:00","dateModified":"2026-09-04T06:39:40+00:00","mainEntityOfPage":{"@id":"https:\/\/www.karekod.org\/blog\/yillara-gore-imei-ucretleri\/"},"wordCount":1702,"commentCount":0,"publisher":{"@id":"https:\/\/www.karekod.org\/blog\/#organization"},"image":{"@id":"https:\/\/www.karekod.org\/blog\/yillara-gore-imei-ucretleri\/#primaryimage"},"thumbnailUrl":"https:\/\/www.karekod.org\/blog\/wp-content\/uploads\/2026\/09\/IMEI-kayit-ucreti-yillara-gore.webp","keywords":["IMEI kay\u0131t \u00fccreti"],"articleSection":["Elektronik E\u015fya Fiyatlar\u0131","Haberler"],"inLanguage":"tr","potentialAction":[{"@type":"CommentAction","name":"Comment","target":["https:\/\/www.karekod.org\/blog\/yillara-gore-imei-ucretleri\/#respond"]}]},{"@type":"WebPage","@id":"https:\/\/www.karekod.org\/blog\/yillara-gore-imei-ucretleri\/","url":"https:\/\/www.karekod.org\/blog\/yillara-gore-imei-ucretleri\/","name":"IMEI Kay\u0131t \u00dccreti 2027: Y\u0131llara G\u00f6re De\u011fi\u015fimi ve 10 Y\u0131ll\u0131k Art\u0131\u015f","isPartOf":{"@id":"https:\/\/www.karekod.org\/blog\/#website"},"primaryImageOfPage":{"@id":"https:\/\/www.karekod.org\/blog\/yillara-gore-imei-ucretleri\/#primaryimage"},"image":{"@id":"https:\/\/www.karekod.org\/blog\/yillara-gore-imei-ucretleri\/#primaryimage"},"thumbnailUrl":"https:\/\/www.karekod.org\/blog\/wp-content\/uploads\/2026\/09\/IMEI-kayit-ucreti-yillara-gore.webp","datePublished":"2026-09-04T06:37:17+00:00","dateModified":"2026-09-04T06:39:40+00:00","description":"IMEI kay\u0131t \u00fccreti 2017-2026 d\u00f6neminde nas\u0131l de\u011fi\u015fti? Y\u0131llara g\u00f6re \u00fccret tablosu, art\u0131\u015f oranlar\u0131 ve 2027 i\u00e7in yakla\u015f\u0131k 69 bin TL beklentisi.","breadcrumb":{"@id":"https:\/\/www.karekod.org\/blog\/yillara-gore-imei-ucretleri\/#breadcrumb"},"inLanguage":"tr","potentialAction":[{"@type":"ReadAction","target":["https:\/\/www.karekod.org\/blog\/yillara-gore-imei-ucretleri\/"]}]},{"@type":"ImageObject","inLanguage":"tr","@id":"https:\/\/www.karekod.org\/blog\/yillara-gore-imei-ucretleri\/#primaryimage","url":"https:\/\/www.karekod.org\/blog\/wp-content\/uploads\/2026\/09\/IMEI-kayit-ucreti-yillara-gore.webp","contentUrl":"https:\/\/www.karekod.org\/blog\/wp-content\/uploads\/2026\/09\/IMEI-kayit-ucreti-yillara-gore.webp","width":1200,"height":675,"caption":"IMEI kay\u0131t \u00fccreti y\u0131llara g\u00f6re"},{"@type":"BreadcrumbList","@id":"https:\/\/www.karekod.org\/blog\/yillara-gore-imei-ucretleri\/#breadcrumb","itemListElement":[{"@type":"ListItem","position":1,"name":"Ana sayfa","item":"https:\/\/www.karekod.org\/blog\/"},{"@type":"ListItem","position":2,"name":"Fiyat","item":"https:\/\/www.karekod.org\/blog\/category\/fiyat\/"},{"@type":"ListItem","position":3,"name":"Elektronik E\u015fya Fiyatlar\u0131","item":"https:\/\/www.karekod.org\/blog\/category\/fiyat\/elektronik-esya-fiyatlari\/"},{"@type":"ListItem","position":4,"name":"IMEI Kay\u0131t \u00dccreti Y\u0131llara G\u00f6re: 10 Y\u0131ll\u0131k De\u011fi\u015fim ve 2027 Beklentisi"}]},{"@type":"WebSite","@id":"https:\/\/www.karekod.org\/blog\/#website","url":"https:\/\/www.karekod.org\/blog\/","name":"Karekod Blog","description":"G\u00fcncel Alkol Fiyatlar\u0131 ve Piyasa Rehberi","publisher":{"@id":"https:\/\/www.karekod.org\/blog\/#organization"},"potentialAction":[{"@type":"SearchAction","target":{"@type":"EntryPoint","urlTemplate":"https:\/\/www.karekod.org\/blog\/?s={search_term_string}"},"query-input":{"@type":"PropertyValueSpecification","valueRequired":true,"valueName":"search_term_string"}}],"inLanguage":"tr"},{"@type":"Organization","@id":"https:\/\/www.karekod.org\/blog\/#organization","name":"Karekod Blog","alternateName":"Karekod Haber","url":"https:\/\/www.karekod.org\/blog\/","logo":{"@type":"ImageObject","inLanguage":"tr","@id":"https:\/\/www.karekod.org\/blog\/#\/schema\/logo\/image\/","url":"https:\/\/www.karekod.org\/blog\/wp-content\/uploads\/2025\/01\/cropped-logo.webp","contentUrl":"https:\/\/www.karekod.org\/blog\/wp-content\/uploads\/2025\/01\/cropped-logo.webp","width":512,"height":384,"caption":"Karekod Blog"},"image":{"@id":"https:\/\/www.karekod.org\/blog\/#\/schema\/logo\/image\/"},"sameAs":["https:\/\/www.facebook.com\/KarekodBlog\/","https:\/\/x.com\/temassizmenu","https:\/\/www.instagram.com\/karekod.blog\/","https:\/\/www.linkedin.com\/company\/karekod\/","https:\/\/tr.pinterest.com\/dijitalmenu\/","https:\/\/www.youtube.com\/@qrmenu","https:\/\/karekodmenu.tumblr.com\/","https:\/\/karekod.medium.com\/","https:\/\/www.diigo.com\/user\/karekod","https:\/\/mastodon.social\/@karekod","https:\/\/vk.com\/karekod","https:\/\/flipboard.com\/@karekod","https:\/\/www.quora.com\/profile\/Karekod-Haber","https:\/\/note.com\/karekod","https:\/\/www.linkedin.com\/in\/karekod-blog\/","https:\/\/www.reddit.com\/r\/guncelfiyatlar\/"]},{"@type":"Person","@id":"https:\/\/www.karekod.org\/blog\/#\/schema\/person\/8c87c879aca1c63c7438bf937a5da8bd","name":"Muharrem Emino\u011flu","pronouns":"he\/him","description":"Veri analizi ve dijital raporlama s\u00fcre\u00e7lerinde yenilik\u00e7i yakla\u015f\u0131mlar benimseyerek s\u00fcrd\u00fcr\u00fclebilir i\u015f modelleri \u00fczerine \u00e7al\u0131\u015fmalar yap\u0131yorum. Teknoloji, ekonomi ve dijital pazarlama alanlar\u0131nda g\u00fcncel ve g\u00fcvenilir i\u00e7erikler \u00fcretiyorum.","sameAs":["https:\/\/www.karekod.org","https:\/\/www.facebook.com\/mentor.perplexed\/","https:\/\/www.instagram.com\/mentorperplexed\/","https:\/\/www.linkedin.com\/in\/eminoglu","https:\/\/www.pinterest.de\/dijitalmenu\/","https:\/\/x.com\/temassizmenu","https:\/\/www.youtube.com\/channel\/UC_vI-xTP9NegNfIqSGoesGg","https:\/\/qrmenu.tumblr.com\/"],"url":"https:\/\/www.karekod.org\/blog\/yazar\/muharrem-eminoglu\/"}]}},"_links":{"self":[{"href":"https:\/\/www.karekod.org\/blog\/wp-json\/wp\/v2\/posts\/59916","targetHints":{"allow":["GET"]}}],"collection":[{"href":"https:\/\/www.karekod.org\/blog\/wp-json\/wp\/v2\/posts"}],"about":[{"href":"https:\/\/www.karekod.org\/blog\/wp-json\/wp\/v2\/types\/post"}],"author":[{"embeddable":true,"href":"https:\/\/www.karekod.org\/blog\/wp-json\/wp\/v2\/users\/1"}],"replies":[{"embeddable":true,"href":"https:\/\/www.karekod.org\/blog\/wp-json\/wp\/v2\/comments?post=59916"}],"version-history":[{"count":5,"href":"https:\/\/www.karekod.org\/blog\/wp-json\/wp\/v2\/posts\/59916\/revisions"}],"predecessor-version":[{"id":59924,"href":"https:\/\/www.karekod.org\/blog\/wp-json\/wp\/v2\/posts\/59916\/revisions\/59924"}],"wp:featuredmedia":[{"embeddable":true,"href":"https:\/\/www.karekod.org\/blog\/wp-json\/wp\/v2\/media\/59918"}],"wp:attachment":[{"href":"https:\/\/www.karekod.org\/blog\/wp-json\/wp\/v2\/media?parent=59916"}],"wp:term":[{"taxonomy":"category","embeddable":true,"href":"https:\/\/www.karekod.org\/blog\/wp-json\/wp\/v2\/categories?post=59916"},{"taxonomy":"post_tag","embeddable":true,"href":"https:\/\/www.karekod.org\/blog\/wp-json\/wp\/v2\/tags?post=59916"}],"curies":[{"name":"wp","href":"https:\/\/api.w.org\/{rel}","templated":true}]}}