{"id":59737,"date":"2026-08-31T18:08:18","date_gmt":"2026-08-31T15:08:18","guid":{"rendered":"https:\/\/www.karekod.org\/blog\/?p=59737"},"modified":"2026-08-31T18:08:20","modified_gmt":"2026-08-31T15:08:20","slug":"avrupa-en-cok-ihracat-yapan-ulkeler","status":"publish","type":"post","link":"https:\/\/www.karekod.org\/blog\/avrupa-en-cok-ihracat-yapan-ulkeler\/","title":{"rendered":"Avrupa\u2019n\u0131n En \u00c7ok \u0130hracat Yapan \u00dclkeleri: T\u00fcrkiye Ka\u00e7\u0131nc\u0131 S\u0131rada? (2026 G\u00fcncel)"},"content":{"rendered":"\n<p class=\"wp-block-paragraph\">Avrupa&#8217;n\u0131n en fazla ihracat yapan \u00fclkeleri belli oldu. <strong>A\u011fustos 2026 itibar\u0131yla eri\u015filebilen en g\u00fcncel kar\u015f\u0131la\u015ft\u0131r\u0131labilir IMF verilerine g\u00f6re Almanya, 1,99 trilyon dolarl\u0131k mal ve hizmet ihracat\u0131yla Avrupa&#8217;n\u0131n en b\u00fcy\u00fck ihracat\u00e7\u0131s\u0131 konumunda. T\u00fcrkiye ise yakla\u015f\u0131k 373 milyar dolarl\u0131k ihracatla Avrupa s\u0131ralamas\u0131nda 12. s\u0131rada yer al\u0131yor.<\/strong><\/p>\n\n\n\n<p class=\"wp-block-paragraph\">Liste, Uluslararas\u0131 Para Fonu&#8217;nun (IMF) Nisan 2026 tarihli World Economic Outlook veri taban\u0131nda yer alan <strong>2025 y\u0131l\u0131 mal ve hizmet ihracat\u0131<\/strong> verileri esas al\u0131narak haz\u0131rlanm\u0131\u015ft\u0131r. IMF&#8217;nin Temmuz 2026 ara g\u00fcncellemesi tam veri taban\u0131n\u0131 yenilemedi\u011fi i\u00e7in A\u011fustos 2026 itibar\u0131yla kullan\u0131labilecek en g\u00fcncel kar\u015f\u0131la\u015ft\u0131r\u0131labilir y\u0131ll\u0131k IMF verileri bunlard\u0131r. (<a href=\"https:\/\/data.imf.org\/Datasets\/WEO\">IMF Data<\/a>)<\/p>\n\n\n\n<div id=\"ez-toc-container\" class=\"ez-toc-v2_0_87 counter-hierarchy ez-toc-counter ez-toc-grey ez-toc-container-direction\">\n<div class=\"ez-toc-title-container\"><p class=\"ez-toc-title\" style=\"cursor:inherit\">\u0130\u00e7indekiler<\/p>\n<\/div><nav><ul class='ez-toc-list ez-toc-list-level-1 ' ><li class='ez-toc-page-1 ez-toc-heading-level-2'><a class=\"ez-toc-link ez-toc-heading-1\" href=\"https:\/\/www.karekod.org\/blog\/avrupa-en-cok-ihracat-yapan-ulkeler\/#Avrupanin_En_Cok_Ihracat_Yapan_25_Ulkesi\" >Avrupa\u2019n\u0131n En \u00c7ok \u0130hracat Yapan 25 \u00dclkesi<\/a><\/li><li class='ez-toc-page-1 ez-toc-heading-level-2'><a class=\"ez-toc-link ez-toc-heading-2\" href=\"https:\/\/www.karekod.org\/blog\/avrupa-en-cok-ihracat-yapan-ulkeler\/#Turkiye_Avrupada_Ihracatta_Kacinci_Sirada\" >T\u00fcrkiye Avrupa\u2019da \u0130hracatta Ka\u00e7\u0131nc\u0131 S\u0131rada?<\/a><\/li><li class='ez-toc-page-1 ez-toc-heading-level-2'><a class=\"ez-toc-link ez-toc-heading-3\" href=\"https:\/\/www.karekod.org\/blog\/avrupa-en-cok-ihracat-yapan-ulkeler\/#Avrupanin_En_Buyuk_Ihracatcisi_Almanya\" >Avrupa\u2019n\u0131n En B\u00fcy\u00fck \u0130hracat\u00e7\u0131s\u0131 Almanya<\/a><\/li><li class='ez-toc-page-1 ez-toc-heading-level-2'><a class=\"ez-toc-link ez-toc-heading-4\" href=\"https:\/\/www.karekod.org\/blog\/avrupa-en-cok-ihracat-yapan-ulkeler\/#Fransa_ve_Birlesik_Krallik_Ilk_Ucte\" >Fransa ve Birle\u015fik Krall\u0131k \u0130lk \u00dc\u00e7te<\/a><\/li><li class='ez-toc-page-1 ez-toc-heading-level-2'><a class=\"ez-toc-link ez-toc-heading-5\" href=\"https:\/\/www.karekod.org\/blog\/avrupa-en-cok-ihracat-yapan-ulkeler\/#Hollanda_Neden_Bu_Kadar_Ust_Sirada\" >Hollanda Neden Bu Kadar \u00dcst S\u0131rada?<\/a><\/li><li class='ez-toc-page-1 ez-toc-heading-level-2'><a class=\"ez-toc-link ez-toc-heading-6\" href=\"https:\/\/www.karekod.org\/blog\/avrupa-en-cok-ihracat-yapan-ulkeler\/#Irlandanin_Ihracati_Neden_Bu_Kadar_Yuksek\" >\u0130rlanda\u2019n\u0131n \u0130hracat\u0131 Neden Bu Kadar Y\u00fcksek?<\/a><\/li><li class='ez-toc-page-1 ez-toc-heading-level-2'><a class=\"ez-toc-link ez-toc-heading-7\" href=\"https:\/\/www.karekod.org\/blog\/avrupa-en-cok-ihracat-yapan-ulkeler\/#Mal_Ihracati_ile_Mal_ve_Hizmet_Ihracati_Ayni_Sey_Degil\" >Mal \u0130hracat\u0131 ile Mal ve Hizmet \u0130hracat\u0131 Ayn\u0131 \u015eey De\u011fil<\/a><\/li><li class='ez-toc-page-1 ez-toc-heading-level-2'><a class=\"ez-toc-link ez-toc-heading-8\" href=\"https:\/\/www.karekod.org\/blog\/avrupa-en-cok-ihracat-yapan-ulkeler\/#Agustos_2026_Itibariyla_Liste_Degisti_mi\" >A\u011fustos 2026 \u0130tibar\u0131yla Liste De\u011fi\u015fti mi?<\/a><\/li><li class='ez-toc-page-1 ez-toc-heading-level-2'><a class=\"ez-toc-link ez-toc-heading-9\" href=\"https:\/\/www.karekod.org\/blog\/avrupa-en-cok-ihracat-yapan-ulkeler\/#Avrupa_Ihracatinda_Ilk_5_Ulke\" >Avrupa \u0130hracat\u0131nda \u0130lk 5 \u00dclke<\/a><\/li><li class='ez-toc-page-1 ez-toc-heading-level-2'><a class=\"ez-toc-link ez-toc-heading-10\" href=\"https:\/\/www.karekod.org\/blog\/avrupa-en-cok-ihracat-yapan-ulkeler\/#Sikca_Sorulan_Sorular\" >S\u0131k\u00e7a Sorulan Sorular<\/a><\/li><\/ul><\/nav><\/div>\n<h2 class=\"wp-block-heading\"><span class=\"ez-toc-section\" id=\"Avrupanin_En_Cok_Ihracat_Yapan_25_Ulkesi\"><\/span>Avrupa\u2019n\u0131n En \u00c7ok \u0130hracat Yapan 25 \u00dclkesi<span class=\"ez-toc-section-end\"><\/span><\/h2>\n\n\n\n<figure class=\"wp-block-image size-large is-resized\"><img decoding=\"async\" width=\"472\" height=\"590\" src=\"https:\/\/www.karekod.org\/blog\/wp-content\/uploads\/2026\/08\/avrupanin-en-cok-ihracat-yapan-ulkeleri-472x590.webp\" alt=\"Avrupa'n\u0131n en \u00e7ok ihracat yapan \u00fclkeleri\" class=\"wp-image-59738\" style=\"width:656px;height:auto\" srcset=\"https:\/\/www.karekod.org\/blog\/wp-content\/uploads\/2026\/08\/avrupanin-en-cok-ihracat-yapan-ulkeleri-472x590.webp 472w, https:\/\/www.karekod.org\/blog\/wp-content\/uploads\/2026\/08\/avrupanin-en-cok-ihracat-yapan-ulkeleri-360x450.webp 360w, https:\/\/www.karekod.org\/blog\/wp-content\/uploads\/2026\/08\/avrupanin-en-cok-ihracat-yapan-ulkeleri-730x912.webp 730w, https:\/\/www.karekod.org\/blog\/wp-content\/uploads\/2026\/08\/avrupanin-en-cok-ihracat-yapan-ulkeleri-350x437.webp 350w, https:\/\/www.karekod.org\/blog\/wp-content\/uploads\/2026\/08\/avrupanin-en-cok-ihracat-yapan-ulkeleri-1100x1374.webp 1100w, https:\/\/www.karekod.org\/blog\/wp-content\/uploads\/2026\/08\/avrupanin-en-cok-ihracat-yapan-ulkeleri.webp 1200w\" sizes=\"(max-width: 472px) 100vw, 472px\" \/><figcaption class=\"wp-element-caption\">Avrupa&#8217;n\u0131n en \u00e7ok ihracat yapan \u00fclkeleri<\/figcaption><\/figure>\n\n\n\n<figure class=\"wp-block-table\"><table class=\"has-fixed-layout\"><thead><tr><th>S\u0131ra<\/th><th>\u00dclke<\/th><th>Mal ve Hizmet \u0130hracat\u0131<\/th><\/tr><\/thead><tbody><tr><td>1<\/td><td>\ud83c\udde9\ud83c\uddea Almanya<\/td><td><strong>1,99 trilyon $<\/strong><\/td><\/tr><tr><td>2<\/td><td>\ud83c\uddeb\ud83c\uddf7 Fransa<\/td><td><strong>1,20 trilyon $<\/strong><\/td><\/tr><tr><td>3<\/td><td>\ud83c\uddec\ud83c\udde7 Birle\u015fik Krall\u0131k<\/td><td><strong>1,12 trilyon $<\/strong><\/td><\/tr><tr><td>4<\/td><td>\ud83c\uddf3\ud83c\uddf1 Hollanda<\/td><td><strong>1,03 trilyon $<\/strong><\/td><\/tr><tr><td>5<\/td><td>\ud83c\uddee\ud83c\uddf9 \u0130talya<\/td><td><strong>779 milyar $<\/strong><\/td><\/tr><tr><td>6<\/td><td>\ud83c\uddee\ud83c\uddea \u0130rlanda<\/td><td><strong>762 milyar $<\/strong><\/td><\/tr><tr><td>7<\/td><td>\ud83c\udde8\ud83c\udded \u0130svi\u00e7re<\/td><td><strong>675 milyar $<\/strong><\/td><\/tr><tr><td>8<\/td><td>\ud83c\uddea\ud83c\uddf8 \u0130spanya<\/td><td><strong>642 milyar $<\/strong><\/td><\/tr><tr><td>9<\/td><td>\ud83c\udde7\ud83c\uddea Bel\u00e7ika<\/td><td><strong>526 milyar $<\/strong><\/td><\/tr><tr><td>10<\/td><td>\ud83c\uddf5\ud83c\uddf1 Polonya<\/td><td><strong>479 milyar $<\/strong><\/td><\/tr><tr><td>11<\/td><td>\ud83c\uddf7\ud83c\uddfa Rusya<\/td><td><strong>477 milyar $<\/strong><\/td><\/tr><tr><td><strong>12<\/strong><\/td><td>\ud83c\uddf9\ud83c\uddf7 <strong>T\u00fcrkiye<\/strong><\/td><td><strong>373 milyar $<\/strong><\/td><\/tr><tr><td>13<\/td><td>\ud83c\uddf8\ud83c\uddea \u0130sve\u00e7<\/td><td><strong>339 milyar $<\/strong><\/td><\/tr><tr><td>14<\/td><td>\ud83c\udde9\ud83c\uddf0 Danimarka<\/td><td><strong>299 milyar $<\/strong><\/td><\/tr><tr><td>15<\/td><td>\ud83c\udde6\ud83c\uddf9 Avusturya<\/td><td><strong>299 milyar $<\/strong><\/td><\/tr><tr><td>16<\/td><td>\ud83c\udde8\ud83c\uddff \u00c7ekya<\/td><td><strong>239 milyar $<\/strong><\/td><\/tr><tr><td>17<\/td><td>\ud83c\uddf3\ud83c\uddf4 Norve\u00e7<\/td><td><strong>229 milyar $<\/strong><\/td><\/tr><tr><td>18<\/td><td>\ud83c\uddf1\ud83c\uddfa L\u00fcksemburg<\/td><td><strong>202 milyar $<\/strong><\/td><\/tr><tr><td>19<\/td><td>\ud83c\udded\ud83c\uddfa Macaristan<\/td><td><strong>167 milyar $<\/strong><\/td><\/tr><tr><td>20<\/td><td>\ud83c\uddf5\ud83c\uddf9 Portekiz<\/td><td><strong>144 milyar $<\/strong><\/td><\/tr><tr><td>21<\/td><td>\ud83c\uddf7\ud83c\uddf4 Romanya<\/td><td><strong>136 milyar $<\/strong><\/td><\/tr><tr><td>22<\/td><td>\ud83c\uddeb\ud83c\uddee Finlandiya<\/td><td><strong>125 milyar $<\/strong><\/td><\/tr><tr><td>23<\/td><td>\ud83c\uddf8\ud83c\uddf0 Slovakya<\/td><td><strong>120 milyar $<\/strong><\/td><\/tr><tr><td>24<\/td><td>\ud83c\uddec\ud83c\uddf7 Yunanistan<\/td><td><strong>108 milyar $<\/strong><\/td><\/tr><tr><td>25<\/td><td>\ud83c\uddf1\ud83c\uddf9 Litvanya<\/td><td><strong>63 milyar $<\/strong><\/td><\/tr><\/tbody><\/table><\/figure>\n\n\n\n<p class=\"wp-block-paragraph\"><strong>Kaynak:<\/strong> IMF World Economic Outlook Database, Nisan 2026. Rakamlar 2025 y\u0131l\u0131na ait mal ve hizmet ihracat\u0131n\u0131 ve cari ABD dolar\u0131 cinsinden yakla\u015f\u0131k de\u011ferleri g\u00f6stermektedir. Danimarka ve Avusturya gibi birbirine \u00e7ok yak\u0131n de\u011ferler yuvarlama nedeniyle tabloda ayn\u0131 g\u00f6r\u00fcnebilir.<\/p>\n\n\n\n<h2 class=\"wp-block-heading\"><span class=\"ez-toc-section\" id=\"Turkiye_Avrupada_Ihracatta_Kacinci_Sirada\"><\/span>T\u00fcrkiye Avrupa\u2019da \u0130hracatta Ka\u00e7\u0131nc\u0131 S\u0131rada?<span class=\"ez-toc-section-end\"><\/span><\/h2>\n\n\n\n<p class=\"wp-block-paragraph\"><strong>T\u00fcrkiye, Avrupa&#8217;n\u0131n en fazla mal ve hizmet ihracat\u0131 yapan 12. \u00fclkesi konumunda.<\/strong> IMF&#8217;nin kar\u015f\u0131la\u015ft\u0131r\u0131labilir \u00f6demeler dengesi metodolojisine g\u00f6re T\u00fcrkiye&#8217;nin 2025 y\u0131l\u0131 ihracat\u0131 yakla\u015f\u0131k <strong>373 milyar dolar<\/strong> seviyesinde hesaplan\u0131yor.<\/p>\n\n\n\n<p class=\"wp-block-paragraph\">T\u00fcrkiye bu rakamla \u0130sve\u00e7, Danimarka, Avusturya, \u00c7ekya ve Norve\u00e7 gibi ekonomilerin \u00f6n\u00fcnde bulunurken; Rusya, Polonya, Bel\u00e7ika ve \u0130spanya&#8217;n\u0131n gerisinde kal\u0131yor.<\/p>\n\n\n\n<p class=\"wp-block-paragraph\">Burada \u00f6nemli bir metodoloji fark\u0131 bulunuyor. T\u00fcrkiye Ticaret Bakanl\u0131\u011f\u0131&#8217;n\u0131n g\u00fcmr\u00fck esasl\u0131 mal ihracat\u0131 ile TCMB hizmet ihracat\u0131n\u0131 toplad\u0131\u011f\u0131 ulusal hesaplamada 2025 y\u0131l\u0131 <strong>mal ihracat\u0131 273,4 milyar dolar<\/strong>, hizmet ihracat\u0131 ise <strong>122,6 milyar dolar<\/strong> olarak a\u00e7\u0131kland\u0131. Bu iki rakam\u0131n basit toplam\u0131 yakla\u015f\u0131k <strong>396 milyar dolar<\/strong> ediyor. (<a href=\"https:\/\/ticaret.gov.tr\/haberler\/ticaret-bakani-omer-bolat-odemeler-dengesi-verilerini-degerlendirdi?utm_source=chatgpt.com\">Ticaret Bakanl\u0131\u011f\u0131<\/a>)<\/p>\n\n\n\n<p class=\"wp-block-paragraph\">Bu nedenle baz\u0131 kaynaklarda T\u00fcrkiye i\u00e7in <strong>373 milyar dolar<\/strong>, baz\u0131 kaynaklarda ise yakla\u015f\u0131k <strong>396 milyar dolar<\/strong> g\u00f6r\u00fclebilir. Fark\u0131n temel nedeni kullan\u0131lan veri seti ve ihracat\u0131n mal-hizmet\/\u00f6demeler dengesi \u00e7er\u00e7evesinde hesaplanma bi\u00e7imidir. Uluslararas\u0131 \u00fclke kar\u015f\u0131la\u015ft\u0131rmas\u0131nda ayn\u0131 metodoloji kullan\u0131lmas\u0131 gerekti\u011finden tabloda IMF de\u011ferini korumak daha sa\u011fl\u0131kl\u0131.<\/p>\n\n\n\n<h2 class=\"wp-block-heading\"><span class=\"ez-toc-section\" id=\"Avrupanin_En_Buyuk_Ihracatcisi_Almanya\"><\/span>Avrupa\u2019n\u0131n En B\u00fcy\u00fck \u0130hracat\u00e7\u0131s\u0131 Almanya<span class=\"ez-toc-section-end\"><\/span><\/h2>\n\n\n\n<p class=\"wp-block-paragraph\">Avrupa ihracat\u0131n\u0131n zirvesinde a\u00e7\u0131k ara <strong>Almanya<\/strong> bulunuyor. Yakla\u015f\u0131k <strong>1,99 trilyon dolarl\u0131k mal ve hizmet ihracat\u0131<\/strong>, \u00fclkeyi yaln\u0131zca Avrupa&#8217;n\u0131n de\u011fil d\u00fcnyan\u0131n da en b\u00fcy\u00fck ihracat ekonomilerinden biri haline getiriyor.<\/p>\n\n\n\n<p class=\"wp-block-paragraph\">Almanya&#8217;n\u0131n ihracat g\u00fcc\u00fcn\u00fcn merkezinde otomotiv, makine ve ekipman, kimya, ila\u00e7, elektrik-elektronik ve y\u00fcksek katma de\u011ferli sanayi \u00fcr\u00fcnleri bulunuyor.<\/p>\n\n\n\n<p class=\"wp-block-paragraph\">WTO&#8217;nun ayr\u0131 olarak tuttu\u011fu <strong>mal ticareti<\/strong> verilerinde de Almanya 2025 y\u0131l\u0131nda yakla\u015f\u0131k 1,76 trilyon dolarl\u0131k ihracatla d\u00fcnyan\u0131n en b\u00fcy\u00fck \u00fc\u00e7\u00fcnc\u00fc mal ihracat\u00e7\u0131s\u0131 konumunda.<\/p>\n\n\n\n<p class=\"wp-block-paragraph\">\u0130hracat rakamlar\u0131 tek ba\u015f\u0131na \u00fclkelerin ekonomik g\u00f6r\u00fcn\u00fcm\u00fcn\u00fc a\u00e7\u0131klam\u0131yor; b\u00fcy\u00fcme beklentileri de d\u0131\u015f ticaret performans\u0131 a\u00e7\u0131s\u0131ndan \u00f6nemli bir g\u00f6sterge. Bu kapsamda <strong><a href=\"https:\/\/www.karekod.org\/blog\/avrupa-ekonomik-tahmini-2026\/\" data-type=\"link\" data-id=\"https:\/\/www.karekod.org\/blog\/avrupa-ekonomik-tahmini-2026\/\">Avrupa \u00fclkelerinin g\u00fcncel ekonomik b\u00fcy\u00fcme tahminleri<\/a><\/strong> de dikkat \u00e7ekici farkl\u0131l\u0131klar ortaya koyuyor.<\/p>\n\n\n\n<h2 class=\"wp-block-heading\"><span class=\"ez-toc-section\" id=\"Fransa_ve_Birlesik_Krallik_Ilk_Ucte\"><\/span>Fransa ve Birle\u015fik Krall\u0131k \u0130lk \u00dc\u00e7te<span class=\"ez-toc-section-end\"><\/span><\/h2>\n\n\n\n<p class=\"wp-block-paragraph\">\u0130kinci s\u0131radaki <strong>Fransa&#8217;n\u0131n mal ve hizmet ihracat\u0131 yakla\u015f\u0131k 1,20 trilyon dolar<\/strong> seviyesinde. Havac\u0131l\u0131k, ila\u00e7, l\u00fcks t\u00fcketim, tar\u0131m-g\u0131da \u00fcr\u00fcnleri ve hizmet sekt\u00f6r\u00fc Frans\u0131z ihracat\u0131n\u0131n \u00f6ne \u00e7\u0131kan kalemleri aras\u0131nda.<\/p>\n\n\n\n<p class=\"wp-block-paragraph\">\u00dc\u00e7\u00fcnc\u00fc s\u0131radaki <strong>Birle\u015fik Krall\u0131k ise 1,12 trilyon dolarla<\/strong> \u00f6zellikle hizmet ihracat\u0131ndaki g\u00fcc\u00fcyle dikkat \u00e7ekiyor.<\/p>\n\n\n\n<p class=\"wp-block-paragraph\">Bu noktada yaln\u0131zca mal ihracat\u0131na bakmak yan\u0131lt\u0131c\u0131 olabilir. WTO verilerine g\u00f6re Birle\u015fik Krall\u0131k, 2025 y\u0131l\u0131nda yakla\u015f\u0131k <strong>722 milyar dolarl\u0131k ticari hizmet ihracat\u0131yla d\u00fcnyada ABD&#8217;nin ard\u0131ndan ikinci s\u0131rada<\/strong> yer ald\u0131.<\/p>\n\n\n\n<p class=\"wp-block-paragraph\">Finans, sigortac\u0131l\u0131k, dan\u0131\u015fmanl\u0131k, teknoloji ve di\u011fer profesyonel hizmetler \u00fclkenin toplam ihracat performans\u0131n\u0131 \u00f6nemli \u00f6l\u00e7\u00fcde yukar\u0131 ta\u015f\u0131yor.<\/p>\n\n\n\n<h2 class=\"wp-block-heading\"><span class=\"ez-toc-section\" id=\"Hollanda_Neden_Bu_Kadar_Ust_Sirada\"><\/span>Hollanda Neden Bu Kadar \u00dcst S\u0131rada?<span class=\"ez-toc-section-end\"><\/span><\/h2>\n\n\n\n<p class=\"wp-block-paragraph\">Hollanda&#8217;n\u0131n yakla\u015f\u0131k <strong>1,03 trilyon dolarl\u0131k ihracatla d\u00f6rd\u00fcnc\u00fc s\u0131rada<\/strong> bulunmas\u0131 \u00fclkenin n\u00fcfusuyla kar\u015f\u0131la\u015ft\u0131r\u0131ld\u0131\u011f\u0131nda olduk\u00e7a dikkat \u00e7ekici.<\/p>\n\n\n\n<p class=\"wp-block-paragraph\">Bunun \u00f6nemli nedenlerinden biri Hollanda&#8217;n\u0131n Avrupa&#8217;n\u0131n en b\u00fcy\u00fck lojistik ve ticaret merkezlerinden biri olmas\u0131. Rotterdam Liman\u0131 ve geli\u015fmi\u015f da\u011f\u0131t\u0131m a\u011f\u0131 sayesinde \u00fclke \u00f6nemli miktarda uluslararas\u0131 ticaret ve yeniden ihracat faaliyetine ev sahipli\u011fi yap\u0131yor.<\/p>\n\n\n\n<p class=\"wp-block-paragraph\">Bu nedenle Hollanda&#8217;n\u0131n ihracat b\u00fcy\u00fckl\u00fc\u011f\u00fc sadece \u00fclke i\u00e7inde \u00fcretilen \u00fcr\u00fcnlerle a\u00e7\u0131klanmamal\u0131; lojistik ve yeniden ihracat faaliyetleri de rakamlar\u0131n y\u00fckselmesinde \u00f6nemli rol oynuyor.<\/p>\n\n\n\n<h2 class=\"wp-block-heading\"><span class=\"ez-toc-section\" id=\"Irlandanin_Ihracati_Neden_Bu_Kadar_Yuksek\"><\/span>\u0130rlanda\u2019n\u0131n \u0130hracat\u0131 Neden Bu Kadar Y\u00fcksek?<span class=\"ez-toc-section-end\"><\/span><\/h2>\n\n\n\n<p class=\"wp-block-paragraph\">Yakla\u015f\u0131k 5,5 milyon n\u00fcfusa sahip <strong>\u0130rlanda&#8217;n\u0131n 762 milyar dolarla Avrupa&#8217;da alt\u0131nc\u0131 s\u0131raya \u00e7\u0131kmas\u0131<\/strong> listenin en dikkat \u00e7ekici sonu\u00e7lar\u0131ndan biri.<\/p>\n\n\n\n<p class=\"wp-block-paragraph\">\u0130rlanda; ila\u00e7, kimya ve teknoloji \u00fcr\u00fcnlerinin yan\u0131 s\u0131ra \u00e7ok uluslu teknoloji \u015firketlerinin yo\u011funlu\u011fu nedeniyle hizmet ihracat\u0131nda son derece g\u00fc\u00e7l\u00fc.<\/p>\n\n\n\n<p class=\"wp-block-paragraph\">WTO&#8217;nun 2025 ticari hizmet verilerinde \u0130rlanda yakla\u015f\u0131k <strong>566 milyar dolarl\u0131k hizmet ihracat\u0131yla d\u00fcnyada \u00fc\u00e7\u00fcnc\u00fc s\u0131rada<\/strong> bulunuyor.<\/p>\n\n\n\n<p class=\"wp-block-paragraph\">Bu durum k\u00fc\u00e7\u00fck n\u00fcfusuna ra\u011fmen \u0130rlanda&#8217;n\u0131n toplam ihracat de\u011ferinin \u0130talya&#8217;ya olduk\u00e7a yakla\u015fmas\u0131n\u0131 sa\u011fl\u0131yor.<\/p>\n\n\n\n<h2 class=\"wp-block-heading\"><span class=\"ez-toc-section\" id=\"Mal_Ihracati_ile_Mal_ve_Hizmet_Ihracati_Ayni_Sey_Degil\"><\/span>Mal \u0130hracat\u0131 ile Mal ve Hizmet \u0130hracat\u0131 Ayn\u0131 \u015eey De\u011fil<span class=\"ez-toc-section-end\"><\/span><\/h2>\n\n\n\n<p class=\"wp-block-paragraph\">Bu s\u0131ralamada dikkat edilmesi gereken en \u00f6nemli konu kullan\u0131lan tan\u0131m.<\/p>\n\n\n\n<p class=\"wp-block-paragraph\"><strong>Mal ihracat\u0131<\/strong>, otomobil, makine, tekstil, g\u0131da, elektronik ve benzeri fiziksel \u00fcr\u00fcnlerin yurt d\u0131\u015f\u0131na sat\u0131\u015f\u0131n\u0131 kaps\u0131yor.<\/p>\n\n\n\n<p class=\"wp-block-paragraph\"><strong>Mal ve hizmet ihracat\u0131<\/strong> ise bunlara ek olarak turizm, ula\u015ft\u0131rma, finans, yaz\u0131l\u0131m, dan\u0131\u015fmanl\u0131k, telekom\u00fcnikasyon ve di\u011fer uluslararas\u0131 hizmet gelirlerini de i\u00e7eriyor.<\/p>\n\n\n\n<p class=\"wp-block-paragraph\">Bu nedenle yaln\u0131zca mal ihracat\u0131n\u0131 esas alan s\u0131ralamalarda <strong>Hollanda, \u0130talya veya Bel\u00e7ika<\/strong> daha yukar\u0131 \u00e7\u0131kabilirken; mal ve hizmetlerin birlikte de\u011ferlendirildi\u011fi listelerde <strong>Birle\u015fik Krall\u0131k, Fransa ve \u0130rlanda<\/strong> gibi hizmet ekonomileri avantaj sa\u011fl\u0131yor.<\/p>\n\n\n\n<p class=\"wp-block-paragraph\">\u00d6rne\u011fin WTO&#8217;nun 2025 mal ticareti verilerinde Avrupa&#8217;n\u0131n \u00f6nde gelen \u00fclkeleri aras\u0131nda Almanya 1,764 trilyon dolar, Hollanda 989 milyar dolar ve \u0130talya 726 milyar dolarl\u0131k ihracata sahip. Bu tablo, hizmetler dahil edildi\u011finde s\u0131ralaman\u0131n neden de\u011fi\u015febildi\u011fini g\u00f6steriyor.<\/p>\n\n\n\n<h2 class=\"wp-block-heading\"><span class=\"ez-toc-section\" id=\"Agustos_2026_Itibariyla_Liste_Degisti_mi\"><\/span>A\u011fustos 2026 \u0130tibar\u0131yla Liste De\u011fi\u015fti mi?<span class=\"ez-toc-section-end\"><\/span><\/h2>\n\n\n\n<p class=\"wp-block-paragraph\"><strong>A\u011fustos 2026 itibar\u0131yla IMF&#8217;nin bu kar\u015f\u0131la\u015ft\u0131rmay\u0131 tamamen de\u011fi\u015ftirecek yeni bir y\u0131ll\u0131k WEO veri seti yay\u0131mlanm\u0131\u015f de\u011fil.<\/strong><\/p>\n\n\n\n<p class=\"wp-block-paragraph\">IMF, tam World Economic Outlook veri taban\u0131n\u0131 normal \u015fartlarda nisan ve ekim aylar\u0131nda yay\u0131ml\u0131yor. Temmuz ay\u0131nda yay\u0131mlanan WEO Update ise yaln\u0131zca se\u00e7ili makroekonomik tahminleri g\u00fcncelliyor ve yeni bir tam WEO veri taban\u0131 olu\u015fturmuyor. (<a href=\"https:\/\/data.imf.org\/Datasets\/WEO\/Frequently-Asked-Questions\">IMF Data<\/a>)<\/p>\n\n\n\n<p class=\"wp-block-paragraph\">Dolay\u0131s\u0131yla Avrupa \u00fclkelerini ayn\u0131 y\u00f6ntem ve ayn\u0131 y\u0131ll\u0131k d\u00f6nem \u00fczerinden kar\u015f\u0131la\u015ft\u0131rmak i\u00e7in <strong>A\u011fustos 2026 itibar\u0131yla 2025 verilerini kullanmak gerekiyor.<\/strong><\/p>\n\n\n\n<p class=\"wp-block-paragraph\">2026 y\u0131l\u0131n\u0131n kesin ihracat s\u0131ralamas\u0131 ancak y\u0131l tamamland\u0131ktan ve uluslararas\u0131 kurulu\u015flar \u00fclkelerin y\u0131ll\u0131k verilerini yay\u0131mlad\u0131ktan sonra sa\u011fl\u0131kl\u0131 bi\u00e7imde olu\u015fturulabilecek.<\/p>\n\n\n\n<h2 class=\"wp-block-heading\"><span class=\"ez-toc-section\" id=\"Avrupa_Ihracatinda_Ilk_5_Ulke\"><\/span>Avrupa \u0130hracat\u0131nda \u0130lk 5 \u00dclke<span class=\"ez-toc-section-end\"><\/span><\/h2>\n\n\n\n<p class=\"wp-block-paragraph\">K\u0131sa cevapla Avrupa&#8217;n\u0131n en fazla mal ve hizmet ihra\u00e7 eden be\u015f \u00fclkesi \u015f\u00f6yle:<\/p>\n\n\n\n<ol class=\"wp-block-list\">\n<li><strong>Almanya:<\/strong> 1,99 trilyon dolar<\/li>\n\n\n\n<li><strong>Fransa:<\/strong> 1,20 trilyon dolar<\/li>\n\n\n\n<li><strong>Birle\u015fik Krall\u0131k:<\/strong> 1,12 trilyon dolar<\/li>\n\n\n\n<li><strong>Hollanda:<\/strong> 1,03 trilyon dolar<\/li>\n\n\n\n<li><strong>\u0130talya:<\/strong> 779 milyar dolar<\/li>\n<\/ol>\n\n\n\n<p class=\"wp-block-paragraph\">T\u00fcrkiye ise <strong>373 milyar dolarla 12. s\u0131rada<\/strong> bulunuyor.<\/p>\n\n\n\n<h2 class=\"wp-block-heading\"><span class=\"ez-toc-section\" id=\"Sikca_Sorulan_Sorular\"><\/span>S\u0131k\u00e7a Sorulan Sorular<span class=\"ez-toc-section-end\"><\/span><\/h2>\n\n\n\n<h3 class=\"wp-block-heading\">T\u00fcrkiye ihracatta Avrupa\u2019da ka\u00e7\u0131nc\u0131?<\/h3>\n\n\n\n<p class=\"wp-block-paragraph\">IMF&#8217;nin 2025 mal ve hizmet ihracat\u0131 verilerine g\u00f6re <strong>T\u00fcrkiye Avrupa&#8217;da 12. s\u0131rada<\/strong> bulunuyor.<\/p>\n\n\n\n<h3 class=\"wp-block-heading\">Avrupa\u2019n\u0131n en \u00e7ok ihracat yapan \u00fclkesi hangisi?<\/h3>\n\n\n\n<p class=\"wp-block-paragraph\"><strong>Almanya<\/strong>, yakla\u015f\u0131k 1,99 trilyon dolarl\u0131k mal ve hizmet ihracat\u0131yla Avrupa&#8217;n\u0131n en b\u00fcy\u00fck ihracat\u00e7\u0131s\u0131d\u0131r.<\/p>\n\n\n\n<h3 class=\"wp-block-heading\">T\u00fcrkiye\u2019nin toplam ihracat\u0131 ne kadar?<\/h3>\n\n\n\n<p class=\"wp-block-paragraph\">Kullan\u0131lan metodolojiye g\u00f6re rakam de\u011fi\u015fiyor. IMF&#8217;nin uluslararas\u0131 kar\u015f\u0131la\u015ft\u0131rmaya uygun serisinde yakla\u015f\u0131k <strong>373 milyar dolar<\/strong> g\u00f6r\u00fcl\u00fcrken, T\u00fcrkiye&#8217;nin resmi mal ihracat\u0131 ve hizmet ihracat\u0131 rakamlar\u0131n\u0131n toplam\u0131 2025 i\u00e7in yakla\u015f\u0131k <strong>396 milyar dolara<\/strong> ula\u015f\u0131yor. (<a href=\"https:\/\/ticaret.gov.tr\/haberler\/ticaret-bakani-omer-bolat-odemeler-dengesi-verilerini-degerlendirdi?utm_source=chatgpt.com\">Ticaret Bakanl\u0131\u011f\u0131<\/a>)<\/p>\n\n\n\n<h3 class=\"wp-block-heading\">2026 ihracat rakamlar\u0131 a\u00e7\u0131kland\u0131 m\u0131?<\/h3>\n\n\n\n<p class=\"wp-block-paragraph\">2026 y\u0131l\u0131 hen\u00fcz tamamlanmad\u0131\u011f\u0131 i\u00e7in \u00fclkelerin kesin y\u0131ll\u0131k ihracat rakamlar\u0131 a\u00e7\u0131klanm\u0131\u015f de\u011fil. A\u011fustos 2026 itibar\u0131yla ayl\u0131k ve \u00e7eyreklik veriler bulunuyor ancak bunlar\u0131 tam y\u0131l s\u0131ralamas\u0131 olarak g\u00f6stermek do\u011fru de\u011fil.<\/p>\n","protected":false},"excerpt":{"rendered":"<p>Avrupa&#8217;n\u0131n en fazla ihracat yapan \u00fclkeleri belli oldu. A\u011fustos 2026 itibar\u0131yla eri\u015filebilen en g\u00fcncel kar\u015f\u0131la\u015ft\u0131r\u0131labilir IMF verilerine g\u00f6re Almanya, 1,99 [&hellip;]<\/p>\n","protected":false},"author":1,"featured_media":59739,"comment_status":"open","ping_status":"open","sticky":false,"template":"","format":"standard","meta":{"footnotes":""},"categories":[3958,53],"tags":[7315,7314,4555,7313,6921],"class_list":["post-59737","post","type-post","status-publish","format-standard","has-post-thumbnail","hentry","category-ekonomi","category-haberler","tag-avrupa-ekonomisi","tag-dis-ticaret","tag-ekonomi","tag-ihracat","tag-turkiye-ekonomisi"],"yoast_head":"<!-- This site is optimized with the Yoast SEO plugin v28.3 - https:\/\/yoast.com\/product\/yoast-seo-wordpress\/ -->\n<title>Avrupa\u2019n\u0131n En \u00c7ok \u0130hracat Yapan \u00dclkeleri 2026: T\u00fcrkiye Ka\u00e7\u0131nc\u0131?<\/title>\n<meta name=\"description\" content=\"Avrupa\u2019n\u0131n en \u00e7ok ihracat yapan \u00fclkeleri hangileri? A\u011fustos 2026 g\u00fcncel IMF verilerine g\u00f6re Almanya ilk s\u0131rada!\" \/>\n<meta name=\"robots\" content=\"index, follow, max-snippet:-1, max-image-preview:large, max-video-preview:-1\" \/>\n<link rel=\"canonical\" href=\"https:\/\/www.karekod.org\/blog\/avrupa-en-cok-ihracat-yapan-ulkeler\/\" \/>\n<meta property=\"og:locale\" content=\"tr_TR\" \/>\n<meta property=\"og:type\" content=\"article\" \/>\n<meta property=\"og:title\" content=\"Avrupa\u2019n\u0131n En \u00c7ok \u0130hracat Yapan \u00dclkeleri 2026: T\u00fcrkiye Ka\u00e7\u0131nc\u0131?\" \/>\n<meta property=\"og:description\" content=\"Avrupa\u2019n\u0131n en \u00e7ok ihracat yapan \u00fclkeleri hangileri? A\u011fustos 2026 g\u00fcncel IMF verilerine g\u00f6re Almanya ilk s\u0131rada!\" \/>\n<meta property=\"og:url\" content=\"https:\/\/www.karekod.org\/blog\/avrupa-en-cok-ihracat-yapan-ulkeler\/\" \/>\n<meta property=\"og:site_name\" content=\"Karekod Blog\" \/>\n<meta property=\"article:publisher\" content=\"https:\/\/www.facebook.com\/KarekodBlog\/\" \/>\n<meta property=\"article:author\" content=\"https:\/\/www.facebook.com\/mentor.perplexed\/\" \/>\n<meta property=\"article:published_time\" content=\"2026-08-31T15:08:18+00:00\" \/>\n<meta property=\"article:modified_time\" content=\"2026-08-31T15:08:20+00:00\" \/>\n<meta property=\"og:image\" content=\"https:\/\/www.karekod.org\/blog\/wp-content\/uploads\/2026\/08\/avrupanin-en-cok-ihracat-yapan-ulkeleri-1.webp\" \/>\n\t<meta property=\"og:image:width\" content=\"1200\" \/>\n\t<meta property=\"og:image:height\" content=\"675\" \/>\n\t<meta property=\"og:image:type\" content=\"image\/webp\" \/>\n<meta name=\"author\" content=\"Muharrem Emino\u011flu\" \/>\n<meta name=\"twitter:card\" content=\"summary_large_image\" \/>\n<meta name=\"twitter:creator\" content=\"@temassizmenu\" \/>\n<meta name=\"twitter:site\" content=\"@temassizmenu\" \/>\n<meta name=\"twitter:label1\" content=\"Yazan:\" \/>\n\t<meta name=\"twitter:data1\" content=\"Muharrem Emino\u011flu\" \/>\n\t<meta name=\"twitter:label2\" content=\"Tahmini okuma s\u00fcresi\" \/>\n\t<meta name=\"twitter:data2\" content=\"8 dakika\" \/>\n<script type=\"application\/ld+json\" class=\"yoast-schema-graph\">{\"@context\":\"https:\\\/\\\/schema.org\",\"@graph\":[{\"@type\":\"NewsArticle\",\"@id\":\"https:\\\/\\\/www.karekod.org\\\/blog\\\/avrupa-en-cok-ihracat-yapan-ulkeler\\\/#article\",\"isPartOf\":{\"@id\":\"https:\\\/\\\/www.karekod.org\\\/blog\\\/avrupa-en-cok-ihracat-yapan-ulkeler\\\/\"},\"author\":{\"name\":\"Muharrem Emino\u011flu\",\"@id\":\"https:\\\/\\\/www.karekod.org\\\/blog\\\/#\\\/schema\\\/person\\\/8c87c879aca1c63c7438bf937a5da8bd\"},\"headline\":\"Avrupa\u2019n\u0131n En \u00c7ok \u0130hracat Yapan \u00dclkeleri: T\u00fcrkiye Ka\u00e7\u0131nc\u0131 S\u0131rada? (2026 G\u00fcncel)\",\"datePublished\":\"2026-08-31T15:08:18+00:00\",\"dateModified\":\"2026-08-31T15:08:20+00:00\",\"mainEntityOfPage\":{\"@id\":\"https:\\\/\\\/www.karekod.org\\\/blog\\\/avrupa-en-cok-ihracat-yapan-ulkeler\\\/\"},\"wordCount\":1480,\"commentCount\":0,\"publisher\":{\"@id\":\"https:\\\/\\\/www.karekod.org\\\/blog\\\/#organization\"},\"image\":{\"@id\":\"https:\\\/\\\/www.karekod.org\\\/blog\\\/avrupa-en-cok-ihracat-yapan-ulkeler\\\/#primaryimage\"},\"thumbnailUrl\":\"https:\\\/\\\/www.karekod.org\\\/blog\\\/wp-content\\\/uploads\\\/2026\\\/08\\\/avrupanin-en-cok-ihracat-yapan-ulkeleri-1.webp\",\"keywords\":[\"Avrupa ekonomisi\",\"d\u0131\u015f ticaret\",\"ekonomi\",\"ihracat\",\"T\u00fcrkiye ekonomisi\"],\"articleSection\":[\"Ekonomi\",\"Haberler\"],\"inLanguage\":\"tr\",\"potentialAction\":[{\"@type\":\"CommentAction\",\"name\":\"Comment\",\"target\":[\"https:\\\/\\\/www.karekod.org\\\/blog\\\/avrupa-en-cok-ihracat-yapan-ulkeler\\\/#respond\"]}]},{\"@type\":\"WebPage\",\"@id\":\"https:\\\/\\\/www.karekod.org\\\/blog\\\/avrupa-en-cok-ihracat-yapan-ulkeler\\\/\",\"url\":\"https:\\\/\\\/www.karekod.org\\\/blog\\\/avrupa-en-cok-ihracat-yapan-ulkeler\\\/\",\"name\":\"Avrupa\u2019n\u0131n En \u00c7ok \u0130hracat Yapan \u00dclkeleri 2026: T\u00fcrkiye Ka\u00e7\u0131nc\u0131?\",\"isPartOf\":{\"@id\":\"https:\\\/\\\/www.karekod.org\\\/blog\\\/#website\"},\"primaryImageOfPage\":{\"@id\":\"https:\\\/\\\/www.karekod.org\\\/blog\\\/avrupa-en-cok-ihracat-yapan-ulkeler\\\/#primaryimage\"},\"image\":{\"@id\":\"https:\\\/\\\/www.karekod.org\\\/blog\\\/avrupa-en-cok-ihracat-yapan-ulkeler\\\/#primaryimage\"},\"thumbnailUrl\":\"https:\\\/\\\/www.karekod.org\\\/blog\\\/wp-content\\\/uploads\\\/2026\\\/08\\\/avrupanin-en-cok-ihracat-yapan-ulkeleri-1.webp\",\"datePublished\":\"2026-08-31T15:08:18+00:00\",\"dateModified\":\"2026-08-31T15:08:20+00:00\",\"description\":\"Avrupa\u2019n\u0131n en \u00e7ok ihracat yapan \u00fclkeleri hangileri? A\u011fustos 2026 g\u00fcncel IMF verilerine g\u00f6re Almanya ilk s\u0131rada!\",\"breadcrumb\":{\"@id\":\"https:\\\/\\\/www.karekod.org\\\/blog\\\/avrupa-en-cok-ihracat-yapan-ulkeler\\\/#breadcrumb\"},\"inLanguage\":\"tr\",\"potentialAction\":[{\"@type\":\"ReadAction\",\"target\":[\"https:\\\/\\\/www.karekod.org\\\/blog\\\/avrupa-en-cok-ihracat-yapan-ulkeler\\\/\"]}]},{\"@type\":\"ImageObject\",\"inLanguage\":\"tr\",\"@id\":\"https:\\\/\\\/www.karekod.org\\\/blog\\\/avrupa-en-cok-ihracat-yapan-ulkeler\\\/#primaryimage\",\"url\":\"https:\\\/\\\/www.karekod.org\\\/blog\\\/wp-content\\\/uploads\\\/2026\\\/08\\\/avrupanin-en-cok-ihracat-yapan-ulkeleri-1.webp\",\"contentUrl\":\"https:\\\/\\\/www.karekod.org\\\/blog\\\/wp-content\\\/uploads\\\/2026\\\/08\\\/avrupanin-en-cok-ihracat-yapan-ulkeleri-1.webp\",\"width\":1200,\"height\":675,\"caption\":\"Avrupa'n\u0131n en \u00e7ok ihracat yapan \u00fclkeleri\"},{\"@type\":\"BreadcrumbList\",\"@id\":\"https:\\\/\\\/www.karekod.org\\\/blog\\\/avrupa-en-cok-ihracat-yapan-ulkeler\\\/#breadcrumb\",\"itemListElement\":[{\"@type\":\"ListItem\",\"position\":1,\"name\":\"Ana sayfa\",\"item\":\"https:\\\/\\\/www.karekod.org\\\/blog\\\/\"},{\"@type\":\"ListItem\",\"position\":2,\"name\":\"Haberler\",\"item\":\"https:\\\/\\\/www.karekod.org\\\/blog\\\/category\\\/haberler\\\/\"},{\"@type\":\"ListItem\",\"position\":3,\"name\":\"Ekonomi\",\"item\":\"https:\\\/\\\/www.karekod.org\\\/blog\\\/category\\\/haberler\\\/ekonomi\\\/\"},{\"@type\":\"ListItem\",\"position\":4,\"name\":\"Avrupa\u2019n\u0131n En \u00c7ok \u0130hracat Yapan \u00dclkeleri: T\u00fcrkiye Ka\u00e7\u0131nc\u0131 S\u0131rada? (2026 G\u00fcncel)\"}]},{\"@type\":\"WebSite\",\"@id\":\"https:\\\/\\\/www.karekod.org\\\/blog\\\/#website\",\"url\":\"https:\\\/\\\/www.karekod.org\\\/blog\\\/\",\"name\":\"Karekod Blog\",\"description\":\"G\u00fcncel Alkol Fiyatlar\u0131 ve Piyasa Rehberi\",\"publisher\":{\"@id\":\"https:\\\/\\\/www.karekod.org\\\/blog\\\/#organization\"},\"potentialAction\":[{\"@type\":\"SearchAction\",\"target\":{\"@type\":\"EntryPoint\",\"urlTemplate\":\"https:\\\/\\\/www.karekod.org\\\/blog\\\/?s={search_term_string}\"},\"query-input\":{\"@type\":\"PropertyValueSpecification\",\"valueRequired\":true,\"valueName\":\"search_term_string\"}}],\"inLanguage\":\"tr\"},{\"@type\":\"Organization\",\"@id\":\"https:\\\/\\\/www.karekod.org\\\/blog\\\/#organization\",\"name\":\"Karekod Blog\",\"alternateName\":\"Karekod Haber\",\"url\":\"https:\\\/\\\/www.karekod.org\\\/blog\\\/\",\"logo\":{\"@type\":\"ImageObject\",\"inLanguage\":\"tr\",\"@id\":\"https:\\\/\\\/www.karekod.org\\\/blog\\\/#\\\/schema\\\/logo\\\/image\\\/\",\"url\":\"https:\\\/\\\/www.karekod.org\\\/blog\\\/wp-content\\\/uploads\\\/2025\\\/01\\\/cropped-logo.webp\",\"contentUrl\":\"https:\\\/\\\/www.karekod.org\\\/blog\\\/wp-content\\\/uploads\\\/2025\\\/01\\\/cropped-logo.webp\",\"width\":512,\"height\":384,\"caption\":\"Karekod Blog\"},\"image\":{\"@id\":\"https:\\\/\\\/www.karekod.org\\\/blog\\\/#\\\/schema\\\/logo\\\/image\\\/\"},\"sameAs\":[\"https:\\\/\\\/www.facebook.com\\\/KarekodBlog\\\/\",\"https:\\\/\\\/x.com\\\/temassizmenu\",\"https:\\\/\\\/www.instagram.com\\\/karekod.blog\\\/\",\"https:\\\/\\\/www.linkedin.com\\\/company\\\/karekod\\\/\",\"https:\\\/\\\/tr.pinterest.com\\\/dijitalmenu\\\/\",\"https:\\\/\\\/www.youtube.com\\\/@qrmenu\",\"https:\\\/\\\/karekodmenu.tumblr.com\\\/\",\"https:\\\/\\\/karekod.medium.com\\\/\",\"https:\\\/\\\/www.diigo.com\\\/user\\\/karekod\",\"https:\\\/\\\/mastodon.social\\\/@karekod\",\"https:\\\/\\\/vk.com\\\/karekod\",\"https:\\\/\\\/flipboard.com\\\/@karekod\",\"https:\\\/\\\/www.quora.com\\\/profile\\\/Karekod-Haber\",\"https:\\\/\\\/note.com\\\/karekod\",\"https:\\\/\\\/www.linkedin.com\\\/in\\\/karekod-blog\\\/\",\"https:\\\/\\\/www.reddit.com\\\/r\\\/guncelfiyatlar\\\/\"]},{\"@type\":\"Person\",\"@id\":\"https:\\\/\\\/www.karekod.org\\\/blog\\\/#\\\/schema\\\/person\\\/8c87c879aca1c63c7438bf937a5da8bd\",\"name\":\"Muharrem Emino\u011flu\",\"pronouns\":\"he\\\/him\",\"description\":\"Veri analizi ve dijital raporlama s\u00fcre\u00e7lerinde yenilik\u00e7i yakla\u015f\u0131mlar benimseyerek s\u00fcrd\u00fcr\u00fclebilir i\u015f modelleri \u00fczerine \u00e7al\u0131\u015fmalar yap\u0131yorum. Teknoloji, ekonomi ve dijital pazarlama alanlar\u0131nda g\u00fcncel ve g\u00fcvenilir i\u00e7erikler \u00fcretiyorum.\",\"sameAs\":[\"https:\\\/\\\/www.karekod.org\",\"https:\\\/\\\/www.facebook.com\\\/mentor.perplexed\\\/\",\"https:\\\/\\\/www.instagram.com\\\/mentorperplexed\\\/\",\"https:\\\/\\\/www.linkedin.com\\\/in\\\/eminoglu\",\"https:\\\/\\\/www.pinterest.de\\\/dijitalmenu\\\/\",\"https:\\\/\\\/x.com\\\/temassizmenu\",\"https:\\\/\\\/www.youtube.com\\\/channel\\\/UC_vI-xTP9NegNfIqSGoesGg\",\"https:\\\/\\\/qrmenu.tumblr.com\\\/\"],\"url\":\"https:\\\/\\\/www.karekod.org\\\/blog\\\/yazar\\\/muharrem-eminoglu\\\/\"}]}<\/script>\n<!-- \/ Yoast SEO plugin. -->","yoast_head_json":{"title":"Avrupa\u2019n\u0131n En \u00c7ok \u0130hracat Yapan \u00dclkeleri 2026: T\u00fcrkiye Ka\u00e7\u0131nc\u0131?","description":"Avrupa\u2019n\u0131n en \u00e7ok ihracat yapan \u00fclkeleri hangileri? A\u011fustos 2026 g\u00fcncel IMF verilerine g\u00f6re Almanya ilk s\u0131rada!","robots":{"index":"index","follow":"follow","max-snippet":"max-snippet:-1","max-image-preview":"max-image-preview:large","max-video-preview":"max-video-preview:-1"},"canonical":"https:\/\/www.karekod.org\/blog\/avrupa-en-cok-ihracat-yapan-ulkeler\/","og_locale":"tr_TR","og_type":"article","og_title":"Avrupa\u2019n\u0131n En \u00c7ok \u0130hracat Yapan \u00dclkeleri 2026: T\u00fcrkiye Ka\u00e7\u0131nc\u0131?","og_description":"Avrupa\u2019n\u0131n en \u00e7ok ihracat yapan \u00fclkeleri hangileri? A\u011fustos 2026 g\u00fcncel IMF verilerine g\u00f6re Almanya ilk s\u0131rada!","og_url":"https:\/\/www.karekod.org\/blog\/avrupa-en-cok-ihracat-yapan-ulkeler\/","og_site_name":"Karekod Blog","article_publisher":"https:\/\/www.facebook.com\/KarekodBlog\/","article_author":"https:\/\/www.facebook.com\/mentor.perplexed\/","article_published_time":"2026-08-31T15:08:18+00:00","article_modified_time":"2026-08-31T15:08:20+00:00","og_image":[{"width":1200,"height":675,"url":"https:\/\/www.karekod.org\/blog\/wp-content\/uploads\/2026\/08\/avrupanin-en-cok-ihracat-yapan-ulkeleri-1.webp","type":"image\/webp"}],"author":"Muharrem Emino\u011flu","twitter_card":"summary_large_image","twitter_creator":"@temassizmenu","twitter_site":"@temassizmenu","twitter_misc":{"Yazan:":"Muharrem Emino\u011flu","Tahmini okuma s\u00fcresi":"8 dakika"},"schema":{"@context":"https:\/\/schema.org","@graph":[{"@type":"NewsArticle","@id":"https:\/\/www.karekod.org\/blog\/avrupa-en-cok-ihracat-yapan-ulkeler\/#article","isPartOf":{"@id":"https:\/\/www.karekod.org\/blog\/avrupa-en-cok-ihracat-yapan-ulkeler\/"},"author":{"name":"Muharrem Emino\u011flu","@id":"https:\/\/www.karekod.org\/blog\/#\/schema\/person\/8c87c879aca1c63c7438bf937a5da8bd"},"headline":"Avrupa\u2019n\u0131n En \u00c7ok \u0130hracat Yapan \u00dclkeleri: T\u00fcrkiye Ka\u00e7\u0131nc\u0131 S\u0131rada? (2026 G\u00fcncel)","datePublished":"2026-08-31T15:08:18+00:00","dateModified":"2026-08-31T15:08:20+00:00","mainEntityOfPage":{"@id":"https:\/\/www.karekod.org\/blog\/avrupa-en-cok-ihracat-yapan-ulkeler\/"},"wordCount":1480,"commentCount":0,"publisher":{"@id":"https:\/\/www.karekod.org\/blog\/#organization"},"image":{"@id":"https:\/\/www.karekod.org\/blog\/avrupa-en-cok-ihracat-yapan-ulkeler\/#primaryimage"},"thumbnailUrl":"https:\/\/www.karekod.org\/blog\/wp-content\/uploads\/2026\/08\/avrupanin-en-cok-ihracat-yapan-ulkeleri-1.webp","keywords":["Avrupa ekonomisi","d\u0131\u015f ticaret","ekonomi","ihracat","T\u00fcrkiye ekonomisi"],"articleSection":["Ekonomi","Haberler"],"inLanguage":"tr","potentialAction":[{"@type":"CommentAction","name":"Comment","target":["https:\/\/www.karekod.org\/blog\/avrupa-en-cok-ihracat-yapan-ulkeler\/#respond"]}]},{"@type":"WebPage","@id":"https:\/\/www.karekod.org\/blog\/avrupa-en-cok-ihracat-yapan-ulkeler\/","url":"https:\/\/www.karekod.org\/blog\/avrupa-en-cok-ihracat-yapan-ulkeler\/","name":"Avrupa\u2019n\u0131n En \u00c7ok \u0130hracat Yapan \u00dclkeleri 2026: T\u00fcrkiye Ka\u00e7\u0131nc\u0131?","isPartOf":{"@id":"https:\/\/www.karekod.org\/blog\/#website"},"primaryImageOfPage":{"@id":"https:\/\/www.karekod.org\/blog\/avrupa-en-cok-ihracat-yapan-ulkeler\/#primaryimage"},"image":{"@id":"https:\/\/www.karekod.org\/blog\/avrupa-en-cok-ihracat-yapan-ulkeler\/#primaryimage"},"thumbnailUrl":"https:\/\/www.karekod.org\/blog\/wp-content\/uploads\/2026\/08\/avrupanin-en-cok-ihracat-yapan-ulkeleri-1.webp","datePublished":"2026-08-31T15:08:18+00:00","dateModified":"2026-08-31T15:08:20+00:00","description":"Avrupa\u2019n\u0131n en \u00e7ok ihracat yapan \u00fclkeleri hangileri? A\u011fustos 2026 g\u00fcncel IMF verilerine g\u00f6re Almanya ilk s\u0131rada!","breadcrumb":{"@id":"https:\/\/www.karekod.org\/blog\/avrupa-en-cok-ihracat-yapan-ulkeler\/#breadcrumb"},"inLanguage":"tr","potentialAction":[{"@type":"ReadAction","target":["https:\/\/www.karekod.org\/blog\/avrupa-en-cok-ihracat-yapan-ulkeler\/"]}]},{"@type":"ImageObject","inLanguage":"tr","@id":"https:\/\/www.karekod.org\/blog\/avrupa-en-cok-ihracat-yapan-ulkeler\/#primaryimage","url":"https:\/\/www.karekod.org\/blog\/wp-content\/uploads\/2026\/08\/avrupanin-en-cok-ihracat-yapan-ulkeleri-1.webp","contentUrl":"https:\/\/www.karekod.org\/blog\/wp-content\/uploads\/2026\/08\/avrupanin-en-cok-ihracat-yapan-ulkeleri-1.webp","width":1200,"height":675,"caption":"Avrupa'n\u0131n en \u00e7ok ihracat yapan \u00fclkeleri"},{"@type":"BreadcrumbList","@id":"https:\/\/www.karekod.org\/blog\/avrupa-en-cok-ihracat-yapan-ulkeler\/#breadcrumb","itemListElement":[{"@type":"ListItem","position":1,"name":"Ana sayfa","item":"https:\/\/www.karekod.org\/blog\/"},{"@type":"ListItem","position":2,"name":"Haberler","item":"https:\/\/www.karekod.org\/blog\/category\/haberler\/"},{"@type":"ListItem","position":3,"name":"Ekonomi","item":"https:\/\/www.karekod.org\/blog\/category\/haberler\/ekonomi\/"},{"@type":"ListItem","position":4,"name":"Avrupa\u2019n\u0131n En \u00c7ok \u0130hracat Yapan \u00dclkeleri: T\u00fcrkiye Ka\u00e7\u0131nc\u0131 S\u0131rada? (2026 G\u00fcncel)"}]},{"@type":"WebSite","@id":"https:\/\/www.karekod.org\/blog\/#website","url":"https:\/\/www.karekod.org\/blog\/","name":"Karekod Blog","description":"G\u00fcncel Alkol Fiyatlar\u0131 ve Piyasa Rehberi","publisher":{"@id":"https:\/\/www.karekod.org\/blog\/#organization"},"potentialAction":[{"@type":"SearchAction","target":{"@type":"EntryPoint","urlTemplate":"https:\/\/www.karekod.org\/blog\/?s={search_term_string}"},"query-input":{"@type":"PropertyValueSpecification","valueRequired":true,"valueName":"search_term_string"}}],"inLanguage":"tr"},{"@type":"Organization","@id":"https:\/\/www.karekod.org\/blog\/#organization","name":"Karekod Blog","alternateName":"Karekod Haber","url":"https:\/\/www.karekod.org\/blog\/","logo":{"@type":"ImageObject","inLanguage":"tr","@id":"https:\/\/www.karekod.org\/blog\/#\/schema\/logo\/image\/","url":"https:\/\/www.karekod.org\/blog\/wp-content\/uploads\/2025\/01\/cropped-logo.webp","contentUrl":"https:\/\/www.karekod.org\/blog\/wp-content\/uploads\/2025\/01\/cropped-logo.webp","width":512,"height":384,"caption":"Karekod Blog"},"image":{"@id":"https:\/\/www.karekod.org\/blog\/#\/schema\/logo\/image\/"},"sameAs":["https:\/\/www.facebook.com\/KarekodBlog\/","https:\/\/x.com\/temassizmenu","https:\/\/www.instagram.com\/karekod.blog\/","https:\/\/www.linkedin.com\/company\/karekod\/","https:\/\/tr.pinterest.com\/dijitalmenu\/","https:\/\/www.youtube.com\/@qrmenu","https:\/\/karekodmenu.tumblr.com\/","https:\/\/karekod.medium.com\/","https:\/\/www.diigo.com\/user\/karekod","https:\/\/mastodon.social\/@karekod","https:\/\/vk.com\/karekod","https:\/\/flipboard.com\/@karekod","https:\/\/www.quora.com\/profile\/Karekod-Haber","https:\/\/note.com\/karekod","https:\/\/www.linkedin.com\/in\/karekod-blog\/","https:\/\/www.reddit.com\/r\/guncelfiyatlar\/"]},{"@type":"Person","@id":"https:\/\/www.karekod.org\/blog\/#\/schema\/person\/8c87c879aca1c63c7438bf937a5da8bd","name":"Muharrem Emino\u011flu","pronouns":"he\/him","description":"Veri analizi ve dijital raporlama s\u00fcre\u00e7lerinde yenilik\u00e7i yakla\u015f\u0131mlar benimseyerek s\u00fcrd\u00fcr\u00fclebilir i\u015f modelleri \u00fczerine \u00e7al\u0131\u015fmalar yap\u0131yorum. Teknoloji, ekonomi ve dijital pazarlama alanlar\u0131nda g\u00fcncel ve g\u00fcvenilir i\u00e7erikler \u00fcretiyorum.","sameAs":["https:\/\/www.karekod.org","https:\/\/www.facebook.com\/mentor.perplexed\/","https:\/\/www.instagram.com\/mentorperplexed\/","https:\/\/www.linkedin.com\/in\/eminoglu","https:\/\/www.pinterest.de\/dijitalmenu\/","https:\/\/x.com\/temassizmenu","https:\/\/www.youtube.com\/channel\/UC_vI-xTP9NegNfIqSGoesGg","https:\/\/qrmenu.tumblr.com\/"],"url":"https:\/\/www.karekod.org\/blog\/yazar\/muharrem-eminoglu\/"}]}},"_links":{"self":[{"href":"https:\/\/www.karekod.org\/blog\/wp-json\/wp\/v2\/posts\/59737","targetHints":{"allow":["GET"]}}],"collection":[{"href":"https:\/\/www.karekod.org\/blog\/wp-json\/wp\/v2\/posts"}],"about":[{"href":"https:\/\/www.karekod.org\/blog\/wp-json\/wp\/v2\/types\/post"}],"author":[{"embeddable":true,"href":"https:\/\/www.karekod.org\/blog\/wp-json\/wp\/v2\/users\/1"}],"replies":[{"embeddable":true,"href":"https:\/\/www.karekod.org\/blog\/wp-json\/wp\/v2\/comments?post=59737"}],"version-history":[{"count":1,"href":"https:\/\/www.karekod.org\/blog\/wp-json\/wp\/v2\/posts\/59737\/revisions"}],"predecessor-version":[{"id":59740,"href":"https:\/\/www.karekod.org\/blog\/wp-json\/wp\/v2\/posts\/59737\/revisions\/59740"}],"wp:featuredmedia":[{"embeddable":true,"href":"https:\/\/www.karekod.org\/blog\/wp-json\/wp\/v2\/media\/59739"}],"wp:attachment":[{"href":"https:\/\/www.karekod.org\/blog\/wp-json\/wp\/v2\/media?parent=59737"}],"wp:term":[{"taxonomy":"category","embeddable":true,"href":"https:\/\/www.karekod.org\/blog\/wp-json\/wp\/v2\/categories?post=59737"},{"taxonomy":"post_tag","embeddable":true,"href":"https:\/\/www.karekod.org\/blog\/wp-json\/wp\/v2\/tags?post=59737"}],"curies":[{"name":"wp","href":"https:\/\/api.w.org\/{rel}","templated":true}]}}