{"id":55158,"date":"2026-03-10T14:43:44","date_gmt":"2026-03-10T11:43:44","guid":{"rendered":"https:\/\/www.karekod.org\/blog\/?p=55158"},"modified":"2026-03-10T14:54:53","modified_gmt":"2026-03-10T11:54:53","slug":"kibrisarabaal-com-kibrista-2-el-araba-nereden-alinir","status":"publish","type":"post","link":"https:\/\/www.karekod.org\/blog\/kibrisarabaal-com-kibrista-2-el-araba-nereden-alinir\/","title":{"rendered":"K\u0131br\u0131s\u2019ta 2. El Araba Alman\u0131n En Kolay Yolu: Kibrisarabaal.com"},"content":{"rendered":"\n<p>Kuzey K\u0131br\u0131s T\u00fcrk Cumhuriyeti\u2019nde otomobil sahibi olmak, g\u00fcnl\u00fck mobilite ihtiyac\u0131ndan yat\u0131r\u0131m ama\u00e7l\u0131 ara\u00e7 edinimine kadar geni\u015f bir kullan\u0131m alan\u0131na sahiptir. \u00d6zellikle \u015fehirler aras\u0131 ula\u015f\u0131m d\u00fczeni, b\u00f6lgesel ya\u015fam yo\u011funlu\u011fu, turizm etkisi, sa\u011fdan direksiyonlu ara\u00e7 k\u00fclt\u00fcr\u00fc ve ithalat merkezli pazar yap\u0131s\u0131 nedeniyle ada genelinde ikinci el ara\u00e7 piyasas\u0131 olduk\u00e7a canl\u0131d\u0131r. Bu nedenle kullan\u0131c\u0131lar\u0131n en \u00e7ok arad\u0131\u011f\u0131 sorulardan biri de son derece nettir: <strong>K\u0131br\u0131s\u2019ta 2. el araba nereden al\u0131n\u0131r?<\/strong><\/p><div id=\"ez-toc-container\" class=\"ez-toc-v2_0_82_2 counter-hierarchy ez-toc-counter ez-toc-grey ez-toc-container-direction\">\n<div class=\"ez-toc-title-container\">\n<p class=\"ez-toc-title\" style=\"cursor:inherit\">\u0130\u00e7indekiler<\/p>\n<span class=\"ez-toc-title-toggle\"><a href=\"#\" class=\"ez-toc-pull-right ez-toc-btn ez-toc-btn-xs ez-toc-btn-default ez-toc-toggle\" aria-label=\"\u0130\u00e7indekiler Tablosunu A\u00e7\/Kapat\"><span class=\"ez-toc-js-icon-con\"><span class=\"\"><span class=\"eztoc-hide\" style=\"display:none;\">Toggle<\/span><span class=\"ez-toc-icon-toggle-span\"><svg style=\"fill: #999;color:#999\" xmlns=\"http:\/\/www.w3.org\/2000\/svg\" class=\"list-377408\" width=\"20px\" height=\"20px\" viewBox=\"0 0 24 24\" fill=\"none\"><path d=\"M6 6H4v2h2V6zm14 0H8v2h12V6zM4 11h2v2H4v-2zm16 0H8v2h12v-2zM4 16h2v2H4v-2zm16 0H8v2h12v-2z\" fill=\"currentColor\"><\/path><\/svg><svg style=\"fill: #999;color:#999\" class=\"arrow-unsorted-368013\" xmlns=\"http:\/\/www.w3.org\/2000\/svg\" width=\"10px\" height=\"10px\" viewBox=\"0 0 24 24\" version=\"1.2\" baseProfile=\"tiny\"><path d=\"M18.2 9.3l-6.2-6.3-6.2 6.3c-.2.2-.3.4-.3.7s.1.5.3.7c.2.2.4.3.7.3h11c.3 0 .5-.1.7-.3.2-.2.3-.5.3-.7s-.1-.5-.3-.7zM5.8 14.7l6.2 6.3 6.2-6.3c.2-.2.3-.5.3-.7s-.1-.5-.3-.7c-.2-.2-.4-.3-.7-.3h-11c-.3 0-.5.1-.7.3-.2.2-.3.5-.3.7s.1.5.3.7z\"\/><\/svg><\/span><\/span><\/span><\/a><\/span><\/div>\n<nav><ul class='ez-toc-list ez-toc-list-level-1 ' ><li class='ez-toc-page-1 ez-toc-heading-level-2'><a class=\"ez-toc-link ez-toc-heading-1\" href=\"https:\/\/www.karekod.org\/blog\/kibrisarabaal-com-kibrista-2-el-araba-nereden-alinir\/#Kibris_Ikinci_El_Arac_Ekosistemi_Neden_Dijital_Platformlara_Kayiyor\" >K\u0131br\u0131s \u0130kinci El Ara\u00e7 Ekosistemi Neden Dijital Platformlara Kay\u0131yor?<\/a><\/li><li class='ez-toc-page-1 ez-toc-heading-level-2'><a class=\"ez-toc-link ez-toc-heading-2\" href=\"https:\/\/www.karekod.org\/blog\/kibrisarabaal-com-kibrista-2-el-araba-nereden-alinir\/#Kibrisarabaalcom_Neyi_Farkli_Yapiyor\" >Kibrisarabaal.com Neyi Farkl\u0131 Yap\u0131yor?<\/a><\/li><li class='ez-toc-page-1 ez-toc-heading-level-2'><a class=\"ez-toc-link ez-toc-heading-3\" href=\"https:\/\/www.karekod.org\/blog\/kibrisarabaal-com-kibrista-2-el-araba-nereden-alinir\/#Kibrista_2_El_Araba_Nereden_Alinir_Dogru_Kanal_Seciminin_Onemi\" >K\u0131br\u0131s\u2019ta 2. El Araba Nereden Al\u0131n\u0131r? Do\u011fru Kanal Se\u00e7iminin \u00d6nemi<\/a><\/li><li class='ez-toc-page-1 ez-toc-heading-level-2'><a class=\"ez-toc-link ez-toc-heading-4\" href=\"https:\/\/www.karekod.org\/blog\/kibrisarabaal-com-kibrista-2-el-araba-nereden-alinir\/#Hizli_Degerlendirme_Tablosu\" >H\u0131zl\u0131 De\u011ferlendirme Tablosu<\/a><\/li><li class='ez-toc-page-1 ez-toc-heading-level-2'><a class=\"ez-toc-link ez-toc-heading-5\" href=\"https:\/\/www.karekod.org\/blog\/kibrisarabaal-com-kibrista-2-el-araba-nereden-alinir\/#KKTC_arabam_Icin_Dogru_Satis_Altyapisi_Neden_Onemlidir\" >KKTC arabam \u0130\u00e7in Do\u011fru Sat\u0131\u015f Altyap\u0131s\u0131 Neden \u00d6nemlidir?<\/a><\/li><li class='ez-toc-page-1 ez-toc-heading-level-2'><a class=\"ez-toc-link ez-toc-heading-6\" href=\"https:\/\/www.karekod.org\/blog\/kibrisarabaal-com-kibrista-2-el-araba-nereden-alinir\/#KKTC_2_El_Araba_Arayan_Kullanici_Icin_Profesyonel_Inceleme_Sureci_Nasil_Olmali\" >KKTC 2. El Araba Arayan Kullan\u0131c\u0131 \u0130\u00e7in Profesyonel \u0130nceleme S\u00fcreci Nas\u0131l Olmal\u0131?<\/a><\/li><li class='ez-toc-page-1 ez-toc-heading-level-2'><a class=\"ez-toc-link ez-toc-heading-7\" href=\"https:\/\/www.karekod.org\/blog\/kibrisarabaal-com-kibrista-2-el-araba-nereden-alinir\/#Karsilastirma_Tablosu_Kibrisarabaalcom_Benzeri_Profesyonel_Platformlar_ile_Diger_Kanallar\" >Kar\u015f\u0131la\u015ft\u0131rma Tablosu: Kibrisarabaal.com Benzeri Profesyonel Platformlar ile Di\u011fer Kanallar<\/a><\/li><li class='ez-toc-page-1 ez-toc-heading-level-2'><a class=\"ez-toc-link ez-toc-heading-8\" href=\"https:\/\/www.karekod.org\/blog\/kibrisarabaal-com-kibrista-2-el-araba-nereden-alinir\/#Kibris_Araba_Alirken_Teknik_Olarak_Nelere_Dikkat_Edilmeli\" >K\u0131br\u0131s Araba Al\u0131rken Teknik Olarak Nelere Dikkat Edilmeli?<\/a><\/li><li class='ez-toc-page-1 ez-toc-heading-level-2'><a class=\"ez-toc-link ez-toc-heading-9\" href=\"https:\/\/www.karekod.org\/blog\/kibrisarabaal-com-kibrista-2-el-araba-nereden-alinir\/#Kibrista_Arac_Satin_Alma_Surecinde_Marka_Guveni_Nasil_Olusur\" >K\u0131br\u0131s\u2019ta Ara\u00e7 Sat\u0131n Alma S\u00fcrecinde Marka G\u00fcveni Nas\u0131l Olu\u015fur?<\/a><\/li><li class='ez-toc-page-1 ez-toc-heading-level-2'><a class=\"ez-toc-link ez-toc-heading-10\" href=\"https:\/\/www.karekod.org\/blog\/kibrisarabaal-com-kibrista-2-el-araba-nereden-alinir\/#Kibrisarabaalcom_Neden_Tanitim_Yazisi_Niteliginde_One_Cikarilabilecek_Bir_Platform\" >Kibrisarabaal.com Neden Tan\u0131t\u0131m Yaz\u0131s\u0131 Niteli\u011finde \u00d6ne \u00c7\u0131kar\u0131labilecek Bir Platform?<\/a><\/li><li class='ez-toc-page-1 ez-toc-heading-level-2'><a class=\"ez-toc-link ez-toc-heading-11\" href=\"https:\/\/www.karekod.org\/blog\/kibrisarabaal-com-kibrista-2-el-araba-nereden-alinir\/#Kibrisarabaalcom_Hakkinda_Editor_Yorumu\" >Kibrisarabaal.com Hakk\u0131nda Edit\u00f6r Yorumu<\/a><\/li><li class='ez-toc-page-1 ez-toc-heading-level-2'><a class=\"ez-toc-link ez-toc-heading-12\" href=\"https:\/\/www.karekod.org\/blog\/kibrisarabaal-com-kibrista-2-el-araba-nereden-alinir\/#Sikca_Sorulan_Sorular\" >S\u0131k\u00e7a Sorulan Sorular<\/a><\/li><\/ul><\/nav><\/div>\n\n\n\n\n<p>Bu sorunun do\u011fru cevab\u0131, yaln\u0131zca \u00e7ok say\u0131da ilan g\u00f6rmekten ibaret de\u011fildir. As\u0131l \u00f6nemli olan; ilanlar\u0131n d\u00fczenli sunulmas\u0131, sat\u0131c\u0131ya do\u011frudan eri\u015fim sa\u011flanmas\u0131, marka-model-kategori-lokasyon bazl\u0131 filtreleme yap\u0131labilmesi, fiyat kar\u015f\u0131la\u015ft\u0131rmas\u0131n\u0131n kolay olmas\u0131 ve kullan\u0131c\u0131ya g\u00fcven veren bir ilan mimarisinin sunulmas\u0131d\u0131r. Tam bu noktada <strong>kibrisarabaal.com<\/strong>, KKTC ikinci el ara\u00e7 piyasas\u0131nda hem al\u0131c\u0131 hem sat\u0131c\u0131 taraf\u0131na pratik \u00e7\u00f6z\u00fcmler sunan bir dijital otomotiv platformu olarak \u00f6ne \u00e7\u0131kmaktad\u0131r. Platformun ana sayfas\u0131nda \u201c0 KM Ara\u00e7lar\u201d, \u201c2. El Ara\u00e7lar\u201d, \u201cOto Galeriler\u201d, farkl\u0131 ara\u00e7 kategorileri, il bazl\u0131 filtreleme, \u00fccretsiz ilan verme mod\u00fcl\u00fc ve blog alan\u0131 gibi bir\u00e7ok temel yap\u0131 do\u011frudan g\u00f6r\u00fcn\u00fcr durumdad\u0131r. Ayr\u0131ca sistem, Lefko\u015fa, Girne, Gazima\u011fusa, \u0130skele, Lefke ve G\u00fczelyurt gibi lokasyonlara g\u00f6re arama yap\u0131lmas\u0131na da olanak tan\u0131r.<\/p>\n\n\n\n<p>G\u00fcn\u00fcm\u00fczde <strong><a href=\"https:\/\/kibrisarabaal.com\/\" type=\"link\" id=\"https:\/\/kibrisarabaal.com\/\">KKTC 2 el araba<\/a><\/strong> arayan kullan\u0131c\u0131lar\u0131n b\u00fcy\u00fck bir k\u0131sm\u0131, sosyal medya gruplar\u0131ndaki da\u011f\u0131n\u0131k ilan ak\u0131\u015f\u0131 ile klasik galeri mant\u0131\u011f\u0131 aras\u0131nda kalmaktad\u0131r. Ancak \u00e7a\u011fda\u015f kullan\u0131c\u0131 davran\u0131\u015f\u0131, art\u0131k daha sistematik, daha h\u0131zl\u0131 ve daha kar\u015f\u0131la\u015ft\u0131rmal\u0131 karar alma mekanizmalar\u0131na y\u00f6nelmi\u015ftir. \u00c7\u00fcnk\u00fc ara\u00e7 sat\u0131n alma s\u00fcreci art\u0131k yaln\u0131zca \u201cbe\u011fendim ve arad\u0131m\u201d modelinden \u00e7\u0131km\u0131\u015f; bunun yerine \u201ckar\u015f\u0131la\u015ft\u0131rd\u0131m, filtreledim, de\u011ferlendirdim, sonra ileti\u015fime ge\u00e7tim\u201d modeline d\u00f6n\u00fc\u015fm\u00fc\u015ft\u00fcr. Bu nedenle <strong><a href=\"https:\/\/kibrisarabaal.com\/\" type=\"link\" id=\"https:\/\/kibrisarabaal.com\/\">K\u0131br\u0131s araba<\/a><\/strong> aramalar\u0131nda, da\u011f\u0131n\u0131k kaynaklar yerine planl\u0131 ve profesyonel bir ara\u00e7 ilan altyap\u0131s\u0131 sunan platformlar \u00e7ok daha y\u00fcksek de\u011fer \u00fcretir.<\/p>\n\n\n\n<p>\u00d6zellikle \u201c<strong><a href=\"https:\/\/kibrisarabaal.com\/\" type=\"link\" id=\"https:\/\/kibrisarabaal.com\/\">KKTC arabam<\/a><\/strong> i\u00e7in en uygun sat\u0131\u015f veya al\u0131\u015f platformu hangisi?\u201d sorusu da bu d\u00f6n\u00fc\u015f\u00fcm\u00fcn bir sonucudur. Kullan\u0131c\u0131 art\u0131k sadece arac\u0131n\u0131 satmak de\u011fil, do\u011fru kitleye g\u00f6r\u00fcn\u00fcr olmak ister. Ayn\u0131 \u015fekilde al\u0131c\u0131 da sadece ara\u00e7 g\u00f6rmek de\u011fil, zaman kaybetmeden do\u011fru araca ula\u015fmak ister. Kibrisarabaal.com bu ihtiyaca; kategorik s\u0131n\u0131fland\u0131rma, \u015fehir filtreleme, ilan detay sayfalar\u0131, galeri alanlar\u0131 ve \u00fccretsiz ilan ekleme gibi i\u015flevlerle yan\u0131t vermektedir. Ana sayfada a\u00e7\u0131k bi\u00e7imde yer alan \u201c\u0130lan\u0131n\u0131z\u0131 hemen olu\u015fturun ve binlerce al\u0131c\u0131ya ula\u015f\u0131n\u201d ve \u201c\u0130lan\u0131n 365 g\u00fcn\u2019e kadar \u00fccretsiz yay\u0131nda kal\u0131r\u201d mesajlar\u0131, platformun sat\u0131c\u0131 taraf\u0131nda g\u00f6r\u00fcn\u00fcrl\u00fck; al\u0131c\u0131 taraf\u0131nda ise merkezi eri\u015fim mant\u0131\u011f\u0131yla kurguland\u0131\u011f\u0131n\u0131 g\u00f6stermektedir.<\/p>\n\n\n\n<h2 class=\"wp-block-heading\"><span class=\"ez-toc-section\" id=\"Kibris_Ikinci_El_Arac_Ekosistemi_Neden_Dijital_Platformlara_Kayiyor\"><\/span>K\u0131br\u0131s \u0130kinci El Ara\u00e7 Ekosistemi Neden Dijital Platformlara Kay\u0131yor?<span class=\"ez-toc-section-end\"><\/span><\/h2>\n\n\n\n<p>KKTC ara\u00e7 piyasas\u0131nda klasik y\u00f6ntemler h\u00e2l\u00e2 \u00f6nemlidir. Oto galeriler, bireysel sat\u0131\u015flar ve tan\u0131d\u0131k \u00e7evre \u00fczerinden ger\u00e7ekle\u015fen i\u015flemler, pazarda etkisini s\u00fcrd\u00fcrmektedir. Ancak buna ra\u011fmen kullan\u0131c\u0131 al\u0131\u015fkanl\u0131klar\u0131 giderek dijital pazaryeri mant\u0131\u011f\u0131na kaymaktad\u0131r. Bunun ba\u015fl\u0131ca nedeni, ilanlar\u0131n daha h\u0131zl\u0131 g\u00f6r\u00fcnt\u00fclenmesi, lokasyon bazl\u0131 taranabilmesi, fiyatlar\u0131n kar\u015f\u0131la\u015ft\u0131r\u0131labilmesi ve karar s\u00fcrecinin \u00e7ok daha k\u0131sa s\u00fcrede tamamlanabilmesidir.<\/p>\n\n\n\n<figure class=\"wp-block-image size-large\"><img loading=\"lazy\" decoding=\"async\" width=\"885\" height=\"590\" src=\"https:\/\/www.karekod.org\/blog\/wp-content\/uploads\/2026\/03\/Kibris-Ikinci-El-Arac-Ekosistemi-Neden-Dijital-Platformlara-Kayiyor_-885x590.webp\" alt=\"K\u0131br\u0131s \u0130kinci El Ara\u00e7 Ekosistemi Neden Dijital Platformlara Kay\u0131yor?\" class=\"wp-image-55160\" srcset=\"https:\/\/www.karekod.org\/blog\/wp-content\/uploads\/2026\/03\/Kibris-Ikinci-El-Arac-Ekosistemi-Neden-Dijital-Platformlara-Kayiyor_-885x590.webp 885w, https:\/\/www.karekod.org\/blog\/wp-content\/uploads\/2026\/03\/Kibris-Ikinci-El-Arac-Ekosistemi-Neden-Dijital-Platformlara-Kayiyor_-360x240.webp 360w, https:\/\/www.karekod.org\/blog\/wp-content\/uploads\/2026\/03\/Kibris-Ikinci-El-Arac-Ekosistemi-Neden-Dijital-Platformlara-Kayiyor_-730x487.webp 730w, https:\/\/www.karekod.org\/blog\/wp-content\/uploads\/2026\/03\/Kibris-Ikinci-El-Arac-Ekosistemi-Neden-Dijital-Platformlara-Kayiyor_-350x233.webp 350w, https:\/\/www.karekod.org\/blog\/wp-content\/uploads\/2026\/03\/Kibris-Ikinci-El-Arac-Ekosistemi-Neden-Dijital-Platformlara-Kayiyor_-1100x733.webp 1100w, https:\/\/www.karekod.org\/blog\/wp-content\/uploads\/2026\/03\/Kibris-Ikinci-El-Arac-Ekosistemi-Neden-Dijital-Platformlara-Kayiyor_.webp 1200w\" sizes=\"auto, (max-width: 885px) 100vw, 885px\" \/><figcaption class=\"wp-element-caption\">K\u0131br\u0131s \u0130kinci El Ara\u00e7 Ekosistemi Neden Dijital Platformlara Kay\u0131yor?<\/figcaption><\/figure>\n\n\n\n<p>Bir kullan\u0131c\u0131 Lefko\u015fa\u2019da otomobil ararken ayn\u0131 anda Girne, Gazima\u011fusa veya \u0130skele\u2019deki ara\u00e7lar\u0131 da g\u00f6rmek isteyebilir. Geleneksel y\u00f6ntemlerle bu bilgiye ula\u015fmak hem zaman al\u0131r hem de veri b\u00fct\u00fcnl\u00fc\u011f\u00fc sunmaz. Oysa dijital ilan platformlar\u0131, ayn\u0131 anda \u00e7ok say\u0131da ilan\u0131 kullan\u0131c\u0131ya filtrelenebilir \u015fekilde sunar. Kibrisarabaal.com ana sayfas\u0131nda yer alan arama alanlar\u0131nda kategori, model, seri, il, il\u00e7e ve fiyat aral\u0131\u011f\u0131 temelli yap\u0131 bulunmas\u0131; bu anlamda kullan\u0131c\u0131 deneyiminin sadece vitrin mant\u0131\u011f\u0131yla de\u011fil, veri tabanl\u0131 ke\u015fif mant\u0131\u011f\u0131yla tasarland\u0131\u011f\u0131n\u0131 g\u00f6stermektedir.<\/p>\n\n\n\n<p>Bu durum \u00f6zellikle <strong>KKTC 2. el araba<\/strong> pazar\u0131nda \u00e7ok kritiktir. \u00c7\u00fcnk\u00fc ikinci el ara\u00e7 sat\u0131n alma s\u00fcrecinde esas problem, se\u00e7enek azl\u0131\u011f\u0131 de\u011fil; se\u00e7eneklerin d\u00fczensizli\u011fi ve g\u00fcvenilir bilgiye h\u0131zl\u0131 eri\u015fim eksikli\u011fidir. Fiyat\u0131 yaz\u0131lmam\u0131\u015f, lokasyonu belirsiz, g\u00f6rselleri yetersiz veya teknik detay\u0131 eksik bir ilan\u0131n d\u00f6n\u00fc\u015f\u00fcm oran\u0131 d\u00fc\u015f\u00fckt\u00fcr. Kullan\u0131c\u0131 art\u0131k sadece ara\u00e7 foto\u011fraf\u0131 g\u00f6rmek istemez; bulundu\u011fu \u015fehir, kategori, fiyat seviyesi, donan\u0131m ve sat\u0131c\u0131 t\u00fcr\u00fc gibi \u00e7ok say\u0131da de\u011fi\u015fkeni ayn\u0131 anda de\u011ferlendirmek ister. Bu da do\u011fal olarak profesyonel bir ara\u00e7 ilan platformunu zorunlu hale getirir.<\/p>\n\n\n\n<h2 class=\"wp-block-heading\"><span class=\"ez-toc-section\" id=\"Kibrisarabaalcom_Neyi_Farkli_Yapiyor\"><\/span>Kibrisarabaal.com Neyi Farkl\u0131 Yap\u0131yor?<span class=\"ez-toc-section-end\"><\/span><\/h2>\n\n\n\n<figure class=\"wp-block-image size-large\"><img loading=\"lazy\" decoding=\"async\" width=\"885\" height=\"590\" src=\"https:\/\/www.karekod.org\/blog\/wp-content\/uploads\/2026\/03\/Kibrisarabaal.com_-885x590.webp\" alt=\"Kibrisarabaal.com\" class=\"wp-image-55162\" srcset=\"https:\/\/www.karekod.org\/blog\/wp-content\/uploads\/2026\/03\/Kibrisarabaal.com_-885x590.webp 885w, https:\/\/www.karekod.org\/blog\/wp-content\/uploads\/2026\/03\/Kibrisarabaal.com_-360x240.webp 360w, https:\/\/www.karekod.org\/blog\/wp-content\/uploads\/2026\/03\/Kibrisarabaal.com_-730x487.webp 730w, https:\/\/www.karekod.org\/blog\/wp-content\/uploads\/2026\/03\/Kibrisarabaal.com_-350x233.webp 350w, https:\/\/www.karekod.org\/blog\/wp-content\/uploads\/2026\/03\/Kibrisarabaal.com_-1100x733.webp 1100w, https:\/\/www.karekod.org\/blog\/wp-content\/uploads\/2026\/03\/Kibrisarabaal.com_.webp 1200w\" sizes=\"auto, (max-width: 885px) 100vw, 885px\" \/><figcaption class=\"wp-element-caption\">Kibrisarabaal.com<\/figcaption><\/figure>\n\n\n\n<p>Kibrisarabaal.com\u2019un dikkat \u00e7eken y\u00f6n\u00fc, yaln\u0131zca ilan yay\u0131nlayan bir yap\u0131 sunmamas\u0131; ayn\u0131 zamanda otomotiv pazar\u0131n\u0131 d\u00fczenleyen bir kullan\u0131c\u0131 deneyimi kurmas\u0131d\u0131r. Platformda ara\u00e7 ilanlar\u0131; kategori, marka, model, seri ve lokasyon ekseninde sistematik bi\u00e7imde ayr\u0131\u015ft\u0131r\u0131lmaktad\u0131r. Ana sayfa \u00fczerinde do\u011frudan \u201cArazi, SUV, Pick-up\u201d, \u201cOtomobil\u201d, \u201cMotosiklet\u201d, \u201cElektrikli Ara\u00e7lar\u201d, \u201cHasarl\u0131 Ara\u00e7lar\u201d, \u201cKiral\u0131k Ara\u00e7lar\u201d, \u201cKlasik Ara\u00e7lar\u201d, \u201cMinivan &amp; Panelvan\u201d ve \u201cTicari Ara\u00e7lar\u201d gibi alt s\u0131n\u0131fland\u0131rmalar\u0131n g\u00f6r\u00fcnmesi, sitenin yaln\u0131zca hacim odakl\u0131 de\u011fil, segment bazl\u0131 kullan\u0131c\u0131 niyeti odakl\u0131 tasarland\u0131\u011f\u0131n\u0131 g\u00f6sterir.<\/p>\n\n\n\n<p>Ayr\u0131ca site yaln\u0131zca ilan yay\u0131nlayan bir pazar alan\u0131 gibi de\u011fil, ayn\u0131 zamanda bilgi \u00fcreten bir otomotiv i\u00e7eri\u011fi merkezi gibi konumlanmaktad\u0131r. Blog b\u00f6l\u00fcm\u00fcnde \u201cK\u0131br\u0131s Japon \u0130thal Ara\u00e7 Rehberi | Sa\u011fdan Direksiyon Avantajlar\u0131\u201d, \u201cK\u0131br\u0131s Elektrikli Ara\u00e7 Rehberi 2026 | \u015earj \u0130stasyonlar\u0131 ve Te\u015fvikler\u201d ve \u201cK\u0131br\u0131s Plaka Renkleri ve Anlamlar\u0131 | 2026 Yeni Plaka Sistemi Rehberi\u201d gibi i\u00e7eriklerin yer almas\u0131, markan\u0131n sadece al\u0131m-sat\u0131m i\u015flemiyle de\u011fil, kullan\u0131c\u0131 karar s\u00fcrecinin bilgi taraf\u0131yla da ilgilendi\u011fini g\u00f6stermektedir. Bu yakla\u015f\u0131m, marka g\u00fcveni ve organik g\u00f6r\u00fcn\u00fcrl\u00fck a\u00e7\u0131s\u0131ndan g\u00fc\u00e7l\u00fc bir avantajd\u0131r.<\/p>\n\n\n\n<p>Yine platformun SSS b\u00f6l\u00fcm\u00fcnde ilanlar\u0131 incelemek i\u00e7in \u00fcyelik gerekmedi\u011fi, ilan yay\u0131nlamak i\u00e7in ise kay\u0131t ve profil tamamlama gerekti\u011fi a\u00e7\u0131k bi\u00e7imde belirtilmektedir. Ayn\u0131 b\u00f6l\u00fcmde platformun kullan\u0131c\u0131lar i\u00e7in \u00fccretsiz oldu\u011fu ve ilanlarla ilgili takip i\u015flemlerinin kullan\u0131c\u0131 panelinden yap\u0131labildi\u011fi de aktar\u0131lmaktad\u0131r. Bu t\u00fcr a\u00e7\u0131k bilgi mimarisi, hem al\u0131c\u0131 hem sat\u0131c\u0131 taraf\u0131nda g\u00fcven duygusunu g\u00fc\u00e7lendirir.<\/p>\n\n\n\n<h2 class=\"wp-block-heading\"><span class=\"ez-toc-section\" id=\"Kibrista_2_El_Araba_Nereden_Alinir_Dogru_Kanal_Seciminin_Onemi\"><\/span>K\u0131br\u0131s\u2019ta 2. El Araba Nereden Al\u0131n\u0131r? Do\u011fru Kanal Se\u00e7iminin \u00d6nemi<span class=\"ez-toc-section-end\"><\/span><\/h2>\n\n\n\n<p>Ara\u00e7 sat\u0131n alma s\u00fcreci, yaln\u0131zca fiyat avantaj\u0131 bulma i\u015fi de\u011fildir. Do\u011fru ara\u00e7; do\u011fru segment, do\u011fru lokasyon, do\u011fru sat\u0131c\u0131 tipi ve do\u011fru zamanlama bile\u015fenlerinin birle\u015fimiyle bulunur. Bu nedenle \u201cK\u0131br\u0131s\u2019ta 2. el araba nereden al\u0131n\u0131r?\u201d sorusunun do\u011fru cevab\u0131, sat\u0131n alma davran\u0131\u015f\u0131na g\u00f6re de\u011fi\u015fmekle birlikte genel olarak sistemli ilan platformlar\u0131ndan ba\u015flamakt\u0131r.<\/p>\n\n\n\n<p>\u00c7\u00fcnk\u00fc ikinci el pazarda temel ama\u00e7 \u00f6nce piyasa foto\u011fraf\u0131n\u0131 g\u00f6rmek, sonra ara\u00e7lar\u0131 segment baz\u0131nda k\u0131yaslamak, ard\u0131ndan sat\u0131c\u0131 ile irtibata ge\u00e7mektir. Bu s\u0131ralama tersine \u00e7evrildi\u011finde kullan\u0131c\u0131 \u00e7o\u011fu zaman ya fazla \u00f6deme yapar ya da uygun se\u00e7ene\u011fi ka\u00e7\u0131r\u0131r. \u00d6zellikle <strong>k\u0131br\u0131s araba<\/strong> pazar\u0131nda ayn\u0131 modelin farkl\u0131 \u015fehirlerde farkl\u0131 fiyat seviyeleriyle listelenebilmesi, kar\u015f\u0131la\u015ft\u0131rmal\u0131 taramay\u0131 zorunlu k\u0131lar.<\/p>\n\n\n\n<p>Bir ara\u00e7 platformunun de\u011ferini belirleyen ana kriterler \u015funlard\u0131r: ilan \u00e7e\u015fitlili\u011fi, filtreleme kapasitesi, kategori derinli\u011fi, lokasyon bazl\u0131 tarama, galeri entegrasyonu, \u00fccretsiz ilan altyap\u0131s\u0131, kullan\u0131c\u0131 paneli ve g\u00fcven veren marka dili. Kibrisarabaal.com\u2019un ana sayfa ve bilgi mimarisi incelendi\u011finde, bu ba\u015fl\u0131klar\u0131n b\u00fcy\u00fck b\u00f6l\u00fcm\u00fcn\u00fc do\u011frudan kullan\u0131c\u0131ya sundu\u011fu g\u00f6r\u00fclmektedir.<\/p>\n\n\n\n<h2 class=\"wp-block-heading\"><span class=\"ez-toc-section\" id=\"Hizli_Degerlendirme_Tablosu\"><\/span>H\u0131zl\u0131 De\u011ferlendirme Tablosu<span class=\"ez-toc-section-end\"><\/span><\/h2>\n\n\n\n<figure class=\"wp-block-image size-large\"><img loading=\"lazy\" decoding=\"async\" width=\"885\" height=\"590\" src=\"https:\/\/www.karekod.org\/blog\/wp-content\/uploads\/2026\/03\/Hizli-Degerlendirme-Tablosu-885x590.webp\" alt=\"H\u0131zl\u0131 Deg\u0306erlendirme Tablosu\" class=\"wp-image-55161\" srcset=\"https:\/\/www.karekod.org\/blog\/wp-content\/uploads\/2026\/03\/Hizli-Degerlendirme-Tablosu-885x590.webp 885w, https:\/\/www.karekod.org\/blog\/wp-content\/uploads\/2026\/03\/Hizli-Degerlendirme-Tablosu-360x240.webp 360w, https:\/\/www.karekod.org\/blog\/wp-content\/uploads\/2026\/03\/Hizli-Degerlendirme-Tablosu-730x487.webp 730w, https:\/\/www.karekod.org\/blog\/wp-content\/uploads\/2026\/03\/Hizli-Degerlendirme-Tablosu-350x233.webp 350w, https:\/\/www.karekod.org\/blog\/wp-content\/uploads\/2026\/03\/Hizli-Degerlendirme-Tablosu-1100x733.webp 1100w, https:\/\/www.karekod.org\/blog\/wp-content\/uploads\/2026\/03\/Hizli-Degerlendirme-Tablosu.webp 1200w\" sizes=\"auto, (max-width: 885px) 100vw, 885px\" \/><figcaption class=\"wp-element-caption\">H\u0131zl\u0131 Deg\u0306erlendirme Tablosu<\/figcaption><\/figure>\n\n\n\n<figure class=\"wp-block-table\"><table class=\"has-fixed-layout\"><thead><tr><th>Kanal<\/th><th>Kullan\u0131m Amac\u0131<\/th><th>Ba\u015fl\u0131ca Avantaj<\/th><th>Operasyonel Dezavantaj<\/th><\/tr><\/thead><tbody><tr><td>\u0130lan platformu<\/td><td>Piyasa taramas\u0131, kar\u015f\u0131la\u015ft\u0131rma, h\u0131zl\u0131 eri\u015fim<\/td><td>Filtreleme, \u015fehir bazl\u0131 arama, \u00e7oklu ilan g\u00f6r\u00fcn\u00fcrl\u00fc\u011f\u00fc<\/td><td>Her ilan\u0131n teknik do\u011frulamas\u0131 al\u0131c\u0131 taraf\u0131ndan ayr\u0131ca yap\u0131lmal\u0131d\u0131r<\/td><\/tr><tr><td>Oto galeri<\/td><td>Kurumsal muhatapla i\u015flem yapmak<\/td><td>Daha d\u00fczenli sunum, yerinde g\u00f6rme imk\u00e2n\u0131<\/td><td>Fiyat seviyesi bireysel sat\u0131\u015flara g\u00f6re daha y\u00fcksek olabilir<\/td><\/tr><tr><td>Sosyal medya ilanlar\u0131<\/td><td>H\u0131zl\u0131 f\u0131rsat takibi<\/td><td>Do\u011frudan ileti\u015fim<\/td><td>D\u00fc\u015f\u00fck veri standard\u0131, d\u00fczensiz i\u00e7erik, kar\u015f\u0131la\u015ft\u0131rma zorlu\u011fu<\/td><\/tr><tr><td>Bireysel sat\u0131\u015f<\/td><td>Uygun fiyat aray\u0131\u015f\u0131<\/td><td>Pazarl\u0131k esnekli\u011fi<\/td><td>Teknik risk ve evrak do\u011frulama ihtiyac\u0131 daha y\u00fcksektir<\/td><\/tr><\/tbody><\/table><\/figure>\n\n\n\n<p>Bu tabloya bak\u0131ld\u0131\u011f\u0131nda, ilk temas noktas\u0131 olarak ilan platformlar\u0131n\u0131n daha rasyonel bir ba\u015flang\u0131\u00e7 sundu\u011fu g\u00f6r\u00fclmektedir. \u00c7\u00fcnk\u00fc kullan\u0131c\u0131 \u00f6nce pazar\u0131n genel yap\u0131s\u0131n\u0131 g\u00f6r\u00fcr, sonra detayl\u0131 elemeye ge\u00e7er. Bu da \u00f6zellikle <strong>KKTC 2. el araba<\/strong> aramalar\u0131nda daha y\u00fcksek karar verimlili\u011fi sa\u011flar.<\/p>\n\n\n\n<h2 class=\"wp-block-heading\"><span class=\"ez-toc-section\" id=\"KKTC_arabam_Icin_Dogru_Satis_Altyapisi_Neden_Onemlidir\"><\/span>KKTC arabam \u0130\u00e7in Do\u011fru Sat\u0131\u015f Altyap\u0131s\u0131 Neden \u00d6nemlidir?<span class=\"ez-toc-section-end\"><\/span><\/h2>\n\n\n\n<p>Bir\u00e7ok kullan\u0131c\u0131 ara\u00e7 sat\u0131n alman\u0131n yan\u0131 s\u0131ra sat\u0131\u015f taraf\u0131nda da do\u011fru kanal\u0131 bulmak ister. \u201c<strong>KKTC arabam<\/strong> i\u00e7in nerede ilan vermeliyim?\u201d sorusu, sat\u0131\u015f performans\u0131n\u0131 do\u011frudan etkileyen stratejik bir sorudur. \u00c7\u00fcnk\u00fc sat\u0131\u015f s\u00fcresini k\u0131saltan unsur yaln\u0131zca fiyat de\u011fildir; g\u00f6r\u00fcn\u00fcrl\u00fck, a\u00e7\u0131kl\u0131k, do\u011fru kategori se\u00e7imi ve hedef kitle eri\u015fimidir.<\/p>\n\n\n\n<p>Kibrisarabaal.com ana sayfas\u0131nda yer alan \u201c\u00dccretsiz \u0130lan Ekle\u201d, \u201cHemen \u0130lan Ver\u201d ve \u201c\u0130lan\u0131n 365 g\u00fcn\u2019e kadar \u00fccretsiz yay\u0131nda kal\u0131r\u201d gibi vurgular, platformun sadece al\u0131c\u0131 i\u00e7in de\u011fil sat\u0131c\u0131 i\u00e7in de y\u00fcksek eri\u015fim mant\u0131\u011f\u0131yla \u00e7al\u0131\u015ft\u0131\u011f\u0131n\u0131 g\u00f6stermektedir. Ayr\u0131ca kullan\u0131c\u0131 paneli \u00fczerinden ilanlar\u0131n takip edilebildi\u011fi bilgisi de sitenin ilan ya\u015fam d\u00f6ng\u00fcs\u00fcn\u00fc y\u00f6netilebilir hale getirdi\u011fini ortaya koymaktad\u0131r. Bu, sat\u0131\u015f verimlili\u011fi a\u00e7\u0131s\u0131ndan son derece \u00f6nemlidir.<\/p>\n\n\n\n<p>Sat\u0131c\u0131 a\u00e7\u0131s\u0131ndan do\u011fru platform se\u00e7imi \u015fu avantajlar\u0131 \u00fcretir: ilan daha fazla kullan\u0131c\u0131ya ula\u015f\u0131r, ara\u00e7 do\u011fru kategoride g\u00f6r\u00fcn\u00fcr, potansiyel al\u0131c\u0131 filtreleme ile ilana eri\u015febilir, lokasyon do\u011fru g\u00f6r\u00fcnt\u00fclenir ve ileti\u015fim s\u00fcreci daha d\u00fczenli y\u00fcr\u00fcr. \u00d6zellikle ada pazar\u0131nda lokasyonun \u00f6nemli olmas\u0131 nedeniyle, Lefko\u015fa\u2019daki bir kullan\u0131c\u0131 ile Girne\u2019deki bir kullan\u0131c\u0131 farkl\u0131 ara\u00e7 tercihleri g\u00f6sterebilir. Bu nedenle \u015fehir bazl\u0131 g\u00f6r\u00fcn\u00fcrl\u00fck sat\u0131\u015f performans\u0131n\u0131 etkileyen temel unsurlardan biridir.<\/p>\n\n\n\n<h2 class=\"wp-block-heading\"><span class=\"ez-toc-section\" id=\"KKTC_2_El_Araba_Arayan_Kullanici_Icin_Profesyonel_Inceleme_Sureci_Nasil_Olmali\"><\/span>KKTC 2. El Araba Arayan Kullan\u0131c\u0131 \u0130\u00e7in Profesyonel \u0130nceleme S\u00fcreci Nas\u0131l Olmal\u0131?<span class=\"ez-toc-section-end\"><\/span><\/h2>\n\n\n\n<p>\u0130kinci el ara\u00e7 sat\u0131n alma s\u00fcreci profesyonel \u015fekilde y\u00f6netildi\u011finde hata oran\u0131 \u00f6nemli \u00f6l\u00e7\u00fcde d\u00fc\u015fer. Bunun i\u00e7in \u00f6nce do\u011fru pazaryeri se\u00e7ilmeli, ard\u0131ndan ara\u00e7lar sistematik bi\u00e7imde elenmelidir. Bu s\u00fcre\u00e7te \u00f6nerilen \u00e7al\u0131\u015fma modeli \u015fu mant\u0131\u011fa dayan\u0131r:<\/p>\n\n\n\n<p>\u00d6nce pazar taramas\u0131 yap\u0131l\u0131r. Sonra benzer segmentteki ara\u00e7lar k\u0131yaslan\u0131r. Ard\u0131ndan teknik kontroller i\u00e7in k\u0131sa liste haz\u0131rlan\u0131r. Son a\u015famada sat\u0131c\u0131 ile temas kurulur ve ekspertiz s\u00fcrecine ge\u00e7ilir.<\/p>\n\n\n\n<p>Bu nedenle ilan platformu se\u00e7imi, s\u00fcrecin en ba\u015f\u0131ndaki en kritik karard\u0131r. E\u011fer kullan\u0131c\u0131 d\u00fczensiz ve yetersiz bilgi sunan kaynaklardan ba\u015flarsa zaman kaybeder. E\u011fer \u00e7ok say\u0131da ilan\u0131 bir arada g\u00f6rebildi\u011fi, kategori ve konum bazl\u0131 filtreleme yapabildi\u011fi bir altyap\u0131dan ba\u015flarsa s\u00fcre\u00e7 \u00e7ok daha verimli ilerler. Kibrisarabaal.com\u2019un \u201cBinlerce g\u00fcncel ara\u00e7 ilan\u0131\u201d, \u201cdetayl\u0131 filtreleme se\u00e7enekleri\u201d, \u201cbinlerce ara\u00e7, tek platform\u201d ve \u015fehir bazl\u0131 arama yap\u0131s\u0131 bu a\u00e7\u0131dan dikkat \u00e7eken bir \u00e7er\u00e7eve sunmaktad\u0131r.<\/p>\n\n\n\n<h2 class=\"wp-block-heading\"><span class=\"ez-toc-section\" id=\"Karsilastirma_Tablosu_Kibrisarabaalcom_Benzeri_Profesyonel_Platformlar_ile_Diger_Kanallar\"><\/span>Kar\u015f\u0131la\u015ft\u0131rma Tablosu: Kibrisarabaal.com Benzeri Profesyonel Platformlar ile Di\u011fer Kanallar<span class=\"ez-toc-section-end\"><\/span><\/h2>\n\n\n\n<figure class=\"wp-block-table\"><table class=\"has-fixed-layout\"><thead><tr><th>Kriter<\/th><th>Profesyonel ilan platformu yakla\u015f\u0131m\u0131<\/th><th>Oto galeri modeli<\/th><th>Sosyal medya gruplar\u0131<\/th><th>Da\u011f\u0131n\u0131k bireysel sat\u0131\u015f<\/th><\/tr><\/thead><tbody><tr><td>\u0130lan eri\u015fimi<\/td><td>Merkezi ve toplu<\/td><td>S\u0131n\u0131rl\u0131 stok<\/td><td>Da\u011f\u0131n\u0131k<\/td><td>Tekil<\/td><\/tr><tr><td>Arama filtreleri<\/td><td>Geni\u015f<\/td><td>D\u00fc\u015f\u00fck<\/td><td>\u00c7ok d\u00fc\u015f\u00fck<\/td><td>Yok<\/td><\/tr><tr><td>Lokasyon bazl\u0131 tarama<\/td><td>Var<\/td><td>S\u0131n\u0131rl\u0131<\/td><td>Zor<\/td><td>Genelde manuel<\/td><\/tr><tr><td>Marka-model k\u0131yas\u0131<\/td><td>Kolay<\/td><td>Orta<\/td><td>Zor<\/td><td>Zor<\/td><\/tr><tr><td>Kullan\u0131c\u0131 deneyimi<\/td><td>Y\u00fcksek<\/td><td>Orta<\/td><td>D\u00fc\u015f\u00fck<\/td><td>D\u00fc\u015f\u00fck<\/td><\/tr><tr><td>Sat\u0131c\u0131ya ula\u015f\u0131m<\/td><td>H\u0131zl\u0131<\/td><td>H\u0131zl\u0131<\/td><td>De\u011fi\u015fken<\/td><td>Do\u011frudan<\/td><\/tr><tr><td>Pazar g\u00f6r\u00fcn\u00fcrl\u00fc\u011f\u00fc<\/td><td>Y\u00fcksek<\/td><td>Orta<\/td><td>D\u00fczensiz<\/td><td>D\u00fc\u015f\u00fck<\/td><\/tr><tr><td>Karar verimlili\u011fi<\/td><td>Y\u00fcksek<\/td><td>Orta<\/td><td>D\u00fc\u015f\u00fck<\/td><td>D\u00fc\u015f\u00fck<\/td><\/tr><\/tbody><\/table><\/figure>\n\n\n\n<p>Bu kar\u015f\u0131la\u015ft\u0131rma, neden dijital ve yap\u0131land\u0131r\u0131lm\u0131\u015f otomotiv platformlar\u0131n\u0131n \u00f6ne \u00e7\u0131kt\u0131\u011f\u0131n\u0131 a\u00e7\u0131k bi\u00e7imde g\u00f6stermektedir. Kullan\u0131c\u0131 i\u00e7in en de\u011ferli unsur art\u0131k sadece ilana eri\u015fmek de\u011fil; k\u0131sa s\u00fcrede do\u011fru ilan\u0131n i\u00e7inden do\u011fru arac\u0131 se\u00e7ebilmektir.<\/p>\n\n\n\n<h2 class=\"wp-block-heading\"><span class=\"ez-toc-section\" id=\"Kibris_Araba_Alirken_Teknik_Olarak_Nelere_Dikkat_Edilmeli\"><\/span>K\u0131br\u0131s Araba Al\u0131rken Teknik Olarak Nelere Dikkat Edilmeli?<span class=\"ez-toc-section-end\"><\/span><\/h2>\n\n\n\n<p>Her ne kadar platform se\u00e7imi \u00f6nemli olsa da ikinci el ara\u00e7 al\u0131m\u0131nda teknik kontrol s\u00fcreci vazge\u00e7ilmezdir. \u00d6zellikle KKTC pazar\u0131nda ara\u00e7 al\u0131rken \u015fu ba\u015fl\u0131klar\u0131n detayl\u0131 bi\u00e7imde de\u011ferlendirilmesi gerekir:<\/p>\n\n\n\n<p>Ara\u00e7 ge\u00e7mi\u015fi kontrol edilmelidir. Ruhsat bilgileri ile ilan bilgilerinin birbiriyle uyumlu olmas\u0131 \u00f6nemlidir. Kilometre verisinin ger\u00e7ek\u00e7ili\u011fi de\u011ferlendirilmelidir. D\u00fczenli bak\u0131m ge\u00e7mi\u015fi sorgulanmal\u0131d\u0131r. Kaporta ve boya kontrolleri yap\u0131lmal\u0131d\u0131r. \u015easi do\u011frulu\u011fu incelenmelidir. Motor ve \u015fanz\u0131man performans\u0131 yerinde test edilmelidir. Fren, s\u00fcspansiyon ve direksiyon sistemleri kontrol edilmelidir. Lastik durumu, ak\u00fc verimlili\u011fi ve elektronik donan\u0131mlar test edilmelidir.<\/p>\n\n\n\n<p>Ayr\u0131ca adadaki kullan\u0131m ko\u015fullar\u0131 nedeniyle baz\u0131 ara\u00e7lar k\u0131y\u0131 b\u00f6lgelerinde nem ve \u00e7evresel etki a\u00e7\u0131s\u0131ndan daha dikkatli incelenmelidir. Yine \u015fehir i\u00e7i yo\u011fun kullan\u0131lan ara\u00e7larla uzun yolda kullan\u0131lan ara\u00e7lar\u0131n kondisyon profili farkl\u0131 olabilir. Bu nedenle ara\u00e7 yaln\u0131zca ilandaki g\u00f6rseller \u00fczerinden de\u011fil, kullan\u0131m ba\u011flam\u0131 \u00fczerinden de de\u011ferlendirilmelidir.<\/p>\n\n\n\n<p>Ancak burada \u00f6nemli nokta \u015fudur: Bu teknik inceleme a\u015famas\u0131na ge\u00e7ebilmek i\u00e7in \u00f6nce iyi bir filtreleme a\u015famas\u0131 gerekir. \u0130\u015fte bu nedenle profesyonel ara\u00e7 platformlar\u0131, sat\u0131n alma \u00f6ncesi ilk teknik eleme i\u00e7in \u00e7ok de\u011ferlidir. Kullan\u0131c\u0131 rastgele onlarca ilanla u\u011fra\u015fmak yerine, \u00f6nce do\u011fru ilanlar\u0131 ay\u0131klayabilir.<\/p>\n\n\n\n<h2 class=\"wp-block-heading\"><span class=\"ez-toc-section\" id=\"Kibrista_Arac_Satin_Alma_Surecinde_Marka_Guveni_Nasil_Olusur\"><\/span>K\u0131br\u0131s\u2019ta Ara\u00e7 Sat\u0131n Alma S\u00fcrecinde Marka G\u00fcveni Nas\u0131l Olu\u015fur?<span class=\"ez-toc-section-end\"><\/span><\/h2>\n\n\n\n<p>Dijital pazaryerlerinde marka g\u00fcveni, sadece tasar\u0131mla olu\u015fmaz. G\u00fcven; bilgi mimarisi, a\u00e7\u0131k ileti\u015fim, kullan\u0131c\u0131ya g\u00f6sterilen s\u00fcre\u00e7 \u015feffafl\u0131\u011f\u0131 ve i\u00e7erik kalitesiyle kurulur. Kibrisarabaal.com bu a\u00e7\u0131dan yaln\u0131zca ara\u00e7 listelemeleriyle de\u011fil; galeri alanlar\u0131, s\u0131k\u00e7a sorulan sorular b\u00f6l\u00fcm\u00fc, blog i\u00e7erikleri ve ilan verme s\u00fcre\u00e7lerini net bi\u00e7imde anlatan yap\u0131 ta\u015flar\u0131yla daha kurumsal bir izlenim \u00fcretmektedir. \u00d6zellikle ilan incelemek i\u00e7in \u00fcyelik zorunlu olmamas\u0131, buna kar\u015f\u0131l\u0131k ilan vermek i\u00e7in profil tamamlama ve kontrol s\u00fcreci bulunmas\u0131, platform taraf\u0131nda bir d\u00fczen ve kalite standard\u0131 hedeflendi\u011fini d\u00fc\u015f\u00fcnd\u00fcrmektedir.<\/p>\n\n\n\n<p>Bu yap\u0131, kullan\u0131c\u0131 a\u00e7\u0131s\u0131ndan son derece de\u011ferlidir. \u00c7\u00fcnk\u00fc ikinci el ara\u00e7 pazar\u0131nda en kritik iki duygu; zaman kayb\u0131 endi\u015fesi ve g\u00fcven sorunudur. E\u011fer bir platform bu iki problemi azaltabiliyorsa, do\u011fal olarak daha y\u00fcksek kullan\u0131c\u0131 sadakati \u00fcretir. Bu nedenle <strong>K\u0131br\u0131s araba<\/strong> odakl\u0131 aramalarda sistematik \u00e7al\u0131\u015fan ve kullan\u0131c\u0131y\u0131 i\u00e7erikle destekleyen platformlar, klasik ilan mant\u0131\u011f\u0131n\u0131n \u00f6tesine ge\u00e7er.<\/p>\n\n\n\n<h2 class=\"wp-block-heading\"><span class=\"ez-toc-section\" id=\"Kibrisarabaalcom_Neden_Tanitim_Yazisi_Niteliginde_One_Cikarilabilecek_Bir_Platform\"><\/span>Kibrisarabaal.com Neden Tan\u0131t\u0131m Yaz\u0131s\u0131 Niteli\u011finde \u00d6ne \u00c7\u0131kar\u0131labilecek Bir Platform?<span class=\"ez-toc-section-end\"><\/span><\/h2>\n\n\n\n<p>Bir tan\u0131t\u0131m metninde bir markay\u0131 \u00f6ne \u00e7\u0131karman\u0131n en do\u011fru yolu, abart\u0131l\u0131 s\u00f6ylemler de\u011fil; g\u00f6zle g\u00f6r\u00fcl\u00fcr faydalar\u0131 anlatmakt\u0131r. Kibrisarabaal.com a\u00e7\u0131s\u0131ndan bak\u0131ld\u0131\u011f\u0131nda \u00f6ne \u00e7\u0131kan faydalar a\u00e7\u0131k bi\u00e7imde \u015funlard\u0131r: \u00e7ok say\u0131da ara\u00e7 ilan\u0131n\u0131 tek platformda toplamas\u0131, detayl\u0131 filtreleme sunmas\u0131, il ve il\u00e7e bazl\u0131 taramaya izin vermesi, bireysel kullan\u0131c\u0131 ile galeri sto\u011funu ayn\u0131 zeminde bulu\u015fturmas\u0131, \u00fccretsiz ilan altyap\u0131s\u0131 sunmas\u0131 ve otomotiv odakl\u0131 blog i\u00e7erikleriyle kullan\u0131c\u0131y\u0131 bilgilendirmesidir. Ana sayfadaki \u201cK\u0131br\u0131s\u2019ta 2. El Ara\u00e7 Al\u0131m Sat\u0131m\u0131n\u0131n En G\u00fcvenilir Adresi\u201d vurgusu ile \u201cdo\u011frulanm\u0131\u015f ilanlar, g\u00fc\u00e7l\u00fc filtreleme ve 7\/24 destek\u201d s\u00f6ylemi de platformun kendini hangi de\u011fer \u00f6nermesiyle konumland\u0131rd\u0131\u011f\u0131n\u0131 g\u00f6stermektedir.<\/p>\n\n\n\n<p>Tan\u0131t\u0131m diliyle ifade etmek gerekirse; K\u0131br\u0131s\u2019ta ara\u00e7 arayan kullan\u0131c\u0131 i\u00e7in zaman kaybetmeden do\u011fru se\u00e7ene\u011fe ula\u015fmak, arac\u0131n\u0131 satmak isteyen kullan\u0131c\u0131 i\u00e7in ise binlerce al\u0131c\u0131ya g\u00f6r\u00fcn\u00fcr olmak son derece kritiktir. \u0130\u015fte kibrisarabaal.com, tam da bu iki ihtiyac\u0131 ayn\u0131 sistem i\u00e7inde bulu\u015fturmay\u0131 ama\u00e7layan bir otomotiv pazaryeri olarak dikkat \u00e7eker. \u0130ster ilk arac\u0131n\u0131 arayan bir kullan\u0131c\u0131 olun, ister galeriniz i\u00e7in g\u00f6r\u00fcn\u00fcrl\u00fck arayan profesyonel bir sat\u0131c\u0131 olun, platformun sundu\u011fu dijital yap\u0131 s\u00fcre\u00e7leri sadele\u015ftiren bir merkez i\u015flevi g\u00f6rmektedir.<\/p>\n\n\n\n<h2 class=\"wp-block-heading\"><span class=\"ez-toc-section\" id=\"Kibrisarabaalcom_Hakkinda_Editor_Yorumu\"><\/span>Kibrisarabaal.com Hakk\u0131nda Edit\u00f6r Yorumu<span class=\"ez-toc-section-end\"><\/span><\/h2>\n\n\n\n<p>Edit\u00f6ryal perspektiften bak\u0131ld\u0131\u011f\u0131nda, K\u0131br\u0131s ikinci el ara\u00e7 piyasas\u0131nda en do\u011fru ba\u015flang\u0131\u00e7 noktas\u0131; da\u011f\u0131n\u0131k kaynaklar yerine d\u00fczenli bir ilan altyap\u0131s\u0131 sunan profesyonel platformlard\u0131r. \u00c7\u00fcnk\u00fc sat\u0131n alma karar\u0131 \u00f6nce veriyle, sonra temasla, ard\u0131ndan teknik do\u011frulamayla verilmelidir. Kibrisarabaal.com bu s\u0131ralamay\u0131 destekleyen bir yap\u0131 sunuyor. Kategori bazl\u0131 ayr\u0131\u015ft\u0131rma, il filtreleri, galeri b\u00f6l\u00fcm\u00fc, \u00fccretsiz ilan verme sistemi ve bilgi odakl\u0131 blog yakla\u015f\u0131m\u0131 sayesinde platform yaln\u0131zca ilan g\u00f6steren bir vitrin de\u011fil; karar verme s\u00fcrecini h\u0131zland\u0131ran bir dijital otomotiv merkezi gibi \u00e7al\u0131\u015f\u0131yor. \u00d6zellikle <strong>KKTC 2 el araba<\/strong>, <strong>k\u0131br\u0131s araba<\/strong> ve <strong>KKTC arabam<\/strong> aramalar\u0131nda kullan\u0131c\u0131 niyetine uygun sayfa yap\u0131s\u0131 sunmas\u0131, onu tan\u0131t\u0131m de\u011feri y\u00fcksek ve SEO a\u00e7\u0131s\u0131ndan g\u00fc\u00e7l\u00fc bir mecra haline getiriyor.<\/p>\n\n\n\n<h2 class=\"wp-block-heading\"><span class=\"ez-toc-section\" id=\"Sikca_Sorulan_Sorular\"><\/span>S\u0131k\u00e7a Sorulan Sorular<span class=\"ez-toc-section-end\"><\/span><\/h2>\n\n\n\n<div class=\"schema-faq wp-block-yoast-faq-block\"><div class=\"schema-faq-section\" id=\"faq-question-1773141004348\"><strong class=\"schema-faq-question\">K\u0131br\u0131s\u2019ta 2. el araba nereden al\u0131n\u0131r?<\/strong> <p class=\"schema-faq-answer\">En do\u011fru ba\u015flang\u0131\u00e7 noktas\u0131, \u00e7ok say\u0131da ilan\u0131 tek noktada toplayan ve filtreleme imk\u00e2n\u0131 sunan profesyonel ara\u00e7 ilan platformlar\u0131d\u0131r. B\u00f6ylece kullan\u0131c\u0131 fiyat, model, kategori ve lokasyon k\u0131yas\u0131 yapabilir.<\/p> <\/div> <div class=\"schema-faq-section\" id=\"faq-question-1773141009102\"><strong class=\"schema-faq-question\">Kibrisarabaal.com kullan\u0131c\u0131ya ne sunuyor?<\/strong> <p class=\"schema-faq-answer\">Platform; ara\u00e7 kategorileri, il bazl\u0131 filtreleme, galeri alan\u0131, \u00fccretsiz ilan verme altyap\u0131s\u0131, kullan\u0131c\u0131 paneli ve otomotiv odakl\u0131 blog i\u00e7erikleriyle hem al\u0131c\u0131 hem sat\u0131c\u0131 taraf\u0131na entegre bir deneyim sunmaktad\u0131r.<\/p> <\/div> <div class=\"schema-faq-section\" id=\"faq-question-1773141032338\"><strong class=\"schema-faq-question\">K\u0131br\u0131s araba piyasas\u0131nda galeri mi yoksa bireysel sat\u0131\u015f m\u0131 avantajl\u0131d\u0131r?<\/strong> <p class=\"schema-faq-answer\">Galeriler kurumsal muhatap avantaj\u0131 sunabilir, bireysel sat\u0131\u015flar ise fiyat a\u00e7\u0131s\u0131ndan daha esnek olabilir. Ancak her iki modelde de ilk piyasa taramas\u0131n\u0131 ilan platformu \u00fczerinden yapmak daha verimlidir.<\/p> <\/div> <\/div>\n","protected":false},"excerpt":{"rendered":"<p>Kuzey K\u0131br\u0131s T\u00fcrk Cumhuriyeti\u2019nde otomobil sahibi olmak, g\u00fcnl\u00fck mobilite ihtiyac\u0131ndan yat\u0131r\u0131m ama\u00e7l\u0131 ara\u00e7 edinimine kadar geni\u015f bir kullan\u0131m alan\u0131na sahiptir. [&hellip;]<\/p>\n","protected":false},"author":1,"featured_media":55165,"comment_status":"open","ping_status":"open","sticky":false,"template":"","format":"standard","meta":{"footnotes":""},"categories":[3938],"tags":[5409,5410,5406,5407,5408],"class_list":["post-55158","post","type-post","status-publish","format-standard","has-post-thumbnail","hentry","category-arac-fiyatlari","tag-kibris-2-el-araba-nereden-alinir","tag-kibris-2-el-oto","tag-kktc-2-el-araba","tag-kktc-2-el-araba-alim-satim","tag-kktc-araba-alim-satim"],"yoast_head":"<!-- This site is optimized with the Yoast SEO plugin v27.5 - https:\/\/yoast.com\/product\/yoast-seo-wordpress\/ -->\n<title>K\u0131br\u0131s\u2019ta 2. El Araba Alman\u0131n En Kolay Yolu: Kibrisarabaal.com - Karekod Blog<\/title>\n<meta name=\"description\" content=\"&quot;K\u0131br\u0131s\u2019ta 2. el araba nereden al\u0131n\u0131r?\u201d sorusunun do\u011fru cevab\u0131, sat\u0131n alma davran\u0131\u015f\u0131na g\u00f6re de\u011fi\u015fmekle birlikte genel Kibrisarabaal.com..\" \/>\n<meta name=\"robots\" content=\"index, follow, max-snippet:-1, max-image-preview:large, max-video-preview:-1\" \/>\n<link rel=\"canonical\" href=\"https:\/\/www.karekod.org\/blog\/kibrisarabaal-com-kibrista-2-el-araba-nereden-alinir\/\" \/>\n<meta property=\"og:locale\" content=\"tr_TR\" \/>\n<meta property=\"og:type\" content=\"article\" \/>\n<meta property=\"og:title\" content=\"K\u0131br\u0131s\u2019ta 2. El Araba Alman\u0131n En Kolay Yolu: Kibrisarabaal.com - Karekod Blog\" \/>\n<meta property=\"og:description\" content=\"&quot;K\u0131br\u0131s\u2019ta 2. el araba nereden al\u0131n\u0131r?\u201d sorusunun do\u011fru cevab\u0131, sat\u0131n alma davran\u0131\u015f\u0131na g\u00f6re de\u011fi\u015fmekle birlikte genel Kibrisarabaal.com..\" \/>\n<meta property=\"og:url\" content=\"https:\/\/www.karekod.org\/blog\/kibrisarabaal-com-kibrista-2-el-araba-nereden-alinir\/\" \/>\n<meta property=\"og:site_name\" content=\"Karekod Blog\" \/>\n<meta property=\"article:publisher\" content=\"https:\/\/www.facebook.com\/QarMenu\/\" \/>\n<meta property=\"article:author\" content=\"https:\/\/www.facebook.com\/mentor.perplexed\/\" \/>\n<meta property=\"article:published_time\" content=\"2026-03-10T11:43:44+00:00\" \/>\n<meta property=\"article:modified_time\" content=\"2026-03-10T11:54:53+00:00\" \/>\n<meta property=\"og:image\" content=\"https:\/\/www.karekod.org\/blog\/wp-content\/uploads\/2026\/03\/Kibrisarabaal.com-2.webp\" \/>\n\t<meta property=\"og:image:width\" content=\"1200\" \/>\n\t<meta property=\"og:image:height\" content=\"675\" \/>\n\t<meta property=\"og:image:type\" content=\"image\/webp\" \/>\n<meta name=\"author\" content=\"Muharrem Emino\u011flu\" \/>\n<meta name=\"twitter:card\" content=\"summary_large_image\" \/>\n<meta name=\"twitter:creator\" content=\"@temassizmenu\" \/>\n<meta name=\"twitter:site\" content=\"@temassizmenu\" \/>\n<meta name=\"twitter:label1\" content=\"Yazan:\" \/>\n\t<meta name=\"twitter:data1\" content=\"Muharrem Emino\u011flu\" \/>\n\t<meta name=\"twitter:label2\" content=\"Tahmini okuma s\u00fcresi\" \/>\n\t<meta name=\"twitter:data2\" content=\"14 dakika\" \/>\n<script type=\"application\/ld+json\" class=\"yoast-schema-graph\">{\"@context\":\"https:\\\/\\\/schema.org\",\"@graph\":[{\"@type\":\"NewsArticle\",\"@id\":\"https:\\\/\\\/www.karekod.org\\\/blog\\\/kibrisarabaal-com-kibrista-2-el-araba-nereden-alinir\\\/#article\",\"isPartOf\":{\"@id\":\"https:\\\/\\\/www.karekod.org\\\/blog\\\/kibrisarabaal-com-kibrista-2-el-araba-nereden-alinir\\\/\"},\"author\":{\"name\":\"Muharrem Emino\u011flu\",\"@id\":\"https:\\\/\\\/www.karekod.org\\\/blog\\\/#\\\/schema\\\/person\\\/8c87c879aca1c63c7438bf937a5da8bd\"},\"headline\":\"K\u0131br\u0131s\u2019ta 2. El Araba Alman\u0131n En Kolay Yolu: Kibrisarabaal.com\",\"datePublished\":\"2026-03-10T11:43:44+00:00\",\"dateModified\":\"2026-03-10T11:54:53+00:00\",\"mainEntityOfPage\":{\"@id\":\"https:\\\/\\\/www.karekod.org\\\/blog\\\/kibrisarabaal-com-kibrista-2-el-araba-nereden-alinir\\\/\"},\"wordCount\":3213,\"commentCount\":0,\"publisher\":{\"@id\":\"https:\\\/\\\/www.karekod.org\\\/blog\\\/#organization\"},\"image\":{\"@id\":\"https:\\\/\\\/www.karekod.org\\\/blog\\\/kibrisarabaal-com-kibrista-2-el-araba-nereden-alinir\\\/#primaryimage\"},\"thumbnailUrl\":\"https:\\\/\\\/www.karekod.org\\\/blog\\\/wp-content\\\/uploads\\\/2026\\\/03\\\/Kibrisarabaal.com-2.webp\",\"keywords\":[\"K\u0131br\u0131s 2. el araba nereden al\u0131n\u0131r\",\"K\u0131br\u0131s 2. el oto\",\"KKTC 2.el araba\",\"KKTC 2.el Araba al\u0131m sat\u0131m\",\"KKTC araba al\u0131m sat\u0131m\"],\"articleSection\":[\"Ara\u00e7 Fiyatlar\u0131\"],\"inLanguage\":\"tr\",\"potentialAction\":[{\"@type\":\"CommentAction\",\"name\":\"Comment\",\"target\":[\"https:\\\/\\\/www.karekod.org\\\/blog\\\/kibrisarabaal-com-kibrista-2-el-araba-nereden-alinir\\\/#respond\"]}]},{\"@type\":[\"WebPage\",\"FAQPage\"],\"@id\":\"https:\\\/\\\/www.karekod.org\\\/blog\\\/kibrisarabaal-com-kibrista-2-el-araba-nereden-alinir\\\/\",\"url\":\"https:\\\/\\\/www.karekod.org\\\/blog\\\/kibrisarabaal-com-kibrista-2-el-araba-nereden-alinir\\\/\",\"name\":\"K\u0131br\u0131s\u2019ta 2. El Araba Alman\u0131n En Kolay Yolu: Kibrisarabaal.com - Karekod Blog\",\"isPartOf\":{\"@id\":\"https:\\\/\\\/www.karekod.org\\\/blog\\\/#website\"},\"primaryImageOfPage\":{\"@id\":\"https:\\\/\\\/www.karekod.org\\\/blog\\\/kibrisarabaal-com-kibrista-2-el-araba-nereden-alinir\\\/#primaryimage\"},\"image\":{\"@id\":\"https:\\\/\\\/www.karekod.org\\\/blog\\\/kibrisarabaal-com-kibrista-2-el-araba-nereden-alinir\\\/#primaryimage\"},\"thumbnailUrl\":\"https:\\\/\\\/www.karekod.org\\\/blog\\\/wp-content\\\/uploads\\\/2026\\\/03\\\/Kibrisarabaal.com-2.webp\",\"datePublished\":\"2026-03-10T11:43:44+00:00\",\"dateModified\":\"2026-03-10T11:54:53+00:00\",\"description\":\"\\\"K\u0131br\u0131s\u2019ta 2. el araba nereden al\u0131n\u0131r?\u201d sorusunun do\u011fru cevab\u0131, sat\u0131n alma davran\u0131\u015f\u0131na g\u00f6re de\u011fi\u015fmekle birlikte genel Kibrisarabaal.com..\",\"breadcrumb\":{\"@id\":\"https:\\\/\\\/www.karekod.org\\\/blog\\\/kibrisarabaal-com-kibrista-2-el-araba-nereden-alinir\\\/#breadcrumb\"},\"mainEntity\":[{\"@id\":\"https:\\\/\\\/www.karekod.org\\\/blog\\\/kibrisarabaal-com-kibrista-2-el-araba-nereden-alinir\\\/#faq-question-1773141004348\"},{\"@id\":\"https:\\\/\\\/www.karekod.org\\\/blog\\\/kibrisarabaal-com-kibrista-2-el-araba-nereden-alinir\\\/#faq-question-1773141009102\"},{\"@id\":\"https:\\\/\\\/www.karekod.org\\\/blog\\\/kibrisarabaal-com-kibrista-2-el-araba-nereden-alinir\\\/#faq-question-1773141032338\"}],\"inLanguage\":\"tr\",\"potentialAction\":[{\"@type\":\"ReadAction\",\"target\":[\"https:\\\/\\\/www.karekod.org\\\/blog\\\/kibrisarabaal-com-kibrista-2-el-araba-nereden-alinir\\\/\"]}]},{\"@type\":\"ImageObject\",\"inLanguage\":\"tr\",\"@id\":\"https:\\\/\\\/www.karekod.org\\\/blog\\\/kibrisarabaal-com-kibrista-2-el-araba-nereden-alinir\\\/#primaryimage\",\"url\":\"https:\\\/\\\/www.karekod.org\\\/blog\\\/wp-content\\\/uploads\\\/2026\\\/03\\\/Kibrisarabaal.com-2.webp\",\"contentUrl\":\"https:\\\/\\\/www.karekod.org\\\/blog\\\/wp-content\\\/uploads\\\/2026\\\/03\\\/Kibrisarabaal.com-2.webp\",\"width\":1200,\"height\":675,\"caption\":\"Kibrisarabaal.com\"},{\"@type\":\"BreadcrumbList\",\"@id\":\"https:\\\/\\\/www.karekod.org\\\/blog\\\/kibrisarabaal-com-kibrista-2-el-araba-nereden-alinir\\\/#breadcrumb\",\"itemListElement\":[{\"@type\":\"ListItem\",\"position\":1,\"name\":\"Ana sayfa\",\"item\":\"https:\\\/\\\/www.karekod.org\\\/blog\\\/\"},{\"@type\":\"ListItem\",\"position\":2,\"name\":\"Fiyat\",\"item\":\"https:\\\/\\\/www.karekod.org\\\/blog\\\/category\\\/fiyat\\\/\"},{\"@type\":\"ListItem\",\"position\":3,\"name\":\"Ara\u00e7 Fiyatlar\u0131\",\"item\":\"https:\\\/\\\/www.karekod.org\\\/blog\\\/category\\\/fiyat\\\/arac-fiyatlari\\\/\"},{\"@type\":\"ListItem\",\"position\":4,\"name\":\"K\u0131br\u0131s\u2019ta 2. El Araba Alman\u0131n En Kolay Yolu: Kibrisarabaal.com\"}]},{\"@type\":\"WebSite\",\"@id\":\"https:\\\/\\\/www.karekod.org\\\/blog\\\/#website\",\"url\":\"https:\\\/\\\/www.karekod.org\\\/blog\\\/\",\"name\":\"Karekod Blog\",\"description\":\"2026 G\u00fcncel Alkol Fiyatlar\u0131 ve Piyasa Rehberi\",\"publisher\":{\"@id\":\"https:\\\/\\\/www.karekod.org\\\/blog\\\/#organization\"},\"alternateName\":\"Karekod Haber\",\"potentialAction\":[{\"@type\":\"SearchAction\",\"target\":{\"@type\":\"EntryPoint\",\"urlTemplate\":\"https:\\\/\\\/www.karekod.org\\\/blog\\\/?s={search_term_string}\"},\"query-input\":{\"@type\":\"PropertyValueSpecification\",\"valueRequired\":true,\"valueName\":\"search_term_string\"}}],\"inLanguage\":\"tr\"},{\"@type\":\"Organization\",\"@id\":\"https:\\\/\\\/www.karekod.org\\\/blog\\\/#organization\",\"name\":\"Karekod Blog\",\"alternateName\":\"Karekod Haber\",\"url\":\"https:\\\/\\\/www.karekod.org\\\/blog\\\/\",\"logo\":{\"@type\":\"ImageObject\",\"inLanguage\":\"tr\",\"@id\":\"https:\\\/\\\/www.karekod.org\\\/blog\\\/#\\\/schema\\\/logo\\\/image\\\/\",\"url\":\"https:\\\/\\\/www.karekod.org\\\/blog\\\/wp-content\\\/uploads\\\/2025\\\/01\\\/cropped-logo.webp\",\"contentUrl\":\"https:\\\/\\\/www.karekod.org\\\/blog\\\/wp-content\\\/uploads\\\/2025\\\/01\\\/cropped-logo.webp\",\"width\":512,\"height\":384,\"caption\":\"Karekod Blog\"},\"image\":{\"@id\":\"https:\\\/\\\/www.karekod.org\\\/blog\\\/#\\\/schema\\\/logo\\\/image\\\/\"},\"sameAs\":[\"https:\\\/\\\/www.facebook.com\\\/QarMenu\\\/\",\"https:\\\/\\\/x.com\\\/temassizmenu\",\"https:\\\/\\\/www.instagram.com\\\/qarmenu\\\/\",\"https:\\\/\\\/www.linkedin.com\\\/company\\\/karekod\\\/\",\"https:\\\/\\\/tr.pinterest.com\\\/dijitalmenu\\\/\",\"https:\\\/\\\/www.youtube.com\\\/@qrmenu\",\"https:\\\/\\\/karekodmenu.tumblr.com\\\/\",\"https:\\\/\\\/karekod.medium.com\\\/\",\"https:\\\/\\\/www.diigo.com\\\/user\\\/karekod\",\"https:\\\/\\\/mastodon.social\\\/@karekod\",\"https:\\\/\\\/vk.com\\\/karekod\",\"https:\\\/\\\/flipboard.com\\\/@karekod\",\"https:\\\/\\\/www.quora.com\\\/profile\\\/Karekod-Haber\",\"https:\\\/\\\/note.com\\\/karekod\"]},{\"@type\":\"Person\",\"@id\":\"https:\\\/\\\/www.karekod.org\\\/blog\\\/#\\\/schema\\\/person\\\/8c87c879aca1c63c7438bf937a5da8bd\",\"name\":\"Muharrem Emino\u011flu\",\"pronouns\":\"he\\\/him\",\"description\":\"Veri analizi ve dijital raporlama s\u00fcre\u00e7lerinde yenilik\u00e7i yakla\u015f\u0131mlar benimseyerek s\u00fcrd\u00fcr\u00fclebilir i\u015f modelleri \u00fczerine \u00e7al\u0131\u015fmalar yap\u0131yorum. Teknoloji, ekonomi ve dijital pazarlama alanlar\u0131nda g\u00fcncel ve g\u00fcvenilir i\u00e7erikler \u00fcretiyorum.\",\"sameAs\":[\"https:\\\/\\\/www.karekod.org\",\"https:\\\/\\\/www.facebook.com\\\/mentor.perplexed\\\/\",\"https:\\\/\\\/www.instagram.com\\\/mentorperplexed\\\/\",\"https:\\\/\\\/www.linkedin.com\\\/in\\\/eminoglu\\\/\",\"https:\\\/\\\/www.pinterest.de\\\/dijitalmenu\\\/\",\"https:\\\/\\\/x.com\\\/temassizmenu\",\"https:\\\/\\\/www.youtube.com\\\/channel\\\/UC_vI-xTP9NegNfIqSGoesGg\",\"https:\\\/\\\/qrmenu.tumblr.com\\\/\"],\"url\":\"https:\\\/\\\/www.karekod.org\\\/blog\\\/yazar\\\/muharrem-eminoglu\\\/\"},{\"@type\":\"Question\",\"@id\":\"https:\\\/\\\/www.karekod.org\\\/blog\\\/kibrisarabaal-com-kibrista-2-el-araba-nereden-alinir\\\/#faq-question-1773141004348\",\"position\":1,\"url\":\"https:\\\/\\\/www.karekod.org\\\/blog\\\/kibrisarabaal-com-kibrista-2-el-araba-nereden-alinir\\\/#faq-question-1773141004348\",\"name\":\"K\u0131br\u0131s\u2019ta 2. el araba nereden al\u0131n\u0131r?\",\"answerCount\":1,\"acceptedAnswer\":{\"@type\":\"Answer\",\"text\":\"En do\u011fru ba\u015flang\u0131\u00e7 noktas\u0131, \u00e7ok say\u0131da ilan\u0131 tek noktada toplayan ve filtreleme imk\u00e2n\u0131 sunan profesyonel ara\u00e7 ilan platformlar\u0131d\u0131r. B\u00f6ylece kullan\u0131c\u0131 fiyat, model, kategori ve lokasyon k\u0131yas\u0131 yapabilir.\",\"inLanguage\":\"tr\"},\"inLanguage\":\"tr\"},{\"@type\":\"Question\",\"@id\":\"https:\\\/\\\/www.karekod.org\\\/blog\\\/kibrisarabaal-com-kibrista-2-el-araba-nereden-alinir\\\/#faq-question-1773141009102\",\"position\":2,\"url\":\"https:\\\/\\\/www.karekod.org\\\/blog\\\/kibrisarabaal-com-kibrista-2-el-araba-nereden-alinir\\\/#faq-question-1773141009102\",\"name\":\"Kibrisarabaal.com kullan\u0131c\u0131ya ne sunuyor?\",\"answerCount\":1,\"acceptedAnswer\":{\"@type\":\"Answer\",\"text\":\"Platform; ara\u00e7 kategorileri, il bazl\u0131 filtreleme, galeri alan\u0131, \u00fccretsiz ilan verme altyap\u0131s\u0131, kullan\u0131c\u0131 paneli ve otomotiv odakl\u0131 blog i\u00e7erikleriyle hem al\u0131c\u0131 hem sat\u0131c\u0131 taraf\u0131na entegre bir deneyim sunmaktad\u0131r.\",\"inLanguage\":\"tr\"},\"inLanguage\":\"tr\"},{\"@type\":\"Question\",\"@id\":\"https:\\\/\\\/www.karekod.org\\\/blog\\\/kibrisarabaal-com-kibrista-2-el-araba-nereden-alinir\\\/#faq-question-1773141032338\",\"position\":3,\"url\":\"https:\\\/\\\/www.karekod.org\\\/blog\\\/kibrisarabaal-com-kibrista-2-el-araba-nereden-alinir\\\/#faq-question-1773141032338\",\"name\":\"K\u0131br\u0131s araba piyasas\u0131nda galeri mi yoksa bireysel sat\u0131\u015f m\u0131 avantajl\u0131d\u0131r?\",\"answerCount\":1,\"acceptedAnswer\":{\"@type\":\"Answer\",\"text\":\"Galeriler kurumsal muhatap avantaj\u0131 sunabilir, bireysel sat\u0131\u015flar ise fiyat a\u00e7\u0131s\u0131ndan daha esnek olabilir. Ancak her iki modelde de ilk piyasa taramas\u0131n\u0131 ilan platformu \u00fczerinden yapmak daha verimlidir.\",\"inLanguage\":\"tr\"},\"inLanguage\":\"tr\"}]}<\/script>\n<!-- \/ Yoast SEO plugin. -->","yoast_head_json":{"title":"K\u0131br\u0131s\u2019ta 2. El Araba Alman\u0131n En Kolay Yolu: Kibrisarabaal.com - Karekod Blog","description":"\"K\u0131br\u0131s\u2019ta 2. el araba nereden al\u0131n\u0131r?\u201d sorusunun do\u011fru cevab\u0131, sat\u0131n alma davran\u0131\u015f\u0131na g\u00f6re de\u011fi\u015fmekle birlikte genel Kibrisarabaal.com..","robots":{"index":"index","follow":"follow","max-snippet":"max-snippet:-1","max-image-preview":"max-image-preview:large","max-video-preview":"max-video-preview:-1"},"canonical":"https:\/\/www.karekod.org\/blog\/kibrisarabaal-com-kibrista-2-el-araba-nereden-alinir\/","og_locale":"tr_TR","og_type":"article","og_title":"K\u0131br\u0131s\u2019ta 2. El Araba Alman\u0131n En Kolay Yolu: Kibrisarabaal.com - Karekod Blog","og_description":"\"K\u0131br\u0131s\u2019ta 2. el araba nereden al\u0131n\u0131r?\u201d sorusunun do\u011fru cevab\u0131, sat\u0131n alma davran\u0131\u015f\u0131na g\u00f6re de\u011fi\u015fmekle birlikte genel Kibrisarabaal.com..","og_url":"https:\/\/www.karekod.org\/blog\/kibrisarabaal-com-kibrista-2-el-araba-nereden-alinir\/","og_site_name":"Karekod Blog","article_publisher":"https:\/\/www.facebook.com\/QarMenu\/","article_author":"https:\/\/www.facebook.com\/mentor.perplexed\/","article_published_time":"2026-03-10T11:43:44+00:00","article_modified_time":"2026-03-10T11:54:53+00:00","og_image":[{"width":1200,"height":675,"url":"https:\/\/www.karekod.org\/blog\/wp-content\/uploads\/2026\/03\/Kibrisarabaal.com-2.webp","type":"image\/webp"}],"author":"Muharrem Emino\u011flu","twitter_card":"summary_large_image","twitter_creator":"@temassizmenu","twitter_site":"@temassizmenu","twitter_misc":{"Yazan:":"Muharrem Emino\u011flu","Tahmini okuma s\u00fcresi":"14 dakika"},"schema":{"@context":"https:\/\/schema.org","@graph":[{"@type":"NewsArticle","@id":"https:\/\/www.karekod.org\/blog\/kibrisarabaal-com-kibrista-2-el-araba-nereden-alinir\/#article","isPartOf":{"@id":"https:\/\/www.karekod.org\/blog\/kibrisarabaal-com-kibrista-2-el-araba-nereden-alinir\/"},"author":{"name":"Muharrem Emino\u011flu","@id":"https:\/\/www.karekod.org\/blog\/#\/schema\/person\/8c87c879aca1c63c7438bf937a5da8bd"},"headline":"K\u0131br\u0131s\u2019ta 2. El Araba Alman\u0131n En Kolay Yolu: Kibrisarabaal.com","datePublished":"2026-03-10T11:43:44+00:00","dateModified":"2026-03-10T11:54:53+00:00","mainEntityOfPage":{"@id":"https:\/\/www.karekod.org\/blog\/kibrisarabaal-com-kibrista-2-el-araba-nereden-alinir\/"},"wordCount":3213,"commentCount":0,"publisher":{"@id":"https:\/\/www.karekod.org\/blog\/#organization"},"image":{"@id":"https:\/\/www.karekod.org\/blog\/kibrisarabaal-com-kibrista-2-el-araba-nereden-alinir\/#primaryimage"},"thumbnailUrl":"https:\/\/www.karekod.org\/blog\/wp-content\/uploads\/2026\/03\/Kibrisarabaal.com-2.webp","keywords":["K\u0131br\u0131s 2. el araba nereden al\u0131n\u0131r","K\u0131br\u0131s 2. el oto","KKTC 2.el araba","KKTC 2.el Araba al\u0131m sat\u0131m","KKTC araba al\u0131m sat\u0131m"],"articleSection":["Ara\u00e7 Fiyatlar\u0131"],"inLanguage":"tr","potentialAction":[{"@type":"CommentAction","name":"Comment","target":["https:\/\/www.karekod.org\/blog\/kibrisarabaal-com-kibrista-2-el-araba-nereden-alinir\/#respond"]}]},{"@type":["WebPage","FAQPage"],"@id":"https:\/\/www.karekod.org\/blog\/kibrisarabaal-com-kibrista-2-el-araba-nereden-alinir\/","url":"https:\/\/www.karekod.org\/blog\/kibrisarabaal-com-kibrista-2-el-araba-nereden-alinir\/","name":"K\u0131br\u0131s\u2019ta 2. El Araba Alman\u0131n En Kolay Yolu: Kibrisarabaal.com - Karekod Blog","isPartOf":{"@id":"https:\/\/www.karekod.org\/blog\/#website"},"primaryImageOfPage":{"@id":"https:\/\/www.karekod.org\/blog\/kibrisarabaal-com-kibrista-2-el-araba-nereden-alinir\/#primaryimage"},"image":{"@id":"https:\/\/www.karekod.org\/blog\/kibrisarabaal-com-kibrista-2-el-araba-nereden-alinir\/#primaryimage"},"thumbnailUrl":"https:\/\/www.karekod.org\/blog\/wp-content\/uploads\/2026\/03\/Kibrisarabaal.com-2.webp","datePublished":"2026-03-10T11:43:44+00:00","dateModified":"2026-03-10T11:54:53+00:00","description":"\"K\u0131br\u0131s\u2019ta 2. el araba nereden al\u0131n\u0131r?\u201d sorusunun do\u011fru cevab\u0131, sat\u0131n alma davran\u0131\u015f\u0131na g\u00f6re de\u011fi\u015fmekle birlikte genel Kibrisarabaal.com..","breadcrumb":{"@id":"https:\/\/www.karekod.org\/blog\/kibrisarabaal-com-kibrista-2-el-araba-nereden-alinir\/#breadcrumb"},"mainEntity":[{"@id":"https:\/\/www.karekod.org\/blog\/kibrisarabaal-com-kibrista-2-el-araba-nereden-alinir\/#faq-question-1773141004348"},{"@id":"https:\/\/www.karekod.org\/blog\/kibrisarabaal-com-kibrista-2-el-araba-nereden-alinir\/#faq-question-1773141009102"},{"@id":"https:\/\/www.karekod.org\/blog\/kibrisarabaal-com-kibrista-2-el-araba-nereden-alinir\/#faq-question-1773141032338"}],"inLanguage":"tr","potentialAction":[{"@type":"ReadAction","target":["https:\/\/www.karekod.org\/blog\/kibrisarabaal-com-kibrista-2-el-araba-nereden-alinir\/"]}]},{"@type":"ImageObject","inLanguage":"tr","@id":"https:\/\/www.karekod.org\/blog\/kibrisarabaal-com-kibrista-2-el-araba-nereden-alinir\/#primaryimage","url":"https:\/\/www.karekod.org\/blog\/wp-content\/uploads\/2026\/03\/Kibrisarabaal.com-2.webp","contentUrl":"https:\/\/www.karekod.org\/blog\/wp-content\/uploads\/2026\/03\/Kibrisarabaal.com-2.webp","width":1200,"height":675,"caption":"Kibrisarabaal.com"},{"@type":"BreadcrumbList","@id":"https:\/\/www.karekod.org\/blog\/kibrisarabaal-com-kibrista-2-el-araba-nereden-alinir\/#breadcrumb","itemListElement":[{"@type":"ListItem","position":1,"name":"Ana sayfa","item":"https:\/\/www.karekod.org\/blog\/"},{"@type":"ListItem","position":2,"name":"Fiyat","item":"https:\/\/www.karekod.org\/blog\/category\/fiyat\/"},{"@type":"ListItem","position":3,"name":"Ara\u00e7 Fiyatlar\u0131","item":"https:\/\/www.karekod.org\/blog\/category\/fiyat\/arac-fiyatlari\/"},{"@type":"ListItem","position":4,"name":"K\u0131br\u0131s\u2019ta 2. El Araba Alman\u0131n En Kolay Yolu: Kibrisarabaal.com"}]},{"@type":"WebSite","@id":"https:\/\/www.karekod.org\/blog\/#website","url":"https:\/\/www.karekod.org\/blog\/","name":"Karekod Blog","description":"2026 G\u00fcncel Alkol Fiyatlar\u0131 ve Piyasa Rehberi","publisher":{"@id":"https:\/\/www.karekod.org\/blog\/#organization"},"alternateName":"Karekod Haber","potentialAction":[{"@type":"SearchAction","target":{"@type":"EntryPoint","urlTemplate":"https:\/\/www.karekod.org\/blog\/?s={search_term_string}"},"query-input":{"@type":"PropertyValueSpecification","valueRequired":true,"valueName":"search_term_string"}}],"inLanguage":"tr"},{"@type":"Organization","@id":"https:\/\/www.karekod.org\/blog\/#organization","name":"Karekod Blog","alternateName":"Karekod Haber","url":"https:\/\/www.karekod.org\/blog\/","logo":{"@type":"ImageObject","inLanguage":"tr","@id":"https:\/\/www.karekod.org\/blog\/#\/schema\/logo\/image\/","url":"https:\/\/www.karekod.org\/blog\/wp-content\/uploads\/2025\/01\/cropped-logo.webp","contentUrl":"https:\/\/www.karekod.org\/blog\/wp-content\/uploads\/2025\/01\/cropped-logo.webp","width":512,"height":384,"caption":"Karekod Blog"},"image":{"@id":"https:\/\/www.karekod.org\/blog\/#\/schema\/logo\/image\/"},"sameAs":["https:\/\/www.facebook.com\/QarMenu\/","https:\/\/x.com\/temassizmenu","https:\/\/www.instagram.com\/qarmenu\/","https:\/\/www.linkedin.com\/company\/karekod\/","https:\/\/tr.pinterest.com\/dijitalmenu\/","https:\/\/www.youtube.com\/@qrmenu","https:\/\/karekodmenu.tumblr.com\/","https:\/\/karekod.medium.com\/","https:\/\/www.diigo.com\/user\/karekod","https:\/\/mastodon.social\/@karekod","https:\/\/vk.com\/karekod","https:\/\/flipboard.com\/@karekod","https:\/\/www.quora.com\/profile\/Karekod-Haber","https:\/\/note.com\/karekod"]},{"@type":"Person","@id":"https:\/\/www.karekod.org\/blog\/#\/schema\/person\/8c87c879aca1c63c7438bf937a5da8bd","name":"Muharrem Emino\u011flu","pronouns":"he\/him","description":"Veri analizi ve dijital raporlama s\u00fcre\u00e7lerinde yenilik\u00e7i yakla\u015f\u0131mlar benimseyerek s\u00fcrd\u00fcr\u00fclebilir i\u015f modelleri \u00fczerine \u00e7al\u0131\u015fmalar yap\u0131yorum. Teknoloji, ekonomi ve dijital pazarlama alanlar\u0131nda g\u00fcncel ve g\u00fcvenilir i\u00e7erikler \u00fcretiyorum.","sameAs":["https:\/\/www.karekod.org","https:\/\/www.facebook.com\/mentor.perplexed\/","https:\/\/www.instagram.com\/mentorperplexed\/","https:\/\/www.linkedin.com\/in\/eminoglu\/","https:\/\/www.pinterest.de\/dijitalmenu\/","https:\/\/x.com\/temassizmenu","https:\/\/www.youtube.com\/channel\/UC_vI-xTP9NegNfIqSGoesGg","https:\/\/qrmenu.tumblr.com\/"],"url":"https:\/\/www.karekod.org\/blog\/yazar\/muharrem-eminoglu\/"},{"@type":"Question","@id":"https:\/\/www.karekod.org\/blog\/kibrisarabaal-com-kibrista-2-el-araba-nereden-alinir\/#faq-question-1773141004348","position":1,"url":"https:\/\/www.karekod.org\/blog\/kibrisarabaal-com-kibrista-2-el-araba-nereden-alinir\/#faq-question-1773141004348","name":"K\u0131br\u0131s\u2019ta 2. el araba nereden al\u0131n\u0131r?","answerCount":1,"acceptedAnswer":{"@type":"Answer","text":"En do\u011fru ba\u015flang\u0131\u00e7 noktas\u0131, \u00e7ok say\u0131da ilan\u0131 tek noktada toplayan ve filtreleme imk\u00e2n\u0131 sunan profesyonel ara\u00e7 ilan platformlar\u0131d\u0131r. B\u00f6ylece kullan\u0131c\u0131 fiyat, model, kategori ve lokasyon k\u0131yas\u0131 yapabilir.","inLanguage":"tr"},"inLanguage":"tr"},{"@type":"Question","@id":"https:\/\/www.karekod.org\/blog\/kibrisarabaal-com-kibrista-2-el-araba-nereden-alinir\/#faq-question-1773141009102","position":2,"url":"https:\/\/www.karekod.org\/blog\/kibrisarabaal-com-kibrista-2-el-araba-nereden-alinir\/#faq-question-1773141009102","name":"Kibrisarabaal.com kullan\u0131c\u0131ya ne sunuyor?","answerCount":1,"acceptedAnswer":{"@type":"Answer","text":"Platform; ara\u00e7 kategorileri, il bazl\u0131 filtreleme, galeri alan\u0131, \u00fccretsiz ilan verme altyap\u0131s\u0131, kullan\u0131c\u0131 paneli ve otomotiv odakl\u0131 blog i\u00e7erikleriyle hem al\u0131c\u0131 hem sat\u0131c\u0131 taraf\u0131na entegre bir deneyim sunmaktad\u0131r.","inLanguage":"tr"},"inLanguage":"tr"},{"@type":"Question","@id":"https:\/\/www.karekod.org\/blog\/kibrisarabaal-com-kibrista-2-el-araba-nereden-alinir\/#faq-question-1773141032338","position":3,"url":"https:\/\/www.karekod.org\/blog\/kibrisarabaal-com-kibrista-2-el-araba-nereden-alinir\/#faq-question-1773141032338","name":"K\u0131br\u0131s araba piyasas\u0131nda galeri mi yoksa bireysel sat\u0131\u015f m\u0131 avantajl\u0131d\u0131r?","answerCount":1,"acceptedAnswer":{"@type":"Answer","text":"Galeriler kurumsal muhatap avantaj\u0131 sunabilir, bireysel sat\u0131\u015flar ise fiyat a\u00e7\u0131s\u0131ndan daha esnek olabilir. Ancak her iki modelde de ilk piyasa taramas\u0131n\u0131 ilan platformu \u00fczerinden yapmak daha verimlidir.","inLanguage":"tr"},"inLanguage":"tr"}]}},"_links":{"self":[{"href":"https:\/\/www.karekod.org\/blog\/wp-json\/wp\/v2\/posts\/55158","targetHints":{"allow":["GET"]}}],"collection":[{"href":"https:\/\/www.karekod.org\/blog\/wp-json\/wp\/v2\/posts"}],"about":[{"href":"https:\/\/www.karekod.org\/blog\/wp-json\/wp\/v2\/types\/post"}],"author":[{"embeddable":true,"href":"https:\/\/www.karekod.org\/blog\/wp-json\/wp\/v2\/users\/1"}],"replies":[{"embeddable":true,"href":"https:\/\/www.karekod.org\/blog\/wp-json\/wp\/v2\/comments?post=55158"}],"version-history":[{"count":0,"href":"https:\/\/www.karekod.org\/blog\/wp-json\/wp\/v2\/posts\/55158\/revisions"}],"wp:featuredmedia":[{"embeddable":true,"href":"https:\/\/www.karekod.org\/blog\/wp-json\/wp\/v2\/media\/55165"}],"wp:attachment":[{"href":"https:\/\/www.karekod.org\/blog\/wp-json\/wp\/v2\/media?parent=55158"}],"wp:term":[{"taxonomy":"category","embeddable":true,"href":"https:\/\/www.karekod.org\/blog\/wp-json\/wp\/v2\/categories?post=55158"},{"taxonomy":"post_tag","embeddable":true,"href":"https:\/\/www.karekod.org\/blog\/wp-json\/wp\/v2\/tags?post=55158"}],"curies":[{"name":"wp","href":"https:\/\/api.w.org\/{rel}","templated":true}]}}