{"id":55126,"date":"2026-03-08T17:54:14","date_gmt":"2026-03-08T14:54:14","guid":{"rendered":"https:\/\/www.karekod.org\/blog\/?p=55126"},"modified":"2026-03-08T18:01:34","modified_gmt":"2026-03-08T15:01:34","slug":"ozel-plaka-fiyati-2026-guncel-ozel-plaka-fiyatlari","status":"publish","type":"post","link":"https:\/\/www.karekod.org\/blog\/ozel-plaka-fiyati-2026-guncel-ozel-plaka-fiyatlari\/","title":{"rendered":"\u00d6zel Plaka Fiyat\u0131 2026: G\u00fcncel \u00d6zel Plaka Fiyatlar\u0131"},"content":{"rendered":"\n<p>\u00d6zel plaka fiyat\u0131, ara\u00e7 tescil i\u015flemlerinde talep edilen \u00f6zel harf ve say\u0131 kombinasyonlar\u0131n\u0131n kullan\u0131m hakk\u0131 i\u00e7in \u00f6denen ba\u011f\u0131\u015f veya \u00fccret tutar\u0131n\u0131 ifade eder. 2026 y\u0131l\u0131 itibar\u0131yla \u00f6zel plaka fiyat\u0131; plaka kombinasyonu, \u015fehir kodu, talep yo\u011funlu\u011fu ve yap\u0131lan ba\u011f\u0131\u015f miktar\u0131na ba\u011fl\u0131 olarak de\u011fi\u015fmektedir.<\/p><div id=\"ez-toc-container\" class=\"ez-toc-v2_0_82_2 counter-hierarchy ez-toc-counter ez-toc-grey ez-toc-container-direction\">\n<div class=\"ez-toc-title-container\">\n<p class=\"ez-toc-title\" style=\"cursor:inherit\">\u0130\u00e7indekiler<\/p>\n<span class=\"ez-toc-title-toggle\"><a href=\"#\" class=\"ez-toc-pull-right ez-toc-btn ez-toc-btn-xs ez-toc-btn-default ez-toc-toggle\" aria-label=\"\u0130\u00e7indekiler Tablosunu A\u00e7\/Kapat\"><span class=\"ez-toc-js-icon-con\"><span class=\"\"><span class=\"eztoc-hide\" style=\"display:none;\">Toggle<\/span><span class=\"ez-toc-icon-toggle-span\"><svg style=\"fill: #999;color:#999\" xmlns=\"http:\/\/www.w3.org\/2000\/svg\" class=\"list-377408\" width=\"20px\" height=\"20px\" viewBox=\"0 0 24 24\" fill=\"none\"><path d=\"M6 6H4v2h2V6zm14 0H8v2h12V6zM4 11h2v2H4v-2zm16 0H8v2h12v-2zM4 16h2v2H4v-2zm16 0H8v2h12v-2z\" fill=\"currentColor\"><\/path><\/svg><svg style=\"fill: #999;color:#999\" class=\"arrow-unsorted-368013\" xmlns=\"http:\/\/www.w3.org\/2000\/svg\" width=\"10px\" height=\"10px\" viewBox=\"0 0 24 24\" version=\"1.2\" baseProfile=\"tiny\"><path d=\"M18.2 9.3l-6.2-6.3-6.2 6.3c-.2.2-.3.4-.3.7s.1.5.3.7c.2.2.4.3.7.3h11c.3 0 .5-.1.7-.3.2-.2.3-.5.3-.7s-.1-.5-.3-.7zM5.8 14.7l6.2 6.3 6.2-6.3c.2-.2.3-.5.3-.7s-.1-.5-.3-.7c-.2-.2-.4-.3-.7-.3h-11c-.3 0-.5.1-.7.3-.2.2-.3.5-.3.7s.1.5.3.7z\"\/><\/svg><\/span><\/span><\/span><\/a><\/span><\/div>\n<nav><ul class='ez-toc-list ez-toc-list-level-1 ' ><li class='ez-toc-page-1 ez-toc-heading-level-2'><a class=\"ez-toc-link ez-toc-heading-1\" href=\"https:\/\/www.karekod.org\/blog\/ozel-plaka-fiyati-2026-guncel-ozel-plaka-fiyatlari\/#2026_Guncel_Ozel_Plaka_Fiyati\" >2026 G\u00fcncel \u00d6zel Plaka Fiyat\u0131<\/a><ul class='ez-toc-list-level-3' ><li class='ez-toc-heading-level-3'><a class=\"ez-toc-link ez-toc-heading-2\" href=\"https:\/\/www.karekod.org\/blog\/ozel-plaka-fiyati-2026-guncel-ozel-plaka-fiyatlari\/#En_Pahali_Ozel_Plakalar\" >En Pahal\u0131 \u00d6zel Plakalar<\/a><\/li><\/ul><\/li><li class='ez-toc-page-1 ez-toc-heading-level-2'><a class=\"ez-toc-link ez-toc-heading-3\" href=\"https:\/\/www.karekod.org\/blog\/ozel-plaka-fiyati-2026-guncel-ozel-plaka-fiyatlari\/#Yillara_Gore_Ozel_Plaka_Fiyatlari\" >Y\u0131llara G\u00f6re \u00d6zel Plaka Fiyatlar\u0131<\/a><\/li><li class='ez-toc-page-1 ez-toc-heading-level-2'><a class=\"ez-toc-link ez-toc-heading-4\" href=\"https:\/\/www.karekod.org\/blog\/ozel-plaka-fiyati-2026-guncel-ozel-plaka-fiyatlari\/#Ozel_Plaka_Fiyati_Nasil_Belirlenir\" >\u00d6zel Plaka Fiyat\u0131 Nas\u0131l Belirlenir<\/a><\/li><li class='ez-toc-page-1 ez-toc-heading-level-2'><a class=\"ez-toc-link ez-toc-heading-5\" href=\"https:\/\/www.karekod.org\/blog\/ozel-plaka-fiyati-2026-guncel-ozel-plaka-fiyatlari\/#Ozel_Plaka_Nasil_Alinir\" >\u00d6zel Plaka Nas\u0131l Al\u0131n\u0131r<\/a><\/li><li class='ez-toc-page-1 ez-toc-heading-level-2'><a class=\"ez-toc-link ez-toc-heading-6\" href=\"https:\/\/www.karekod.org\/blog\/ozel-plaka-fiyati-2026-guncel-ozel-plaka-fiyatlari\/#Editor_Yorumu\" >Edit\u00f6r Yorumu<\/a><\/li><li class='ez-toc-page-1 ez-toc-heading-level-2'><a class=\"ez-toc-link ez-toc-heading-7\" href=\"https:\/\/www.karekod.org\/blog\/ozel-plaka-fiyati-2026-guncel-ozel-plaka-fiyatlari\/#Sikca_Sorulan_Sorular_SSS\" >S\u0131k\u00e7a Sorulan Sorular (SSS)<\/a><\/li><\/ul><\/nav><\/div>\n\n\n\n\n<p>2026 Mart verilerine g\u00f6re T\u00fcrkiye\u2019de \u00f6zel plaka fiyatlar\u0131 birka\u00e7 bin TL\u2019den ba\u015flay\u0131p, y\u00fcksek talep g\u00f6ren kombinasyonlarda y\u00fcz binlerce TL seviyesine kadar \u00e7\u0131kabilmektedir. Bu i\u00e7erikte g\u00fcncel \u00f6zel plaka fiyat\u0131 aral\u0131klar\u0131 ve y\u0131llara g\u00f6re fiyat de\u011fi\u015fimi ele al\u0131nmaktad\u0131r.<\/p>\n\n\n\n<h2 class=\"wp-block-heading\"><span class=\"ez-toc-section\" id=\"2026_Guncel_Ozel_Plaka_Fiyati\"><\/span>2026 G\u00fcncel \u00d6zel Plaka Fiyat\u0131<span class=\"ez-toc-section-end\"><\/span><\/h2>\n\n\n\n<figure class=\"wp-block-image size-large\"><img loading=\"lazy\" decoding=\"async\" width=\"1049\" height=\"590\" src=\"https:\/\/www.karekod.org\/blog\/wp-content\/uploads\/2026\/03\/Ozel-Plaka-Fiyati-1049x590.webp\" alt=\"\u00d6zel Plaka Fiyat\u0131\" class=\"wp-image-55134\" srcset=\"https:\/\/www.karekod.org\/blog\/wp-content\/uploads\/2026\/03\/Ozel-Plaka-Fiyati-1049x590.webp 1049w, https:\/\/www.karekod.org\/blog\/wp-content\/uploads\/2026\/03\/Ozel-Plaka-Fiyati-360x203.webp 360w, https:\/\/www.karekod.org\/blog\/wp-content\/uploads\/2026\/03\/Ozel-Plaka-Fiyati-730x411.webp 730w, https:\/\/www.karekod.org\/blog\/wp-content\/uploads\/2026\/03\/Ozel-Plaka-Fiyati-350x197.webp 350w, https:\/\/www.karekod.org\/blog\/wp-content\/uploads\/2026\/03\/Ozel-Plaka-Fiyati-1100x619.webp 1100w, https:\/\/www.karekod.org\/blog\/wp-content\/uploads\/2026\/03\/Ozel-Plaka-Fiyati.webp 1200w\" sizes=\"auto, (max-width: 1049px) 100vw, 1049px\" \/><figcaption class=\"wp-element-caption\">\u00d6zel Plaka Fiyat\u0131<\/figcaption><\/figure>\n\n\n\n<figure class=\"wp-block-table\"><table class=\"has-fixed-layout\"><thead><tr><th>Plaka T\u00fcr\u00fc<\/th><th>Ortalama \u00d6zel Plaka Fiyat\u0131 (2026)<\/th><\/tr><\/thead><tbody><tr><td>Basit harf kombinasyonu<\/td><td>5.000 \u2013 15.000 TL<\/td><\/tr><tr><td>\u0130sim ba\u015f harfi plaka<\/td><td>15.000 \u2013 40.000 TL<\/td><\/tr><tr><td>\u0130sim i\u00e7eren \u00f6zel plaka<\/td><td>40.000 \u2013 120.000 TL<\/td><\/tr><tr><td>Tek harf + \u00f6zel say\u0131<\/td><td>50.000 \u2013 150.000 TL<\/td><\/tr><tr><td>Pop\u00fcler kelime veya marka plaka<\/td><td>150.000 \u2013 400.000 TL<\/td><\/tr><tr><td>\u00c7ok talep g\u00f6ren \u00f6zel kombinasyon<\/td><td>400.000 TL ve \u00fczeri<\/td><\/tr><tr><td>Do\u011fum y\u0131l\u0131 i\u00e7eren plaka (1990, 2000 vb.)<\/td><td>20.000 \u2013 60.000 TL<\/td><\/tr><tr><td>Tekrarl\u0131 say\u0131 plakas\u0131 (111, 333 vb.)<\/td><td>40.000 \u2013 120.000 TL<\/td><\/tr><tr><td>\u00c7ift harf \u00f6zel plaka (AA, BB vb.)<\/td><td>80.000 \u2013 200.000 TL<\/td><\/tr><tr><td>\u0130sim + say\u0131 kombinasyonu<\/td><td>60.000 \u2013 180.000 TL<\/td><\/tr><tr><td>K\u0131sa kelime plakalar\u0131 (VIP, BOSS vb.)<\/td><td>120.000 \u2013 300.000 TL<\/td><\/tr><tr><td>Marka \u00e7a\u011fr\u0131\u015f\u0131m\u0131 olan plakalar<\/td><td>200.000 \u2013 500.000 TL<\/td><\/tr><tr><td>Tek rakaml\u0131 \u00f6zel plaka<\/td><td>250.000 \u2013 700.000 TL<\/td><\/tr><tr><td>Prestij plakalar\u0131 (CEO, VIP vb.)<\/td><td>300.000 \u2013 800.000 TL<\/td><\/tr><tr><td>Koleksiyonluk \u00f6zel plaka kombinasyonlar\u0131<\/td><td>500.000 TL ve \u00fczeri<\/td><\/tr><\/tbody><\/table><\/figure>\n\n\n\n<p>T\u00fcrkiye\u2019de \u00f6zel plaka sat\u0131n alma i\u015flemi do\u011frudan sat\u0131\u015f \u015feklinde yap\u0131lmaz. Genellikle il emniyet m\u00fcd\u00fcrl\u00fckleri veya \u015fof\u00f6rler odas\u0131 arac\u0131l\u0131\u011f\u0131yla ba\u011f\u0131\u015f sistemi \u00fczerinden verilir. Bu nedenle \u00f6zel plaka fiyat\u0131 resmi sabit bir \u00fccret yerine ba\u011f\u0131\u015f miktar\u0131na g\u00f6re belirlenir.<\/p>\n\n\n\n<blockquote class=\"wp-block-quote is-layout-flow wp-block-quote-is-layout-flow\">\n<p>\u0130stanbul, Ankara ve \u0130zmir gibi b\u00fcy\u00fck \u015fehirlerde talep yo\u011funlu\u011fu nedeniyle \u00f6zel plaka fiyat\u0131 daha y\u00fcksek seviyelerde olabilmektedir.<\/p>\n<\/blockquote>\n\n\n\n<h3 class=\"wp-block-heading\"><span class=\"ez-toc-section\" id=\"En_Pahali_Ozel_Plakalar\"><\/span>En Pahal\u0131 \u00d6zel Plakalar<span class=\"ez-toc-section-end\"><\/span><\/h3>\n\n\n\n<figure class=\"wp-block-image size-large\"><img loading=\"lazy\" decoding=\"async\" width=\"1049\" height=\"590\" src=\"https:\/\/www.karekod.org\/blog\/wp-content\/uploads\/2026\/03\/En-Pahali-Ozel-Plakalar-1049x590.webp\" alt=\"En Pahal\u0131 O\u0308zel Plaka\" class=\"wp-image-55130\" srcset=\"https:\/\/www.karekod.org\/blog\/wp-content\/uploads\/2026\/03\/En-Pahali-Ozel-Plakalar-1049x590.webp 1049w, https:\/\/www.karekod.org\/blog\/wp-content\/uploads\/2026\/03\/En-Pahali-Ozel-Plakalar-360x203.webp 360w, https:\/\/www.karekod.org\/blog\/wp-content\/uploads\/2026\/03\/En-Pahali-Ozel-Plakalar-730x411.webp 730w, https:\/\/www.karekod.org\/blog\/wp-content\/uploads\/2026\/03\/En-Pahali-Ozel-Plakalar-350x197.webp 350w, https:\/\/www.karekod.org\/blog\/wp-content\/uploads\/2026\/03\/En-Pahali-Ozel-Plakalar-1100x619.webp 1100w, https:\/\/www.karekod.org\/blog\/wp-content\/uploads\/2026\/03\/En-Pahali-Ozel-Plakalar.webp 1200w\" sizes=\"auto, (max-width: 1049px) 100vw, 1049px\" \/><figcaption class=\"wp-element-caption\">En Pahal\u0131 O\u0308zel Plaka<\/figcaption><\/figure>\n\n\n\n<p>T\u00fcrkiye\u2019de \u00f6zel plaka fiyat\u0131, plakan\u0131n i\u00e7erdi\u011fi harf ve say\u0131 kombinasyonuna g\u00f6re \u00f6nemli \u00f6l\u00e7\u00fcde de\u011fi\u015fmektedir. \u00d6zellikle anlaml\u0131 kelime i\u00e7eren, marka \u00e7a\u011fr\u0131\u015f\u0131m\u0131 yapan veya tek harf ve tek rakam kombinasyonlar\u0131na sahip plakalar en pahal\u0131 \u00f6zel plaka kategorisinde yer al\u0131r. Bu t\u00fcr plakalar genellikle y\u00fcksek talep g\u00f6rd\u00fc\u011f\u00fc i\u00e7in ba\u011f\u0131\u015f miktar\u0131 olduk\u00e7a y\u00fcksek seviyelere ula\u015fabilmektedir.<\/p>\n\n\n\n<p>2026 y\u0131l\u0131 itibar\u0131yla T\u00fcrkiye\u2019de en pahal\u0131 \u00f6zel plaka kombinasyonlar\u0131 genellikle isim, \u015firket ad\u0131 veya prestij \u00e7a\u011fr\u0131\u015f\u0131m\u0131 yapan kelimelerden olu\u015fmaktad\u0131r. \u00d6rne\u011fin <strong>VIP, CEO, BOSS, KING<\/strong> gibi kelime plakalar\u0131 ile birlikte tek harf veya tekrarl\u0131 rakamlardan olu\u015fan plakalar en pahal\u0131 kategoride de\u011ferlendirilmektedir. B\u00fcy\u00fck \u015fehirlerde bu t\u00fcr plakalar\u0131n ba\u011f\u0131\u015f bedeli <strong>500.000 TL ile 1.000.000 TL<\/strong> seviyelerine kadar \u00e7\u0131kabilmektedir.<\/p>\n\n\n\n<p>\u0130stanbul, Ankara ve \u0130zmir gibi ara\u00e7 say\u0131s\u0131n\u0131n y\u00fcksek oldu\u011fu \u015fehirlerde \u00f6zel plaka talebi daha fazla oldu\u011fu i\u00e7in fiyatlar da buna paralel olarak y\u00fckselmektedir. \u00d6zellikle <strong>34, 06 ve 35<\/strong> \u015fehir kodlar\u0131na sahip \u00f6zel plakalar T\u00fcrkiye\u2019de en pahal\u0131 plaka kategorisinde yer almaktad\u0131r.<\/p>\n\n\n\n<p>Baz\u0131 durumlarda i\u015f insanlar\u0131 veya \u015firketler marka bilinirli\u011fini art\u0131rmak amac\u0131yla \u00f6zel plaka talebinde bulunabilmektedir. Bu nedenle marka ad\u0131 veya \u015firket k\u0131saltmas\u0131 i\u00e7eren plakalar da olduk\u00e7a y\u00fcksek \u00f6zel plaka fiyat\u0131 ile verilebilmektedir. Ayr\u0131ca tekrarl\u0131 rakamlar i\u00e7eren plakalar (111, 333, 777 gibi) koleksiyon de\u011feri ta\u015f\u0131d\u0131\u011f\u0131 i\u00e7in daha y\u00fcksek ba\u011f\u0131\u015f bedelleri ile tahsis edilmektedir.<\/p>\n\n\n\n<h2 class=\"wp-block-heading\"><span class=\"ez-toc-section\" id=\"Yillara_Gore_Ozel_Plaka_Fiyatlari\"><\/span>Y\u0131llara G\u00f6re \u00d6zel Plaka Fiyatlar\u0131<span class=\"ez-toc-section-end\"><\/span><\/h2>\n\n\n\n<figure class=\"wp-block-image size-large\"><img loading=\"lazy\" decoding=\"async\" width=\"1049\" height=\"590\" src=\"https:\/\/www.karekod.org\/blog\/wp-content\/uploads\/2026\/03\/Yillara-Gore-Ozel-Plaka-Fiyatlari-1049x590.webp\" alt=\"Y\u0131llara G\u00f6re \u00d6zel Plaka Fiyatlar\u0131\" class=\"wp-image-55128\" srcset=\"https:\/\/www.karekod.org\/blog\/wp-content\/uploads\/2026\/03\/Yillara-Gore-Ozel-Plaka-Fiyatlari-1049x590.webp 1049w, https:\/\/www.karekod.org\/blog\/wp-content\/uploads\/2026\/03\/Yillara-Gore-Ozel-Plaka-Fiyatlari-360x203.webp 360w, https:\/\/www.karekod.org\/blog\/wp-content\/uploads\/2026\/03\/Yillara-Gore-Ozel-Plaka-Fiyatlari-730x411.webp 730w, https:\/\/www.karekod.org\/blog\/wp-content\/uploads\/2026\/03\/Yillara-Gore-Ozel-Plaka-Fiyatlari-350x197.webp 350w, https:\/\/www.karekod.org\/blog\/wp-content\/uploads\/2026\/03\/Yillara-Gore-Ozel-Plaka-Fiyatlari-1100x619.webp 1100w, https:\/\/www.karekod.org\/blog\/wp-content\/uploads\/2026\/03\/Yillara-Gore-Ozel-Plaka-Fiyatlari.webp 1200w\" sizes=\"auto, (max-width: 1049px) 100vw, 1049px\" \/><figcaption class=\"wp-element-caption\">Y\u0131llara G\u00f6re \u00d6zel Plaka Fiyatlar\u0131<\/figcaption><\/figure>\n\n\n\n<figure class=\"wp-block-table\"><table class=\"has-fixed-layout\"><thead><tr><th>Y\u0131l<\/th><th>Ortalama \u00d6zel Plaka Fiyat\u0131<\/th><\/tr><\/thead><tbody><tr><td>2018<\/td><td>2.000 \u2013 8.000 TL<\/td><\/tr><tr><td>2019<\/td><td>3.000 \u2013 10.000 TL<\/td><\/tr><tr><td>2020<\/td><td>4.000 \u2013 15.000 TL<\/td><\/tr><tr><td>2021<\/td><td>6.000 \u2013 20.000 TL<\/td><\/tr><tr><td>2022<\/td><td>10.000 \u2013 40.000 TL<\/td><\/tr><tr><td>2023<\/td><td>20.000 \u2013 80.000 TL<\/td><\/tr><tr><td>2024<\/td><td>30.000 \u2013 120.000 TL<\/td><\/tr><tr><td>2025<\/td><td>40.000 \u2013 200.000 TL<\/td><\/tr><tr><td>2026<\/td><td>50.000 \u2013 400.000 TL<\/td><\/tr><\/tbody><\/table><\/figure>\n\n\n\n<p>T\u00fcrkiye\u2019de \u00f6zel plaka fiyat\u0131 son y\u0131llarda ara\u00e7 say\u0131s\u0131n\u0131n artmas\u0131 ve ki\u015fiselle\u015ftirme trendinin y\u00fckselmesi nedeniyle ciddi \u015fekilde artm\u0131\u015ft\u0131r.<\/p>\n\n\n\n<blockquote class=\"wp-block-quote is-layout-flow wp-block-quote-is-layout-flow\">\n<p>\u00d6zellikle b\u00fcy\u00fck \u015fehirlerde baz\u0131 \u00f6zel plaka fiyat\u0131 \u00f6rnekleri 2026 y\u0131l\u0131nda <strong>500.000 TL seviyelerine kadar \u00e7\u0131kabilmektedir.<\/strong><\/p>\n<\/blockquote>\n\n\n\n<h2 class=\"wp-block-heading\"><span class=\"ez-toc-section\" id=\"Ozel_Plaka_Fiyati_Nasil_Belirlenir\"><\/span>\u00d6zel Plaka Fiyat\u0131 Nas\u0131l Belirlenir<span class=\"ez-toc-section-end\"><\/span><\/h2>\n\n\n\n<p>\u00d6zel plaka fiyat\u0131 belirlenirken birka\u00e7 \u00f6nemli fakt\u00f6r etkili olur.<\/p>\n\n\n\n<ul class=\"wp-block-list\">\n<li>Talep yo\u011funlu\u011fu<\/li>\n\n\n\n<li>\u015eehir plakas\u0131 (34, 06, 35 gibi b\u00fcy\u00fck \u015fehirlerde daha pahal\u0131d\u0131r)<\/li>\n\n\n\n<li>Plakan\u0131n anlam\u0131 veya kelime de\u011feri<\/li>\n\n\n\n<li>\u0130sim veya marka \u00e7a\u011fr\u0131\u015f\u0131m\u0131<\/li>\n\n\n\n<li>Harf ve say\u0131 kombinasyonu<\/li>\n<\/ul>\n\n\n\n<p>\u00d6rne\u011fin bir ki\u015finin ismini i\u00e7eren bir plaka genellikle daha y\u00fcksek \u00f6zel plaka fiyat\u0131 ile verilmektedir.<\/p>\n\n\n\n<h2 class=\"wp-block-heading\"><span class=\"ez-toc-section\" id=\"Ozel_Plaka_Nasil_Alinir\"><\/span>\u00d6zel Plaka Nas\u0131l Al\u0131n\u0131r<span class=\"ez-toc-section-end\"><\/span><\/h2>\n\n\n\n<p>T\u00fcrkiye\u2019de \u00f6zel plaka almak isteyen ki\u015filer \u015fu ad\u0131mlar\u0131 takip eder:<\/p>\n\n\n\n<ul class=\"wp-block-list\">\n<li>\u0130lgili plakan\u0131n bo\u015f olup olmad\u0131\u011f\u0131n\u0131 kontrol etmek<\/li>\n\n\n\n<li>\u0130l emniyet m\u00fcd\u00fcrl\u00fc\u011f\u00fcne veya \u015fof\u00f6rler odas\u0131na ba\u015fvurmak<\/li>\n\n\n\n<li>Belirlenen ba\u011f\u0131\u015f \u00fccretini \u00f6demek<\/li>\n\n\n\n<li>Ara\u00e7 tescil i\u015flemlerini tamamlamak<\/li>\n<\/ul>\n\n\n\n<p>Genellikle ba\u011f\u0131\u015flar <strong><a href=\"https:\/\/www.tptgv.org.tr\/\" type=\"link\" id=\"https:\/\/www.tptgv.org.tr\/\">T\u00fcrk Polis Te\u015fkilat\u0131 G\u00fc\u00e7lendirme Vakf\u0131<\/a><\/strong> veya benzeri kurumlara yap\u0131lmaktad\u0131r.<\/p>\n\n\n\n<h2 class=\"wp-block-heading\"><span class=\"ez-toc-section\" id=\"Editor_Yorumu\"><\/span>Edit\u00f6r Yorumu<span class=\"ez-toc-section-end\"><\/span><\/h2>\n\n\n\n<p>2026 y\u0131l\u0131 itibar\u0131yla \u00f6zel plaka fiyat\u0131 yaln\u0131zca ara\u00e7lar\u0131n kimlik numaras\u0131 olmaktan \u00e7\u0131km\u0131\u015f, bir\u00e7ok ara\u00e7 sahibi i\u00e7in prestij ve ki\u015fisel marka g\u00f6stergesi haline gelmi\u015ftir. \u00d6zellikle isim, \u015firket ad\u0131 veya dikkat \u00e7ekici harf\u2013say\u0131 kombinasyonlar\u0131ndan olu\u015fan plakalar yo\u011fun talep g\u00f6rmektedir. B\u00fcy\u00fck \u015fehirlerde pop\u00fcler plaka kombinasyonlar\u0131n\u0131n ba\u011f\u0131\u015f bedelleri baz\u0131 durumlarda l\u00fcks otomobil aksesuar\u0131 seviyelerine kadar ula\u015fabilmektedir. Bu nedenle \u00f6zel plaka tercih edilirken yaln\u0131zca estetik g\u00f6r\u00fcn\u00fcm de\u011fil, plakan\u0131n uzun vadeli kullan\u0131m de\u011feri ve anlam\u0131 da dikkatle de\u011ferlendirilmelidir.<\/p>\n\n\n\n<p>Ayr\u0131ca ara\u00e7 sat\u0131n almay\u0131 d\u00fc\u015f\u00fcnen kullan\u0131c\u0131lar i\u00e7in g\u00fcncel fiyat listeleri de \u00f6nemli bir referans olu\u015fturmaktad\u0131r. G\u00fcncel ara\u00e7 fiyatlar\u0131n\u0131 incelemek i\u00e7in a\u015fa\u011f\u0131daki i\u00e7eriklere g\u00f6z atabilirsiniz:<\/p>\n\n\n\n<ul class=\"wp-block-list\">\n<li><a href=\"https:\/\/www.karekod.org\/blog\/tesla-fiyatlari-2025\/\" type=\"post\" id=\"17503\">Tesla Fiyatlar\u0131<\/a><\/li>\n\n\n\n<li><a href=\"https:\/\/www.karekod.org\/blog\/erkunt-traktor-fiyatlari\/\" target=\"_blank\" rel=\"noreferrer noopener\">Erkunt Trakt\u00f6r Fiyatlar\u0131<\/a><\/li>\n\n\n\n<li><a href=\"https:\/\/www.karekod.org\/blog\/same-traktor-fiyatlari-2025\/\" target=\"_blank\" rel=\"noreferrer noopener\">Same Trakt\u00f6r Fiyatlar\u0131<\/a><\/li>\n\n\n\n<li><a href=\"https:\/\/www.karekod.org\/blog\/massey-ferguson-traktor-fiyatlari-2022\/\" target=\"_blank\" rel=\"noreferrer noopener\">Massey Ferguson Fiyatlar\u0131<\/a><\/li>\n\n\n\n<li><a href=\"https:\/\/www.karekod.org\/blog\/deutz-fahr-fiyat-listesi-2023\/\" target=\"_blank\" rel=\"noreferrer noopener\">Deutz Fahr Fiyat Listesi<\/a><\/li>\n\n\n\n<li><a href=\"https:\/\/www.karekod.org\/blog\/new-holland-fiyat-listesi\/\" type=\"post\" id=\"13751\">New Holland Trakt\u00f6r Fiyatlar\u0131<\/a><\/li>\n\n\n\n<li><a href=\"https:\/\/www.karekod.org\/blog\/basak-traktor-fiyatlari\/\" type=\"post\" id=\"33357\">Ba\u015fak Trakt\u00f6r Fiyatlar\u0131<\/a><\/li>\n<\/ul>\n\n\n\n<h2 class=\"wp-block-heading\"><span class=\"ez-toc-section\" id=\"Sikca_Sorulan_Sorular_SSS\"><\/span>S\u0131k\u00e7a Sorulan Sorular (SSS)<span class=\"ez-toc-section-end\"><\/span><\/h2>\n\n\n\n<div class=\"schema-faq wp-block-yoast-faq-block\"><div class=\"schema-faq-section\" id=\"faq-question-1772980484781\"><strong class=\"schema-faq-question\">\u00d6zel plaka fiyat\u0131 2026 y\u0131l\u0131nda ne kadar?<\/strong> <p class=\"schema-faq-answer\">2026 y\u0131l\u0131nda \u00f6zel plaka fiyat\u0131 ortalama olarak <strong>5.000 TL ile 400.000 TL<\/strong> aras\u0131nda de\u011fi\u015fmektedir.<\/p> <\/div> <div class=\"schema-faq-section\" id=\"faq-question-1772980490027\"><strong class=\"schema-faq-question\">\u00d6zel plaka sat\u0131n almak m\u00fcmk\u00fcn m\u00fc?<\/strong> <p class=\"schema-faq-answer\">T\u00fcrkiye\u2019de \u00f6zel plakalar do\u011frudan sat\u0131\u015f \u015feklinde de\u011fil, genellikle <strong>ba\u011f\u0131\u015f sistemi<\/strong> ile verilmektedir.<\/p> <\/div> <div class=\"schema-faq-section\" id=\"faq-question-1772980497407\"><strong class=\"schema-faq-question\">En pahal\u0131 \u00f6zel plaka hangisidir?<\/strong> <p class=\"schema-faq-answer\">Genellikle <strong>tek harf veya anlaml\u0131 kelime i\u00e7eren plakalar<\/strong> en pahal\u0131 kategoride yer al\u0131r.<\/p> <\/div> <div class=\"schema-faq-section\" id=\"faq-question-1772980509277\"><strong class=\"schema-faq-question\">Her \u015fehirde \u00f6zel plaka fiyat\u0131 ayn\u0131 m\u0131?<\/strong> <p class=\"schema-faq-answer\">Hay\u0131r. \u0130stanbul, Ankara ve \u0130zmir gibi b\u00fcy\u00fck \u015fehirlerde \u00f6zel plaka fiyat\u0131 genellikle daha y\u00fcksektir.<\/p> <\/div> <\/div>\n","protected":false},"excerpt":{"rendered":"<p>\u00d6zel plaka fiyat\u0131, ara\u00e7 tescil i\u015flemlerinde talep edilen \u00f6zel harf ve say\u0131 kombinasyonlar\u0131n\u0131n kullan\u0131m hakk\u0131 i\u00e7in \u00f6denen ba\u011f\u0131\u015f veya \u00fccret [&hellip;]<\/p>\n","protected":false},"author":1,"featured_media":55131,"comment_status":"open","ping_status":"open","sticky":false,"template":"","format":"standard","meta":{"footnotes":""},"categories":[3938,1300],"tags":[5380,5383,5379,5381,5382,5384],"class_list":["post-55126","post","type-post","status-publish","format-standard","has-post-thumbnail","hentry","category-arac-fiyatlari","category-fiyat","tag-2026-ozel-plaka-fiyati","tag-isimli-plaka-fiyati","tag-ozel-plaka-fiyati","tag-ozel-plaka-fiyatlari","tag-ozel-plaka-ne-kadar","tag-plaka-ucreti"],"yoast_head":"<!-- This site is optimized with the Yoast SEO plugin v27.5 - https:\/\/yoast.com\/product\/yoast-seo-wordpress\/ -->\n<title>\u00d6zel Plaka Fiyat\u0131 2026: G\u00fcncel \u00d6zel Plaka Fiyatlar\u0131 - Karekod Blog<\/title>\n<meta name=\"description\" content=\"\u00d6zel Plaka Fiyat\u0131: Basit harf kombinasyonu 5.000 \u2013 15.000 TL, \u0130sim ba\u015f harfi plaka 15.000 \u2013 40.000 TL, \u0130sim i\u00e7eren \u00f6zel plaka 40.000 TL..\" \/>\n<meta name=\"robots\" content=\"index, follow, max-snippet:-1, max-image-preview:large, max-video-preview:-1\" \/>\n<link rel=\"canonical\" href=\"https:\/\/www.karekod.org\/blog\/ozel-plaka-fiyati-2026-guncel-ozel-plaka-fiyatlari\/\" \/>\n<meta property=\"og:locale\" content=\"tr_TR\" \/>\n<meta property=\"og:type\" content=\"article\" \/>\n<meta property=\"og:title\" content=\"\u00d6zel Plaka Fiyat\u0131 2026: G\u00fcncel \u00d6zel Plaka Fiyatlar\u0131 - Karekod Blog\" \/>\n<meta property=\"og:description\" content=\"\u00d6zel Plaka Fiyat\u0131: Basit harf kombinasyonu 5.000 \u2013 15.000 TL, \u0130sim ba\u015f harfi plaka 15.000 \u2013 40.000 TL, \u0130sim i\u00e7eren \u00f6zel plaka 40.000 TL..\" \/>\n<meta property=\"og:url\" content=\"https:\/\/www.karekod.org\/blog\/ozel-plaka-fiyati-2026-guncel-ozel-plaka-fiyatlari\/\" \/>\n<meta property=\"og:site_name\" content=\"Karekod Blog\" \/>\n<meta property=\"article:publisher\" content=\"https:\/\/www.facebook.com\/QarMenu\/\" \/>\n<meta property=\"article:author\" content=\"https:\/\/www.facebook.com\/mentor.perplexed\/\" \/>\n<meta property=\"article:published_time\" content=\"2026-03-08T14:54:14+00:00\" \/>\n<meta property=\"article:modified_time\" content=\"2026-03-08T15:01:34+00:00\" \/>\n<meta property=\"og:image\" content=\"https:\/\/www.karekod.org\/blog\/wp-content\/uploads\/2026\/03\/Ozel-Plaka-Fiyati-2026_-Guncel-Ozel-Plaka-Fiyatlari.webp\" \/>\n\t<meta property=\"og:image:width\" content=\"1200\" \/>\n\t<meta property=\"og:image:height\" content=\"675\" \/>\n\t<meta property=\"og:image:type\" content=\"image\/webp\" \/>\n<meta name=\"author\" content=\"Muharrem Emino\u011flu\" \/>\n<meta name=\"twitter:card\" content=\"summary_large_image\" \/>\n<meta name=\"twitter:creator\" content=\"@temassizmenu\" \/>\n<meta name=\"twitter:site\" content=\"@temassizmenu\" \/>\n<meta name=\"twitter:label1\" content=\"Yazan:\" \/>\n\t<meta name=\"twitter:data1\" content=\"Muharrem Emino\u011flu\" \/>\n\t<meta name=\"twitter:label2\" content=\"Tahmini okuma s\u00fcresi\" \/>\n\t<meta name=\"twitter:data2\" content=\"6 dakika\" \/>\n<script type=\"application\/ld+json\" class=\"yoast-schema-graph\">{\"@context\":\"https:\\\/\\\/schema.org\",\"@graph\":[{\"@type\":\"NewsArticle\",\"@id\":\"https:\\\/\\\/www.karekod.org\\\/blog\\\/ozel-plaka-fiyati-2026-guncel-ozel-plaka-fiyatlari\\\/#article\",\"isPartOf\":{\"@id\":\"https:\\\/\\\/www.karekod.org\\\/blog\\\/ozel-plaka-fiyati-2026-guncel-ozel-plaka-fiyatlari\\\/\"},\"author\":{\"name\":\"Muharrem Emino\u011flu\",\"@id\":\"https:\\\/\\\/www.karekod.org\\\/blog\\\/#\\\/schema\\\/person\\\/8c87c879aca1c63c7438bf937a5da8bd\"},\"headline\":\"\u00d6zel Plaka Fiyat\u0131 2026: G\u00fcncel \u00d6zel Plaka Fiyatlar\u0131\",\"datePublished\":\"2026-03-08T14:54:14+00:00\",\"dateModified\":\"2026-03-08T15:01:34+00:00\",\"mainEntityOfPage\":{\"@id\":\"https:\\\/\\\/www.karekod.org\\\/blog\\\/ozel-plaka-fiyati-2026-guncel-ozel-plaka-fiyatlari\\\/\"},\"wordCount\":1039,\"commentCount\":0,\"publisher\":{\"@id\":\"https:\\\/\\\/www.karekod.org\\\/blog\\\/#organization\"},\"image\":{\"@id\":\"https:\\\/\\\/www.karekod.org\\\/blog\\\/ozel-plaka-fiyati-2026-guncel-ozel-plaka-fiyatlari\\\/#primaryimage\"},\"thumbnailUrl\":\"https:\\\/\\\/www.karekod.org\\\/blog\\\/wp-content\\\/uploads\\\/2026\\\/03\\\/Ozel-Plaka-Fiyati-2026_-Guncel-Ozel-Plaka-Fiyatlari.webp\",\"keywords\":[\"2026 \u00f6zel plaka fiyat\u0131\",\"isimli plaka fiyat\u0131\",\"\u00f6zel plaka fiyat\u0131\",\"\u00f6zel plaka fiyatlar\u0131\",\"\u00f6zel plaka ne kadar\",\"plaka \u00fccreti\"],\"articleSection\":[\"Ara\u00e7 Fiyatlar\u0131\",\"Fiyat\"],\"inLanguage\":\"tr\",\"potentialAction\":[{\"@type\":\"CommentAction\",\"name\":\"Comment\",\"target\":[\"https:\\\/\\\/www.karekod.org\\\/blog\\\/ozel-plaka-fiyati-2026-guncel-ozel-plaka-fiyatlari\\\/#respond\"]}]},{\"@type\":[\"WebPage\",\"FAQPage\"],\"@id\":\"https:\\\/\\\/www.karekod.org\\\/blog\\\/ozel-plaka-fiyati-2026-guncel-ozel-plaka-fiyatlari\\\/\",\"url\":\"https:\\\/\\\/www.karekod.org\\\/blog\\\/ozel-plaka-fiyati-2026-guncel-ozel-plaka-fiyatlari\\\/\",\"name\":\"\u00d6zel Plaka Fiyat\u0131 2026: G\u00fcncel \u00d6zel Plaka Fiyatlar\u0131 - Karekod Blog\",\"isPartOf\":{\"@id\":\"https:\\\/\\\/www.karekod.org\\\/blog\\\/#website\"},\"primaryImageOfPage\":{\"@id\":\"https:\\\/\\\/www.karekod.org\\\/blog\\\/ozel-plaka-fiyati-2026-guncel-ozel-plaka-fiyatlari\\\/#primaryimage\"},\"image\":{\"@id\":\"https:\\\/\\\/www.karekod.org\\\/blog\\\/ozel-plaka-fiyati-2026-guncel-ozel-plaka-fiyatlari\\\/#primaryimage\"},\"thumbnailUrl\":\"https:\\\/\\\/www.karekod.org\\\/blog\\\/wp-content\\\/uploads\\\/2026\\\/03\\\/Ozel-Plaka-Fiyati-2026_-Guncel-Ozel-Plaka-Fiyatlari.webp\",\"datePublished\":\"2026-03-08T14:54:14+00:00\",\"dateModified\":\"2026-03-08T15:01:34+00:00\",\"description\":\"\u00d6zel Plaka Fiyat\u0131: Basit harf kombinasyonu 5.000 \u2013 15.000 TL, \u0130sim ba\u015f harfi plaka 15.000 \u2013 40.000 TL, \u0130sim i\u00e7eren \u00f6zel plaka 40.000 TL..\",\"breadcrumb\":{\"@id\":\"https:\\\/\\\/www.karekod.org\\\/blog\\\/ozel-plaka-fiyati-2026-guncel-ozel-plaka-fiyatlari\\\/#breadcrumb\"},\"mainEntity\":[{\"@id\":\"https:\\\/\\\/www.karekod.org\\\/blog\\\/ozel-plaka-fiyati-2026-guncel-ozel-plaka-fiyatlari\\\/#faq-question-1772980484781\"},{\"@id\":\"https:\\\/\\\/www.karekod.org\\\/blog\\\/ozel-plaka-fiyati-2026-guncel-ozel-plaka-fiyatlari\\\/#faq-question-1772980490027\"},{\"@id\":\"https:\\\/\\\/www.karekod.org\\\/blog\\\/ozel-plaka-fiyati-2026-guncel-ozel-plaka-fiyatlari\\\/#faq-question-1772980497407\"},{\"@id\":\"https:\\\/\\\/www.karekod.org\\\/blog\\\/ozel-plaka-fiyati-2026-guncel-ozel-plaka-fiyatlari\\\/#faq-question-1772980509277\"}],\"inLanguage\":\"tr\",\"potentialAction\":[{\"@type\":\"ReadAction\",\"target\":[\"https:\\\/\\\/www.karekod.org\\\/blog\\\/ozel-plaka-fiyati-2026-guncel-ozel-plaka-fiyatlari\\\/\"]}]},{\"@type\":\"ImageObject\",\"inLanguage\":\"tr\",\"@id\":\"https:\\\/\\\/www.karekod.org\\\/blog\\\/ozel-plaka-fiyati-2026-guncel-ozel-plaka-fiyatlari\\\/#primaryimage\",\"url\":\"https:\\\/\\\/www.karekod.org\\\/blog\\\/wp-content\\\/uploads\\\/2026\\\/03\\\/Ozel-Plaka-Fiyati-2026_-Guncel-Ozel-Plaka-Fiyatlari.webp\",\"contentUrl\":\"https:\\\/\\\/www.karekod.org\\\/blog\\\/wp-content\\\/uploads\\\/2026\\\/03\\\/Ozel-Plaka-Fiyati-2026_-Guncel-Ozel-Plaka-Fiyatlari.webp\",\"width\":1200,\"height\":675,\"caption\":\"\u00d6zel Plaka Fiyat\u0131\"},{\"@type\":\"BreadcrumbList\",\"@id\":\"https:\\\/\\\/www.karekod.org\\\/blog\\\/ozel-plaka-fiyati-2026-guncel-ozel-plaka-fiyatlari\\\/#breadcrumb\",\"itemListElement\":[{\"@type\":\"ListItem\",\"position\":1,\"name\":\"Ana sayfa\",\"item\":\"https:\\\/\\\/www.karekod.org\\\/blog\\\/\"},{\"@type\":\"ListItem\",\"position\":2,\"name\":\"Fiyat\",\"item\":\"https:\\\/\\\/www.karekod.org\\\/blog\\\/category\\\/fiyat\\\/\"},{\"@type\":\"ListItem\",\"position\":3,\"name\":\"\u00d6zel Plaka Fiyat\u0131 2026: G\u00fcncel \u00d6zel Plaka Fiyatlar\u0131\"}]},{\"@type\":\"WebSite\",\"@id\":\"https:\\\/\\\/www.karekod.org\\\/blog\\\/#website\",\"url\":\"https:\\\/\\\/www.karekod.org\\\/blog\\\/\",\"name\":\"Karekod Blog\",\"description\":\"2026 G\u00fcncel Alkol Fiyatlar\u0131 ve Piyasa Rehberi\",\"publisher\":{\"@id\":\"https:\\\/\\\/www.karekod.org\\\/blog\\\/#organization\"},\"alternateName\":\"Karekod Haber\",\"potentialAction\":[{\"@type\":\"SearchAction\",\"target\":{\"@type\":\"EntryPoint\",\"urlTemplate\":\"https:\\\/\\\/www.karekod.org\\\/blog\\\/?s={search_term_string}\"},\"query-input\":{\"@type\":\"PropertyValueSpecification\",\"valueRequired\":true,\"valueName\":\"search_term_string\"}}],\"inLanguage\":\"tr\"},{\"@type\":\"Organization\",\"@id\":\"https:\\\/\\\/www.karekod.org\\\/blog\\\/#organization\",\"name\":\"Karekod Blog\",\"alternateName\":\"Karekod Haber\",\"url\":\"https:\\\/\\\/www.karekod.org\\\/blog\\\/\",\"logo\":{\"@type\":\"ImageObject\",\"inLanguage\":\"tr\",\"@id\":\"https:\\\/\\\/www.karekod.org\\\/blog\\\/#\\\/schema\\\/logo\\\/image\\\/\",\"url\":\"https:\\\/\\\/www.karekod.org\\\/blog\\\/wp-content\\\/uploads\\\/2025\\\/01\\\/cropped-logo.webp\",\"contentUrl\":\"https:\\\/\\\/www.karekod.org\\\/blog\\\/wp-content\\\/uploads\\\/2025\\\/01\\\/cropped-logo.webp\",\"width\":512,\"height\":384,\"caption\":\"Karekod Blog\"},\"image\":{\"@id\":\"https:\\\/\\\/www.karekod.org\\\/blog\\\/#\\\/schema\\\/logo\\\/image\\\/\"},\"sameAs\":[\"https:\\\/\\\/www.facebook.com\\\/QarMenu\\\/\",\"https:\\\/\\\/x.com\\\/temassizmenu\",\"https:\\\/\\\/www.instagram.com\\\/qarmenu\\\/\",\"https:\\\/\\\/www.linkedin.com\\\/company\\\/karekod\\\/\",\"https:\\\/\\\/tr.pinterest.com\\\/dijitalmenu\\\/\",\"https:\\\/\\\/www.youtube.com\\\/@qrmenu\",\"https:\\\/\\\/karekodmenu.tumblr.com\\\/\",\"https:\\\/\\\/karekod.medium.com\\\/\",\"https:\\\/\\\/www.diigo.com\\\/user\\\/karekod\",\"https:\\\/\\\/mastodon.social\\\/@karekod\",\"https:\\\/\\\/vk.com\\\/karekod\",\"https:\\\/\\\/flipboard.com\\\/@karekod\",\"https:\\\/\\\/www.quora.com\\\/profile\\\/Karekod-Haber\",\"https:\\\/\\\/note.com\\\/karekod\"]},{\"@type\":\"Person\",\"@id\":\"https:\\\/\\\/www.karekod.org\\\/blog\\\/#\\\/schema\\\/person\\\/8c87c879aca1c63c7438bf937a5da8bd\",\"name\":\"Muharrem Emino\u011flu\",\"pronouns\":\"he\\\/him\",\"description\":\"Veri analizi ve dijital raporlama s\u00fcre\u00e7lerinde yenilik\u00e7i yakla\u015f\u0131mlar benimseyerek s\u00fcrd\u00fcr\u00fclebilir i\u015f modelleri \u00fczerine \u00e7al\u0131\u015fmalar yap\u0131yorum. Teknoloji, ekonomi ve dijital pazarlama alanlar\u0131nda g\u00fcncel ve g\u00fcvenilir i\u00e7erikler \u00fcretiyorum.\",\"sameAs\":[\"https:\\\/\\\/www.karekod.org\",\"https:\\\/\\\/www.facebook.com\\\/mentor.perplexed\\\/\",\"https:\\\/\\\/www.instagram.com\\\/mentorperplexed\\\/\",\"https:\\\/\\\/www.linkedin.com\\\/in\\\/eminoglu\\\/\",\"https:\\\/\\\/www.pinterest.de\\\/dijitalmenu\\\/\",\"https:\\\/\\\/x.com\\\/temassizmenu\",\"https:\\\/\\\/www.youtube.com\\\/channel\\\/UC_vI-xTP9NegNfIqSGoesGg\",\"https:\\\/\\\/qrmenu.tumblr.com\\\/\"],\"url\":\"https:\\\/\\\/www.karekod.org\\\/blog\\\/yazar\\\/muharrem-eminoglu\\\/\"},{\"@type\":\"Question\",\"@id\":\"https:\\\/\\\/www.karekod.org\\\/blog\\\/ozel-plaka-fiyati-2026-guncel-ozel-plaka-fiyatlari\\\/#faq-question-1772980484781\",\"position\":1,\"url\":\"https:\\\/\\\/www.karekod.org\\\/blog\\\/ozel-plaka-fiyati-2026-guncel-ozel-plaka-fiyatlari\\\/#faq-question-1772980484781\",\"name\":\"\u00d6zel plaka fiyat\u0131 2026 y\u0131l\u0131nda ne kadar?\",\"answerCount\":1,\"acceptedAnswer\":{\"@type\":\"Answer\",\"text\":\"2026 y\u0131l\u0131nda \u00f6zel plaka fiyat\u0131 ortalama olarak <strong>5.000 TL ile 400.000 TL<\\\/strong> aras\u0131nda de\u011fi\u015fmektedir.\",\"inLanguage\":\"tr\"},\"inLanguage\":\"tr\"},{\"@type\":\"Question\",\"@id\":\"https:\\\/\\\/www.karekod.org\\\/blog\\\/ozel-plaka-fiyati-2026-guncel-ozel-plaka-fiyatlari\\\/#faq-question-1772980490027\",\"position\":2,\"url\":\"https:\\\/\\\/www.karekod.org\\\/blog\\\/ozel-plaka-fiyati-2026-guncel-ozel-plaka-fiyatlari\\\/#faq-question-1772980490027\",\"name\":\"\u00d6zel plaka sat\u0131n almak m\u00fcmk\u00fcn m\u00fc?\",\"answerCount\":1,\"acceptedAnswer\":{\"@type\":\"Answer\",\"text\":\"T\u00fcrkiye\u2019de \u00f6zel plakalar do\u011frudan sat\u0131\u015f \u015feklinde de\u011fil, genellikle <strong>ba\u011f\u0131\u015f sistemi<\\\/strong> ile verilmektedir.\",\"inLanguage\":\"tr\"},\"inLanguage\":\"tr\"},{\"@type\":\"Question\",\"@id\":\"https:\\\/\\\/www.karekod.org\\\/blog\\\/ozel-plaka-fiyati-2026-guncel-ozel-plaka-fiyatlari\\\/#faq-question-1772980497407\",\"position\":3,\"url\":\"https:\\\/\\\/www.karekod.org\\\/blog\\\/ozel-plaka-fiyati-2026-guncel-ozel-plaka-fiyatlari\\\/#faq-question-1772980497407\",\"name\":\"En pahal\u0131 \u00f6zel plaka hangisidir?\",\"answerCount\":1,\"acceptedAnswer\":{\"@type\":\"Answer\",\"text\":\"Genellikle <strong>tek harf veya anlaml\u0131 kelime i\u00e7eren plakalar<\\\/strong> en pahal\u0131 kategoride yer al\u0131r.\",\"inLanguage\":\"tr\"},\"inLanguage\":\"tr\"},{\"@type\":\"Question\",\"@id\":\"https:\\\/\\\/www.karekod.org\\\/blog\\\/ozel-plaka-fiyati-2026-guncel-ozel-plaka-fiyatlari\\\/#faq-question-1772980509277\",\"position\":4,\"url\":\"https:\\\/\\\/www.karekod.org\\\/blog\\\/ozel-plaka-fiyati-2026-guncel-ozel-plaka-fiyatlari\\\/#faq-question-1772980509277\",\"name\":\"Her \u015fehirde \u00f6zel plaka fiyat\u0131 ayn\u0131 m\u0131?\",\"answerCount\":1,\"acceptedAnswer\":{\"@type\":\"Answer\",\"text\":\"Hay\u0131r. \u0130stanbul, Ankara ve \u0130zmir gibi b\u00fcy\u00fck \u015fehirlerde \u00f6zel plaka fiyat\u0131 genellikle daha y\u00fcksektir.\",\"inLanguage\":\"tr\"},\"inLanguage\":\"tr\"}]}<\/script>\n<!-- \/ Yoast SEO plugin. -->","yoast_head_json":{"title":"\u00d6zel Plaka Fiyat\u0131 2026: G\u00fcncel \u00d6zel Plaka Fiyatlar\u0131 - Karekod Blog","description":"\u00d6zel Plaka Fiyat\u0131: Basit harf kombinasyonu 5.000 \u2013 15.000 TL, \u0130sim ba\u015f harfi plaka 15.000 \u2013 40.000 TL, \u0130sim i\u00e7eren \u00f6zel plaka 40.000 TL..","robots":{"index":"index","follow":"follow","max-snippet":"max-snippet:-1","max-image-preview":"max-image-preview:large","max-video-preview":"max-video-preview:-1"},"canonical":"https:\/\/www.karekod.org\/blog\/ozel-plaka-fiyati-2026-guncel-ozel-plaka-fiyatlari\/","og_locale":"tr_TR","og_type":"article","og_title":"\u00d6zel Plaka Fiyat\u0131 2026: G\u00fcncel \u00d6zel Plaka Fiyatlar\u0131 - Karekod Blog","og_description":"\u00d6zel Plaka Fiyat\u0131: Basit harf kombinasyonu 5.000 \u2013 15.000 TL, \u0130sim ba\u015f harfi plaka 15.000 \u2013 40.000 TL, \u0130sim i\u00e7eren \u00f6zel plaka 40.000 TL..","og_url":"https:\/\/www.karekod.org\/blog\/ozel-plaka-fiyati-2026-guncel-ozel-plaka-fiyatlari\/","og_site_name":"Karekod Blog","article_publisher":"https:\/\/www.facebook.com\/QarMenu\/","article_author":"https:\/\/www.facebook.com\/mentor.perplexed\/","article_published_time":"2026-03-08T14:54:14+00:00","article_modified_time":"2026-03-08T15:01:34+00:00","og_image":[{"width":1200,"height":675,"url":"https:\/\/www.karekod.org\/blog\/wp-content\/uploads\/2026\/03\/Ozel-Plaka-Fiyati-2026_-Guncel-Ozel-Plaka-Fiyatlari.webp","type":"image\/webp"}],"author":"Muharrem Emino\u011flu","twitter_card":"summary_large_image","twitter_creator":"@temassizmenu","twitter_site":"@temassizmenu","twitter_misc":{"Yazan:":"Muharrem Emino\u011flu","Tahmini okuma s\u00fcresi":"6 dakika"},"schema":{"@context":"https:\/\/schema.org","@graph":[{"@type":"NewsArticle","@id":"https:\/\/www.karekod.org\/blog\/ozel-plaka-fiyati-2026-guncel-ozel-plaka-fiyatlari\/#article","isPartOf":{"@id":"https:\/\/www.karekod.org\/blog\/ozel-plaka-fiyati-2026-guncel-ozel-plaka-fiyatlari\/"},"author":{"name":"Muharrem Emino\u011flu","@id":"https:\/\/www.karekod.org\/blog\/#\/schema\/person\/8c87c879aca1c63c7438bf937a5da8bd"},"headline":"\u00d6zel Plaka Fiyat\u0131 2026: G\u00fcncel \u00d6zel Plaka Fiyatlar\u0131","datePublished":"2026-03-08T14:54:14+00:00","dateModified":"2026-03-08T15:01:34+00:00","mainEntityOfPage":{"@id":"https:\/\/www.karekod.org\/blog\/ozel-plaka-fiyati-2026-guncel-ozel-plaka-fiyatlari\/"},"wordCount":1039,"commentCount":0,"publisher":{"@id":"https:\/\/www.karekod.org\/blog\/#organization"},"image":{"@id":"https:\/\/www.karekod.org\/blog\/ozel-plaka-fiyati-2026-guncel-ozel-plaka-fiyatlari\/#primaryimage"},"thumbnailUrl":"https:\/\/www.karekod.org\/blog\/wp-content\/uploads\/2026\/03\/Ozel-Plaka-Fiyati-2026_-Guncel-Ozel-Plaka-Fiyatlari.webp","keywords":["2026 \u00f6zel plaka fiyat\u0131","isimli plaka fiyat\u0131","\u00f6zel plaka fiyat\u0131","\u00f6zel plaka fiyatlar\u0131","\u00f6zel plaka ne kadar","plaka \u00fccreti"],"articleSection":["Ara\u00e7 Fiyatlar\u0131","Fiyat"],"inLanguage":"tr","potentialAction":[{"@type":"CommentAction","name":"Comment","target":["https:\/\/www.karekod.org\/blog\/ozel-plaka-fiyati-2026-guncel-ozel-plaka-fiyatlari\/#respond"]}]},{"@type":["WebPage","FAQPage"],"@id":"https:\/\/www.karekod.org\/blog\/ozel-plaka-fiyati-2026-guncel-ozel-plaka-fiyatlari\/","url":"https:\/\/www.karekod.org\/blog\/ozel-plaka-fiyati-2026-guncel-ozel-plaka-fiyatlari\/","name":"\u00d6zel Plaka Fiyat\u0131 2026: G\u00fcncel \u00d6zel Plaka Fiyatlar\u0131 - Karekod Blog","isPartOf":{"@id":"https:\/\/www.karekod.org\/blog\/#website"},"primaryImageOfPage":{"@id":"https:\/\/www.karekod.org\/blog\/ozel-plaka-fiyati-2026-guncel-ozel-plaka-fiyatlari\/#primaryimage"},"image":{"@id":"https:\/\/www.karekod.org\/blog\/ozel-plaka-fiyati-2026-guncel-ozel-plaka-fiyatlari\/#primaryimage"},"thumbnailUrl":"https:\/\/www.karekod.org\/blog\/wp-content\/uploads\/2026\/03\/Ozel-Plaka-Fiyati-2026_-Guncel-Ozel-Plaka-Fiyatlari.webp","datePublished":"2026-03-08T14:54:14+00:00","dateModified":"2026-03-08T15:01:34+00:00","description":"\u00d6zel Plaka Fiyat\u0131: Basit harf kombinasyonu 5.000 \u2013 15.000 TL, \u0130sim ba\u015f harfi plaka 15.000 \u2013 40.000 TL, \u0130sim i\u00e7eren \u00f6zel plaka 40.000 TL..","breadcrumb":{"@id":"https:\/\/www.karekod.org\/blog\/ozel-plaka-fiyati-2026-guncel-ozel-plaka-fiyatlari\/#breadcrumb"},"mainEntity":[{"@id":"https:\/\/www.karekod.org\/blog\/ozel-plaka-fiyati-2026-guncel-ozel-plaka-fiyatlari\/#faq-question-1772980484781"},{"@id":"https:\/\/www.karekod.org\/blog\/ozel-plaka-fiyati-2026-guncel-ozel-plaka-fiyatlari\/#faq-question-1772980490027"},{"@id":"https:\/\/www.karekod.org\/blog\/ozel-plaka-fiyati-2026-guncel-ozel-plaka-fiyatlari\/#faq-question-1772980497407"},{"@id":"https:\/\/www.karekod.org\/blog\/ozel-plaka-fiyati-2026-guncel-ozel-plaka-fiyatlari\/#faq-question-1772980509277"}],"inLanguage":"tr","potentialAction":[{"@type":"ReadAction","target":["https:\/\/www.karekod.org\/blog\/ozel-plaka-fiyati-2026-guncel-ozel-plaka-fiyatlari\/"]}]},{"@type":"ImageObject","inLanguage":"tr","@id":"https:\/\/www.karekod.org\/blog\/ozel-plaka-fiyati-2026-guncel-ozel-plaka-fiyatlari\/#primaryimage","url":"https:\/\/www.karekod.org\/blog\/wp-content\/uploads\/2026\/03\/Ozel-Plaka-Fiyati-2026_-Guncel-Ozel-Plaka-Fiyatlari.webp","contentUrl":"https:\/\/www.karekod.org\/blog\/wp-content\/uploads\/2026\/03\/Ozel-Plaka-Fiyati-2026_-Guncel-Ozel-Plaka-Fiyatlari.webp","width":1200,"height":675,"caption":"\u00d6zel Plaka Fiyat\u0131"},{"@type":"BreadcrumbList","@id":"https:\/\/www.karekod.org\/blog\/ozel-plaka-fiyati-2026-guncel-ozel-plaka-fiyatlari\/#breadcrumb","itemListElement":[{"@type":"ListItem","position":1,"name":"Ana sayfa","item":"https:\/\/www.karekod.org\/blog\/"},{"@type":"ListItem","position":2,"name":"Fiyat","item":"https:\/\/www.karekod.org\/blog\/category\/fiyat\/"},{"@type":"ListItem","position":3,"name":"\u00d6zel Plaka Fiyat\u0131 2026: G\u00fcncel \u00d6zel Plaka Fiyatlar\u0131"}]},{"@type":"WebSite","@id":"https:\/\/www.karekod.org\/blog\/#website","url":"https:\/\/www.karekod.org\/blog\/","name":"Karekod Blog","description":"2026 G\u00fcncel Alkol Fiyatlar\u0131 ve Piyasa Rehberi","publisher":{"@id":"https:\/\/www.karekod.org\/blog\/#organization"},"alternateName":"Karekod Haber","potentialAction":[{"@type":"SearchAction","target":{"@type":"EntryPoint","urlTemplate":"https:\/\/www.karekod.org\/blog\/?s={search_term_string}"},"query-input":{"@type":"PropertyValueSpecification","valueRequired":true,"valueName":"search_term_string"}}],"inLanguage":"tr"},{"@type":"Organization","@id":"https:\/\/www.karekod.org\/blog\/#organization","name":"Karekod Blog","alternateName":"Karekod Haber","url":"https:\/\/www.karekod.org\/blog\/","logo":{"@type":"ImageObject","inLanguage":"tr","@id":"https:\/\/www.karekod.org\/blog\/#\/schema\/logo\/image\/","url":"https:\/\/www.karekod.org\/blog\/wp-content\/uploads\/2025\/01\/cropped-logo.webp","contentUrl":"https:\/\/www.karekod.org\/blog\/wp-content\/uploads\/2025\/01\/cropped-logo.webp","width":512,"height":384,"caption":"Karekod Blog"},"image":{"@id":"https:\/\/www.karekod.org\/blog\/#\/schema\/logo\/image\/"},"sameAs":["https:\/\/www.facebook.com\/QarMenu\/","https:\/\/x.com\/temassizmenu","https:\/\/www.instagram.com\/qarmenu\/","https:\/\/www.linkedin.com\/company\/karekod\/","https:\/\/tr.pinterest.com\/dijitalmenu\/","https:\/\/www.youtube.com\/@qrmenu","https:\/\/karekodmenu.tumblr.com\/","https:\/\/karekod.medium.com\/","https:\/\/www.diigo.com\/user\/karekod","https:\/\/mastodon.social\/@karekod","https:\/\/vk.com\/karekod","https:\/\/flipboard.com\/@karekod","https:\/\/www.quora.com\/profile\/Karekod-Haber","https:\/\/note.com\/karekod"]},{"@type":"Person","@id":"https:\/\/www.karekod.org\/blog\/#\/schema\/person\/8c87c879aca1c63c7438bf937a5da8bd","name":"Muharrem Emino\u011flu","pronouns":"he\/him","description":"Veri analizi ve dijital raporlama s\u00fcre\u00e7lerinde yenilik\u00e7i yakla\u015f\u0131mlar benimseyerek s\u00fcrd\u00fcr\u00fclebilir i\u015f modelleri \u00fczerine \u00e7al\u0131\u015fmalar yap\u0131yorum. Teknoloji, ekonomi ve dijital pazarlama alanlar\u0131nda g\u00fcncel ve g\u00fcvenilir i\u00e7erikler \u00fcretiyorum.","sameAs":["https:\/\/www.karekod.org","https:\/\/www.facebook.com\/mentor.perplexed\/","https:\/\/www.instagram.com\/mentorperplexed\/","https:\/\/www.linkedin.com\/in\/eminoglu\/","https:\/\/www.pinterest.de\/dijitalmenu\/","https:\/\/x.com\/temassizmenu","https:\/\/www.youtube.com\/channel\/UC_vI-xTP9NegNfIqSGoesGg","https:\/\/qrmenu.tumblr.com\/"],"url":"https:\/\/www.karekod.org\/blog\/yazar\/muharrem-eminoglu\/"},{"@type":"Question","@id":"https:\/\/www.karekod.org\/blog\/ozel-plaka-fiyati-2026-guncel-ozel-plaka-fiyatlari\/#faq-question-1772980484781","position":1,"url":"https:\/\/www.karekod.org\/blog\/ozel-plaka-fiyati-2026-guncel-ozel-plaka-fiyatlari\/#faq-question-1772980484781","name":"\u00d6zel plaka fiyat\u0131 2026 y\u0131l\u0131nda ne kadar?","answerCount":1,"acceptedAnswer":{"@type":"Answer","text":"2026 y\u0131l\u0131nda \u00f6zel plaka fiyat\u0131 ortalama olarak <strong>5.000 TL ile 400.000 TL<\/strong> aras\u0131nda de\u011fi\u015fmektedir.","inLanguage":"tr"},"inLanguage":"tr"},{"@type":"Question","@id":"https:\/\/www.karekod.org\/blog\/ozel-plaka-fiyati-2026-guncel-ozel-plaka-fiyatlari\/#faq-question-1772980490027","position":2,"url":"https:\/\/www.karekod.org\/blog\/ozel-plaka-fiyati-2026-guncel-ozel-plaka-fiyatlari\/#faq-question-1772980490027","name":"\u00d6zel plaka sat\u0131n almak m\u00fcmk\u00fcn m\u00fc?","answerCount":1,"acceptedAnswer":{"@type":"Answer","text":"T\u00fcrkiye\u2019de \u00f6zel plakalar do\u011frudan sat\u0131\u015f \u015feklinde de\u011fil, genellikle <strong>ba\u011f\u0131\u015f sistemi<\/strong> ile verilmektedir.","inLanguage":"tr"},"inLanguage":"tr"},{"@type":"Question","@id":"https:\/\/www.karekod.org\/blog\/ozel-plaka-fiyati-2026-guncel-ozel-plaka-fiyatlari\/#faq-question-1772980497407","position":3,"url":"https:\/\/www.karekod.org\/blog\/ozel-plaka-fiyati-2026-guncel-ozel-plaka-fiyatlari\/#faq-question-1772980497407","name":"En pahal\u0131 \u00f6zel plaka hangisidir?","answerCount":1,"acceptedAnswer":{"@type":"Answer","text":"Genellikle <strong>tek harf veya anlaml\u0131 kelime i\u00e7eren plakalar<\/strong> en pahal\u0131 kategoride yer al\u0131r.","inLanguage":"tr"},"inLanguage":"tr"},{"@type":"Question","@id":"https:\/\/www.karekod.org\/blog\/ozel-plaka-fiyati-2026-guncel-ozel-plaka-fiyatlari\/#faq-question-1772980509277","position":4,"url":"https:\/\/www.karekod.org\/blog\/ozel-plaka-fiyati-2026-guncel-ozel-plaka-fiyatlari\/#faq-question-1772980509277","name":"Her \u015fehirde \u00f6zel plaka fiyat\u0131 ayn\u0131 m\u0131?","answerCount":1,"acceptedAnswer":{"@type":"Answer","text":"Hay\u0131r. \u0130stanbul, Ankara ve \u0130zmir gibi b\u00fcy\u00fck \u015fehirlerde \u00f6zel plaka fiyat\u0131 genellikle daha y\u00fcksektir.","inLanguage":"tr"},"inLanguage":"tr"}]}},"_links":{"self":[{"href":"https:\/\/www.karekod.org\/blog\/wp-json\/wp\/v2\/posts\/55126","targetHints":{"allow":["GET"]}}],"collection":[{"href":"https:\/\/www.karekod.org\/blog\/wp-json\/wp\/v2\/posts"}],"about":[{"href":"https:\/\/www.karekod.org\/blog\/wp-json\/wp\/v2\/types\/post"}],"author":[{"embeddable":true,"href":"https:\/\/www.karekod.org\/blog\/wp-json\/wp\/v2\/users\/1"}],"replies":[{"embeddable":true,"href":"https:\/\/www.karekod.org\/blog\/wp-json\/wp\/v2\/comments?post=55126"}],"version-history":[{"count":0,"href":"https:\/\/www.karekod.org\/blog\/wp-json\/wp\/v2\/posts\/55126\/revisions"}],"wp:featuredmedia":[{"embeddable":true,"href":"https:\/\/www.karekod.org\/blog\/wp-json\/wp\/v2\/media\/55131"}],"wp:attachment":[{"href":"https:\/\/www.karekod.org\/blog\/wp-json\/wp\/v2\/media?parent=55126"}],"wp:term":[{"taxonomy":"category","embeddable":true,"href":"https:\/\/www.karekod.org\/blog\/wp-json\/wp\/v2\/categories?post=55126"},{"taxonomy":"post_tag","embeddable":true,"href":"https:\/\/www.karekod.org\/blog\/wp-json\/wp\/v2\/tags?post=55126"}],"curies":[{"name":"wp","href":"https:\/\/api.w.org\/{rel}","templated":true}]}}