{"id":54846,"date":"2026-03-02T19:05:25","date_gmt":"2026-03-02T16:05:25","guid":{"rendered":"https:\/\/www.karekod.org\/blog\/?p=54846"},"modified":"2026-03-02T19:05:27","modified_gmt":"2026-03-02T16:05:27","slug":"avrupanin-en-cok-resmi-tatil-yapan-ulkeleri","status":"publish","type":"post","link":"https:\/\/www.karekod.org\/blog\/avrupanin-en-cok-resmi-tatil-yapan-ulkeleri\/","title":{"rendered":"Avrupa&#8217;n\u0131n En \u00c7ok Resmi Tatil Yapan \u00dclkeleri 2026"},"content":{"rendered":"\n<p>Modern \u00e7al\u0131\u015fma hayat\u0131nda <strong>i\u015f-ya\u015fam dengesi<\/strong> kavram\u0131 giderek \u00f6nem kazan\u0131rken, Avrupa \u00fclkeleri bu konuda d\u00fcnyaya \u00f6rnek te\u015fkil ediyor. \u00d6zellikle <strong>resmi tatil g\u00fcnleri<\/strong> a\u00e7\u0131s\u0131ndan zengin olan \u00fclkeler, \u00e7al\u0131\u015fan refah\u0131 ve verimlilik aras\u0131ndaki dengeyi nas\u0131l kuruyor? Bu makalede, <strong>Avrupa&#8217;n\u0131n en \u00e7ok resmi tatil yapan \u00fclkeleri<\/strong> ve ekonomik-sosyal etkilerini analiz edece\u011fiz.<\/p><div id=\"ez-toc-container\" class=\"ez-toc-v2_0_82_2 counter-hierarchy ez-toc-counter ez-toc-grey ez-toc-container-direction\">\n<div class=\"ez-toc-title-container\">\n<p class=\"ez-toc-title\" style=\"cursor:inherit\">\u0130\u00e7indekiler<\/p>\n<span class=\"ez-toc-title-toggle\"><a href=\"#\" class=\"ez-toc-pull-right ez-toc-btn ez-toc-btn-xs ez-toc-btn-default ez-toc-toggle\" aria-label=\"\u0130\u00e7indekiler Tablosunu A\u00e7\/Kapat\"><span class=\"ez-toc-js-icon-con\"><span class=\"\"><span class=\"eztoc-hide\" style=\"display:none;\">Toggle<\/span><span class=\"ez-toc-icon-toggle-span\"><svg style=\"fill: #999;color:#999\" xmlns=\"http:\/\/www.w3.org\/2000\/svg\" class=\"list-377408\" width=\"20px\" height=\"20px\" viewBox=\"0 0 24 24\" fill=\"none\"><path d=\"M6 6H4v2h2V6zm14 0H8v2h12V6zM4 11h2v2H4v-2zm16 0H8v2h12v-2zM4 16h2v2H4v-2zm16 0H8v2h12v-2z\" fill=\"currentColor\"><\/path><\/svg><svg style=\"fill: #999;color:#999\" class=\"arrow-unsorted-368013\" xmlns=\"http:\/\/www.w3.org\/2000\/svg\" width=\"10px\" height=\"10px\" viewBox=\"0 0 24 24\" version=\"1.2\" baseProfile=\"tiny\"><path d=\"M18.2 9.3l-6.2-6.3-6.2 6.3c-.2.2-.3.4-.3.7s.1.5.3.7c.2.2.4.3.7.3h11c.3 0 .5-.1.7-.3.2-.2.3-.5.3-.7s-.1-.5-.3-.7zM5.8 14.7l6.2 6.3 6.2-6.3c.2-.2.3-.5.3-.7s-.1-.5-.3-.7c-.2-.2-.4-.3-.7-.3h-11c-.3 0-.5.1-.7.3-.2.2-.3.5-.3.7s.1.5.3.7z\"\/><\/svg><\/span><\/span><\/span><\/a><\/span><\/div>\n<nav><ul class='ez-toc-list ez-toc-list-level-1 ' ><li class='ez-toc-page-1 ez-toc-heading-level-2'><a class=\"ez-toc-link ez-toc-heading-1\" href=\"https:\/\/www.karekod.org\/blog\/avrupanin-en-cok-resmi-tatil-yapan-ulkeleri\/#En_Cok_Resmi_Tatil_Yapan_Ulkeler\" >En \u00c7ok Resmi Tatil Yapan \u00dclkeler<\/a><ul class='ez-toc-list-level-3' ><li class='ez-toc-heading-level-3'><a class=\"ez-toc-link ez-toc-heading-2\" href=\"https:\/\/www.karekod.org\/blog\/avrupanin-en-cok-resmi-tatil-yapan-ulkeleri\/#Tatil_Sampiyonu_%E2%80%98Liechtenstein\" >Tatil \u015eampiyonu &#8216;Liechtenstein&#8217;<\/a><\/li><li class='ez-toc-page-1 ez-toc-heading-level-3'><a class=\"ez-toc-link ez-toc-heading-3\" href=\"https:\/\/www.karekod.org\/blog\/avrupanin-en-cok-resmi-tatil-yapan-ulkeleri\/#Ikinci_Siradaki_Guclu_Rakip_Avusturya\" >\u0130kinci S\u0131radaki G\u00fc\u00e7l\u00fc Rakip: Avusturya<\/a><\/li><li class='ez-toc-page-1 ez-toc-heading-level-3'><a class=\"ez-toc-link ez-toc-heading-4\" href=\"https:\/\/www.karekod.org\/blog\/avrupanin-en-cok-resmi-tatil-yapan-ulkeleri\/#Iskandinav_Modeli_Izlanda_16_Gun\" >\u0130skandinav Modeli: \u0130zlanda (16 G\u00fcn)<\/a><\/li><li class='ez-toc-page-1 ez-toc-heading-level-3'><a class=\"ez-toc-link ez-toc-heading-5\" href=\"https:\/\/www.karekod.org\/blog\/avrupanin-en-cok-resmi-tatil-yapan-ulkeleri\/#Orta_Avrupanin_Guclu_Temsilcileri_Slovakya_ve_Litvanya\" >Orta Avrupa&#8217;n\u0131n G\u00fc\u00e7l\u00fc Temsilcileri: Slovakya ve Litvanya<\/a><\/li><li class='ez-toc-page-1 ez-toc-heading-level-3'><a class=\"ez-toc-link ez-toc-heading-6\" href=\"https:\/\/www.karekod.org\/blog\/avrupanin-en-cok-resmi-tatil-yapan-ulkeleri\/#Bati_Avrupanin_Dengesi_Isvicre_Portekiz_ve_Romanya\" >Bat\u0131 Avrupa&#8217;n\u0131n Dengesi: \u0130svi\u00e7re, Portekiz ve Romanya<\/a><\/li><li class='ez-toc-page-1 ez-toc-heading-level-3'><a class=\"ez-toc-link ez-toc-heading-7\" href=\"https:\/\/www.karekod.org\/blog\/avrupanin-en-cok-resmi-tatil-yapan-ulkeleri\/#14_Gun_Grubu_Ispanya_Arnavutluk_Hirvatistan_Kibris_Slovenya_Malta_Polonya_ve_Turkiye\" >14 G\u00fcn Grubu: \u0130spanya, Arnavutluk, H\u0131rvatistan, K\u0131br\u0131s, Slovenya, Malta, Polonya ve T\u00fcrkiye<\/a><\/li><li class='ez-toc-page-1 ez-toc-heading-level-3'><a class=\"ez-toc-link ez-toc-heading-8\" href=\"https:\/\/www.karekod.org\/blog\/avrupanin-en-cok-resmi-tatil-yapan-ulkeleri\/#13_Gun_Grubu_Fransa_Finlandiya_Almanya_Letonya_ve_Cek_Cumhuriyeti\" >13 G\u00fcn Grubu: Fransa, Finlandiya, Almanya, Letonya ve \u00c7ek Cumhuriyeti<\/a><\/li><li class='ez-toc-page-1 ez-toc-heading-level-3'><a class=\"ez-toc-link ez-toc-heading-9\" href=\"https:\/\/www.karekod.org\/blog\/avrupanin-en-cok-resmi-tatil-yapan-ulkeleri\/#12_Gun_Grubu_Bulgaristan_Yunanistan_ve_Italya\" >12 G\u00fcn Grubu: Bulgaristan, Yunanistan ve \u0130talya<\/a><\/li><\/ul><\/li><li class='ez-toc-page-1 ez-toc-heading-level-2'><a class=\"ez-toc-link ez-toc-heading-10\" href=\"https:\/\/www.karekod.org\/blog\/avrupanin-en-cok-resmi-tatil-yapan-ulkeleri\/#2026_Resmi_Tatil_ve_Dinlenme_Suresi_Karsilastirmasi\" >2026 Resmi Tatil ve Dinlenme S\u00fcresi Kar\u015f\u0131la\u015ft\u0131rmas\u0131<\/a><ul class='ez-toc-list-level-3' ><li class='ez-toc-heading-level-3'><a class=\"ez-toc-link ez-toc-heading-11\" href=\"https:\/\/www.karekod.org\/blog\/avrupanin-en-cok-resmi-tatil-yapan-ulkeleri\/#One_Cikan_Bulgular\" >\u00d6ne \u00c7\u0131kan Bulgular<\/a><\/li><li class='ez-toc-page-1 ez-toc-heading-level-3'><a class=\"ez-toc-link ez-toc-heading-12\" href=\"https:\/\/www.karekod.org\/blog\/avrupanin-en-cok-resmi-tatil-yapan-ulkeleri\/#Avrupa_Ortalamasi_Ne_Gosteriyor\" >Avrupa Ortalamas\u0131 Ne G\u00f6steriyor?<\/a><\/li><\/ul><\/li><li class='ez-toc-page-1 ez-toc-heading-level-2'><a class=\"ez-toc-link ez-toc-heading-13\" href=\"https:\/\/www.karekod.org\/blog\/avrupanin-en-cok-resmi-tatil-yapan-ulkeleri\/#Ekonomik_Etkiler_Cok_Tatil_Az_Verimlilik_mi\" >Ekonomik Etkiler: \u00c7ok Tatil = Az Verimlilik mi?<\/a><\/li><li class='ez-toc-page-1 ez-toc-heading-level-2'><a class=\"ez-toc-link ez-toc-heading-14\" href=\"https:\/\/www.karekod.org\/blog\/avrupanin-en-cok-resmi-tatil-yapan-ulkeleri\/#Turkiye_Perspektifi_Neredeyiz\" >T\u00fcrkiye Perspektifi: Neredeyiz?<\/a><\/li><li class='ez-toc-page-1 ez-toc-heading-level-2'><a class=\"ez-toc-link ez-toc-heading-15\" href=\"https:\/\/www.karekod.org\/blog\/avrupanin-en-cok-resmi-tatil-yapan-ulkeleri\/#Editor_Yorumu_Tatil_Kulturu_Gelecegin_Calisma_Modeli_mi\" >Edit\u00f6r Yorumu: Tatil K\u00fclt\u00fcr\u00fc Gelece\u011fin \u00c7al\u0131\u015fma Modeli mi?<\/a><ul class='ez-toc-list-level-3' ><li class='ez-toc-heading-level-3'><a class=\"ez-toc-link ez-toc-heading-16\" href=\"https:\/\/www.karekod.org\/blog\/avrupanin-en-cok-resmi-tatil-yapan-ulkeleri\/#One_Cikan_Bulgular-2\" >\u00d6ne \u00c7\u0131kan Bulgular:<\/a><\/li><li class='ez-toc-page-1 ez-toc-heading-level-3'><a class=\"ez-toc-link ez-toc-heading-17\" href=\"https:\/\/www.karekod.org\/blog\/avrupanin-en-cok-resmi-tatil-yapan-ulkeleri\/#Gelecek_Tahminleri\" >Gelecek Tahminleri:<\/a><\/li><\/ul><\/li><li class='ez-toc-page-1 ez-toc-heading-level-2'><a class=\"ez-toc-link ez-toc-heading-18\" href=\"https:\/\/www.karekod.org\/blog\/avrupanin-en-cok-resmi-tatil-yapan-ulkeleri\/#Avrupanin_En_Cok_Resmi_Tatil_Yapan_Ulkeleri_Hakkinda_SSS\" >Avrupa&#8217;n\u0131n En \u00c7ok Resmi Tatil Yapan \u00dclkeleri Hakk\u0131nda (SSS)<\/a><\/li><\/ul><\/nav><\/div>\n\n\n\n\n<h2 class=\"wp-block-heading\"><span class=\"ez-toc-section\" id=\"En_Cok_Resmi_Tatil_Yapan_Ulkeler\"><\/span>En \u00c7ok Resmi Tatil Yapan \u00dclkeler<span class=\"ez-toc-section-end\"><\/span><\/h2>\n\n\n\n<figure class=\"wp-block-image size-large\"><img loading=\"lazy\" decoding=\"async\" width=\"1049\" height=\"590\" src=\"https:\/\/www.karekod.org\/blog\/wp-content\/uploads\/2026\/03\/En-Cok-Resmi-Tatil-Yapan-Ulkeler-1049x590.webp\" alt=\"Avrupa'da En \u00c7ok Resmi Tatil Yapan \u00dclkeler\" class=\"wp-image-54849\" srcset=\"https:\/\/www.karekod.org\/blog\/wp-content\/uploads\/2026\/03\/En-Cok-Resmi-Tatil-Yapan-Ulkeler-1049x590.webp 1049w, https:\/\/www.karekod.org\/blog\/wp-content\/uploads\/2026\/03\/En-Cok-Resmi-Tatil-Yapan-Ulkeler-360x203.webp 360w, https:\/\/www.karekod.org\/blog\/wp-content\/uploads\/2026\/03\/En-Cok-Resmi-Tatil-Yapan-Ulkeler-730x411.webp 730w, https:\/\/www.karekod.org\/blog\/wp-content\/uploads\/2026\/03\/En-Cok-Resmi-Tatil-Yapan-Ulkeler-350x197.webp 350w, https:\/\/www.karekod.org\/blog\/wp-content\/uploads\/2026\/03\/En-Cok-Resmi-Tatil-Yapan-Ulkeler-1100x619.webp 1100w, https:\/\/www.karekod.org\/blog\/wp-content\/uploads\/2026\/03\/En-Cok-Resmi-Tatil-Yapan-Ulkeler.webp 1200w\" sizes=\"auto, (max-width: 1049px) 100vw, 1049px\" \/><figcaption class=\"wp-element-caption\">Avrupa&#8217;n\u0131n En \u00c7ok Resmi Tatil Yapan \u00dclkeleri<\/figcaption><\/figure>\n\n\n\n<figure class=\"wp-block-table\"><table class=\"has-fixed-layout\"><thead><tr><th>\u00dclke<\/th><th>Resmi Tatil G\u00fcn\u00fc<\/th><th>Ortalama Y\u0131ll\u0131k \u0130zin<\/th><th>Toplam Dinlenme S\u00fcresi (Yakla\u015f\u0131k)<\/th><\/tr><\/thead><tbody><tr><td>Liechtenstein<\/td><td>22<\/td><td>20+ g\u00fcn<\/td><td>42+ g\u00fcn<\/td><\/tr><tr><td>Avusturya<\/td><td>18<\/td><td>25 g\u00fcn<\/td><td>43 g\u00fcn<\/td><\/tr><tr><td>\u0130zlanda<\/td><td>16<\/td><td>24 g\u00fcn<\/td><td>40 g\u00fcn<\/td><\/tr><tr><td>Slovakya<\/td><td>15<\/td><td>20 g\u00fcn<\/td><td>35 g\u00fcn<\/td><\/tr><tr><td>Litvanya<\/td><td>15<\/td><td>20 g\u00fcn<\/td><td>35 g\u00fcn<\/td><\/tr><tr><td>\u0130svi\u00e7re<\/td><td>15 (kantona g\u00f6re de\u011fi\u015fir)<\/td><td>20 g\u00fcn<\/td><td>35+ g\u00fcn<\/td><\/tr><tr><td>Portekiz<\/td><td>15<\/td><td>22 g\u00fcn<\/td><td>37 g\u00fcn<\/td><\/tr><tr><td>Romanya<\/td><td>15<\/td><td>20 g\u00fcn<\/td><td>35 g\u00fcn<\/td><\/tr><tr><td>\u0130spanya<\/td><td>14<\/td><td>22 g\u00fcn<\/td><td>36 g\u00fcn<\/td><\/tr><tr><td>T\u00fcrkiye<\/td><td>14<\/td><td>20 g\u00fcn<\/td><td>34 g\u00fcn<\/td><\/tr><tr><td>Fransa<\/td><td>13<\/td><td>35 g\u00fcn<\/td><td>48 g\u00fcn<\/td><\/tr><tr><td>Almanya<\/td><td>13<\/td><td>20\u201330 g\u00fcn<\/td><td>33\u201343 g\u00fcn<\/td><\/tr><tr><td>\u0130talya<\/td><td>12<\/td><td>20 g\u00fcn<\/td><td>32 g\u00fcn<\/td><\/tr><tr><td>Yunanistan<\/td><td>12<\/td><td>20 g\u00fcn<\/td><td>32 g\u00fcn<\/td><\/tr><tr><td>Bulgaristan<\/td><td>12<\/td><td>20 g\u00fcn<\/td><td>32 g\u00fcn<\/td><\/tr><\/tbody><\/table><\/figure>\n\n\n\n<p>Bu tablo, yaln\u0131zca resmi tatil say\u0131s\u0131n\u0131 de\u011fil, y\u0131ll\u0131k izin s\u00fcrelerini de dikkate alarak toplam dinlenme s\u00fcresini kar\u015f\u0131la\u015ft\u0131rmal\u0131 olarak g\u00f6stermektedir.<\/p>\n\n\n\n<h3 class=\"wp-block-heading\"><span class=\"ez-toc-section\" id=\"Tatil_Sampiyonu_%E2%80%98Liechtenstein\"><\/span>Tatil \u015eampiyonu &#8216;Liechtenstein&#8217;<span class=\"ez-toc-section-end\"><\/span><\/h3>\n\n\n\n<p><strong>22 resmi tatil g\u00fcn\u00fc<\/strong> ile listenin zirvesinde yer alan <strong>Liechtenstein<\/strong>, k\u00fc\u00e7\u00fck bir prenslik olmas\u0131na ra\u011fmen b\u00fcy\u00fck bir i\u015f-ya\u015fam dengesi vaadi sunuyor. <strong>Liechtenstein&#8217;de Tatil K\u00fclt\u00fcr\u00fc Neden Bu Kadar Geli\u015fmi\u015f?<\/strong><\/p>\n\n\n\n<ul class=\"wp-block-list\">\n<li><strong>Tarihi ve dini gelenekler<\/strong>: Katolik ve Protestan bayramlar\u0131n\u0131n birle\u015fimi<\/li>\n\n\n\n<li><strong>Ekonomik refah<\/strong>: D\u00fcnyan\u0131n en y\u00fcksek ki\u015fi ba\u015f\u0131na gelirine sahip \u00fclkelerinden biri<\/li>\n\n\n\n<li><strong>Verimlilik odakl\u0131 \u00e7al\u0131\u015fma<\/strong>: Az \u00e7al\u0131\u015fma saati, y\u00fcksek verimlilik prensibi<\/li>\n<\/ul>\n\n\n\n<h3 class=\"wp-block-heading\"><span class=\"ez-toc-section\" id=\"Ikinci_Siradaki_Guclu_Rakip_Avusturya\"><\/span>\u0130kinci S\u0131radaki G\u00fc\u00e7l\u00fc Rakip: Avusturya<span class=\"ez-toc-section-end\"><\/span><\/h3>\n\n\n\n<p><strong>18 resmi tatil g\u00fcn\u00fc<\/strong> ile Avusturya, Almanya k\u00fclt\u00fcr\u00fcn\u00fcn etkisi alt\u0131nda geli\u015fmi\u015f bir tatil sistemine sahip. Avusturya&#8217;da tatiller:<\/p>\n\n\n\n<ul class=\"wp-block-list\">\n<li><strong>Yasal g\u00fcvence<\/strong>: \u00c7al\u0131\u015fanlar\u0131n %100&#8217;\u00fc \u00fccretli tatil hakk\u0131na sahip<\/li>\n\n\n\n<li><strong>B\u00f6lgesel farkl\u0131l\u0131klar<\/strong>: Eyaletler aras\u0131nda 2-3 g\u00fcnl\u00fck de\u011fi\u015fiklikler olabilir<\/li>\n\n\n\n<li><strong>Turizm sekt\u00f6r\u00fc etkisi<\/strong>: Kayak tatilleri ve da\u011f turizmi i\u00e7in ekstra izinler<\/li>\n<\/ul>\n\n\n\n<h3 class=\"wp-block-heading\"><span class=\"ez-toc-section\" id=\"Iskandinav_Modeli_Izlanda_16_Gun\"><\/span>\u0130skandinav Modeli: \u0130zlanda (16 G\u00fcn)<span class=\"ez-toc-section-end\"><\/span><\/h3>\n\n\n\n<p><strong>16 resmi tatil g\u00fcn\u00fc<\/strong> ile \u0130zlanda, \u0130skandinav refah modelinin g\u00fczel bir \u00f6rne\u011fini sunuyor. \u0130zlanda&#8217;n\u0131n ba\u015far\u0131s\u0131ndaki fakt\u00f6rler:<\/p>\n\n\n\n<figure class=\"wp-block-table\"><table class=\"has-fixed-layout\"><thead><tr><th>Fakt\u00f6r<\/th><th>A\u00e7\u0131klama<\/th><\/tr><\/thead><tbody><tr><td><strong>Esnek \u00e7al\u0131\u015fma<\/strong><\/td><td>Uzaktan \u00e7al\u0131\u015fma olanaklar\u0131<\/td><\/tr><tr><td><strong>Ebeveyn izinleri<\/strong><\/td><td>6 ayl\u0131k \u00fccretli do\u011fum izni<\/td><\/tr><tr><td><strong>Sendika g\u00fcc\u00fc<\/strong><\/td><td>\u00c7al\u0131\u015fan haklar\u0131n\u0131n g\u00fc\u00e7l\u00fc korunmas\u0131<\/td><\/tr><\/tbody><\/table><\/figure>\n\n\n\n<h3 class=\"wp-block-heading\"><span class=\"ez-toc-section\" id=\"Orta_Avrupanin_Guclu_Temsilcileri_Slovakya_ve_Litvanya\"><\/span>Orta Avrupa&#8217;n\u0131n G\u00fc\u00e7l\u00fc Temsilcileri: Slovakya ve Litvanya<span class=\"ez-toc-section-end\"><\/span><\/h3>\n\n\n\n<p>Her iki \u00fclke de <strong>15 resmi tatil g\u00fcn\u00fc<\/strong> ile dikkat \u00e7ekiyor:<\/p>\n\n\n\n<p><strong>Slovakya \u00d6zellikleri:<\/strong><\/p>\n\n\n\n<ul class=\"wp-block-list\">\n<li>Slav geleneklerinin etkisi<\/li>\n\n\n\n<li>Dini ve ulusal bayramlar\u0131n birle\u015fimi<\/li>\n\n\n\n<li>AB \u00fcyeli\u011fi sonras\u0131 iyile\u015fen \u00e7al\u0131\u015fan haklar\u0131<\/li>\n<\/ul>\n\n\n\n<p><strong>Litvanya \u00d6zellikleri:<\/strong><\/p>\n\n\n\n<ul class=\"wp-block-list\">\n<li>Balt\u0131k \u00fclkeleri aras\u0131nda en y\u00fcksek tatil say\u0131s\u0131<\/li>\n\n\n\n<li>Yeniden kurulan ba\u011f\u0131ms\u0131zl\u0131k sonras\u0131 ulusal bayramlar\u0131n artmas\u0131<\/li>\n\n\n\n<li>Avrupa standartlar\u0131na uyum s\u00fcreci<\/li>\n<\/ul>\n\n\n\n<h3 class=\"wp-block-heading\"><span class=\"ez-toc-section\" id=\"Bati_Avrupanin_Dengesi_Isvicre_Portekiz_ve_Romanya\"><\/span>Bat\u0131 Avrupa&#8217;n\u0131n Dengesi: \u0130svi\u00e7re, Portekiz ve Romanya<span class=\"ez-toc-section-end\"><\/span><\/h3>\n\n\n\n<p><strong>15&#8217;er resmi tatil g\u00fcn\u00fc<\/strong> ile bu \u00fc\u00e7 \u00fclke farkl\u0131 ekonomik modellerde benzer tatil politikalar\u0131 uyguluyor:<\/p>\n\n\n\n<p><strong>\u0130svi\u00e7re&#8217;nin \u00d6zel Durumu:<\/strong><\/p>\n\n\n\n<ul class=\"wp-block-list\">\n<li>Kantonlar aras\u0131nda farkl\u0131l\u0131klar (8-15 g\u00fcn aras\u0131 de\u011fi\u015fim)<\/li>\n\n\n\n<li>Referandum demokrasisi ile belirlenen tatil g\u00fcnleri<\/li>\n\n\n\n<li>Bankac\u0131l\u0131k sekt\u00f6r\u00fcnde esnek uygulamalar<\/li>\n<\/ul>\n\n\n\n<p><strong>Portekiz ve Romanya:<\/strong><\/p>\n\n\n\n<ul class=\"wp-block-list\">\n<li>G\u00fcney Avrupa tatil k\u00fclt\u00fcr\u00fc<\/li>\n\n\n\n<li>Siesta gelene\u011fi ile birle\u015fen uzun molalar<\/li>\n\n\n\n<li>Turizm odakl\u0131 ekonomilerde dinlenmenin \u00f6nemi<\/li>\n<\/ul>\n\n\n\n<h3 class=\"wp-block-heading\"><span class=\"ez-toc-section\" id=\"14_Gun_Grubu_Ispanya_Arnavutluk_Hirvatistan_Kibris_Slovenya_Malta_Polonya_ve_Turkiye\"><\/span>14 G\u00fcn Grubu: \u0130spanya, Arnavutluk, H\u0131rvatistan, K\u0131br\u0131s, Slovenya, Malta, Polonya ve T\u00fcrkiye<span class=\"ez-toc-section-end\"><\/span><\/h3>\n\n\n\n<p>Bu geni\u015f grup, Avrupa&#8217;n\u0131n en kalabal\u0131k tatil kategorisini olu\u015fturuyor:<\/p>\n\n\n\n<p><strong>\u0130spanya&#8217;n\u0131n \u00d6ne \u00c7\u0131kan \u00d6zellikleri:<\/strong><\/p>\n\n\n\n<ul class=\"wp-block-list\">\n<li><strong>Siesta k\u00fclt\u00fcr\u00fc<\/strong>: \u00d6\u011fle aras\u0131 dinlenme gelene\u011fi<\/li>\n\n\n\n<li><strong>B\u00f6lgesel tatiller<\/strong>: Katalonya, Bask B\u00f6lgesi gibi \u00f6zerk b\u00f6lgelerin ekstra tatilleri<\/li>\n\n\n\n<li><strong>Festival k\u00fclt\u00fcr\u00fc<\/strong>: La Tomatina, San Fermin gibi uluslararas\u0131 tan\u0131nan festivaller<\/li>\n<\/ul>\n\n\n\n<p><strong>T\u00fcrkiye&#8217;nin Konumu:<\/strong><\/p>\n\n\n\n<ul class=\"wp-block-list\">\n<li>Hem Avrupa hem Asya etkileri<\/li>\n\n\n\n<li>Dini bayramlar\u0131n (Ramazan, Kurban) yan\u0131 s\u0131ra ulusal bayramlar<\/li>\n\n\n\n<li>Kamu ve \u00f6zel sekt\u00f6r farkl\u0131l\u0131klar\u0131<\/li>\n<\/ul>\n\n\n\n<h3 class=\"wp-block-heading\"><span class=\"ez-toc-section\" id=\"13_Gun_Grubu_Fransa_Finlandiya_Almanya_Letonya_ve_Cek_Cumhuriyeti\"><\/span>13 G\u00fcn Grubu: Fransa, Finlandiya, Almanya, Letonya ve \u00c7ek Cumhuriyeti<span class=\"ez-toc-section-end\"><\/span><\/h3>\n\n\n\n<p><strong>Fransa: Tatil De\u011fil, &#8220;D\u00e9tente&#8221; (Rahatlama)<\/strong><\/p>\n\n\n\n<p>Fransa&#8217;da resmi tatil say\u0131s\u0131 <strong>13<\/strong> gibi g\u00f6r\u00fcnse de, <strong>35 g\u00fcnl\u00fck y\u0131ll\u0131k izin<\/strong> ile Avrupa&#8217;n\u0131n en c\u00f6mert \u00fclkelerinden biri. Frans\u0131z modeli:<\/p>\n\n\n\n<ul class=\"wp-block-list\">\n<li><strong>Cong\u00e9s pay\u00e9s<\/strong>: \u00dccretli izin sistemi<\/li>\n\n\n\n<li><strong>RTT (<a href=\"https:\/\/fr.wikipedia.org\/wiki\/R%C3%A9duction_du_temps_de_travail_en_France\" type=\"link\" id=\"https:\/\/fr.wikipedia.org\/wiki\/R%C3%A9duction_du_temps_de_travail_en_France\">R\u00e9duction du Temps de Travail<\/a>)<\/strong>: Haftal\u0131k \u00e7al\u0131\u015fma s\u00fcresi azaltma<\/li>\n\n\n\n<li><strong>A\u011fustos ay\u0131<\/strong>: Neredeyse t\u00fcm \u00fclkenin tatil yapt\u0131\u011f\u0131 d\u00f6nem<\/li>\n<\/ul>\n\n\n\n<p><strong>Almanya&#8217;n\u0131n Ekonomik Mucizesi:<\/strong><\/p>\n\n\n\n<p><strong>13 resmi tatil g\u00fcn\u00fc<\/strong> ile d\u00fcnyan\u0131n en b\u00fcy\u00fck ekonomilerinden biri olmay\u0131 ba\u015faran Almanya:<\/p>\n\n\n\n<ul class=\"wp-block-list\">\n<li><strong>Kurzarbeit<\/strong>: Kriz d\u00f6nemlerinde esnek \u00e7al\u0131\u015fma<\/li>\n\n\n\n<li><strong>Mitbestimmung<\/strong>: \u00c7al\u0131\u015fanlar\u0131n y\u00f6netimde s\u00f6z sahibi olmas\u0131<\/li>\n\n\n\n<li><strong>Mesleki e\u011fitim<\/strong>: Verimlili\u011fi art\u0131ran \u00e7ifte e\u011fitim sistemi<\/li>\n<\/ul>\n\n\n\n<h3 class=\"wp-block-heading\"><span class=\"ez-toc-section\" id=\"12_Gun_Grubu_Bulgaristan_Yunanistan_ve_Italya\"><\/span>12 G\u00fcn Grubu: Bulgaristan, Yunanistan ve \u0130talya<span class=\"ez-toc-section-end\"><\/span><\/h3>\n\n\n\n<p><strong>\u0130talya&#8217;n\u0131n \u0130ronisi:<\/strong><\/p>\n\n\n\n<p><strong>12 resmi tatil g\u00fcn\u00fc<\/strong> ile listenin sonunda yer alan \u0130talya, pratikte \u00e7ok daha fazla tatil yap\u0131yor:<\/p>\n\n\n\n<ul class=\"wp-block-list\">\n<li><strong>Ferragosto<\/strong>: A\u011fustos ay\u0131 tatil gelene\u011fi<\/li>\n\n\n\n<li><strong>B\u00f6lgesel festivaller<\/strong>: Her \u015fehrin kendi aziz g\u00fcn\u00fc kutlamalar\u0131<\/li>\n\n\n\n<li><strong>Aile ziyaretleri<\/strong>: Pazar g\u00fcnleri ve \u00f6\u011fle aralar\u0131<\/li>\n<\/ul>\n\n\n\n<h2 class=\"wp-block-heading\"><span class=\"ez-toc-section\" id=\"2026_Resmi_Tatil_ve_Dinlenme_Suresi_Karsilastirmasi\"><\/span>2026 Resmi Tatil ve Dinlenme S\u00fcresi Kar\u015f\u0131la\u015ft\u0131rmas\u0131<span class=\"ez-toc-section-end\"><\/span><\/h2>\n\n\n\n<figure class=\"wp-block-image size-large\"><img loading=\"lazy\" decoding=\"async\" width=\"1049\" height=\"590\" src=\"https:\/\/www.karekod.org\/blog\/wp-content\/uploads\/2026\/03\/2026-Resmi-Tatil-ve-Dinlenme-Suresi-Karsilastirmasi-1049x590.webp\" alt=\"2026 Resmi Tatil ve Dinlenme S\u00fcresi Kar\u015f\u0131la\u015ft\u0131rmas\u0131\" class=\"wp-image-54848\" srcset=\"https:\/\/www.karekod.org\/blog\/wp-content\/uploads\/2026\/03\/2026-Resmi-Tatil-ve-Dinlenme-Suresi-Karsilastirmasi-1049x590.webp 1049w, https:\/\/www.karekod.org\/blog\/wp-content\/uploads\/2026\/03\/2026-Resmi-Tatil-ve-Dinlenme-Suresi-Karsilastirmasi-360x203.webp 360w, https:\/\/www.karekod.org\/blog\/wp-content\/uploads\/2026\/03\/2026-Resmi-Tatil-ve-Dinlenme-Suresi-Karsilastirmasi-730x411.webp 730w, https:\/\/www.karekod.org\/blog\/wp-content\/uploads\/2026\/03\/2026-Resmi-Tatil-ve-Dinlenme-Suresi-Karsilastirmasi-350x197.webp 350w, https:\/\/www.karekod.org\/blog\/wp-content\/uploads\/2026\/03\/2026-Resmi-Tatil-ve-Dinlenme-Suresi-Karsilastirmasi-1100x619.webp 1100w, https:\/\/www.karekod.org\/blog\/wp-content\/uploads\/2026\/03\/2026-Resmi-Tatil-ve-Dinlenme-Suresi-Karsilastirmasi.webp 1200w\" sizes=\"auto, (max-width: 1049px) 100vw, 1049px\" \/><figcaption class=\"wp-element-caption\">2026 Resmi Tatil ve Dinlenme S\u00fcresi Kar\u015f\u0131la\u015ft\u0131rmas\u0131<\/figcaption><\/figure>\n\n\n\n<figure class=\"wp-block-table\"><table class=\"has-fixed-layout\"><thead><tr><th>\u00dclke<\/th><th>2026 Resmi Tatil<\/th><th>Ortalama Y\u0131ll\u0131k \u0130zin<\/th><th>Toplam Dinlenme (Yakla\u015f\u0131k)<\/th><\/tr><\/thead><tbody><tr><td>Liechtenstein<\/td><td>15\u201316 g\u00fcn<\/td><td>20+ g\u00fcn<\/td><td>35+ g\u00fcn<\/td><\/tr><tr><td>Avusturya<\/td><td>13\u201314 g\u00fcn<\/td><td>25 g\u00fcn<\/td><td>38\u201339 g\u00fcn<\/td><\/tr><tr><td>\u0130zlanda<\/td><td>15\u201316 g\u00fcn<\/td><td>24 g\u00fcn<\/td><td>39\u201340 g\u00fcn<\/td><\/tr><tr><td>Slovakya<\/td><td>15 g\u00fcn<\/td><td>20 g\u00fcn<\/td><td>35 g\u00fcn<\/td><\/tr><tr><td>Litvanya<\/td><td>15 g\u00fcn<\/td><td>20 g\u00fcn<\/td><td>35 g\u00fcn<\/td><\/tr><tr><td>\u0130svi\u00e7re<\/td><td>8\u201315 g\u00fcn (kantona g\u00f6re)<\/td><td>20 g\u00fcn<\/td><td>28\u201335 g\u00fcn<\/td><\/tr><tr><td>Fransa<\/td><td>11\u201313 g\u00fcn<\/td><td>30\u201335 g\u00fcn<\/td><td>41\u201348 g\u00fcn<\/td><\/tr><tr><td>Almanya<\/td><td>9\u201313 g\u00fcn (eyalete g\u00f6re)<\/td><td>20\u201330 g\u00fcn<\/td><td>29\u201343 g\u00fcn<\/td><\/tr><tr><td>\u0130talya<\/td><td>12 g\u00fcn<\/td><td>20 g\u00fcn<\/td><td>32 g\u00fcn<\/td><\/tr><tr><td>T\u00fcrkiye<\/td><td>14 g\u00fcn<\/td><td>20 g\u00fcn<\/td><td>34 g\u00fcn<\/td><\/tr><\/tbody><\/table><\/figure>\n\n\n\n<h3 class=\"wp-block-heading\"><span class=\"ez-toc-section\" id=\"One_Cikan_Bulgular\"><\/span>\u00d6ne \u00c7\u0131kan Bulgular<span class=\"ez-toc-section-end\"><\/span><\/h3>\n\n\n\n<ul class=\"wp-block-list\">\n<li>Resmi tatil say\u0131s\u0131nda Orta Avrupa \u00fclkeleri \u00f6ne \u00e7\u0131k\u0131yor.<\/li>\n\n\n\n<li>Fransa, resmi tatil say\u0131s\u0131 d\u00fc\u015f\u00fck g\u00f6r\u00fcnmesine ra\u011fmen y\u0131ll\u0131k izin avantaj\u0131yla toplam dinlenme s\u00fcresinde zirveye yakla\u015f\u0131yor.<\/li>\n\n\n\n<li>Almanya ve \u0130svi\u00e7re\u2019de eyalet\/kanton fark\u0131 toplam g\u00fcn say\u0131s\u0131n\u0131 ciddi \u015fekilde etkiliyor.<\/li>\n\n\n\n<li>T\u00fcrkiye resmi tatil say\u0131s\u0131 a\u00e7\u0131s\u0131ndan Avrupa ortalamas\u0131na yak\u0131n konumda.<\/li>\n<\/ul>\n\n\n\n<h3 class=\"wp-block-heading\"><span class=\"ez-toc-section\" id=\"Avrupa_Ortalamasi_Ne_Gosteriyor\"><\/span>Avrupa Ortalamas\u0131 Ne G\u00f6steriyor?<span class=\"ez-toc-section-end\"><\/span><\/h3>\n\n\n\n<p>2026 itibar\u0131yla Avrupa genelinde:<\/p>\n\n\n\n<ul class=\"wp-block-list\">\n<li>Ortalama resmi tatil: 11\u201315 g\u00fcn<\/li>\n\n\n\n<li>Ortalama y\u0131ll\u0131k izin: 20\u201325 g\u00fcn<\/li>\n\n\n\n<li>Ortalama toplam dinlenme s\u00fcresi: 32\u201340 g\u00fcn<\/li>\n<\/ul>\n\n\n\n<p>Bu veriler, Avrupa modelinde uzun \u00e7al\u0131\u015fma saatleri yerine dengeli \u00e7al\u0131\u015fma sisteminin tercih edildi\u011fini g\u00f6steriyor.<\/p>\n\n\n\n<blockquote class=\"wp-block-quote is-layout-flow wp-block-quote-is-layout-flow\">\n<p>Ekonomik performans\u0131 y\u00fcksek \u00fclkelerin \u00e7o\u011funda \u00e7al\u0131\u015fanlar\u0131n y\u0131ll\u0131k toplam dinlenme s\u00fcresi 35 g\u00fcn\u00fcn \u00fczerinde.<\/p>\n<\/blockquote>\n\n\n\n<h2 class=\"wp-block-heading\"><span class=\"ez-toc-section\" id=\"Ekonomik_Etkiler_Cok_Tatil_Az_Verimlilik_mi\"><\/span>Ekonomik Etkiler: \u00c7ok Tatil = Az Verimlilik mi?<span class=\"ez-toc-section-end\"><\/span><\/h2>\n\n\n\n<p><strong>Hay\u0131r! Aksine Ara\u015ft\u0131rmalar Ne Diyor:<\/strong><\/p>\n\n\n\n<ol class=\"wp-block-list\">\n<li><strong>OECD Verileri<\/strong>: En \u00e7ok \u00e7al\u0131\u015fan \u00fclkeler (Meksika, G\u00fcney Kore) en verimli \u00fclkeler de\u011fil<\/li>\n\n\n\n<li><strong>4 G\u00fcnl\u00fck \u00c7al\u0131\u015fma Haftas\u0131 Deneyleri<\/strong>: \u0130zlanda&#8217;da %40 verimlilik art\u0131\u015f\u0131<\/li>\n\n\n\n<li><strong>Tatil Sonras\u0131 Verimlilik<\/strong>: Microsoft Japonya deneyinde %40 art\u0131\u015f<\/li>\n<\/ol>\n\n\n\n<p><strong>Avrupa&#8217;n\u0131n Rekabet G\u00fcc\u00fc:<\/strong><\/p>\n\n\n\n<ul class=\"wp-block-list\">\n<li><strong>Y\u00fcksek katma de\u011ferli \u00fcretim<\/strong>: Az \u00e7al\u0131\u015fma, kaliteli \u00fcretim<\/li>\n\n\n\n<li><strong>\u0130novasyon odakl\u0131l\u0131k<\/strong>: Dinlenmi\u015f zihinler daha yarat\u0131c\u0131<\/li>\n\n\n\n<li><strong>\u00c7al\u0131\u015fan ba\u011fl\u0131l\u0131\u011f\u0131<\/strong>: D\u00fc\u015f\u00fck i\u015f de\u011fi\u015ftirme oranlar\u0131<\/li>\n<\/ul>\n\n\n\n<h2 class=\"wp-block-heading\"><span class=\"ez-toc-section\" id=\"Turkiye_Perspektifi_Neredeyiz\"><\/span>T\u00fcrkiye Perspektifi: Neredeyiz?<span class=\"ez-toc-section-end\"><\/span><\/h2>\n\n\n\n<p>T\u00fcrkiye&#8217;de resmi tatil say\u0131s\u0131 <strong>14<\/strong> olarak g\u00f6r\u00fcnse de, ger\u00e7ek durum daha karma\u015f\u0131k:<\/p>\n\n\n\n<p>Mevcut Durum:<\/p>\n\n\n\n<ul class=\"wp-block-list\">\n<li><strong>Kamuda<\/strong>: 14 resmi tatil + 20 y\u0131ll\u0131k izin<\/li>\n\n\n\n<li><strong>\u00d6zel sekt\u00f6rde<\/strong>: De\u011fi\u015fken uygulamalar<\/li>\n\n\n\n<li><strong>Esnek \u00e7al\u0131\u015fma<\/strong>: Pandemi sonras\u0131 art\u0131\u015f<\/li>\n<\/ul>\n\n\n\n<p>Geli\u015fim Alanlar\u0131:<\/p>\n\n\n\n<ul class=\"wp-block-list\">\n<li><strong>\u0130\u015f-ya\u015fam dengesi yasalar\u0131<\/strong>: AB uyum s\u00fcreci<\/li>\n\n\n\n<li><strong>Uzaktan \u00e7al\u0131\u015fma d\u00fczenlemeleri<\/strong>: 2024 g\u00fcncellemeleri<\/li>\n\n\n\n<li><strong>Ebeveyn izinleri<\/strong>: Babalar i\u00e7in artan haklar<\/li>\n<\/ul>\n\n\n\n<h2 class=\"wp-block-heading\"><span class=\"ez-toc-section\" id=\"Editor_Yorumu_Tatil_Kulturu_Gelecegin_Calisma_Modeli_mi\"><\/span>Edit\u00f6r Yorumu: Tatil K\u00fclt\u00fcr\u00fc Gelece\u011fin \u00c7al\u0131\u015fma Modeli mi?<span class=\"ez-toc-section-end\"><\/span><\/h2>\n\n\n\n<p>Avrupa \u00fclkelerinin tatil politikalar\u0131 incelendi\u011finde, net bir trend ortaya \u00e7\u0131k\u0131yor: <strong>Kalite, nicelikten \u00f6nemli<\/strong>. Liechtenstein&#8217;dan \u0130talya&#8217;ya, her \u00fclke kendi k\u00fclt\u00fcrel ve ekonomik ko\u015fullar\u0131na uygun bir denge kurmaya \u00e7al\u0131\u015f\u0131yor.<\/p>\n\n\n\n<h3 class=\"wp-block-heading\"><span class=\"ez-toc-section\" id=\"One_Cikan_Bulgular-2\"><\/span>\u00d6ne \u00c7\u0131kan Bulgular:<span class=\"ez-toc-section-end\"><\/span><\/h3>\n\n\n\n<p><strong>En \u00e7ok tatil<\/strong>: Liechtenstein (22 g\u00fcn)<br><strong>En verimli denge<\/strong>: Almanya (13 g\u00fcn + g\u00fc\u00e7l\u00fc sosyal sistem)<br><strong>En c\u00f6mert sistem<\/strong>: Fransa (13 g\u00fcn + 35 g\u00fcn y\u0131ll\u0131k izin)<br><strong>Geli\u015fmekte olan<\/strong>: T\u00fcrkiye (14 g\u00fcn, AB uyum s\u00fcrecinde)<\/p>\n\n\n\n<h3 class=\"wp-block-heading\"><span class=\"ez-toc-section\" id=\"Gelecek_Tahminleri\"><\/span>Gelecek Tahminleri:<span class=\"ez-toc-section-end\"><\/span><\/h3>\n\n\n\n<ul class=\"wp-block-list\">\n<li><strong>4 g\u00fcnl\u00fck \u00e7al\u0131\u015fma haftas\u0131<\/strong>: Avrupa&#8217;da yayg\u0131nla\u015fma e\u011filimi<\/li>\n\n\n\n<li><strong>Dijital detoks tatilleri<\/strong>: Teknolojiden uzak dinlenme<\/li>\n\n\n\n<li><strong>Mental health days<\/strong>: Psikolojik sa\u011fl\u0131k i\u00e7in ekstra izinler<\/li>\n<\/ul>\n\n\n\n<h2 class=\"wp-block-heading\"><span class=\"ez-toc-section\" id=\"Avrupanin_En_Cok_Resmi_Tatil_Yapan_Ulkeleri_Hakkinda_SSS\"><\/span>Avrupa&#8217;n\u0131n En \u00c7ok Resmi Tatil Yapan \u00dclkeleri Hakk\u0131nda (SSS)<span class=\"ez-toc-section-end\"><\/span><\/h2>\n\n\n\n<div class=\"schema-faq wp-block-yoast-faq-block\"><div class=\"schema-faq-section\" id=\"faq-question-1772466387661\"><strong class=\"schema-faq-question\"><strong>Hangi Avrupa \u00fclkesinde en \u00e7ok tatil yap\u0131l\u0131r?<\/strong><\/strong> <p class=\"schema-faq-answer\">Liechtenstein 22 resmi tatil g\u00fcn\u00fc ile birinci s\u0131rada.<\/p> <\/div> <div class=\"schema-faq-section\" id=\"faq-question-1772466393539\"><strong class=\"schema-faq-question\"><strong>T\u00fcrkiye&#8217;de ka\u00e7 resmi tatil var?<\/strong><\/strong> <p class=\"schema-faq-answer\">2024 itibar\u0131yla 14 resmi tatil g\u00fcn\u00fc bulunmaktad\u0131r.<\/p> <\/div> <div class=\"schema-faq-section\" id=\"faq-question-1772466402157\"><strong class=\"schema-faq-question\"><strong>\u00c7ok tatil verimlili\u011fi d\u00fc\u015f\u00fcr\u00fcr m\u00fc?<\/strong><\/strong> <p class=\"schema-faq-answer\">Hay\u0131r, ara\u015ft\u0131rmalar dinlenmi\u015f \u00e7al\u0131\u015fanlar\u0131n daha verimli oldu\u011funu g\u00f6steriyor.<\/p> <\/div> <div class=\"schema-faq-section\" id=\"faq-question-1772466410789\"><strong class=\"schema-faq-question\"><strong>Avrupa&#8217;da ortalama ka\u00e7 resmi tatil var?<\/strong><\/strong> <p class=\"schema-faq-answer\">AB \u00fclkelerinde ortalama 10-15 resmi tatil g\u00fcn\u00fc bulunmaktad\u0131r.<\/p> <\/div> <\/div>\n","protected":false},"excerpt":{"rendered":"<p>Modern \u00e7al\u0131\u015fma hayat\u0131nda i\u015f-ya\u015fam dengesi kavram\u0131 giderek \u00f6nem kazan\u0131rken, Avrupa \u00fclkeleri bu konuda d\u00fcnyaya \u00f6rnek te\u015fkil ediyor. \u00d6zellikle resmi tatil [&hellip;]<\/p>\n","protected":false},"author":1,"featured_media":54850,"comment_status":"open","ping_status":"open","sticky":false,"template":"","format":"standard","meta":{"footnotes":""},"categories":[53,19],"tags":[],"class_list":["post-54846","post","type-post","status-publish","format-standard","has-post-thumbnail","hentry","category-haberler","category-pozitif"],"yoast_head":"<!-- This site is optimized with the Yoast SEO plugin v27.5 - https:\/\/yoast.com\/product\/yoast-seo-wordpress\/ -->\n<title>Avrupa&#039;n\u0131n En \u00c7ok Resmi Tatil Yapan \u00dclkeleri 2026 - Karekod Blog<\/title>\n<meta name=\"description\" content=\"Avrupa&#039;n\u0131n En \u00c7ok Resmi Tatil Yapan \u00dclkeleri: 22 resmi tatil g\u00fcn\u00fc ile listenin zirvesinde yer alan Liechtenstein, k\u00fc\u00e7\u00fck bir prenslik..\" \/>\n<meta name=\"robots\" content=\"index, follow, max-snippet:-1, max-image-preview:large, max-video-preview:-1\" \/>\n<link rel=\"canonical\" href=\"https:\/\/www.karekod.org\/blog\/avrupanin-en-cok-resmi-tatil-yapan-ulkeleri\/\" \/>\n<meta property=\"og:locale\" content=\"tr_TR\" \/>\n<meta property=\"og:type\" content=\"article\" \/>\n<meta property=\"og:title\" content=\"Avrupa&#039;n\u0131n En \u00c7ok Resmi Tatil Yapan \u00dclkeleri 2026 - Karekod Blog\" \/>\n<meta property=\"og:description\" content=\"Avrupa&#039;n\u0131n En \u00c7ok Resmi Tatil Yapan \u00dclkeleri: 22 resmi tatil g\u00fcn\u00fc ile listenin zirvesinde yer alan Liechtenstein, k\u00fc\u00e7\u00fck bir prenslik..\" \/>\n<meta property=\"og:url\" content=\"https:\/\/www.karekod.org\/blog\/avrupanin-en-cok-resmi-tatil-yapan-ulkeleri\/\" \/>\n<meta property=\"og:site_name\" content=\"Karekod Blog\" \/>\n<meta property=\"article:publisher\" content=\"https:\/\/www.facebook.com\/QarMenu\/\" \/>\n<meta property=\"article:author\" content=\"https:\/\/www.facebook.com\/mentor.perplexed\/\" \/>\n<meta property=\"article:published_time\" content=\"2026-03-02T16:05:25+00:00\" \/>\n<meta property=\"article:modified_time\" content=\"2026-03-02T16:05:27+00:00\" \/>\n<meta property=\"og:image\" content=\"https:\/\/www.karekod.org\/blog\/wp-content\/uploads\/2026\/03\/Avrupanin-En-Cok-Resmi-Tatil-Yapan-Ulkeleri.webp\" \/>\n\t<meta property=\"og:image:width\" content=\"1200\" \/>\n\t<meta property=\"og:image:height\" content=\"675\" \/>\n\t<meta property=\"og:image:type\" content=\"image\/webp\" \/>\n<meta name=\"author\" content=\"Muharrem Emino\u011flu\" \/>\n<meta name=\"twitter:card\" content=\"summary_large_image\" \/>\n<meta name=\"twitter:creator\" content=\"@temassizmenu\" \/>\n<meta name=\"twitter:site\" content=\"@temassizmenu\" \/>\n<meta name=\"twitter:label1\" content=\"Yazan:\" \/>\n\t<meta name=\"twitter:data1\" content=\"Muharrem Emino\u011flu\" \/>\n\t<meta name=\"twitter:label2\" content=\"Tahmini okuma s\u00fcresi\" \/>\n\t<meta name=\"twitter:data2\" content=\"8 dakika\" \/>\n<script type=\"application\/ld+json\" class=\"yoast-schema-graph\">{\"@context\":\"https:\\\/\\\/schema.org\",\"@graph\":[{\"@type\":\"NewsArticle\",\"@id\":\"https:\\\/\\\/www.karekod.org\\\/blog\\\/avrupanin-en-cok-resmi-tatil-yapan-ulkeleri\\\/#article\",\"isPartOf\":{\"@id\":\"https:\\\/\\\/www.karekod.org\\\/blog\\\/avrupanin-en-cok-resmi-tatil-yapan-ulkeleri\\\/\"},\"author\":{\"name\":\"Muharrem Emino\u011flu\",\"@id\":\"https:\\\/\\\/www.karekod.org\\\/blog\\\/#\\\/schema\\\/person\\\/8c87c879aca1c63c7438bf937a5da8bd\"},\"headline\":\"Avrupa&#8217;n\u0131n En \u00c7ok Resmi Tatil Yapan \u00dclkeleri 2026\",\"datePublished\":\"2026-03-02T16:05:25+00:00\",\"dateModified\":\"2026-03-02T16:05:27+00:00\",\"mainEntityOfPage\":{\"@id\":\"https:\\\/\\\/www.karekod.org\\\/blog\\\/avrupanin-en-cok-resmi-tatil-yapan-ulkeleri\\\/\"},\"wordCount\":1475,\"commentCount\":1,\"publisher\":{\"@id\":\"https:\\\/\\\/www.karekod.org\\\/blog\\\/#organization\"},\"image\":{\"@id\":\"https:\\\/\\\/www.karekod.org\\\/blog\\\/avrupanin-en-cok-resmi-tatil-yapan-ulkeleri\\\/#primaryimage\"},\"thumbnailUrl\":\"https:\\\/\\\/www.karekod.org\\\/blog\\\/wp-content\\\/uploads\\\/2026\\\/03\\\/Avrupanin-En-Cok-Resmi-Tatil-Yapan-Ulkeleri.webp\",\"articleSection\":[\"Haberler\",\"Pozitif\"],\"inLanguage\":\"tr\",\"potentialAction\":[{\"@type\":\"CommentAction\",\"name\":\"Comment\",\"target\":[\"https:\\\/\\\/www.karekod.org\\\/blog\\\/avrupanin-en-cok-resmi-tatil-yapan-ulkeleri\\\/#respond\"]}]},{\"@type\":[\"WebPage\",\"FAQPage\"],\"@id\":\"https:\\\/\\\/www.karekod.org\\\/blog\\\/avrupanin-en-cok-resmi-tatil-yapan-ulkeleri\\\/\",\"url\":\"https:\\\/\\\/www.karekod.org\\\/blog\\\/avrupanin-en-cok-resmi-tatil-yapan-ulkeleri\\\/\",\"name\":\"Avrupa'n\u0131n En \u00c7ok Resmi Tatil Yapan \u00dclkeleri 2026 - Karekod Blog\",\"isPartOf\":{\"@id\":\"https:\\\/\\\/www.karekod.org\\\/blog\\\/#website\"},\"primaryImageOfPage\":{\"@id\":\"https:\\\/\\\/www.karekod.org\\\/blog\\\/avrupanin-en-cok-resmi-tatil-yapan-ulkeleri\\\/#primaryimage\"},\"image\":{\"@id\":\"https:\\\/\\\/www.karekod.org\\\/blog\\\/avrupanin-en-cok-resmi-tatil-yapan-ulkeleri\\\/#primaryimage\"},\"thumbnailUrl\":\"https:\\\/\\\/www.karekod.org\\\/blog\\\/wp-content\\\/uploads\\\/2026\\\/03\\\/Avrupanin-En-Cok-Resmi-Tatil-Yapan-Ulkeleri.webp\",\"datePublished\":\"2026-03-02T16:05:25+00:00\",\"dateModified\":\"2026-03-02T16:05:27+00:00\",\"description\":\"Avrupa'n\u0131n En \u00c7ok Resmi Tatil Yapan \u00dclkeleri: 22 resmi tatil g\u00fcn\u00fc ile listenin zirvesinde yer alan Liechtenstein, k\u00fc\u00e7\u00fck bir prenslik..\",\"breadcrumb\":{\"@id\":\"https:\\\/\\\/www.karekod.org\\\/blog\\\/avrupanin-en-cok-resmi-tatil-yapan-ulkeleri\\\/#breadcrumb\"},\"mainEntity\":[{\"@id\":\"https:\\\/\\\/www.karekod.org\\\/blog\\\/avrupanin-en-cok-resmi-tatil-yapan-ulkeleri\\\/#faq-question-1772466387661\"},{\"@id\":\"https:\\\/\\\/www.karekod.org\\\/blog\\\/avrupanin-en-cok-resmi-tatil-yapan-ulkeleri\\\/#faq-question-1772466393539\"},{\"@id\":\"https:\\\/\\\/www.karekod.org\\\/blog\\\/avrupanin-en-cok-resmi-tatil-yapan-ulkeleri\\\/#faq-question-1772466402157\"},{\"@id\":\"https:\\\/\\\/www.karekod.org\\\/blog\\\/avrupanin-en-cok-resmi-tatil-yapan-ulkeleri\\\/#faq-question-1772466410789\"}],\"inLanguage\":\"tr\",\"potentialAction\":[{\"@type\":\"ReadAction\",\"target\":[\"https:\\\/\\\/www.karekod.org\\\/blog\\\/avrupanin-en-cok-resmi-tatil-yapan-ulkeleri\\\/\"]}]},{\"@type\":\"ImageObject\",\"inLanguage\":\"tr\",\"@id\":\"https:\\\/\\\/www.karekod.org\\\/blog\\\/avrupanin-en-cok-resmi-tatil-yapan-ulkeleri\\\/#primaryimage\",\"url\":\"https:\\\/\\\/www.karekod.org\\\/blog\\\/wp-content\\\/uploads\\\/2026\\\/03\\\/Avrupanin-En-Cok-Resmi-Tatil-Yapan-Ulkeleri.webp\",\"contentUrl\":\"https:\\\/\\\/www.karekod.org\\\/blog\\\/wp-content\\\/uploads\\\/2026\\\/03\\\/Avrupanin-En-Cok-Resmi-Tatil-Yapan-Ulkeleri.webp\",\"width\":1200,\"height\":675,\"caption\":\"Avrupa'n\u0131n En \u00c7ok Resmi Tatil Yapan \u00dclkeleri\"},{\"@type\":\"BreadcrumbList\",\"@id\":\"https:\\\/\\\/www.karekod.org\\\/blog\\\/avrupanin-en-cok-resmi-tatil-yapan-ulkeleri\\\/#breadcrumb\",\"itemListElement\":[{\"@type\":\"ListItem\",\"position\":1,\"name\":\"Ana sayfa\",\"item\":\"https:\\\/\\\/www.karekod.org\\\/blog\\\/\"},{\"@type\":\"ListItem\",\"position\":2,\"name\":\"Haberler\",\"item\":\"https:\\\/\\\/www.karekod.org\\\/blog\\\/category\\\/haberler\\\/\"},{\"@type\":\"ListItem\",\"position\":3,\"name\":\"Avrupa&#8217;n\u0131n En \u00c7ok Resmi Tatil Yapan \u00dclkeleri 2026\"}]},{\"@type\":\"WebSite\",\"@id\":\"https:\\\/\\\/www.karekod.org\\\/blog\\\/#website\",\"url\":\"https:\\\/\\\/www.karekod.org\\\/blog\\\/\",\"name\":\"Karekod Blog\",\"description\":\"2026 G\u00fcncel Alkol Fiyatlar\u0131 ve Piyasa Rehberi\",\"publisher\":{\"@id\":\"https:\\\/\\\/www.karekod.org\\\/blog\\\/#organization\"},\"alternateName\":\"Karekod Haber\",\"potentialAction\":[{\"@type\":\"SearchAction\",\"target\":{\"@type\":\"EntryPoint\",\"urlTemplate\":\"https:\\\/\\\/www.karekod.org\\\/blog\\\/?s={search_term_string}\"},\"query-input\":{\"@type\":\"PropertyValueSpecification\",\"valueRequired\":true,\"valueName\":\"search_term_string\"}}],\"inLanguage\":\"tr\"},{\"@type\":\"Organization\",\"@id\":\"https:\\\/\\\/www.karekod.org\\\/blog\\\/#organization\",\"name\":\"Karekod Blog\",\"alternateName\":\"Karekod Haber\",\"url\":\"https:\\\/\\\/www.karekod.org\\\/blog\\\/\",\"logo\":{\"@type\":\"ImageObject\",\"inLanguage\":\"tr\",\"@id\":\"https:\\\/\\\/www.karekod.org\\\/blog\\\/#\\\/schema\\\/logo\\\/image\\\/\",\"url\":\"https:\\\/\\\/www.karekod.org\\\/blog\\\/wp-content\\\/uploads\\\/2025\\\/01\\\/cropped-logo.webp\",\"contentUrl\":\"https:\\\/\\\/www.karekod.org\\\/blog\\\/wp-content\\\/uploads\\\/2025\\\/01\\\/cropped-logo.webp\",\"width\":512,\"height\":384,\"caption\":\"Karekod Blog\"},\"image\":{\"@id\":\"https:\\\/\\\/www.karekod.org\\\/blog\\\/#\\\/schema\\\/logo\\\/image\\\/\"},\"sameAs\":[\"https:\\\/\\\/www.facebook.com\\\/QarMenu\\\/\",\"https:\\\/\\\/x.com\\\/temassizmenu\",\"https:\\\/\\\/www.instagram.com\\\/qarmenu\\\/\",\"https:\\\/\\\/www.linkedin.com\\\/company\\\/karekod\\\/\",\"https:\\\/\\\/tr.pinterest.com\\\/dijitalmenu\\\/\",\"https:\\\/\\\/www.youtube.com\\\/@qrmenu\",\"https:\\\/\\\/karekodmenu.tumblr.com\\\/\",\"https:\\\/\\\/karekod.medium.com\\\/\",\"https:\\\/\\\/www.diigo.com\\\/user\\\/karekod\",\"https:\\\/\\\/mastodon.social\\\/@karekod\",\"https:\\\/\\\/vk.com\\\/karekod\",\"https:\\\/\\\/flipboard.com\\\/@karekod\",\"https:\\\/\\\/www.quora.com\\\/profile\\\/Karekod-Haber\",\"https:\\\/\\\/note.com\\\/karekod\"]},{\"@type\":\"Person\",\"@id\":\"https:\\\/\\\/www.karekod.org\\\/blog\\\/#\\\/schema\\\/person\\\/8c87c879aca1c63c7438bf937a5da8bd\",\"name\":\"Muharrem Emino\u011flu\",\"pronouns\":\"he\\\/him\",\"description\":\"Veri analizi ve dijital raporlama s\u00fcre\u00e7lerinde yenilik\u00e7i yakla\u015f\u0131mlar benimseyerek s\u00fcrd\u00fcr\u00fclebilir i\u015f modelleri \u00fczerine \u00e7al\u0131\u015fmalar yap\u0131yorum. Teknoloji, ekonomi ve dijital pazarlama alanlar\u0131nda g\u00fcncel ve g\u00fcvenilir i\u00e7erikler \u00fcretiyorum.\",\"sameAs\":[\"https:\\\/\\\/www.karekod.org\",\"https:\\\/\\\/www.facebook.com\\\/mentor.perplexed\\\/\",\"https:\\\/\\\/www.instagram.com\\\/mentorperplexed\\\/\",\"https:\\\/\\\/www.linkedin.com\\\/in\\\/eminoglu\\\/\",\"https:\\\/\\\/www.pinterest.de\\\/dijitalmenu\\\/\",\"https:\\\/\\\/x.com\\\/temassizmenu\",\"https:\\\/\\\/www.youtube.com\\\/channel\\\/UC_vI-xTP9NegNfIqSGoesGg\",\"https:\\\/\\\/qrmenu.tumblr.com\\\/\"],\"url\":\"https:\\\/\\\/www.karekod.org\\\/blog\\\/yazar\\\/muharrem-eminoglu\\\/\"},{\"@type\":\"Question\",\"@id\":\"https:\\\/\\\/www.karekod.org\\\/blog\\\/avrupanin-en-cok-resmi-tatil-yapan-ulkeleri\\\/#faq-question-1772466387661\",\"position\":1,\"url\":\"https:\\\/\\\/www.karekod.org\\\/blog\\\/avrupanin-en-cok-resmi-tatil-yapan-ulkeleri\\\/#faq-question-1772466387661\",\"name\":\"Hangi Avrupa \u00fclkesinde en \u00e7ok tatil yap\u0131l\u0131r?\",\"answerCount\":1,\"acceptedAnswer\":{\"@type\":\"Answer\",\"text\":\"Liechtenstein 22 resmi tatil g\u00fcn\u00fc ile birinci s\u0131rada.\",\"inLanguage\":\"tr\"},\"inLanguage\":\"tr\"},{\"@type\":\"Question\",\"@id\":\"https:\\\/\\\/www.karekod.org\\\/blog\\\/avrupanin-en-cok-resmi-tatil-yapan-ulkeleri\\\/#faq-question-1772466393539\",\"position\":2,\"url\":\"https:\\\/\\\/www.karekod.org\\\/blog\\\/avrupanin-en-cok-resmi-tatil-yapan-ulkeleri\\\/#faq-question-1772466393539\",\"name\":\"T\u00fcrkiye'de ka\u00e7 resmi tatil var?\",\"answerCount\":1,\"acceptedAnswer\":{\"@type\":\"Answer\",\"text\":\"2024 itibar\u0131yla 14 resmi tatil g\u00fcn\u00fc bulunmaktad\u0131r.\",\"inLanguage\":\"tr\"},\"inLanguage\":\"tr\"},{\"@type\":\"Question\",\"@id\":\"https:\\\/\\\/www.karekod.org\\\/blog\\\/avrupanin-en-cok-resmi-tatil-yapan-ulkeleri\\\/#faq-question-1772466402157\",\"position\":3,\"url\":\"https:\\\/\\\/www.karekod.org\\\/blog\\\/avrupanin-en-cok-resmi-tatil-yapan-ulkeleri\\\/#faq-question-1772466402157\",\"name\":\"\u00c7ok tatil verimlili\u011fi d\u00fc\u015f\u00fcr\u00fcr m\u00fc?\",\"answerCount\":1,\"acceptedAnswer\":{\"@type\":\"Answer\",\"text\":\"Hay\u0131r, ara\u015ft\u0131rmalar dinlenmi\u015f \u00e7al\u0131\u015fanlar\u0131n daha verimli oldu\u011funu g\u00f6steriyor.\",\"inLanguage\":\"tr\"},\"inLanguage\":\"tr\"},{\"@type\":\"Question\",\"@id\":\"https:\\\/\\\/www.karekod.org\\\/blog\\\/avrupanin-en-cok-resmi-tatil-yapan-ulkeleri\\\/#faq-question-1772466410789\",\"position\":4,\"url\":\"https:\\\/\\\/www.karekod.org\\\/blog\\\/avrupanin-en-cok-resmi-tatil-yapan-ulkeleri\\\/#faq-question-1772466410789\",\"name\":\"Avrupa'da ortalama ka\u00e7 resmi tatil var?\",\"answerCount\":1,\"acceptedAnswer\":{\"@type\":\"Answer\",\"text\":\"AB \u00fclkelerinde ortalama 10-15 resmi tatil g\u00fcn\u00fc bulunmaktad\u0131r.\",\"inLanguage\":\"tr\"},\"inLanguage\":\"tr\"}]}<\/script>\n<!-- \/ Yoast SEO plugin. -->","yoast_head_json":{"title":"Avrupa'n\u0131n En \u00c7ok Resmi Tatil Yapan \u00dclkeleri 2026 - Karekod Blog","description":"Avrupa'n\u0131n En \u00c7ok Resmi Tatil Yapan \u00dclkeleri: 22 resmi tatil g\u00fcn\u00fc ile listenin zirvesinde yer alan Liechtenstein, k\u00fc\u00e7\u00fck bir prenslik..","robots":{"index":"index","follow":"follow","max-snippet":"max-snippet:-1","max-image-preview":"max-image-preview:large","max-video-preview":"max-video-preview:-1"},"canonical":"https:\/\/www.karekod.org\/blog\/avrupanin-en-cok-resmi-tatil-yapan-ulkeleri\/","og_locale":"tr_TR","og_type":"article","og_title":"Avrupa'n\u0131n En \u00c7ok Resmi Tatil Yapan \u00dclkeleri 2026 - Karekod Blog","og_description":"Avrupa'n\u0131n En \u00c7ok Resmi Tatil Yapan \u00dclkeleri: 22 resmi tatil g\u00fcn\u00fc ile listenin zirvesinde yer alan Liechtenstein, k\u00fc\u00e7\u00fck bir prenslik..","og_url":"https:\/\/www.karekod.org\/blog\/avrupanin-en-cok-resmi-tatil-yapan-ulkeleri\/","og_site_name":"Karekod Blog","article_publisher":"https:\/\/www.facebook.com\/QarMenu\/","article_author":"https:\/\/www.facebook.com\/mentor.perplexed\/","article_published_time":"2026-03-02T16:05:25+00:00","article_modified_time":"2026-03-02T16:05:27+00:00","og_image":[{"width":1200,"height":675,"url":"https:\/\/www.karekod.org\/blog\/wp-content\/uploads\/2026\/03\/Avrupanin-En-Cok-Resmi-Tatil-Yapan-Ulkeleri.webp","type":"image\/webp"}],"author":"Muharrem Emino\u011flu","twitter_card":"summary_large_image","twitter_creator":"@temassizmenu","twitter_site":"@temassizmenu","twitter_misc":{"Yazan:":"Muharrem Emino\u011flu","Tahmini okuma s\u00fcresi":"8 dakika"},"schema":{"@context":"https:\/\/schema.org","@graph":[{"@type":"NewsArticle","@id":"https:\/\/www.karekod.org\/blog\/avrupanin-en-cok-resmi-tatil-yapan-ulkeleri\/#article","isPartOf":{"@id":"https:\/\/www.karekod.org\/blog\/avrupanin-en-cok-resmi-tatil-yapan-ulkeleri\/"},"author":{"name":"Muharrem Emino\u011flu","@id":"https:\/\/www.karekod.org\/blog\/#\/schema\/person\/8c87c879aca1c63c7438bf937a5da8bd"},"headline":"Avrupa&#8217;n\u0131n En \u00c7ok Resmi Tatil Yapan \u00dclkeleri 2026","datePublished":"2026-03-02T16:05:25+00:00","dateModified":"2026-03-02T16:05:27+00:00","mainEntityOfPage":{"@id":"https:\/\/www.karekod.org\/blog\/avrupanin-en-cok-resmi-tatil-yapan-ulkeleri\/"},"wordCount":1475,"commentCount":1,"publisher":{"@id":"https:\/\/www.karekod.org\/blog\/#organization"},"image":{"@id":"https:\/\/www.karekod.org\/blog\/avrupanin-en-cok-resmi-tatil-yapan-ulkeleri\/#primaryimage"},"thumbnailUrl":"https:\/\/www.karekod.org\/blog\/wp-content\/uploads\/2026\/03\/Avrupanin-En-Cok-Resmi-Tatil-Yapan-Ulkeleri.webp","articleSection":["Haberler","Pozitif"],"inLanguage":"tr","potentialAction":[{"@type":"CommentAction","name":"Comment","target":["https:\/\/www.karekod.org\/blog\/avrupanin-en-cok-resmi-tatil-yapan-ulkeleri\/#respond"]}]},{"@type":["WebPage","FAQPage"],"@id":"https:\/\/www.karekod.org\/blog\/avrupanin-en-cok-resmi-tatil-yapan-ulkeleri\/","url":"https:\/\/www.karekod.org\/blog\/avrupanin-en-cok-resmi-tatil-yapan-ulkeleri\/","name":"Avrupa'n\u0131n En \u00c7ok Resmi Tatil Yapan \u00dclkeleri 2026 - Karekod Blog","isPartOf":{"@id":"https:\/\/www.karekod.org\/blog\/#website"},"primaryImageOfPage":{"@id":"https:\/\/www.karekod.org\/blog\/avrupanin-en-cok-resmi-tatil-yapan-ulkeleri\/#primaryimage"},"image":{"@id":"https:\/\/www.karekod.org\/blog\/avrupanin-en-cok-resmi-tatil-yapan-ulkeleri\/#primaryimage"},"thumbnailUrl":"https:\/\/www.karekod.org\/blog\/wp-content\/uploads\/2026\/03\/Avrupanin-En-Cok-Resmi-Tatil-Yapan-Ulkeleri.webp","datePublished":"2026-03-02T16:05:25+00:00","dateModified":"2026-03-02T16:05:27+00:00","description":"Avrupa'n\u0131n En \u00c7ok Resmi Tatil Yapan \u00dclkeleri: 22 resmi tatil g\u00fcn\u00fc ile listenin zirvesinde yer alan Liechtenstein, k\u00fc\u00e7\u00fck bir prenslik..","breadcrumb":{"@id":"https:\/\/www.karekod.org\/blog\/avrupanin-en-cok-resmi-tatil-yapan-ulkeleri\/#breadcrumb"},"mainEntity":[{"@id":"https:\/\/www.karekod.org\/blog\/avrupanin-en-cok-resmi-tatil-yapan-ulkeleri\/#faq-question-1772466387661"},{"@id":"https:\/\/www.karekod.org\/blog\/avrupanin-en-cok-resmi-tatil-yapan-ulkeleri\/#faq-question-1772466393539"},{"@id":"https:\/\/www.karekod.org\/blog\/avrupanin-en-cok-resmi-tatil-yapan-ulkeleri\/#faq-question-1772466402157"},{"@id":"https:\/\/www.karekod.org\/blog\/avrupanin-en-cok-resmi-tatil-yapan-ulkeleri\/#faq-question-1772466410789"}],"inLanguage":"tr","potentialAction":[{"@type":"ReadAction","target":["https:\/\/www.karekod.org\/blog\/avrupanin-en-cok-resmi-tatil-yapan-ulkeleri\/"]}]},{"@type":"ImageObject","inLanguage":"tr","@id":"https:\/\/www.karekod.org\/blog\/avrupanin-en-cok-resmi-tatil-yapan-ulkeleri\/#primaryimage","url":"https:\/\/www.karekod.org\/blog\/wp-content\/uploads\/2026\/03\/Avrupanin-En-Cok-Resmi-Tatil-Yapan-Ulkeleri.webp","contentUrl":"https:\/\/www.karekod.org\/blog\/wp-content\/uploads\/2026\/03\/Avrupanin-En-Cok-Resmi-Tatil-Yapan-Ulkeleri.webp","width":1200,"height":675,"caption":"Avrupa'n\u0131n En \u00c7ok Resmi Tatil Yapan \u00dclkeleri"},{"@type":"BreadcrumbList","@id":"https:\/\/www.karekod.org\/blog\/avrupanin-en-cok-resmi-tatil-yapan-ulkeleri\/#breadcrumb","itemListElement":[{"@type":"ListItem","position":1,"name":"Ana sayfa","item":"https:\/\/www.karekod.org\/blog\/"},{"@type":"ListItem","position":2,"name":"Haberler","item":"https:\/\/www.karekod.org\/blog\/category\/haberler\/"},{"@type":"ListItem","position":3,"name":"Avrupa&#8217;n\u0131n En \u00c7ok Resmi Tatil Yapan \u00dclkeleri 2026"}]},{"@type":"WebSite","@id":"https:\/\/www.karekod.org\/blog\/#website","url":"https:\/\/www.karekod.org\/blog\/","name":"Karekod Blog","description":"2026 G\u00fcncel Alkol Fiyatlar\u0131 ve Piyasa Rehberi","publisher":{"@id":"https:\/\/www.karekod.org\/blog\/#organization"},"alternateName":"Karekod Haber","potentialAction":[{"@type":"SearchAction","target":{"@type":"EntryPoint","urlTemplate":"https:\/\/www.karekod.org\/blog\/?s={search_term_string}"},"query-input":{"@type":"PropertyValueSpecification","valueRequired":true,"valueName":"search_term_string"}}],"inLanguage":"tr"},{"@type":"Organization","@id":"https:\/\/www.karekod.org\/blog\/#organization","name":"Karekod Blog","alternateName":"Karekod Haber","url":"https:\/\/www.karekod.org\/blog\/","logo":{"@type":"ImageObject","inLanguage":"tr","@id":"https:\/\/www.karekod.org\/blog\/#\/schema\/logo\/image\/","url":"https:\/\/www.karekod.org\/blog\/wp-content\/uploads\/2025\/01\/cropped-logo.webp","contentUrl":"https:\/\/www.karekod.org\/blog\/wp-content\/uploads\/2025\/01\/cropped-logo.webp","width":512,"height":384,"caption":"Karekod Blog"},"image":{"@id":"https:\/\/www.karekod.org\/blog\/#\/schema\/logo\/image\/"},"sameAs":["https:\/\/www.facebook.com\/QarMenu\/","https:\/\/x.com\/temassizmenu","https:\/\/www.instagram.com\/qarmenu\/","https:\/\/www.linkedin.com\/company\/karekod\/","https:\/\/tr.pinterest.com\/dijitalmenu\/","https:\/\/www.youtube.com\/@qrmenu","https:\/\/karekodmenu.tumblr.com\/","https:\/\/karekod.medium.com\/","https:\/\/www.diigo.com\/user\/karekod","https:\/\/mastodon.social\/@karekod","https:\/\/vk.com\/karekod","https:\/\/flipboard.com\/@karekod","https:\/\/www.quora.com\/profile\/Karekod-Haber","https:\/\/note.com\/karekod"]},{"@type":"Person","@id":"https:\/\/www.karekod.org\/blog\/#\/schema\/person\/8c87c879aca1c63c7438bf937a5da8bd","name":"Muharrem Emino\u011flu","pronouns":"he\/him","description":"Veri analizi ve dijital raporlama s\u00fcre\u00e7lerinde yenilik\u00e7i yakla\u015f\u0131mlar benimseyerek s\u00fcrd\u00fcr\u00fclebilir i\u015f modelleri \u00fczerine \u00e7al\u0131\u015fmalar yap\u0131yorum. Teknoloji, ekonomi ve dijital pazarlama alanlar\u0131nda g\u00fcncel ve g\u00fcvenilir i\u00e7erikler \u00fcretiyorum.","sameAs":["https:\/\/www.karekod.org","https:\/\/www.facebook.com\/mentor.perplexed\/","https:\/\/www.instagram.com\/mentorperplexed\/","https:\/\/www.linkedin.com\/in\/eminoglu\/","https:\/\/www.pinterest.de\/dijitalmenu\/","https:\/\/x.com\/temassizmenu","https:\/\/www.youtube.com\/channel\/UC_vI-xTP9NegNfIqSGoesGg","https:\/\/qrmenu.tumblr.com\/"],"url":"https:\/\/www.karekod.org\/blog\/yazar\/muharrem-eminoglu\/"},{"@type":"Question","@id":"https:\/\/www.karekod.org\/blog\/avrupanin-en-cok-resmi-tatil-yapan-ulkeleri\/#faq-question-1772466387661","position":1,"url":"https:\/\/www.karekod.org\/blog\/avrupanin-en-cok-resmi-tatil-yapan-ulkeleri\/#faq-question-1772466387661","name":"Hangi Avrupa \u00fclkesinde en \u00e7ok tatil yap\u0131l\u0131r?","answerCount":1,"acceptedAnswer":{"@type":"Answer","text":"Liechtenstein 22 resmi tatil g\u00fcn\u00fc ile birinci s\u0131rada.","inLanguage":"tr"},"inLanguage":"tr"},{"@type":"Question","@id":"https:\/\/www.karekod.org\/blog\/avrupanin-en-cok-resmi-tatil-yapan-ulkeleri\/#faq-question-1772466393539","position":2,"url":"https:\/\/www.karekod.org\/blog\/avrupanin-en-cok-resmi-tatil-yapan-ulkeleri\/#faq-question-1772466393539","name":"T\u00fcrkiye'de ka\u00e7 resmi tatil var?","answerCount":1,"acceptedAnswer":{"@type":"Answer","text":"2024 itibar\u0131yla 14 resmi tatil g\u00fcn\u00fc bulunmaktad\u0131r.","inLanguage":"tr"},"inLanguage":"tr"},{"@type":"Question","@id":"https:\/\/www.karekod.org\/blog\/avrupanin-en-cok-resmi-tatil-yapan-ulkeleri\/#faq-question-1772466402157","position":3,"url":"https:\/\/www.karekod.org\/blog\/avrupanin-en-cok-resmi-tatil-yapan-ulkeleri\/#faq-question-1772466402157","name":"\u00c7ok tatil verimlili\u011fi d\u00fc\u015f\u00fcr\u00fcr m\u00fc?","answerCount":1,"acceptedAnswer":{"@type":"Answer","text":"Hay\u0131r, ara\u015ft\u0131rmalar dinlenmi\u015f \u00e7al\u0131\u015fanlar\u0131n daha verimli oldu\u011funu g\u00f6steriyor.","inLanguage":"tr"},"inLanguage":"tr"},{"@type":"Question","@id":"https:\/\/www.karekod.org\/blog\/avrupanin-en-cok-resmi-tatil-yapan-ulkeleri\/#faq-question-1772466410789","position":4,"url":"https:\/\/www.karekod.org\/blog\/avrupanin-en-cok-resmi-tatil-yapan-ulkeleri\/#faq-question-1772466410789","name":"Avrupa'da ortalama ka\u00e7 resmi tatil var?","answerCount":1,"acceptedAnswer":{"@type":"Answer","text":"AB \u00fclkelerinde ortalama 10-15 resmi tatil g\u00fcn\u00fc bulunmaktad\u0131r.","inLanguage":"tr"},"inLanguage":"tr"}]}},"_links":{"self":[{"href":"https:\/\/www.karekod.org\/blog\/wp-json\/wp\/v2\/posts\/54846","targetHints":{"allow":["GET"]}}],"collection":[{"href":"https:\/\/www.karekod.org\/blog\/wp-json\/wp\/v2\/posts"}],"about":[{"href":"https:\/\/www.karekod.org\/blog\/wp-json\/wp\/v2\/types\/post"}],"author":[{"embeddable":true,"href":"https:\/\/www.karekod.org\/blog\/wp-json\/wp\/v2\/users\/1"}],"replies":[{"embeddable":true,"href":"https:\/\/www.karekod.org\/blog\/wp-json\/wp\/v2\/comments?post=54846"}],"version-history":[{"count":0,"href":"https:\/\/www.karekod.org\/blog\/wp-json\/wp\/v2\/posts\/54846\/revisions"}],"wp:featuredmedia":[{"embeddable":true,"href":"https:\/\/www.karekod.org\/blog\/wp-json\/wp\/v2\/media\/54850"}],"wp:attachment":[{"href":"https:\/\/www.karekod.org\/blog\/wp-json\/wp\/v2\/media?parent=54846"}],"wp:term":[{"taxonomy":"category","embeddable":true,"href":"https:\/\/www.karekod.org\/blog\/wp-json\/wp\/v2\/categories?post=54846"},{"taxonomy":"post_tag","embeddable":true,"href":"https:\/\/www.karekod.org\/blog\/wp-json\/wp\/v2\/tags?post=54846"}],"curies":[{"name":"wp","href":"https:\/\/api.w.org\/{rel}","templated":true}]}}