{"id":47037,"date":"2025-07-02T12:03:11","date_gmt":"2025-07-02T09:03:11","guid":{"rendered":"https:\/\/www.karekod.org\/blog\/?p=47037"},"modified":"2026-01-02T12:16:30","modified_gmt":"2026-01-02T09:16:30","slug":"haziran-ayinda-en-cok-satan-araclar-otomotiv-pazari-2025-analizi","status":"publish","type":"post","link":"https:\/\/www.karekod.org\/blog\/haziran-ayinda-en-cok-satan-araclar-otomotiv-pazari-2025-analizi\/","title":{"rendered":"Haziran Ay\u0131nda En \u00c7ok Satan Ara\u00e7lar: Otomotiv Pazar\u0131 Analizi"},"content":{"rendered":"\n<p><strong>2 Temmuz 2025, Saat 11:49 (+03)<\/strong> itibar\u0131yla T\u00fcrkiye otomotiv pazar\u0131, \u00f6zellikle elektrikli ve SUV ara\u00e7lara y\u00f6nelimle dikkat \u00e7ekiyor. <strong>Haziran ay\u0131nda en \u00e7ok satan ara\u00e7lar<\/strong> listesi, sekt\u00f6r\u00fcn nabz\u0131n\u0131 tutmak ve t\u00fcketici tercihlerini analiz etmek a\u00e7\u0131s\u0131ndan \u00f6nemli veriler sunuyor. Otomotiv gazetecisi <strong>Murat Tosun (@murattosunMSE)<\/strong> taraf\u0131ndan payla\u015f\u0131lan X (Twitter) g\u00f6nderisine g\u00f6re, <strong>Haziran 2025\u2019te s\u0131f\u0131r kilometre ara\u00e7 sat\u0131\u015flar\u0131nda \u00f6ne \u00e7\u0131kan 10 model<\/strong>, hem geleneksel hem de yenilik\u00e7i tercihlerle \u015fekillenmi\u015f durumda.<\/p><div id=\"ez-toc-container\" class=\"ez-toc-v2_0_82_2 counter-hierarchy ez-toc-counter ez-toc-grey ez-toc-container-direction\">\n<div class=\"ez-toc-title-container\">\n<p class=\"ez-toc-title\" style=\"cursor:inherit\">\u0130\u00e7indekiler<\/p>\n<span class=\"ez-toc-title-toggle\"><a href=\"#\" class=\"ez-toc-pull-right ez-toc-btn ez-toc-btn-xs ez-toc-btn-default ez-toc-toggle\" aria-label=\"\u0130\u00e7indekiler Tablosunu A\u00e7\/Kapat\"><span class=\"ez-toc-js-icon-con\"><span class=\"\"><span class=\"eztoc-hide\" style=\"display:none;\">Toggle<\/span><span class=\"ez-toc-icon-toggle-span\"><svg style=\"fill: #999;color:#999\" xmlns=\"http:\/\/www.w3.org\/2000\/svg\" class=\"list-377408\" width=\"20px\" height=\"20px\" viewBox=\"0 0 24 24\" fill=\"none\"><path d=\"M6 6H4v2h2V6zm14 0H8v2h12V6zM4 11h2v2H4v-2zm16 0H8v2h12v-2zM4 16h2v2H4v-2zm16 0H8v2h12v-2z\" fill=\"currentColor\"><\/path><\/svg><svg style=\"fill: #999;color:#999\" class=\"arrow-unsorted-368013\" xmlns=\"http:\/\/www.w3.org\/2000\/svg\" width=\"10px\" height=\"10px\" viewBox=\"0 0 24 24\" version=\"1.2\" baseProfile=\"tiny\"><path d=\"M18.2 9.3l-6.2-6.3-6.2 6.3c-.2.2-.3.4-.3.7s.1.5.3.7c.2.2.4.3.7.3h11c.3 0 .5-.1.7-.3.2-.2.3-.5.3-.7s-.1-.5-.3-.7zM5.8 14.7l6.2 6.3 6.2-6.3c.2-.2.3-.5.3-.7s-.1-.5-.3-.7c-.2-.2-.4-.3-.7-.3h-11c-.3 0-.5.1-.7.3-.2.2-.3.5-.3.7s.1.5.3.7z\"\/><\/svg><\/span><\/span><\/span><\/a><\/span><\/div>\n<nav><ul class='ez-toc-list ez-toc-list-level-1 ' ><li class='ez-toc-page-1 ez-toc-heading-level-2'><a class=\"ez-toc-link ez-toc-heading-1\" href=\"https:\/\/www.karekod.org\/blog\/haziran-ayinda-en-cok-satan-araclar-otomotiv-pazari-2025-analizi\/#Haziran_2025te_En_Cok_Satan_Araclar_Listesi\" >Haziran 2025\u2019te En \u00c7ok Satan Ara\u00e7lar Listesi<\/a><ul class='ez-toc-list-level-3' ><li class='ez-toc-heading-level-3'><a class=\"ez-toc-link ez-toc-heading-2\" href=\"https:\/\/www.karekod.org\/blog\/haziran-ayinda-en-cok-satan-araclar-otomotiv-pazari-2025-analizi\/#Model_Model_Inceleme_Haziran_Ayinda_En_Cok_Satan_Araclar\" >Model Model \u0130nceleme: Haziran Ay\u0131nda En \u00c7ok Satan Ara\u00e7lar<\/a><ul class='ez-toc-list-level-4' ><li class='ez-toc-heading-level-4'><a class=\"ez-toc-link ez-toc-heading-3\" href=\"https:\/\/www.karekod.org\/blog\/haziran-ayinda-en-cok-satan-araclar-otomotiv-pazari-2025-analizi\/#1_Tesla_Model_Y_%E2%80%93_7235_Adet\" >1. Tesla Model Y \u2013 7.235 Adet<\/a><\/li><li class='ez-toc-page-1 ez-toc-heading-level-4'><a class=\"ez-toc-link ez-toc-heading-4\" href=\"https:\/\/www.karekod.org\/blog\/haziran-ayinda-en-cok-satan-araclar-otomotiv-pazari-2025-analizi\/#2_Volkswagen_T-Roc_%E2%80%93_5037_Adet\" >2. Volkswagen T-Roc \u2013 5.037 Adet<\/a><\/li><li class='ez-toc-page-1 ez-toc-heading-level-4'><a class=\"ez-toc-link ez-toc-heading-5\" href=\"https:\/\/www.karekod.org\/blog\/haziran-ayinda-en-cok-satan-araclar-otomotiv-pazari-2025-analizi\/#3_SEAL_U_%E2%80%93_4362_Adet\" >3. SEAL U \u2013 4.362 Adet<\/a><\/li><li class='ez-toc-page-1 ez-toc-heading-level-4'><a class=\"ez-toc-link ez-toc-heading-6\" href=\"https:\/\/www.karekod.org\/blog\/haziran-ayinda-en-cok-satan-araclar-otomotiv-pazari-2025-analizi\/#4_Renault_Clio_HB_%E2%80%93_3928_Adet\" >4. Renault Clio HB \u2013 3.928 Adet<\/a><\/li><li class='ez-toc-page-1 ez-toc-heading-level-4'><a class=\"ez-toc-link ez-toc-heading-7\" href=\"https:\/\/www.karekod.org\/blog\/haziran-ayinda-en-cok-satan-araclar-otomotiv-pazari-2025-analizi\/#5_Fiat_Egea_Sedan_%E2%80%93_3514_Adet\" >5. Fiat Egea Sedan \u2013 3.514 Adet<\/a><\/li><li class='ez-toc-page-1 ez-toc-heading-level-4'><a class=\"ez-toc-link ez-toc-heading-8\" href=\"https:\/\/www.karekod.org\/blog\/haziran-ayinda-en-cok-satan-araclar-otomotiv-pazari-2025-analizi\/#6_Renault_Megane_Sedan_%E2%80%93_3212_Adet\" >6. Renault Megane Sedan \u2013 3.212 Adet<\/a><\/li><li class='ez-toc-page-1 ez-toc-heading-level-4'><a class=\"ez-toc-link ez-toc-heading-9\" href=\"https:\/\/www.karekod.org\/blog\/haziran-ayinda-en-cok-satan-araclar-otomotiv-pazari-2025-analizi\/#7_Togg_T10X_%E2%80%93_3098_Adet\" >7. Togg T10X \u2013 3.098 Adet<\/a><\/li><li class='ez-toc-page-1 ez-toc-heading-level-4'><a class=\"ez-toc-link ez-toc-heading-10\" href=\"https:\/\/www.karekod.org\/blog\/haziran-ayinda-en-cok-satan-araclar-otomotiv-pazari-2025-analizi\/#8_Ford_Tourneo_Courier_%E2%80%93_2436_Adet\" >8. Ford Tourneo Courier \u2013 2.436 Adet<\/a><\/li><li class='ez-toc-page-1 ez-toc-heading-level-4'><a class=\"ez-toc-link ez-toc-heading-11\" href=\"https:\/\/www.karekod.org\/blog\/haziran-ayinda-en-cok-satan-araclar-otomotiv-pazari-2025-analizi\/#9_Fiat_Egea_Cross_%E2%80%93_2402_Adet\" >9. Fiat Egea Cross \u2013 2.402 Adet<\/a><\/li><li class='ez-toc-page-1 ez-toc-heading-level-4'><a class=\"ez-toc-link ez-toc-heading-12\" href=\"https:\/\/www.karekod.org\/blog\/haziran-ayinda-en-cok-satan-araclar-otomotiv-pazari-2025-analizi\/#10_Citroen_C4X_%E2%80%93_1983_Adet\" >10. Citro\u00ebn C4X \u2013 1.983 Adet<\/a><\/li><\/ul><\/li><li class='ez-toc-page-1 ez-toc-heading-level-3'><a class=\"ez-toc-link ez-toc-heading-13\" href=\"https:\/\/www.karekod.org\/blog\/haziran-ayinda-en-cok-satan-araclar-otomotiv-pazari-2025-analizi\/#Haziran_Verilerine_Gore_Otomotivde_One_Cikan_Trendler\" >Haziran Verilerine G\u00f6re Otomotivde \u00d6ne \u00c7\u0131kan Trendler<\/a><\/li><li class='ez-toc-page-1 ez-toc-heading-level-3'><a class=\"ez-toc-link ez-toc-heading-14\" href=\"https:\/\/www.karekod.org\/blog\/haziran-ayinda-en-cok-satan-araclar-otomotiv-pazari-2025-analizi\/#Sonuc_Turkiyede_Haziran_Ayinda_En_Cok_Satan_Araclar_Ne_Soyluyor\" >Sonu\u00e7: T\u00fcrkiye\u2019de Haziran Ay\u0131nda En \u00c7ok Satan Ara\u00e7lar Ne S\u00f6yl\u00fcyor?<\/a><\/li><\/ul><\/li><\/ul><\/nav><\/div>\n\n\n\n\n<h2 class=\"wp-block-heading\"><span class=\"ez-toc-section\" id=\"Haziran_2025te_En_Cok_Satan_Araclar_Listesi\"><\/span>Haziran 2025\u2019te En \u00c7ok Satan Ara\u00e7lar Listesi<span class=\"ez-toc-section-end\"><\/span><\/h2>\n\n\n\n<figure class=\"wp-block-image size-full\"><img loading=\"lazy\" decoding=\"async\" width=\"1600\" height=\"562\" src=\"https:\/\/www.karekod.org\/blog\/wp-content\/uploads\/2025\/07\/Haziran-Ayinda-En-Cok-Satan-Araclar-1.webp\" alt=\"Haziran Ay\u0131nda En \u00c7ok Satan Ara\u00e7lar\" class=\"wp-image-47041\" srcset=\"https:\/\/www.karekod.org\/blog\/wp-content\/uploads\/2025\/07\/Haziran-Ayinda-En-Cok-Satan-Araclar-1.webp 1600w, https:\/\/www.karekod.org\/blog\/wp-content\/uploads\/2025\/07\/Haziran-Ayinda-En-Cok-Satan-Araclar-1-360x126.webp 360w, https:\/\/www.karekod.org\/blog\/wp-content\/uploads\/2025\/07\/Haziran-Ayinda-En-Cok-Satan-Araclar-1-1536x540.webp 1536w, https:\/\/www.karekod.org\/blog\/wp-content\/uploads\/2025\/07\/Haziran-Ayinda-En-Cok-Satan-Araclar-1-730x256.webp 730w, https:\/\/www.karekod.org\/blog\/wp-content\/uploads\/2025\/07\/Haziran-Ayinda-En-Cok-Satan-Araclar-1-350x123.webp 350w, https:\/\/www.karekod.org\/blog\/wp-content\/uploads\/2025\/07\/Haziran-Ayinda-En-Cok-Satan-Araclar-1-1100x386.webp 1100w\" sizes=\"auto, (max-width: 1600px) 100vw, 1600px\" \/><figcaption class=\"wp-element-caption\">Haziran Ay\u0131nda En \u00c7ok Satan Ara\u00e7lar<\/figcaption><\/figure>\n\n\n\n<figure class=\"wp-block-table\"><table class=\"has-fixed-layout\"><thead><tr><th>S\u0131ra<\/th><th>Model<\/th><th>Segment<\/th><th>Sat\u0131\u015f (Haziran)<\/th><th>Sat\u0131\u015f (Y\u0131l Toplam\u0131)<\/th><\/tr><\/thead><tbody><tr><td>1<\/td><td>Model Y<\/td><td>SUV \/ Elektrikli<\/td><td>7.235<\/td><td>12.320<\/td><\/tr><tr><td>2<\/td><td>T-Roc<\/td><td>Kompakt SUV<\/td><td>5.037<\/td><td>10.182<\/td><\/tr><tr><td>3<\/td><td>SEAL U<\/td><td>HB \/ Elektrikli<\/td><td>4.362<\/td><td>18.292<\/td><\/tr><tr><td>4<\/td><td>Clio HB<\/td><td>B Segmenti<\/td><td>3.928<\/td><td>24.147<\/td><\/tr><tr><td>5<\/td><td>Egea Sedan<\/td><td>C Segmenti Sedan<\/td><td>3.514<\/td><td>20.463<\/td><\/tr><tr><td>6<\/td><td>Megane Sedan<\/td><td>C Segmenti Sedan<\/td><td>3.212<\/td><td>18.467<\/td><\/tr><tr><td>7<\/td><td>T10X<\/td><td>Elektrikli SUV<\/td><td>3.098<\/td><td>7.101<\/td><\/tr><tr><td>8<\/td><td>Tourneo Courier<\/td><td>Ticari Ara\u00e7<\/td><td>2.436<\/td><td>12.347<\/td><\/tr><tr><td>9<\/td><td>Egea Cross<\/td><td>Crossover<\/td><td>2.402<\/td><td>12.822<\/td><\/tr><tr><td>10<\/td><td>C4X<\/td><td>Sedan\/Crossover<\/td><td>1.983<\/td><td>11.103<\/td><\/tr><\/tbody><\/table><\/figure>\n\n\n\n<blockquote class=\"wp-block-quote is-layout-flow wp-block-quote-is-layout-flow\">\n<p><em>Not: Segment s\u0131n\u0131fland\u0131rmalar\u0131nda baz\u0131 modellerde \u00fcretici bilgileri esas al\u0131nm\u0131\u015ft\u0131r.<\/em><\/p>\n<\/blockquote>\n\n\n\n<h3 class=\"wp-block-heading\"><span class=\"ez-toc-section\" id=\"Model_Model_Inceleme_Haziran_Ayinda_En_Cok_Satan_Araclar\"><\/span>Model Model \u0130nceleme: Haziran Ay\u0131nda En \u00c7ok Satan Ara\u00e7lar<span class=\"ez-toc-section-end\"><\/span><\/h3>\n\n\n\n<h4 class=\"wp-block-heading\"><span class=\"ez-toc-section\" id=\"1_Tesla_Model_Y_%E2%80%93_7235_Adet\"><\/span>1. <strong>Tesla Model Y \u2013 7.235 Adet<\/strong><span class=\"ez-toc-section-end\"><\/span><\/h4>\n\n\n\n<p>Haziran ay\u0131nda en \u00e7ok satan ara\u00e7 <strong><a href=\"https:\/\/www.karekod.org\/blog\/tesla-fiyatlari-2025\/\">Tesla Model Y<\/a><\/strong> oldu. Elektrikli SUV segmentinde yer alan bu model, s\u00fcrd\u00fcr\u00fclebilir ula\u015f\u0131m\u0131 tercih edenlerin g\u00f6zdesi h\u00e2line geldi. 2025 y\u0131l\u0131 toplam\u0131nda da dikkat \u00e7ekici bir ivme yakalam\u0131\u015f durumda.<\/p>\n\n\n\n<h4 class=\"wp-block-heading\"><span class=\"ez-toc-section\" id=\"2_Volkswagen_T-Roc_%E2%80%93_5037_Adet\"><\/span>2. <strong>Volkswagen T-Roc \u2013 5.037 Adet<\/strong><span class=\"ez-toc-section-end\"><\/span><\/h4>\n\n\n\n<p>Alman otomotiv devi Volkswagen\u2019in kompakt SUV modeli <strong>T-Roc<\/strong>, \u015f\u0131k tasar\u0131m\u0131 ve g\u00fc\u00e7l\u00fc s\u00fcr\u00fc\u015f dinamikleriyle listede ikinci s\u0131rada. Bu ba\u015far\u0131, SUV segmentine olan ilginin s\u00fcrd\u00fc\u011f\u00fcn\u00fc kan\u0131tl\u0131yor.<\/p>\n\n\n\n<h4 class=\"wp-block-heading\"><span class=\"ez-toc-section\" id=\"3_SEAL_U_%E2%80%93_4362_Adet\"><\/span>3. <strong>SEAL U \u2013 4.362 Adet<\/strong><span class=\"ez-toc-section-end\"><\/span><\/h4>\n\n\n\n<p>Hen\u00fcz T\u00fcrkiye pazar\u0131nda yeni say\u0131labilecek bir marka olan <strong>SEAL<\/strong>, hatchback s\u0131n\u0131f\u0131ndaki <strong>U modeliyle<\/strong> b\u00fcy\u00fck bir sat\u0131\u015f ba\u015far\u0131s\u0131 yakalad\u0131. Elektrikli motor se\u00e7ene\u011fi ile dikkat \u00e7eken model, y\u0131l toplam\u0131nda da g\u00fc\u00e7l\u00fc.<\/p>\n\n\n\n<h4 class=\"wp-block-heading\"><span class=\"ez-toc-section\" id=\"4_Renault_Clio_HB_%E2%80%93_3928_Adet\"><\/span>4. <strong>Renault Clio HB \u2013 3.928 Adet<\/strong><span class=\"ez-toc-section-end\"><\/span><\/h4>\n\n\n\n<p>Uygun fiyatl\u0131, \u015fehir i\u00e7i kullan\u0131ma uygun B segmenti ara\u00e7 olan <strong>Clio Hatchback<\/strong>, T\u00fcrkiye\u2019de uzun y\u0131llard\u0131r sevilen bir model olarak g\u00fc\u00e7l\u00fc sat\u0131\u015flar\u0131n\u0131 s\u00fcrd\u00fcr\u00fcyor.<\/p>\n\n\n\n<h4 class=\"wp-block-heading\"><span class=\"ez-toc-section\" id=\"5_Fiat_Egea_Sedan_%E2%80%93_3514_Adet\"><\/span>5. <strong>Fiat Egea Sedan \u2013 3.514 Adet<\/strong><span class=\"ez-toc-section-end\"><\/span><\/h4>\n\n\n\n<p>Yerli \u00fcretim avantaj\u0131yla \u00f6ne \u00e7\u0131kan <strong>Fiat Egea Sedan<\/strong>, C segmentinde ekonomik ve sa\u011flam yap\u0131s\u0131yla be\u015finci s\u0131rada yer ald\u0131. Aileler i\u00e7in tercih edilen modellerden biri olmaya devam ediyor.<\/p>\n\n\n\n<h4 class=\"wp-block-heading\"><span class=\"ez-toc-section\" id=\"6_Renault_Megane_Sedan_%E2%80%93_3212_Adet\"><\/span>6. <strong>Renault Megane Sedan \u2013 3.212 Adet<\/strong><span class=\"ez-toc-section-end\"><\/span><\/h4>\n\n\n\n<p>Konfor ve geni\u015f i\u00e7 hacim isteyen kullan\u0131c\u0131lar\u0131n tercihi olan <strong>Megane Sedan<\/strong>, 3.212 adetlik sat\u0131\u015fla listenin alt\u0131nc\u0131 s\u0131ras\u0131nda.<\/p>\n\n\n\n<h4 class=\"wp-block-heading\"><span class=\"ez-toc-section\" id=\"7_Togg_T10X_%E2%80%93_3098_Adet\"><\/span>7. <strong>Togg T10X \u2013 3.098 Adet<\/strong><span class=\"ez-toc-section-end\"><\/span><\/h4>\n\n\n\n<p>T\u00fcrkiye\u2019nin yerli elektrikli otomobili olan <strong>Togg T10X<\/strong>, 3.098 adetlik sat\u0131\u015fla yedinci s\u0131rada yer al\u0131yor. Bu model, yerli \u00fcretimle \u00e7evreci teknolojiyi birle\u015ftiren bir se\u00e7enek olarak dikkat \u00e7ekiyor.<\/p>\n\n\n\n<h4 class=\"wp-block-heading\"><span class=\"ez-toc-section\" id=\"8_Ford_Tourneo_Courier_%E2%80%93_2436_Adet\"><\/span>8. <strong>Ford Tourneo Courier \u2013 2.436 Adet<\/strong><span class=\"ez-toc-section-end\"><\/span><\/h4>\n\n\n\n<p>K\u00fc\u00e7\u00fck ticari s\u0131n\u0131f\u0131nda yer alan <strong>Tourneo Courier<\/strong>, \u00f6zellikle KOB\u0130\u2019ler ve aile tipi ticari kullan\u0131m i\u00e7in ideal olmas\u0131 sayesinde sekizinci s\u0131rada.<\/p>\n\n\n\n<h4 class=\"wp-block-heading\"><span class=\"ez-toc-section\" id=\"9_Fiat_Egea_Cross_%E2%80%93_2402_Adet\"><\/span>9. <strong>Fiat Egea Cross \u2013 2.402 Adet<\/strong><span class=\"ez-toc-section-end\"><\/span><\/h4>\n\n\n\n<p>SUV tasar\u0131m\u0131yla Egea\u2019n\u0131n y\u00fckseltilmi\u015f versiyonu olan <strong>Egea Cross<\/strong>, \u015fehirli crossover kullan\u0131c\u0131lar\u0131n\u0131n beklentilerini kar\u015f\u0131l\u0131yor.<\/p>\n\n\n\n<h4 class=\"wp-block-heading\"><span class=\"ez-toc-section\" id=\"10_Citroen_C4X_%E2%80%93_1983_Adet\"><\/span>10. <strong>Citro\u00ebn C4X \u2013 1.983 Adet<\/strong><span class=\"ez-toc-section-end\"><\/span><\/h4>\n\n\n\n<p>Sedan ve crossover k\u0131rmas\u0131 yap\u0131s\u0131yla farkl\u0131 bir tasar\u0131m anlay\u0131\u015f\u0131 sunan <strong>C4X<\/strong>, listede onuncu s\u0131rada yer al\u0131yor.<\/p>\n\n\n\n<h3 class=\"wp-block-heading\"><span class=\"ez-toc-section\" id=\"Haziran_Verilerine_Gore_Otomotivde_One_Cikan_Trendler\"><\/span>Haziran Verilerine G\u00f6re Otomotivde \u00d6ne \u00c7\u0131kan Trendler<span class=\"ez-toc-section-end\"><\/span><\/h3>\n\n\n\n<ul class=\"wp-block-list\">\n<li><strong>SUV ve crossover segmentindeki y\u00fckseli\u015f<\/strong> dikkat \u00e7ekici. Listenin ilk 3 s\u0131ras\u0131nda bu segmentten modeller bulunuyor.<\/li>\n\n\n\n<li><strong>Elektrikli ara\u00e7lar<\/strong>, Model Y, SEAL U ve T10X gibi modellerle pazarda daha fazla yer edinmeye ba\u015fl\u0131yor.<\/li>\n\n\n\n<li><strong>Sedan modeller h\u00e2l\u00e2 g\u00fc\u00e7l\u00fc<\/strong>: Egea ve Megane gibi klasik sedanlar y\u00fcksek sat\u0131\u015f rakamlar\u0131na ula\u015f\u0131yor.<\/li>\n\n\n\n<li><strong>Ticari ara\u00e7larda istikrar<\/strong> var: Tourneo Courier gibi modeller, geni\u015f kullan\u0131m alan\u0131yla pazardaki yerini koruyor.<\/li>\n<\/ul>\n\n\n\n<h3 class=\"wp-block-heading\"><span class=\"ez-toc-section\" id=\"Sonuc_Turkiyede_Haziran_Ayinda_En_Cok_Satan_Araclar_Ne_Soyluyor\"><\/span>Sonu\u00e7: T\u00fcrkiye\u2019de Haziran Ay\u0131nda En \u00c7ok Satan Ara\u00e7lar Ne S\u00f6yl\u00fcyor?<span class=\"ez-toc-section-end\"><\/span><\/h3>\n\n\n\n<p><strong>Haziran ay\u0131nda en \u00e7ok satan ara\u00e7lar<\/strong>, T\u00fcrkiye\u2019de otomotiv tercihlerinin hem d\u00f6n\u00fc\u015f\u00fcm hem de sadakat i\u00e7erdi\u011fini g\u00f6steriyor. Elektrikli SUV\u2019lar\u0131n y\u00fckseli\u015fi, t\u00fcketicilerin \u00e7evreci ve modern tercihlere y\u00f6neldi\u011fini kan\u0131tl\u0131yor. Buna kar\u015f\u0131l\u0131k Clio, Egea gibi ekonomik ve y\u0131llard\u0131r bilinen modellerin h\u00e2l\u00e2 zirvede yer almas\u0131, geleneksel ara\u00e7lara olan g\u00fcvenin devam etti\u011fini ortaya koyuyor.<\/p>\n\n\n\n<p><strong>Otomotiv pazar\u0131<\/strong>, 2025\u2019in ikinci yar\u0131s\u0131na girerken hem s\u00fcrd\u00fcr\u00fclebilirlik hem de \u00e7e\u015fitlilik a\u00e7\u0131s\u0131ndan g\u00fc\u00e7l\u00fc sinyaller veriyor. \u00d6n\u00fcm\u00fczdeki aylarda ise yeni modellerin etkisiyle bu s\u0131ralaman\u0131n nas\u0131l de\u011fi\u015fece\u011fi merak konusu.<\/p>\n\n\n\n<p>Kaynak: <strong>Murat Tosun<\/strong><\/p>\n","protected":false},"excerpt":{"rendered":"<p>2 Temmuz 2025, Saat 11:49 (+03) itibar\u0131yla T\u00fcrkiye otomotiv pazar\u0131, \u00f6zellikle elektrikli ve SUV ara\u00e7lara y\u00f6nelimle dikkat \u00e7ekiyor. Haziran ay\u0131nda [&hellip;]<\/p>\n","protected":false},"author":1,"featured_media":47040,"comment_status":"open","ping_status":"open","sticky":false,"template":"","format":"standard","meta":{"footnotes":""},"categories":[3938,53],"tags":[],"class_list":["post-47037","post","type-post","status-publish","format-standard","has-post-thumbnail","hentry","category-arac-fiyatlari","category-haberler"],"yoast_head":"<!-- This site is optimized with the Yoast SEO plugin v27.5 - https:\/\/yoast.com\/product\/yoast-seo-wordpress\/ -->\n<title>Haziran Ay\u0131nda En \u00c7ok Satan Ara\u00e7lar: Otomotiv Pazar\u0131 Analizi - Karekod Blog<\/title>\n<meta name=\"description\" content=\"Haziran Ay\u0131nda En \u00c7ok Satan Ara\u00e7lar: Tesla Model Y \u2013 7.235 Adet ile Haziran ay\u0131nda en \u00e7ok satan ara\u00e7 Tesla Model Y oldu.\" \/>\n<meta name=\"robots\" content=\"index, follow, max-snippet:-1, max-image-preview:large, max-video-preview:-1\" \/>\n<link rel=\"canonical\" href=\"https:\/\/www.karekod.org\/blog\/haziran-ayinda-en-cok-satan-araclar-otomotiv-pazari-2025-analizi\/\" \/>\n<meta property=\"og:locale\" content=\"tr_TR\" \/>\n<meta property=\"og:type\" content=\"article\" \/>\n<meta property=\"og:title\" content=\"Haziran Ay\u0131nda En \u00c7ok Satan Ara\u00e7lar: Otomotiv Pazar\u0131 Analizi - Karekod Blog\" \/>\n<meta property=\"og:description\" content=\"Haziran Ay\u0131nda En \u00c7ok Satan Ara\u00e7lar: Tesla Model Y \u2013 7.235 Adet ile Haziran ay\u0131nda en \u00e7ok satan ara\u00e7 Tesla Model Y oldu.\" \/>\n<meta property=\"og:url\" content=\"https:\/\/www.karekod.org\/blog\/haziran-ayinda-en-cok-satan-araclar-otomotiv-pazari-2025-analizi\/\" \/>\n<meta property=\"og:site_name\" content=\"Karekod Blog\" \/>\n<meta property=\"article:publisher\" content=\"https:\/\/www.facebook.com\/QarMenu\/\" \/>\n<meta property=\"article:author\" content=\"https:\/\/www.facebook.com\/mentor.perplexed\/\" \/>\n<meta property=\"article:published_time\" content=\"2025-07-02T09:03:11+00:00\" \/>\n<meta property=\"article:modified_time\" content=\"2026-01-02T09:16:30+00:00\" \/>\n<meta property=\"og:image\" content=\"https:\/\/www.karekod.org\/blog\/wp-content\/uploads\/2025\/07\/Haziran-Ayinda-En-Cok-Satan-Araclar.webp\" \/>\n\t<meta property=\"og:image:width\" content=\"1200\" \/>\n\t<meta property=\"og:image:height\" content=\"675\" \/>\n\t<meta property=\"og:image:type\" content=\"image\/webp\" \/>\n<meta name=\"author\" content=\"Muharrem Emino\u011flu\" \/>\n<meta name=\"twitter:card\" content=\"summary_large_image\" \/>\n<meta name=\"twitter:creator\" content=\"@temassizmenu\" \/>\n<meta name=\"twitter:site\" content=\"@temassizmenu\" \/>\n<meta name=\"twitter:label1\" content=\"Yazan:\" \/>\n\t<meta name=\"twitter:data1\" content=\"Muharrem Emino\u011flu\" \/>\n\t<meta name=\"twitter:label2\" content=\"Tahmini okuma s\u00fcresi\" \/>\n\t<meta name=\"twitter:data2\" content=\"5 dakika\" \/>\n<script type=\"application\/ld+json\" class=\"yoast-schema-graph\">{\"@context\":\"https:\\\/\\\/schema.org\",\"@graph\":[{\"@type\":\"NewsArticle\",\"@id\":\"https:\\\/\\\/www.karekod.org\\\/blog\\\/haziran-ayinda-en-cok-satan-araclar-otomotiv-pazari-2025-analizi\\\/#article\",\"isPartOf\":{\"@id\":\"https:\\\/\\\/www.karekod.org\\\/blog\\\/haziran-ayinda-en-cok-satan-araclar-otomotiv-pazari-2025-analizi\\\/\"},\"author\":{\"name\":\"Muharrem Emino\u011flu\",\"@id\":\"https:\\\/\\\/www.karekod.org\\\/blog\\\/#\\\/schema\\\/person\\\/8c87c879aca1c63c7438bf937a5da8bd\"},\"headline\":\"Haziran Ay\u0131nda En \u00c7ok Satan Ara\u00e7lar: Otomotiv Pazar\u0131 Analizi\",\"datePublished\":\"2025-07-02T09:03:11+00:00\",\"dateModified\":\"2026-01-02T09:16:30+00:00\",\"mainEntityOfPage\":{\"@id\":\"https:\\\/\\\/www.karekod.org\\\/blog\\\/haziran-ayinda-en-cok-satan-araclar-otomotiv-pazari-2025-analizi\\\/\"},\"wordCount\":764,\"commentCount\":0,\"publisher\":{\"@id\":\"https:\\\/\\\/www.karekod.org\\\/blog\\\/#organization\"},\"image\":{\"@id\":\"https:\\\/\\\/www.karekod.org\\\/blog\\\/haziran-ayinda-en-cok-satan-araclar-otomotiv-pazari-2025-analizi\\\/#primaryimage\"},\"thumbnailUrl\":\"https:\\\/\\\/www.karekod.org\\\/blog\\\/wp-content\\\/uploads\\\/2025\\\/07\\\/Haziran-Ayinda-En-Cok-Satan-Araclar.webp\",\"articleSection\":[\"Ara\u00e7 Fiyatlar\u0131\",\"Haberler\"],\"inLanguage\":\"tr\",\"potentialAction\":[{\"@type\":\"CommentAction\",\"name\":\"Comment\",\"target\":[\"https:\\\/\\\/www.karekod.org\\\/blog\\\/haziran-ayinda-en-cok-satan-araclar-otomotiv-pazari-2025-analizi\\\/#respond\"]}]},{\"@type\":\"WebPage\",\"@id\":\"https:\\\/\\\/www.karekod.org\\\/blog\\\/haziran-ayinda-en-cok-satan-araclar-otomotiv-pazari-2025-analizi\\\/\",\"url\":\"https:\\\/\\\/www.karekod.org\\\/blog\\\/haziran-ayinda-en-cok-satan-araclar-otomotiv-pazari-2025-analizi\\\/\",\"name\":\"Haziran Ay\u0131nda En \u00c7ok Satan Ara\u00e7lar: Otomotiv Pazar\u0131 Analizi - Karekod Blog\",\"isPartOf\":{\"@id\":\"https:\\\/\\\/www.karekod.org\\\/blog\\\/#website\"},\"primaryImageOfPage\":{\"@id\":\"https:\\\/\\\/www.karekod.org\\\/blog\\\/haziran-ayinda-en-cok-satan-araclar-otomotiv-pazari-2025-analizi\\\/#primaryimage\"},\"image\":{\"@id\":\"https:\\\/\\\/www.karekod.org\\\/blog\\\/haziran-ayinda-en-cok-satan-araclar-otomotiv-pazari-2025-analizi\\\/#primaryimage\"},\"thumbnailUrl\":\"https:\\\/\\\/www.karekod.org\\\/blog\\\/wp-content\\\/uploads\\\/2025\\\/07\\\/Haziran-Ayinda-En-Cok-Satan-Araclar.webp\",\"datePublished\":\"2025-07-02T09:03:11+00:00\",\"dateModified\":\"2026-01-02T09:16:30+00:00\",\"description\":\"Haziran Ay\u0131nda En \u00c7ok Satan Ara\u00e7lar: Tesla Model Y \u2013 7.235 Adet ile Haziran ay\u0131nda en \u00e7ok satan ara\u00e7 Tesla Model Y oldu.\",\"breadcrumb\":{\"@id\":\"https:\\\/\\\/www.karekod.org\\\/blog\\\/haziran-ayinda-en-cok-satan-araclar-otomotiv-pazari-2025-analizi\\\/#breadcrumb\"},\"inLanguage\":\"tr\",\"potentialAction\":[{\"@type\":\"ReadAction\",\"target\":[\"https:\\\/\\\/www.karekod.org\\\/blog\\\/haziran-ayinda-en-cok-satan-araclar-otomotiv-pazari-2025-analizi\\\/\"]}]},{\"@type\":\"ImageObject\",\"inLanguage\":\"tr\",\"@id\":\"https:\\\/\\\/www.karekod.org\\\/blog\\\/haziran-ayinda-en-cok-satan-araclar-otomotiv-pazari-2025-analizi\\\/#primaryimage\",\"url\":\"https:\\\/\\\/www.karekod.org\\\/blog\\\/wp-content\\\/uploads\\\/2025\\\/07\\\/Haziran-Ayinda-En-Cok-Satan-Araclar.webp\",\"contentUrl\":\"https:\\\/\\\/www.karekod.org\\\/blog\\\/wp-content\\\/uploads\\\/2025\\\/07\\\/Haziran-Ayinda-En-Cok-Satan-Araclar.webp\",\"width\":1200,\"height\":675,\"caption\":\"Haziran Ay\u0131nda En \u00c7ok Satan Ara\u00e7lar\"},{\"@type\":\"BreadcrumbList\",\"@id\":\"https:\\\/\\\/www.karekod.org\\\/blog\\\/haziran-ayinda-en-cok-satan-araclar-otomotiv-pazari-2025-analizi\\\/#breadcrumb\",\"itemListElement\":[{\"@type\":\"ListItem\",\"position\":1,\"name\":\"Ana sayfa\",\"item\":\"https:\\\/\\\/www.karekod.org\\\/blog\\\/\"},{\"@type\":\"ListItem\",\"position\":2,\"name\":\"Fiyat\",\"item\":\"https:\\\/\\\/www.karekod.org\\\/blog\\\/category\\\/fiyat\\\/\"},{\"@type\":\"ListItem\",\"position\":3,\"name\":\"Ara\u00e7 Fiyatlar\u0131\",\"item\":\"https:\\\/\\\/www.karekod.org\\\/blog\\\/category\\\/fiyat\\\/arac-fiyatlari\\\/\"},{\"@type\":\"ListItem\",\"position\":4,\"name\":\"Haziran Ay\u0131nda En \u00c7ok Satan Ara\u00e7lar: Otomotiv Pazar\u0131 Analizi\"}]},{\"@type\":\"WebSite\",\"@id\":\"https:\\\/\\\/www.karekod.org\\\/blog\\\/#website\",\"url\":\"https:\\\/\\\/www.karekod.org\\\/blog\\\/\",\"name\":\"Karekod Blog\",\"description\":\"2026 G\u00fcncel Alkol Fiyatlar\u0131 ve Piyasa Rehberi\",\"publisher\":{\"@id\":\"https:\\\/\\\/www.karekod.org\\\/blog\\\/#organization\"},\"alternateName\":\"Karekod Haber\",\"potentialAction\":[{\"@type\":\"SearchAction\",\"target\":{\"@type\":\"EntryPoint\",\"urlTemplate\":\"https:\\\/\\\/www.karekod.org\\\/blog\\\/?s={search_term_string}\"},\"query-input\":{\"@type\":\"PropertyValueSpecification\",\"valueRequired\":true,\"valueName\":\"search_term_string\"}}],\"inLanguage\":\"tr\"},{\"@type\":\"Organization\",\"@id\":\"https:\\\/\\\/www.karekod.org\\\/blog\\\/#organization\",\"name\":\"Karekod Blog\",\"alternateName\":\"Karekod Haber\",\"url\":\"https:\\\/\\\/www.karekod.org\\\/blog\\\/\",\"logo\":{\"@type\":\"ImageObject\",\"inLanguage\":\"tr\",\"@id\":\"https:\\\/\\\/www.karekod.org\\\/blog\\\/#\\\/schema\\\/logo\\\/image\\\/\",\"url\":\"https:\\\/\\\/www.karekod.org\\\/blog\\\/wp-content\\\/uploads\\\/2025\\\/01\\\/cropped-logo.webp\",\"contentUrl\":\"https:\\\/\\\/www.karekod.org\\\/blog\\\/wp-content\\\/uploads\\\/2025\\\/01\\\/cropped-logo.webp\",\"width\":512,\"height\":384,\"caption\":\"Karekod Blog\"},\"image\":{\"@id\":\"https:\\\/\\\/www.karekod.org\\\/blog\\\/#\\\/schema\\\/logo\\\/image\\\/\"},\"sameAs\":[\"https:\\\/\\\/www.facebook.com\\\/QarMenu\\\/\",\"https:\\\/\\\/x.com\\\/temassizmenu\",\"https:\\\/\\\/www.instagram.com\\\/qarmenu\\\/\",\"https:\\\/\\\/www.linkedin.com\\\/company\\\/karekod\\\/\",\"https:\\\/\\\/tr.pinterest.com\\\/dijitalmenu\\\/\",\"https:\\\/\\\/www.youtube.com\\\/@qrmenu\",\"https:\\\/\\\/karekodmenu.tumblr.com\\\/\",\"https:\\\/\\\/karekod.medium.com\\\/\",\"https:\\\/\\\/www.diigo.com\\\/user\\\/karekod\",\"https:\\\/\\\/mastodon.social\\\/@karekod\",\"https:\\\/\\\/vk.com\\\/karekod\",\"https:\\\/\\\/flipboard.com\\\/@karekod\",\"https:\\\/\\\/www.quora.com\\\/profile\\\/Karekod-Haber\",\"https:\\\/\\\/note.com\\\/karekod\"]},{\"@type\":\"Person\",\"@id\":\"https:\\\/\\\/www.karekod.org\\\/blog\\\/#\\\/schema\\\/person\\\/8c87c879aca1c63c7438bf937a5da8bd\",\"name\":\"Muharrem Emino\u011flu\",\"pronouns\":\"he\\\/him\",\"description\":\"Veri analizi ve dijital raporlama s\u00fcre\u00e7lerinde yenilik\u00e7i yakla\u015f\u0131mlar benimseyerek s\u00fcrd\u00fcr\u00fclebilir i\u015f modelleri \u00fczerine \u00e7al\u0131\u015fmalar yap\u0131yorum. Teknoloji, ekonomi ve dijital pazarlama alanlar\u0131nda g\u00fcncel ve g\u00fcvenilir i\u00e7erikler \u00fcretiyorum.\",\"sameAs\":[\"https:\\\/\\\/www.karekod.org\",\"https:\\\/\\\/www.facebook.com\\\/mentor.perplexed\\\/\",\"https:\\\/\\\/www.instagram.com\\\/mentorperplexed\\\/\",\"https:\\\/\\\/www.linkedin.com\\\/in\\\/eminoglu\\\/\",\"https:\\\/\\\/www.pinterest.de\\\/dijitalmenu\\\/\",\"https:\\\/\\\/x.com\\\/temassizmenu\",\"https:\\\/\\\/www.youtube.com\\\/channel\\\/UC_vI-xTP9NegNfIqSGoesGg\",\"https:\\\/\\\/qrmenu.tumblr.com\\\/\"],\"url\":\"https:\\\/\\\/www.karekod.org\\\/blog\\\/yazar\\\/muharrem-eminoglu\\\/\"}]}<\/script>\n<!-- \/ Yoast SEO plugin. -->","yoast_head_json":{"title":"Haziran Ay\u0131nda En \u00c7ok Satan Ara\u00e7lar: Otomotiv Pazar\u0131 Analizi - Karekod Blog","description":"Haziran Ay\u0131nda En \u00c7ok Satan Ara\u00e7lar: Tesla Model Y \u2013 7.235 Adet ile Haziran ay\u0131nda en \u00e7ok satan ara\u00e7 Tesla Model Y oldu.","robots":{"index":"index","follow":"follow","max-snippet":"max-snippet:-1","max-image-preview":"max-image-preview:large","max-video-preview":"max-video-preview:-1"},"canonical":"https:\/\/www.karekod.org\/blog\/haziran-ayinda-en-cok-satan-araclar-otomotiv-pazari-2025-analizi\/","og_locale":"tr_TR","og_type":"article","og_title":"Haziran Ay\u0131nda En \u00c7ok Satan Ara\u00e7lar: Otomotiv Pazar\u0131 Analizi - Karekod Blog","og_description":"Haziran Ay\u0131nda En \u00c7ok Satan Ara\u00e7lar: Tesla Model Y \u2013 7.235 Adet ile Haziran ay\u0131nda en \u00e7ok satan ara\u00e7 Tesla Model Y oldu.","og_url":"https:\/\/www.karekod.org\/blog\/haziran-ayinda-en-cok-satan-araclar-otomotiv-pazari-2025-analizi\/","og_site_name":"Karekod Blog","article_publisher":"https:\/\/www.facebook.com\/QarMenu\/","article_author":"https:\/\/www.facebook.com\/mentor.perplexed\/","article_published_time":"2025-07-02T09:03:11+00:00","article_modified_time":"2026-01-02T09:16:30+00:00","og_image":[{"width":1200,"height":675,"url":"https:\/\/www.karekod.org\/blog\/wp-content\/uploads\/2025\/07\/Haziran-Ayinda-En-Cok-Satan-Araclar.webp","type":"image\/webp"}],"author":"Muharrem Emino\u011flu","twitter_card":"summary_large_image","twitter_creator":"@temassizmenu","twitter_site":"@temassizmenu","twitter_misc":{"Yazan:":"Muharrem Emino\u011flu","Tahmini okuma s\u00fcresi":"5 dakika"},"schema":{"@context":"https:\/\/schema.org","@graph":[{"@type":"NewsArticle","@id":"https:\/\/www.karekod.org\/blog\/haziran-ayinda-en-cok-satan-araclar-otomotiv-pazari-2025-analizi\/#article","isPartOf":{"@id":"https:\/\/www.karekod.org\/blog\/haziran-ayinda-en-cok-satan-araclar-otomotiv-pazari-2025-analizi\/"},"author":{"name":"Muharrem Emino\u011flu","@id":"https:\/\/www.karekod.org\/blog\/#\/schema\/person\/8c87c879aca1c63c7438bf937a5da8bd"},"headline":"Haziran Ay\u0131nda En \u00c7ok Satan Ara\u00e7lar: Otomotiv Pazar\u0131 Analizi","datePublished":"2025-07-02T09:03:11+00:00","dateModified":"2026-01-02T09:16:30+00:00","mainEntityOfPage":{"@id":"https:\/\/www.karekod.org\/blog\/haziran-ayinda-en-cok-satan-araclar-otomotiv-pazari-2025-analizi\/"},"wordCount":764,"commentCount":0,"publisher":{"@id":"https:\/\/www.karekod.org\/blog\/#organization"},"image":{"@id":"https:\/\/www.karekod.org\/blog\/haziran-ayinda-en-cok-satan-araclar-otomotiv-pazari-2025-analizi\/#primaryimage"},"thumbnailUrl":"https:\/\/www.karekod.org\/blog\/wp-content\/uploads\/2025\/07\/Haziran-Ayinda-En-Cok-Satan-Araclar.webp","articleSection":["Ara\u00e7 Fiyatlar\u0131","Haberler"],"inLanguage":"tr","potentialAction":[{"@type":"CommentAction","name":"Comment","target":["https:\/\/www.karekod.org\/blog\/haziran-ayinda-en-cok-satan-araclar-otomotiv-pazari-2025-analizi\/#respond"]}]},{"@type":"WebPage","@id":"https:\/\/www.karekod.org\/blog\/haziran-ayinda-en-cok-satan-araclar-otomotiv-pazari-2025-analizi\/","url":"https:\/\/www.karekod.org\/blog\/haziran-ayinda-en-cok-satan-araclar-otomotiv-pazari-2025-analizi\/","name":"Haziran Ay\u0131nda En \u00c7ok Satan Ara\u00e7lar: Otomotiv Pazar\u0131 Analizi - Karekod Blog","isPartOf":{"@id":"https:\/\/www.karekod.org\/blog\/#website"},"primaryImageOfPage":{"@id":"https:\/\/www.karekod.org\/blog\/haziran-ayinda-en-cok-satan-araclar-otomotiv-pazari-2025-analizi\/#primaryimage"},"image":{"@id":"https:\/\/www.karekod.org\/blog\/haziran-ayinda-en-cok-satan-araclar-otomotiv-pazari-2025-analizi\/#primaryimage"},"thumbnailUrl":"https:\/\/www.karekod.org\/blog\/wp-content\/uploads\/2025\/07\/Haziran-Ayinda-En-Cok-Satan-Araclar.webp","datePublished":"2025-07-02T09:03:11+00:00","dateModified":"2026-01-02T09:16:30+00:00","description":"Haziran Ay\u0131nda En \u00c7ok Satan Ara\u00e7lar: Tesla Model Y \u2013 7.235 Adet ile Haziran ay\u0131nda en \u00e7ok satan ara\u00e7 Tesla Model Y oldu.","breadcrumb":{"@id":"https:\/\/www.karekod.org\/blog\/haziran-ayinda-en-cok-satan-araclar-otomotiv-pazari-2025-analizi\/#breadcrumb"},"inLanguage":"tr","potentialAction":[{"@type":"ReadAction","target":["https:\/\/www.karekod.org\/blog\/haziran-ayinda-en-cok-satan-araclar-otomotiv-pazari-2025-analizi\/"]}]},{"@type":"ImageObject","inLanguage":"tr","@id":"https:\/\/www.karekod.org\/blog\/haziran-ayinda-en-cok-satan-araclar-otomotiv-pazari-2025-analizi\/#primaryimage","url":"https:\/\/www.karekod.org\/blog\/wp-content\/uploads\/2025\/07\/Haziran-Ayinda-En-Cok-Satan-Araclar.webp","contentUrl":"https:\/\/www.karekod.org\/blog\/wp-content\/uploads\/2025\/07\/Haziran-Ayinda-En-Cok-Satan-Araclar.webp","width":1200,"height":675,"caption":"Haziran Ay\u0131nda En \u00c7ok Satan Ara\u00e7lar"},{"@type":"BreadcrumbList","@id":"https:\/\/www.karekod.org\/blog\/haziran-ayinda-en-cok-satan-araclar-otomotiv-pazari-2025-analizi\/#breadcrumb","itemListElement":[{"@type":"ListItem","position":1,"name":"Ana sayfa","item":"https:\/\/www.karekod.org\/blog\/"},{"@type":"ListItem","position":2,"name":"Fiyat","item":"https:\/\/www.karekod.org\/blog\/category\/fiyat\/"},{"@type":"ListItem","position":3,"name":"Ara\u00e7 Fiyatlar\u0131","item":"https:\/\/www.karekod.org\/blog\/category\/fiyat\/arac-fiyatlari\/"},{"@type":"ListItem","position":4,"name":"Haziran Ay\u0131nda En \u00c7ok Satan Ara\u00e7lar: Otomotiv Pazar\u0131 Analizi"}]},{"@type":"WebSite","@id":"https:\/\/www.karekod.org\/blog\/#website","url":"https:\/\/www.karekod.org\/blog\/","name":"Karekod Blog","description":"2026 G\u00fcncel Alkol Fiyatlar\u0131 ve Piyasa Rehberi","publisher":{"@id":"https:\/\/www.karekod.org\/blog\/#organization"},"alternateName":"Karekod Haber","potentialAction":[{"@type":"SearchAction","target":{"@type":"EntryPoint","urlTemplate":"https:\/\/www.karekod.org\/blog\/?s={search_term_string}"},"query-input":{"@type":"PropertyValueSpecification","valueRequired":true,"valueName":"search_term_string"}}],"inLanguage":"tr"},{"@type":"Organization","@id":"https:\/\/www.karekod.org\/blog\/#organization","name":"Karekod Blog","alternateName":"Karekod Haber","url":"https:\/\/www.karekod.org\/blog\/","logo":{"@type":"ImageObject","inLanguage":"tr","@id":"https:\/\/www.karekod.org\/blog\/#\/schema\/logo\/image\/","url":"https:\/\/www.karekod.org\/blog\/wp-content\/uploads\/2025\/01\/cropped-logo.webp","contentUrl":"https:\/\/www.karekod.org\/blog\/wp-content\/uploads\/2025\/01\/cropped-logo.webp","width":512,"height":384,"caption":"Karekod Blog"},"image":{"@id":"https:\/\/www.karekod.org\/blog\/#\/schema\/logo\/image\/"},"sameAs":["https:\/\/www.facebook.com\/QarMenu\/","https:\/\/x.com\/temassizmenu","https:\/\/www.instagram.com\/qarmenu\/","https:\/\/www.linkedin.com\/company\/karekod\/","https:\/\/tr.pinterest.com\/dijitalmenu\/","https:\/\/www.youtube.com\/@qrmenu","https:\/\/karekodmenu.tumblr.com\/","https:\/\/karekod.medium.com\/","https:\/\/www.diigo.com\/user\/karekod","https:\/\/mastodon.social\/@karekod","https:\/\/vk.com\/karekod","https:\/\/flipboard.com\/@karekod","https:\/\/www.quora.com\/profile\/Karekod-Haber","https:\/\/note.com\/karekod"]},{"@type":"Person","@id":"https:\/\/www.karekod.org\/blog\/#\/schema\/person\/8c87c879aca1c63c7438bf937a5da8bd","name":"Muharrem Emino\u011flu","pronouns":"he\/him","description":"Veri analizi ve dijital raporlama s\u00fcre\u00e7lerinde yenilik\u00e7i yakla\u015f\u0131mlar benimseyerek s\u00fcrd\u00fcr\u00fclebilir i\u015f modelleri \u00fczerine \u00e7al\u0131\u015fmalar yap\u0131yorum. Teknoloji, ekonomi ve dijital pazarlama alanlar\u0131nda g\u00fcncel ve g\u00fcvenilir i\u00e7erikler \u00fcretiyorum.","sameAs":["https:\/\/www.karekod.org","https:\/\/www.facebook.com\/mentor.perplexed\/","https:\/\/www.instagram.com\/mentorperplexed\/","https:\/\/www.linkedin.com\/in\/eminoglu\/","https:\/\/www.pinterest.de\/dijitalmenu\/","https:\/\/x.com\/temassizmenu","https:\/\/www.youtube.com\/channel\/UC_vI-xTP9NegNfIqSGoesGg","https:\/\/qrmenu.tumblr.com\/"],"url":"https:\/\/www.karekod.org\/blog\/yazar\/muharrem-eminoglu\/"}]}},"_links":{"self":[{"href":"https:\/\/www.karekod.org\/blog\/wp-json\/wp\/v2\/posts\/47037","targetHints":{"allow":["GET"]}}],"collection":[{"href":"https:\/\/www.karekod.org\/blog\/wp-json\/wp\/v2\/posts"}],"about":[{"href":"https:\/\/www.karekod.org\/blog\/wp-json\/wp\/v2\/types\/post"}],"author":[{"embeddable":true,"href":"https:\/\/www.karekod.org\/blog\/wp-json\/wp\/v2\/users\/1"}],"replies":[{"embeddable":true,"href":"https:\/\/www.karekod.org\/blog\/wp-json\/wp\/v2\/comments?post=47037"}],"version-history":[{"count":0,"href":"https:\/\/www.karekod.org\/blog\/wp-json\/wp\/v2\/posts\/47037\/revisions"}],"wp:featuredmedia":[{"embeddable":true,"href":"https:\/\/www.karekod.org\/blog\/wp-json\/wp\/v2\/media\/47040"}],"wp:attachment":[{"href":"https:\/\/www.karekod.org\/blog\/wp-json\/wp\/v2\/media?parent=47037"}],"wp:term":[{"taxonomy":"category","embeddable":true,"href":"https:\/\/www.karekod.org\/blog\/wp-json\/wp\/v2\/categories?post=47037"},{"taxonomy":"post_tag","embeddable":true,"href":"https:\/\/www.karekod.org\/blog\/wp-json\/wp\/v2\/tags?post=47037"}],"curies":[{"name":"wp","href":"https:\/\/api.w.org\/{rel}","templated":true}]}}