{"id":43349,"date":"2025-03-25T13:32:22","date_gmt":"2025-03-25T10:32:22","guid":{"rendered":"https:\/\/www.karekod.org\/blog\/?p=43349"},"modified":"2025-03-25T13:32:23","modified_gmt":"2025-03-25T10:32:23","slug":"sislide-kent-lokantalarina-kayyum-darbesi-halkin-ucuz-yemek-umudu-sona-erdi","status":"publish","type":"post","link":"https:\/\/www.karekod.org\/blog\/sislide-kent-lokantalarina-kayyum-darbesi-halkin-ucuz-yemek-umudu-sona-erdi\/","title":{"rendered":"\u015ei\u015fli\u2019de Kent Lokantalar\u0131na Kayyum Darbesi: Halk\u0131n Ucuz Yemek Umudu Sona Erdi"},"content":{"rendered":"\n<p>\u015ei\u015fli Belediyesi, <a href=\"https:\/\/tr.wikipedia.org\/wiki\/Cumhuriyet_Halk_Partisi\">CHP<\/a>\u2019li Belediye Ba\u015fkan\u0131 Resul Emrah \u015eahan\u2019\u0131n \u0130\u00e7i\u015fleri Bakanl\u0131\u011f\u0131 taraf\u0131ndan g\u00f6revden al\u0131narak tutuklanmas\u0131n\u0131n ard\u0131ndan sars\u0131c\u0131 bir de\u011fi\u015fim ya\u015f\u0131yor. Yerine kayyum olarak atanan \u015ei\u015fli Kaymakam\u0131 Cevdet Ert\u00fcrkmen, g\u00f6reve gelir gelmez dikkat \u00e7eken bir karara imza att\u0131: \u0130l\u00e7ede dar gelirli vatanda\u015flara uygun fiyatl\u0131 yemek sunan kent lokantalar\u0131 kapat\u0131ld\u0131. \u015eahan d\u00f6neminde b\u00fcy\u00fck bir sosyal hizmet projesi olarak hayata ge\u00e7irilen ve halk\u0131n yo\u011fun ilgisini \u00e7eken bu lokantalar, bug\u00fcn itibar\u0131yla kepenk indirdi. \u00dcstelik belediyenin gezici kent lokantas\u0131 olarak kullan\u0131lan TIR\u2019\u0131 da sessiz sedas\u0131z belediye garaj\u0131na \u00e7ekildi.<\/p>\n\n\n\n<h2 class=\"wp-block-heading\"><strong>HALKIN LOKANTALARI SESS\u0130ZCE KAPATILDI<\/strong><\/h2>\n\n\n\n<p>Kent lokantalar\u0131, Resul Emrah \u015eahan\u2019\u0131n belediye ba\u015fkanl\u0131\u011f\u0131 d\u00f6neminde \u015ei\u015fli\u2019de sosyal belediyecili\u011fin en \u00f6nemli ad\u0131mlar\u0131ndan biri olarak hayata ge\u00e7irilmi\u015fti. D\u00f6rt \u00f6\u011f\u00fcn yeme\u011fin yaln\u0131zca 40 TL gibi sembolik bir \u00fccretle sunuldu\u011fu bu mekanlar, \u00f6zellikle d\u00fc\u015f\u00fck gelirli vatanda\u015flar i\u00e7in bir can simidi olmu\u015ftu. Hem sa\u011fl\u0131kl\u0131 ve uygun fiyatl\u0131 yemek hizmeti sunan hem de toplumsal dayan\u0131\u015fmay\u0131 g\u00fc\u00e7lendiren bu projeye, halk b\u00fcy\u00fck destek vermi\u015fti.<\/p>\n\n\n\n<p>\u015eahan, kent lokantalar\u0131n\u0131n say\u0131s\u0131n\u0131 art\u0131rmay\u0131 hedefliyor, hatta \u00f6n\u00fcm\u00fczdeki hafta Pa\u015fa Mahallesi\u2019nde yeni bir \u015fubenin a\u00e7\u0131l\u0131\u015f\u0131n\u0131 yapmay\u0131 planl\u0131yordu. Ancak kayyum atamas\u0131yla birlikte bu planlar rafa kalkt\u0131.<\/p>\n\n\n\n<h2 class=\"wp-block-heading\"><strong>HALK TEPK\u0130L\u0130: \u201cUCUZ YEME\u011eE ER\u0130\u015e\u0130M ENGELLEN\u0130YOR\u201d<\/strong><\/h2>\n\n\n\n<p>Kayyum y\u00f6netiminin kent lokantalar\u0131n\u0131 kapatma karar\u0131, \u015ei\u015fli halk\u0131 aras\u0131nda b\u00fcy\u00fck tepkiye yol a\u00e7t\u0131. Vatanda\u015flar, bu ad\u0131m\u0131 sadece bir sosyal hizmetin sonland\u0131r\u0131lmas\u0131 olarak de\u011fil, ayn\u0131 zamanda ekonomik olarak zor g\u00fcnler ge\u00e7iren insanlar\u0131n uygun fiyatl\u0131 yeme\u011fe eri\u015fiminin engellenmesi olarak yorumluyor. Gezici lokanta TIR\u2019\u0131n\u0131n da hizmetten \u00e7ekilmesi, projenin tamamen iptal edilme ihtimalini g\u00fc\u00e7lendiriyor.<\/p>\n\n\n\n<p>\u015ei\u015fli halk\u0131 \u015fimdi \u015fu sorular\u0131n yan\u0131t\u0131n\u0131 ar\u0131yor: Kayyum y\u00f6netimi bu projeyi neden durdurdu? Belediye hizmetlerinde ba\u015fka hangi de\u011fi\u015fiklikler olacak? \u015eahan d\u00f6neminde ba\u015flat\u0131lan sosyal projeler devam edecek mi, yoksa birer birer sona m\u0131 erecek?<\/p>\n\n\n\n<p>Belirsizlik s\u00fcrerken, kent lokantalar\u0131n\u0131n kapat\u0131lmas\u0131 \u015ei\u015fli\u2019de sosyal belediyecili\u011fin gelece\u011fi konusunda kayg\u0131lar\u0131 art\u0131r\u0131yor.<\/p>\n\n\n\n<p>\u0130lgili Ba\u011flant\u0131lar:<\/p>\n\n\n\n<p><a href=\"https:\/\/www.karekod.org\/blog\/guncel-boykot-listesi-ozgur-ozelden-boykot-ve-dayanisma-cagrisi\/\">G\u00fcncel Boykot Listesi<\/a><\/p>\n","protected":false},"excerpt":{"rendered":"<p>\u015ei\u015fli Belediyesi, CHP\u2019li Belediye Ba\u015fkan\u0131 Resul Emrah \u015eahan\u2019\u0131n \u0130\u00e7i\u015fleri Bakanl\u0131\u011f\u0131 taraf\u0131ndan g\u00f6revden al\u0131narak tutuklanmas\u0131n\u0131n ard\u0131ndan sars\u0131c\u0131 bir de\u011fi\u015fim ya\u015f\u0131yor. Yerine [&hellip;]<\/p>\n","protected":false},"author":1,"featured_media":43352,"comment_status":"open","ping_status":"open","sticky":false,"template":"","format":"standard","meta":{"footnotes":""},"categories":[3957,53],"tags":[],"class_list":["post-43349","post","type-post","status-publish","format-standard","has-post-thumbnail","hentry","category-gundem","category-haberler"],"yoast_head":"<!-- This site is optimized with the Yoast SEO plugin v27.5 - https:\/\/yoast.com\/product\/yoast-seo-wordpress\/ -->\n<title>\u015ei\u015fli\u2019de Kent Lokantalar\u0131na Kayyum Darbesi: Halk\u0131n Ucuz Yemek Umudu Sona Erdi - Karekod Blog<\/title>\n<meta name=\"description\" content=\"Kent Lokantalar\u0131na Kayyum: \u0130l\u00e7ede dar gelirli vatanda\u015flara uygun fiyatl\u0131 yemek sunan kent lokantalar\u0131 kapat\u0131ld\u0131. \u015eahan d\u00f6neminde..\" \/>\n<meta name=\"robots\" content=\"index, follow, max-snippet:-1, max-image-preview:large, max-video-preview:-1\" \/>\n<link rel=\"canonical\" href=\"https:\/\/www.karekod.org\/blog\/sislide-kent-lokantalarina-kayyum-darbesi-halkin-ucuz-yemek-umudu-sona-erdi\/\" \/>\n<meta property=\"og:locale\" content=\"tr_TR\" \/>\n<meta property=\"og:type\" content=\"article\" \/>\n<meta property=\"og:title\" content=\"\u015ei\u015fli\u2019de Kent Lokantalar\u0131na Kayyum Darbesi: Halk\u0131n Ucuz Yemek Umudu Sona Erdi - Karekod Blog\" \/>\n<meta property=\"og:description\" content=\"Kent Lokantalar\u0131na Kayyum: \u0130l\u00e7ede dar gelirli vatanda\u015flara uygun fiyatl\u0131 yemek sunan kent lokantalar\u0131 kapat\u0131ld\u0131. \u015eahan d\u00f6neminde..\" \/>\n<meta property=\"og:url\" content=\"https:\/\/www.karekod.org\/blog\/sislide-kent-lokantalarina-kayyum-darbesi-halkin-ucuz-yemek-umudu-sona-erdi\/\" \/>\n<meta property=\"og:site_name\" content=\"Karekod Blog\" \/>\n<meta property=\"article:publisher\" content=\"https:\/\/www.facebook.com\/QarMenu\/\" \/>\n<meta property=\"article:author\" content=\"https:\/\/www.facebook.com\/mentor.perplexed\/\" \/>\n<meta property=\"article:published_time\" content=\"2025-03-25T10:32:22+00:00\" \/>\n<meta property=\"article:modified_time\" content=\"2025-03-25T10:32:23+00:00\" \/>\n<meta property=\"og:image\" content=\"https:\/\/www.karekod.org\/blog\/wp-content\/uploads\/2025\/03\/Kent-Lokantalarina-Kayyum-Darbesi.webp\" \/>\n\t<meta property=\"og:image:width\" content=\"1200\" \/>\n\t<meta property=\"og:image:height\" content=\"675\" \/>\n\t<meta property=\"og:image:type\" content=\"image\/webp\" \/>\n<meta name=\"author\" content=\"Muharrem Emino\u011flu\" \/>\n<meta name=\"twitter:card\" content=\"summary_large_image\" \/>\n<meta name=\"twitter:creator\" content=\"@temassizmenu\" \/>\n<meta name=\"twitter:site\" content=\"@temassizmenu\" \/>\n<meta name=\"twitter:label1\" content=\"Yazan:\" \/>\n\t<meta name=\"twitter:data1\" content=\"Muharrem Emino\u011flu\" \/>\n\t<meta name=\"twitter:label2\" content=\"Tahmini okuma s\u00fcresi\" \/>\n\t<meta name=\"twitter:data2\" content=\"2 dakika\" \/>\n<script type=\"application\/ld+json\" class=\"yoast-schema-graph\">{\"@context\":\"https:\\\/\\\/schema.org\",\"@graph\":[{\"@type\":\"NewsArticle\",\"@id\":\"https:\\\/\\\/www.karekod.org\\\/blog\\\/sislide-kent-lokantalarina-kayyum-darbesi-halkin-ucuz-yemek-umudu-sona-erdi\\\/#article\",\"isPartOf\":{\"@id\":\"https:\\\/\\\/www.karekod.org\\\/blog\\\/sislide-kent-lokantalarina-kayyum-darbesi-halkin-ucuz-yemek-umudu-sona-erdi\\\/\"},\"author\":{\"name\":\"Muharrem Emino\u011flu\",\"@id\":\"https:\\\/\\\/www.karekod.org\\\/blog\\\/#\\\/schema\\\/person\\\/8c87c879aca1c63c7438bf937a5da8bd\"},\"headline\":\"\u015ei\u015fli\u2019de Kent Lokantalar\u0131na Kayyum Darbesi: Halk\u0131n Ucuz Yemek Umudu Sona Erdi\",\"datePublished\":\"2025-03-25T10:32:22+00:00\",\"dateModified\":\"2025-03-25T10:32:23+00:00\",\"mainEntityOfPage\":{\"@id\":\"https:\\\/\\\/www.karekod.org\\\/blog\\\/sislide-kent-lokantalarina-kayyum-darbesi-halkin-ucuz-yemek-umudu-sona-erdi\\\/\"},\"wordCount\":411,\"commentCount\":0,\"publisher\":{\"@id\":\"https:\\\/\\\/www.karekod.org\\\/blog\\\/#organization\"},\"image\":{\"@id\":\"https:\\\/\\\/www.karekod.org\\\/blog\\\/sislide-kent-lokantalarina-kayyum-darbesi-halkin-ucuz-yemek-umudu-sona-erdi\\\/#primaryimage\"},\"thumbnailUrl\":\"https:\\\/\\\/www.karekod.org\\\/blog\\\/wp-content\\\/uploads\\\/2025\\\/03\\\/Kent-Lokantalarina-Kayyum-Darbesi.webp\",\"articleSection\":[\"G\u00fcndem\",\"Haberler\"],\"inLanguage\":\"tr\",\"potentialAction\":[{\"@type\":\"CommentAction\",\"name\":\"Comment\",\"target\":[\"https:\\\/\\\/www.karekod.org\\\/blog\\\/sislide-kent-lokantalarina-kayyum-darbesi-halkin-ucuz-yemek-umudu-sona-erdi\\\/#respond\"]}]},{\"@type\":\"WebPage\",\"@id\":\"https:\\\/\\\/www.karekod.org\\\/blog\\\/sislide-kent-lokantalarina-kayyum-darbesi-halkin-ucuz-yemek-umudu-sona-erdi\\\/\",\"url\":\"https:\\\/\\\/www.karekod.org\\\/blog\\\/sislide-kent-lokantalarina-kayyum-darbesi-halkin-ucuz-yemek-umudu-sona-erdi\\\/\",\"name\":\"\u015ei\u015fli\u2019de Kent Lokantalar\u0131na Kayyum Darbesi: Halk\u0131n Ucuz Yemek Umudu Sona Erdi - Karekod Blog\",\"isPartOf\":{\"@id\":\"https:\\\/\\\/www.karekod.org\\\/blog\\\/#website\"},\"primaryImageOfPage\":{\"@id\":\"https:\\\/\\\/www.karekod.org\\\/blog\\\/sislide-kent-lokantalarina-kayyum-darbesi-halkin-ucuz-yemek-umudu-sona-erdi\\\/#primaryimage\"},\"image\":{\"@id\":\"https:\\\/\\\/www.karekod.org\\\/blog\\\/sislide-kent-lokantalarina-kayyum-darbesi-halkin-ucuz-yemek-umudu-sona-erdi\\\/#primaryimage\"},\"thumbnailUrl\":\"https:\\\/\\\/www.karekod.org\\\/blog\\\/wp-content\\\/uploads\\\/2025\\\/03\\\/Kent-Lokantalarina-Kayyum-Darbesi.webp\",\"datePublished\":\"2025-03-25T10:32:22+00:00\",\"dateModified\":\"2025-03-25T10:32:23+00:00\",\"description\":\"Kent Lokantalar\u0131na Kayyum: \u0130l\u00e7ede dar gelirli vatanda\u015flara uygun fiyatl\u0131 yemek sunan kent lokantalar\u0131 kapat\u0131ld\u0131. \u015eahan d\u00f6neminde..\",\"breadcrumb\":{\"@id\":\"https:\\\/\\\/www.karekod.org\\\/blog\\\/sislide-kent-lokantalarina-kayyum-darbesi-halkin-ucuz-yemek-umudu-sona-erdi\\\/#breadcrumb\"},\"inLanguage\":\"tr\",\"potentialAction\":[{\"@type\":\"ReadAction\",\"target\":[\"https:\\\/\\\/www.karekod.org\\\/blog\\\/sislide-kent-lokantalarina-kayyum-darbesi-halkin-ucuz-yemek-umudu-sona-erdi\\\/\"]}]},{\"@type\":\"ImageObject\",\"inLanguage\":\"tr\",\"@id\":\"https:\\\/\\\/www.karekod.org\\\/blog\\\/sislide-kent-lokantalarina-kayyum-darbesi-halkin-ucuz-yemek-umudu-sona-erdi\\\/#primaryimage\",\"url\":\"https:\\\/\\\/www.karekod.org\\\/blog\\\/wp-content\\\/uploads\\\/2025\\\/03\\\/Kent-Lokantalarina-Kayyum-Darbesi.webp\",\"contentUrl\":\"https:\\\/\\\/www.karekod.org\\\/blog\\\/wp-content\\\/uploads\\\/2025\\\/03\\\/Kent-Lokantalarina-Kayyum-Darbesi.webp\",\"width\":1200,\"height\":675,\"caption\":\"Kent Lokantalar\u0131na Kayyum Darbesi\"},{\"@type\":\"BreadcrumbList\",\"@id\":\"https:\\\/\\\/www.karekod.org\\\/blog\\\/sislide-kent-lokantalarina-kayyum-darbesi-halkin-ucuz-yemek-umudu-sona-erdi\\\/#breadcrumb\",\"itemListElement\":[{\"@type\":\"ListItem\",\"position\":1,\"name\":\"Ana sayfa\",\"item\":\"https:\\\/\\\/www.karekod.org\\\/blog\\\/\"},{\"@type\":\"ListItem\",\"position\":2,\"name\":\"Haberler\",\"item\":\"https:\\\/\\\/www.karekod.org\\\/blog\\\/category\\\/haberler\\\/\"},{\"@type\":\"ListItem\",\"position\":3,\"name\":\"G\u00fcndem\",\"item\":\"https:\\\/\\\/www.karekod.org\\\/blog\\\/category\\\/haberler\\\/gundem\\\/\"},{\"@type\":\"ListItem\",\"position\":4,\"name\":\"\u015ei\u015fli\u2019de Kent Lokantalar\u0131na Kayyum Darbesi: Halk\u0131n Ucuz Yemek Umudu Sona Erdi\"}]},{\"@type\":\"WebSite\",\"@id\":\"https:\\\/\\\/www.karekod.org\\\/blog\\\/#website\",\"url\":\"https:\\\/\\\/www.karekod.org\\\/blog\\\/\",\"name\":\"Karekod Blog\",\"description\":\"2026 G\u00fcncel Alkol Fiyatlar\u0131 ve Piyasa Rehberi\",\"publisher\":{\"@id\":\"https:\\\/\\\/www.karekod.org\\\/blog\\\/#organization\"},\"alternateName\":\"Karekod Haber\",\"potentialAction\":[{\"@type\":\"SearchAction\",\"target\":{\"@type\":\"EntryPoint\",\"urlTemplate\":\"https:\\\/\\\/www.karekod.org\\\/blog\\\/?s={search_term_string}\"},\"query-input\":{\"@type\":\"PropertyValueSpecification\",\"valueRequired\":true,\"valueName\":\"search_term_string\"}}],\"inLanguage\":\"tr\"},{\"@type\":\"Organization\",\"@id\":\"https:\\\/\\\/www.karekod.org\\\/blog\\\/#organization\",\"name\":\"Karekod Blog\",\"alternateName\":\"Karekod Haber\",\"url\":\"https:\\\/\\\/www.karekod.org\\\/blog\\\/\",\"logo\":{\"@type\":\"ImageObject\",\"inLanguage\":\"tr\",\"@id\":\"https:\\\/\\\/www.karekod.org\\\/blog\\\/#\\\/schema\\\/logo\\\/image\\\/\",\"url\":\"https:\\\/\\\/www.karekod.org\\\/blog\\\/wp-content\\\/uploads\\\/2025\\\/01\\\/cropped-logo.webp\",\"contentUrl\":\"https:\\\/\\\/www.karekod.org\\\/blog\\\/wp-content\\\/uploads\\\/2025\\\/01\\\/cropped-logo.webp\",\"width\":512,\"height\":384,\"caption\":\"Karekod Blog\"},\"image\":{\"@id\":\"https:\\\/\\\/www.karekod.org\\\/blog\\\/#\\\/schema\\\/logo\\\/image\\\/\"},\"sameAs\":[\"https:\\\/\\\/www.facebook.com\\\/QarMenu\\\/\",\"https:\\\/\\\/x.com\\\/temassizmenu\",\"https:\\\/\\\/www.instagram.com\\\/qarmenu\\\/\",\"https:\\\/\\\/www.linkedin.com\\\/company\\\/karekod\\\/\",\"https:\\\/\\\/tr.pinterest.com\\\/dijitalmenu\\\/\",\"https:\\\/\\\/www.youtube.com\\\/@qrmenu\",\"https:\\\/\\\/karekodmenu.tumblr.com\\\/\",\"https:\\\/\\\/karekod.medium.com\\\/\",\"https:\\\/\\\/www.diigo.com\\\/user\\\/karekod\",\"https:\\\/\\\/mastodon.social\\\/@karekod\",\"https:\\\/\\\/vk.com\\\/karekod\",\"https:\\\/\\\/flipboard.com\\\/@karekod\",\"https:\\\/\\\/www.quora.com\\\/profile\\\/Karekod-Haber\",\"https:\\\/\\\/note.com\\\/karekod\"]},{\"@type\":\"Person\",\"@id\":\"https:\\\/\\\/www.karekod.org\\\/blog\\\/#\\\/schema\\\/person\\\/8c87c879aca1c63c7438bf937a5da8bd\",\"name\":\"Muharrem Emino\u011flu\",\"pronouns\":\"he\\\/him\",\"description\":\"Veri analizi ve dijital raporlama s\u00fcre\u00e7lerinde yenilik\u00e7i yakla\u015f\u0131mlar benimseyerek s\u00fcrd\u00fcr\u00fclebilir i\u015f modelleri \u00fczerine \u00e7al\u0131\u015fmalar yap\u0131yorum. Teknoloji, ekonomi ve dijital pazarlama alanlar\u0131nda g\u00fcncel ve g\u00fcvenilir i\u00e7erikler \u00fcretiyorum.\",\"sameAs\":[\"https:\\\/\\\/www.karekod.org\",\"https:\\\/\\\/www.facebook.com\\\/mentor.perplexed\\\/\",\"https:\\\/\\\/www.instagram.com\\\/mentorperplexed\\\/\",\"https:\\\/\\\/www.linkedin.com\\\/in\\\/eminoglu\\\/\",\"https:\\\/\\\/www.pinterest.de\\\/dijitalmenu\\\/\",\"https:\\\/\\\/x.com\\\/temassizmenu\",\"https:\\\/\\\/www.youtube.com\\\/channel\\\/UC_vI-xTP9NegNfIqSGoesGg\",\"https:\\\/\\\/qrmenu.tumblr.com\\\/\"],\"url\":\"https:\\\/\\\/www.karekod.org\\\/blog\\\/yazar\\\/muharrem-eminoglu\\\/\"}]}<\/script>\n<!-- \/ Yoast SEO plugin. -->","yoast_head_json":{"title":"\u015ei\u015fli\u2019de Kent Lokantalar\u0131na Kayyum Darbesi: Halk\u0131n Ucuz Yemek Umudu Sona Erdi - Karekod Blog","description":"Kent Lokantalar\u0131na Kayyum: \u0130l\u00e7ede dar gelirli vatanda\u015flara uygun fiyatl\u0131 yemek sunan kent lokantalar\u0131 kapat\u0131ld\u0131. \u015eahan d\u00f6neminde..","robots":{"index":"index","follow":"follow","max-snippet":"max-snippet:-1","max-image-preview":"max-image-preview:large","max-video-preview":"max-video-preview:-1"},"canonical":"https:\/\/www.karekod.org\/blog\/sislide-kent-lokantalarina-kayyum-darbesi-halkin-ucuz-yemek-umudu-sona-erdi\/","og_locale":"tr_TR","og_type":"article","og_title":"\u015ei\u015fli\u2019de Kent Lokantalar\u0131na Kayyum Darbesi: Halk\u0131n Ucuz Yemek Umudu Sona Erdi - Karekod Blog","og_description":"Kent Lokantalar\u0131na Kayyum: \u0130l\u00e7ede dar gelirli vatanda\u015flara uygun fiyatl\u0131 yemek sunan kent lokantalar\u0131 kapat\u0131ld\u0131. \u015eahan d\u00f6neminde..","og_url":"https:\/\/www.karekod.org\/blog\/sislide-kent-lokantalarina-kayyum-darbesi-halkin-ucuz-yemek-umudu-sona-erdi\/","og_site_name":"Karekod Blog","article_publisher":"https:\/\/www.facebook.com\/QarMenu\/","article_author":"https:\/\/www.facebook.com\/mentor.perplexed\/","article_published_time":"2025-03-25T10:32:22+00:00","article_modified_time":"2025-03-25T10:32:23+00:00","og_image":[{"width":1200,"height":675,"url":"https:\/\/www.karekod.org\/blog\/wp-content\/uploads\/2025\/03\/Kent-Lokantalarina-Kayyum-Darbesi.webp","type":"image\/webp"}],"author":"Muharrem Emino\u011flu","twitter_card":"summary_large_image","twitter_creator":"@temassizmenu","twitter_site":"@temassizmenu","twitter_misc":{"Yazan:":"Muharrem Emino\u011flu","Tahmini okuma s\u00fcresi":"2 dakika"},"schema":{"@context":"https:\/\/schema.org","@graph":[{"@type":"NewsArticle","@id":"https:\/\/www.karekod.org\/blog\/sislide-kent-lokantalarina-kayyum-darbesi-halkin-ucuz-yemek-umudu-sona-erdi\/#article","isPartOf":{"@id":"https:\/\/www.karekod.org\/blog\/sislide-kent-lokantalarina-kayyum-darbesi-halkin-ucuz-yemek-umudu-sona-erdi\/"},"author":{"name":"Muharrem Emino\u011flu","@id":"https:\/\/www.karekod.org\/blog\/#\/schema\/person\/8c87c879aca1c63c7438bf937a5da8bd"},"headline":"\u015ei\u015fli\u2019de Kent Lokantalar\u0131na Kayyum Darbesi: Halk\u0131n Ucuz Yemek Umudu Sona Erdi","datePublished":"2025-03-25T10:32:22+00:00","dateModified":"2025-03-25T10:32:23+00:00","mainEntityOfPage":{"@id":"https:\/\/www.karekod.org\/blog\/sislide-kent-lokantalarina-kayyum-darbesi-halkin-ucuz-yemek-umudu-sona-erdi\/"},"wordCount":411,"commentCount":0,"publisher":{"@id":"https:\/\/www.karekod.org\/blog\/#organization"},"image":{"@id":"https:\/\/www.karekod.org\/blog\/sislide-kent-lokantalarina-kayyum-darbesi-halkin-ucuz-yemek-umudu-sona-erdi\/#primaryimage"},"thumbnailUrl":"https:\/\/www.karekod.org\/blog\/wp-content\/uploads\/2025\/03\/Kent-Lokantalarina-Kayyum-Darbesi.webp","articleSection":["G\u00fcndem","Haberler"],"inLanguage":"tr","potentialAction":[{"@type":"CommentAction","name":"Comment","target":["https:\/\/www.karekod.org\/blog\/sislide-kent-lokantalarina-kayyum-darbesi-halkin-ucuz-yemek-umudu-sona-erdi\/#respond"]}]},{"@type":"WebPage","@id":"https:\/\/www.karekod.org\/blog\/sislide-kent-lokantalarina-kayyum-darbesi-halkin-ucuz-yemek-umudu-sona-erdi\/","url":"https:\/\/www.karekod.org\/blog\/sislide-kent-lokantalarina-kayyum-darbesi-halkin-ucuz-yemek-umudu-sona-erdi\/","name":"\u015ei\u015fli\u2019de Kent Lokantalar\u0131na Kayyum Darbesi: Halk\u0131n Ucuz Yemek Umudu Sona Erdi - Karekod Blog","isPartOf":{"@id":"https:\/\/www.karekod.org\/blog\/#website"},"primaryImageOfPage":{"@id":"https:\/\/www.karekod.org\/blog\/sislide-kent-lokantalarina-kayyum-darbesi-halkin-ucuz-yemek-umudu-sona-erdi\/#primaryimage"},"image":{"@id":"https:\/\/www.karekod.org\/blog\/sislide-kent-lokantalarina-kayyum-darbesi-halkin-ucuz-yemek-umudu-sona-erdi\/#primaryimage"},"thumbnailUrl":"https:\/\/www.karekod.org\/blog\/wp-content\/uploads\/2025\/03\/Kent-Lokantalarina-Kayyum-Darbesi.webp","datePublished":"2025-03-25T10:32:22+00:00","dateModified":"2025-03-25T10:32:23+00:00","description":"Kent Lokantalar\u0131na Kayyum: \u0130l\u00e7ede dar gelirli vatanda\u015flara uygun fiyatl\u0131 yemek sunan kent lokantalar\u0131 kapat\u0131ld\u0131. \u015eahan d\u00f6neminde..","breadcrumb":{"@id":"https:\/\/www.karekod.org\/blog\/sislide-kent-lokantalarina-kayyum-darbesi-halkin-ucuz-yemek-umudu-sona-erdi\/#breadcrumb"},"inLanguage":"tr","potentialAction":[{"@type":"ReadAction","target":["https:\/\/www.karekod.org\/blog\/sislide-kent-lokantalarina-kayyum-darbesi-halkin-ucuz-yemek-umudu-sona-erdi\/"]}]},{"@type":"ImageObject","inLanguage":"tr","@id":"https:\/\/www.karekod.org\/blog\/sislide-kent-lokantalarina-kayyum-darbesi-halkin-ucuz-yemek-umudu-sona-erdi\/#primaryimage","url":"https:\/\/www.karekod.org\/blog\/wp-content\/uploads\/2025\/03\/Kent-Lokantalarina-Kayyum-Darbesi.webp","contentUrl":"https:\/\/www.karekod.org\/blog\/wp-content\/uploads\/2025\/03\/Kent-Lokantalarina-Kayyum-Darbesi.webp","width":1200,"height":675,"caption":"Kent Lokantalar\u0131na Kayyum Darbesi"},{"@type":"BreadcrumbList","@id":"https:\/\/www.karekod.org\/blog\/sislide-kent-lokantalarina-kayyum-darbesi-halkin-ucuz-yemek-umudu-sona-erdi\/#breadcrumb","itemListElement":[{"@type":"ListItem","position":1,"name":"Ana sayfa","item":"https:\/\/www.karekod.org\/blog\/"},{"@type":"ListItem","position":2,"name":"Haberler","item":"https:\/\/www.karekod.org\/blog\/category\/haberler\/"},{"@type":"ListItem","position":3,"name":"G\u00fcndem","item":"https:\/\/www.karekod.org\/blog\/category\/haberler\/gundem\/"},{"@type":"ListItem","position":4,"name":"\u015ei\u015fli\u2019de Kent Lokantalar\u0131na Kayyum Darbesi: Halk\u0131n Ucuz Yemek Umudu Sona Erdi"}]},{"@type":"WebSite","@id":"https:\/\/www.karekod.org\/blog\/#website","url":"https:\/\/www.karekod.org\/blog\/","name":"Karekod Blog","description":"2026 G\u00fcncel Alkol Fiyatlar\u0131 ve Piyasa Rehberi","publisher":{"@id":"https:\/\/www.karekod.org\/blog\/#organization"},"alternateName":"Karekod Haber","potentialAction":[{"@type":"SearchAction","target":{"@type":"EntryPoint","urlTemplate":"https:\/\/www.karekod.org\/blog\/?s={search_term_string}"},"query-input":{"@type":"PropertyValueSpecification","valueRequired":true,"valueName":"search_term_string"}}],"inLanguage":"tr"},{"@type":"Organization","@id":"https:\/\/www.karekod.org\/blog\/#organization","name":"Karekod Blog","alternateName":"Karekod Haber","url":"https:\/\/www.karekod.org\/blog\/","logo":{"@type":"ImageObject","inLanguage":"tr","@id":"https:\/\/www.karekod.org\/blog\/#\/schema\/logo\/image\/","url":"https:\/\/www.karekod.org\/blog\/wp-content\/uploads\/2025\/01\/cropped-logo.webp","contentUrl":"https:\/\/www.karekod.org\/blog\/wp-content\/uploads\/2025\/01\/cropped-logo.webp","width":512,"height":384,"caption":"Karekod Blog"},"image":{"@id":"https:\/\/www.karekod.org\/blog\/#\/schema\/logo\/image\/"},"sameAs":["https:\/\/www.facebook.com\/QarMenu\/","https:\/\/x.com\/temassizmenu","https:\/\/www.instagram.com\/qarmenu\/","https:\/\/www.linkedin.com\/company\/karekod\/","https:\/\/tr.pinterest.com\/dijitalmenu\/","https:\/\/www.youtube.com\/@qrmenu","https:\/\/karekodmenu.tumblr.com\/","https:\/\/karekod.medium.com\/","https:\/\/www.diigo.com\/user\/karekod","https:\/\/mastodon.social\/@karekod","https:\/\/vk.com\/karekod","https:\/\/flipboard.com\/@karekod","https:\/\/www.quora.com\/profile\/Karekod-Haber","https:\/\/note.com\/karekod"]},{"@type":"Person","@id":"https:\/\/www.karekod.org\/blog\/#\/schema\/person\/8c87c879aca1c63c7438bf937a5da8bd","name":"Muharrem Emino\u011flu","pronouns":"he\/him","description":"Veri analizi ve dijital raporlama s\u00fcre\u00e7lerinde yenilik\u00e7i yakla\u015f\u0131mlar benimseyerek s\u00fcrd\u00fcr\u00fclebilir i\u015f modelleri \u00fczerine \u00e7al\u0131\u015fmalar yap\u0131yorum. Teknoloji, ekonomi ve dijital pazarlama alanlar\u0131nda g\u00fcncel ve g\u00fcvenilir i\u00e7erikler \u00fcretiyorum.","sameAs":["https:\/\/www.karekod.org","https:\/\/www.facebook.com\/mentor.perplexed\/","https:\/\/www.instagram.com\/mentorperplexed\/","https:\/\/www.linkedin.com\/in\/eminoglu\/","https:\/\/www.pinterest.de\/dijitalmenu\/","https:\/\/x.com\/temassizmenu","https:\/\/www.youtube.com\/channel\/UC_vI-xTP9NegNfIqSGoesGg","https:\/\/qrmenu.tumblr.com\/"],"url":"https:\/\/www.karekod.org\/blog\/yazar\/muharrem-eminoglu\/"}]}},"_links":{"self":[{"href":"https:\/\/www.karekod.org\/blog\/wp-json\/wp\/v2\/posts\/43349","targetHints":{"allow":["GET"]}}],"collection":[{"href":"https:\/\/www.karekod.org\/blog\/wp-json\/wp\/v2\/posts"}],"about":[{"href":"https:\/\/www.karekod.org\/blog\/wp-json\/wp\/v2\/types\/post"}],"author":[{"embeddable":true,"href":"https:\/\/www.karekod.org\/blog\/wp-json\/wp\/v2\/users\/1"}],"replies":[{"embeddable":true,"href":"https:\/\/www.karekod.org\/blog\/wp-json\/wp\/v2\/comments?post=43349"}],"version-history":[{"count":0,"href":"https:\/\/www.karekod.org\/blog\/wp-json\/wp\/v2\/posts\/43349\/revisions"}],"wp:featuredmedia":[{"embeddable":true,"href":"https:\/\/www.karekod.org\/blog\/wp-json\/wp\/v2\/media\/43352"}],"wp:attachment":[{"href":"https:\/\/www.karekod.org\/blog\/wp-json\/wp\/v2\/media?parent=43349"}],"wp:term":[{"taxonomy":"category","embeddable":true,"href":"https:\/\/www.karekod.org\/blog\/wp-json\/wp\/v2\/categories?post=43349"},{"taxonomy":"post_tag","embeddable":true,"href":"https:\/\/www.karekod.org\/blog\/wp-json\/wp\/v2\/tags?post=43349"}],"curies":[{"name":"wp","href":"https:\/\/api.w.org\/{rel}","templated":true}]}}