{"id":33527,"date":"2024-09-06T00:00:52","date_gmt":"2024-09-05T21:00:52","guid":{"rendered":"https:\/\/www.karekod.org\/blog\/?p=33527"},"modified":"2024-09-06T00:02:55","modified_gmt":"2024-09-05T21:02:55","slug":"kibristan-ev-almak-icin-15-onemli-neden","status":"publish","type":"post","link":"https:\/\/www.karekod.org\/blog\/kibristan-ev-almak-icin-15-onemli-neden\/","title":{"rendered":"K\u0131br\u0131s&#8217;tan Ev Almak \u0130\u00e7in 15 \u00d6nemli Neden (Kapsaml\u0131 Rehber)"},"content":{"rendered":"\n<p>Son \u00fc\u00e7 y\u0131lda Kuzey K\u0131br\u0131s&#8217;taki daire fiyatlar\u0131 %67,61 oran\u0131nda art\u0131\u015f g\u00f6sterdi ve bu da aday\u0131 y\u00fcksek potansiyelli bir yat\u0131r\u0131m merkezi haline getirdi. Peki bu art\u0131\u015f\u0131n nedeni nedir? \u0130\u015fte <strong>K\u0131br\u0131s&#8217;tan ev almak<\/strong> i\u00e7in 15 \u00f6nemli neden!<\/p><div id=\"ez-toc-container\" class=\"ez-toc-v2_0_82_2 counter-hierarchy ez-toc-counter ez-toc-grey ez-toc-container-direction\">\n<div class=\"ez-toc-title-container\">\n<p class=\"ez-toc-title\" style=\"cursor:inherit\">\u0130\u00e7indekiler<\/p>\n<span class=\"ez-toc-title-toggle\"><a href=\"#\" class=\"ez-toc-pull-right ez-toc-btn ez-toc-btn-xs ez-toc-btn-default ez-toc-toggle\" aria-label=\"\u0130\u00e7indekiler Tablosunu A\u00e7\/Kapat\"><span class=\"ez-toc-js-icon-con\"><span class=\"\"><span class=\"eztoc-hide\" style=\"display:none;\">Toggle<\/span><span class=\"ez-toc-icon-toggle-span\"><svg style=\"fill: #999;color:#999\" xmlns=\"http:\/\/www.w3.org\/2000\/svg\" class=\"list-377408\" width=\"20px\" height=\"20px\" viewBox=\"0 0 24 24\" fill=\"none\"><path d=\"M6 6H4v2h2V6zm14 0H8v2h12V6zM4 11h2v2H4v-2zm16 0H8v2h12v-2zM4 16h2v2H4v-2zm16 0H8v2h12v-2z\" fill=\"currentColor\"><\/path><\/svg><svg style=\"fill: #999;color:#999\" class=\"arrow-unsorted-368013\" xmlns=\"http:\/\/www.w3.org\/2000\/svg\" width=\"10px\" height=\"10px\" viewBox=\"0 0 24 24\" version=\"1.2\" baseProfile=\"tiny\"><path d=\"M18.2 9.3l-6.2-6.3-6.2 6.3c-.2.2-.3.4-.3.7s.1.5.3.7c.2.2.4.3.7.3h11c.3 0 .5-.1.7-.3.2-.2.3-.5.3-.7s-.1-.5-.3-.7zM5.8 14.7l6.2 6.3 6.2-6.3c.2-.2.3-.5.3-.7s-.1-.5-.3-.7c-.2-.2-.4-.3-.7-.3h-11c-.3 0-.5.1-.7.3-.2.2-.3.5-.3.7s.1.5.3.7z\"\/><\/svg><\/span><\/span><\/span><\/a><\/span><\/div>\n<nav><ul class='ez-toc-list ez-toc-list-level-1 ' ><li class='ez-toc-page-1 ez-toc-heading-level-2'><a class=\"ez-toc-link ez-toc-heading-1\" href=\"https:\/\/www.karekod.org\/blog\/kibristan-ev-almak-icin-15-onemli-neden\/#Kibristan_Ev_Almak_Icin_15_Onemli_Neden\" >K\u0131br\u0131s\u2019tan Ev Almak \u0130\u00e7in 15 \u00d6nemli Neden!<\/a><ul class='ez-toc-list-level-3' ><li class='ez-toc-heading-level-3'><a class=\"ez-toc-link ez-toc-heading-2\" href=\"https:\/\/www.karekod.org\/blog\/kibristan-ev-almak-icin-15-onemli-neden\/#1_Kibrista_Yatirima_Hizli_Geri_Donus\" >1. K\u0131br\u0131s\u2019ta Yat\u0131r\u0131ma H\u0131zl\u0131 Geri D\u00f6n\u00fc\u015f<\/a><\/li><li class='ez-toc-page-1 ez-toc-heading-level-3'><a class=\"ez-toc-link ez-toc-heading-3\" href=\"https:\/\/www.karekod.org\/blog\/kibristan-ev-almak-icin-15-onemli-neden\/#2_Sterlin_ile_Kira_Getirisi_ve_Guvenli_Kiralama\" >2. Sterlin ile Kira Getirisi ve G\u00fcvenli Kiralama<\/a><\/li><li class='ez-toc-page-1 ez-toc-heading-level-3'><a class=\"ez-toc-link ez-toc-heading-4\" href=\"https:\/\/www.karekod.org\/blog\/kibristan-ev-almak-icin-15-onemli-neden\/#3_Kibrisin_Dogal_Guzellikleri_ve_Akdeniz_Iklimi\" >3. K\u0131br\u0131s\u2019\u0131n Do\u011fal G\u00fczellikleri ve Akdeniz \u0130klimi<\/a><\/li><li class='ez-toc-page-1 ez-toc-heading-level-3'><a class=\"ez-toc-link ez-toc-heading-5\" href=\"https:\/\/www.karekod.org\/blog\/kibristan-ev-almak-icin-15-onemli-neden\/#4_Kibrista_Kaliteli_ve_Uygun_Egitim_Imkanlari\" >4. K\u0131br\u0131s\u2019ta Kaliteli ve Uygun E\u011fitim \u0130mkanlar\u0131<\/a><\/li><li class='ez-toc-page-1 ez-toc-heading-level-3'><a class=\"ez-toc-link ez-toc-heading-6\" href=\"https:\/\/www.karekod.org\/blog\/kibristan-ev-almak-icin-15-onemli-neden\/#5_Kibrista_Guvenli_Yasam_ve_Dusuk_Suc_Orani\" >5. K\u0131br\u0131s\u2019ta G\u00fcvenli Ya\u015fam ve D\u00fc\u015f\u00fck Su\u00e7 Oran\u0131<\/a><\/li><li class='ez-toc-page-1 ez-toc-heading-level-3'><a class=\"ez-toc-link ez-toc-heading-7\" href=\"https:\/\/www.karekod.org\/blog\/kibristan-ev-almak-icin-15-onemli-neden\/#6_Kibrista_Mukemmel_Saglik_Hizmetleri\" >6. K\u0131br\u0131s\u2019ta M\u00fckemmel Sa\u011fl\u0131k Hizmetleri<\/a><\/li><li class='ez-toc-page-1 ez-toc-heading-level-3'><a class=\"ez-toc-link ez-toc-heading-8\" href=\"https:\/\/www.karekod.org\/blog\/kibristan-ev-almak-icin-15-onemli-neden\/#7_Kibrista_Dusuk_Vergi_Oranlari\" >7. K\u0131br\u0131s\u2019ta D\u00fc\u015f\u00fck Vergi Oranlar\u0131<\/a><\/li><li class='ez-toc-page-1 ez-toc-heading-level-3'><a class=\"ez-toc-link ez-toc-heading-9\" href=\"https:\/\/www.karekod.org\/blog\/kibristan-ev-almak-icin-15-onemli-neden\/#8_Kibrisin_Gelismis_Turizm_Sektoru\" >8. K\u0131br\u0131s\u2019\u0131n Geli\u015fmi\u015f Turizm Sekt\u00f6r\u00fc<\/a><\/li><li class='ez-toc-page-1 ez-toc-heading-level-3'><a class=\"ez-toc-link ez-toc-heading-10\" href=\"https:\/\/www.karekod.org\/blog\/kibristan-ev-almak-icin-15-onemli-neden\/#9_Kibrisin_Muhtesem_Plajlari\" >9. K\u0131br\u0131s\u2019\u0131n Muhte\u015fem Plajlar\u0131<\/a><\/li><li class='ez-toc-page-1 ez-toc-heading-level-3'><a class=\"ez-toc-link ez-toc-heading-11\" href=\"https:\/\/www.karekod.org\/blog\/kibristan-ev-almak-icin-15-onemli-neden\/#10_Kibrista_Rahat_Ulasim\" >10. K\u0131br\u0131s\u2019ta Rahat Ula\u015f\u0131m<\/a><\/li><li class='ez-toc-page-1 ez-toc-heading-level-3'><a class=\"ez-toc-link ez-toc-heading-12\" href=\"https:\/\/www.karekod.org\/blog\/kibristan-ev-almak-icin-15-onemli-neden\/#11_Kibrista_Sicak_ve_Misafirperver_Insanlar\" >11. K\u0131br\u0131s\u2019ta S\u0131cak ve Misafirperver \u0130nsanlar<\/a><\/li><li class='ez-toc-page-1 ez-toc-heading-level-3'><a class=\"ez-toc-link ez-toc-heading-13\" href=\"https:\/\/www.karekod.org\/blog\/kibristan-ev-almak-icin-15-onemli-neden\/#12_Kibrista_Uluslararasi_Egitim_Kurumlari\" >12. K\u0131br\u0131s\u2019ta Uluslararas\u0131 E\u011fitim Kurumlar\u0131<\/a><\/li><li class='ez-toc-page-1 ez-toc-heading-level-3'><a class=\"ez-toc-link ez-toc-heading-14\" href=\"https:\/\/www.karekod.org\/blog\/kibristan-ev-almak-icin-15-onemli-neden\/#13_Kibrisin_Gelismis_Altyapisi\" >13. K\u0131br\u0131s\u2019\u0131n Geli\u015fmi\u015f Altyap\u0131s\u0131<\/a><\/li><li class='ez-toc-page-1 ez-toc-heading-level-3'><a class=\"ez-toc-link ez-toc-heading-15\" href=\"https:\/\/www.karekod.org\/blog\/kibristan-ev-almak-icin-15-onemli-neden\/#14_Kibrisin_Essiz_Kulturel_Zenginlikleri\" >14. K\u0131br\u0131s\u2019\u0131n E\u015fsiz K\u00fclt\u00fcrel Zenginlikleri<\/a><\/li><li class='ez-toc-page-1 ez-toc-heading-level-3'><a class=\"ez-toc-link ez-toc-heading-16\" href=\"https:\/\/www.karekod.org\/blog\/kibristan-ev-almak-icin-15-onemli-neden\/#15_Adelante_Constructionin_Kaliteli_Projeleri\" >15. Adelante Construction\u2019\u0131n Kaliteli Projeleri<\/a><ul class='ez-toc-list-level-4' ><li class='ez-toc-heading-level-4'><a class=\"ez-toc-link ez-toc-heading-17\" href=\"https:\/\/www.karekod.org\/blog\/kibristan-ev-almak-icin-15-onemli-neden\/#Kuzey_Kibrista_Ev_Almak_Mantikli_Mi\" >Kuzey K\u0131br\u0131s\u2019ta Ev Almak Mant\u0131kl\u0131 M\u0131?<\/a><\/li><li class='ez-toc-page-1 ez-toc-heading-level-4'><a class=\"ez-toc-link ez-toc-heading-18\" href=\"https:\/\/www.karekod.org\/blog\/kibristan-ev-almak-icin-15-onemli-neden\/#KKTCde_Ev_Alana_Oturma_Izni_Sartlari_Nelerdir\" >KKTC&#8217;de Ev Alana Oturma \u0130zni \u015eartlar\u0131 Nelerdir?<\/a><\/li><\/ul><\/li><\/ul><\/li><li class='ez-toc-page-1 ez-toc-heading-level-2'><a class=\"ez-toc-link ez-toc-heading-19\" href=\"https:\/\/www.karekod.org\/blog\/kibristan-ev-almak-icin-15-onemli-neden\/#Bonus_Kuzey_Kibris_Emlak_Fiyat_Analizi\" >Bonus: Kuzey K\u0131br\u0131s Emlak Fiyat Analizi<\/a><ul class='ez-toc-list-level-3' ><li class='ez-toc-heading-level-3'><a class=\"ez-toc-link ez-toc-heading-20\" href=\"https:\/\/www.karekod.org\/blog\/kibristan-ev-almak-icin-15-onemli-neden\/#Kuzey_Kibrista_Emlak_Fiyatlari_Avrupa_Ulkeleriyle_Karsilastirildiginda\" >Kuzey K\u0131br\u0131s&#8217;ta Emlak Fiyatlar\u0131 Avrupa \u00dclkeleriyle Kar\u015f\u0131la\u015ft\u0131r\u0131ld\u0131\u011f\u0131nda<\/a><ul class='ez-toc-list-level-5' ><li class='ez-toc-heading-level-5'><ul class='ez-toc-list-level-5' ><li class='ez-toc-heading-level-5'><a class=\"ez-toc-link ez-toc-heading-21\" href=\"https:\/\/www.karekod.org\/blog\/kibristan-ev-almak-icin-15-onemli-neden\/#Sikca_Sorulan_Sorular_SSS\" >S\u0131k\u00e7a Sorulan Sorular (SSS)<\/a><\/li><\/ul><\/li><\/ul><\/li><\/ul><\/li><\/ul><\/nav><\/div>\n\n\n\n\n<h2 class=\"wp-block-heading\"><span class=\"ez-toc-section\" id=\"Kibristan_Ev_Almak_Icin_15_Onemli_Neden\"><\/span>K\u0131br\u0131s\u2019tan Ev Almak \u0130\u00e7in 15 \u00d6nemli Neden!<span class=\"ez-toc-section-end\"><\/span><\/h2>\n\n\n\n<figure class=\"wp-block-image size-full\"><img loading=\"lazy\" decoding=\"async\" width=\"1024\" height=\"1024\" src=\"https:\/\/www.karekod.org\/blog\/wp-content\/uploads\/2024\/09\/Kibris-ta-deniz-manzarali-ev.png\" alt=\"K\u0131br\u0131s'tan Ev Almak\" class=\"wp-image-33537\" srcset=\"https:\/\/www.karekod.org\/blog\/wp-content\/uploads\/2024\/09\/Kibris-ta-deniz-manzarali-ev.png 1024w, https:\/\/www.karekod.org\/blog\/wp-content\/uploads\/2024\/09\/Kibris-ta-deniz-manzarali-ev-300x300.png 300w, https:\/\/www.karekod.org\/blog\/wp-content\/uploads\/2024\/09\/Kibris-ta-deniz-manzarali-ev-150x150.png 150w, https:\/\/www.karekod.org\/blog\/wp-content\/uploads\/2024\/09\/Kibris-ta-deniz-manzarali-ev-675x675.png 675w, https:\/\/www.karekod.org\/blog\/wp-content\/uploads\/2024\/09\/Kibris-ta-deniz-manzarali-ev-730x730.png 730w, https:\/\/www.karekod.org\/blog\/wp-content\/uploads\/2024\/09\/Kibris-ta-deniz-manzarali-ev-350x350.png 350w\" sizes=\"auto, (max-width: 1024px) 100vw, 1024px\" \/><figcaption class=\"wp-element-caption\">K\u0131br\u0131s&#8217;tan Ev Almak<\/figcaption><\/figure>\n\n\n\n<p><a href=\"https:\/\/www.adelantecy.com\/tc-vatandaslari-kibrista-ev-alabilir-mi\">K\u0131br\u0131s\u2019ta bir ev almak<\/a>, sadece bir m\u00fclk sahibi olmak de\u011fil, ayn\u0131 zamanda hayat\u0131n\u0131za yeni bir y\u00f6n verme ve benzersiz avantajlardan yararlanma f\u0131rsat\u0131d\u0131r. Bu kapsaml\u0131 rehber, K\u0131br\u0131s\u2019ta ev sahibi olman\u0131n sundu\u011fu heyecan verici nedenleri detayl\u0131 bir \u015fekilde a\u00e7\u0131klayarak size adan\u0131n sundu\u011fu t\u00fcm f\u0131rsatlar\u0131 tan\u0131tacakt\u0131r. Her biri, yat\u0131r\u0131m\u0131n\u0131z\u0131n uzun vadeli ba\u015far\u0131s\u0131n\u0131 ve ya\u015fam kalitenizi art\u0131racak \u015fekilde tasarlanm\u0131\u015f avantajlar\u0131 i\u00e7erir. Laf\u0131 fazla uzatmadan <strong>K\u0131br\u0131s&#8217;tan ev almak<\/strong> i\u00e7in 15 \u00f6nemli nedeni belirtelim:<\/p>\n\n\n\n<h3 class=\"wp-block-heading\"><span class=\"ez-toc-section\" id=\"1_Kibrista_Yatirima_Hizli_Geri_Donus\"><\/span>1. <strong>K\u0131br\u0131s\u2019ta Yat\u0131r\u0131ma H\u0131zl\u0131 Geri D\u00f6n\u00fc\u015f<\/strong><span class=\"ez-toc-section-end\"><\/span><\/h3>\n\n\n\n<p>K\u0131br\u0131s, yat\u0131r\u0131m\u0131n\u0131z\u0131n h\u0131zl\u0131 bir \u015fekilde geri d\u00f6n\u00fc\u015f sa\u011flad\u0131\u011f\u0131 bir adad\u0131r. Dinamik emlak piyasas\u0131 ve artan talep, m\u00fclk\u00fcn\u00fcz\u00fcn k\u0131sa s\u00fcrede de\u011fer kazanmas\u0131n\u0131 garanti eder. \u00d6zellikle Girne gibi cazip b\u00f6lgelerde, m\u00fclkler genellikle 10 y\u0131l i\u00e7inde kendini amorti eder. Bu, hem k\u0131sa hem de uzun vadeli yat\u0131r\u0131mc\u0131lar i\u00e7in b\u00fcy\u00fck bir kazan\u00e7 f\u0131rsat\u0131 sunar. Yat\u0131r\u0131m yaparak, gelecekteki mali ba\u015far\u0131n\u0131za sa\u011flam bir temel atabilirsiniz.<\/p>\n\n\n\n<h3 class=\"wp-block-heading\"><span class=\"ez-toc-section\" id=\"2_Sterlin_ile_Kira_Getirisi_ve_Guvenli_Kiralama\"><\/span>2. <strong>Sterlin ile Kira Getirisi ve G\u00fcvenli Kiralama<\/strong><span class=\"ez-toc-section-end\"><\/span><\/h3>\n\n\n\n<figure class=\"wp-block-image size-full\"><img loading=\"lazy\" decoding=\"async\" width=\"1024\" height=\"1024\" src=\"https:\/\/www.karekod.org\/blog\/wp-content\/uploads\/2024\/09\/kibris-ev.png\" alt=\"K\u0131br\u0131s Ev\" class=\"wp-image-33541\" srcset=\"https:\/\/www.karekod.org\/blog\/wp-content\/uploads\/2024\/09\/kibris-ev.png 1024w, https:\/\/www.karekod.org\/blog\/wp-content\/uploads\/2024\/09\/kibris-ev-300x300.png 300w, https:\/\/www.karekod.org\/blog\/wp-content\/uploads\/2024\/09\/kibris-ev-150x150.png 150w, https:\/\/www.karekod.org\/blog\/wp-content\/uploads\/2024\/09\/kibris-ev-675x675.png 675w, https:\/\/www.karekod.org\/blog\/wp-content\/uploads\/2024\/09\/kibris-ev-730x730.png 730w, https:\/\/www.karekod.org\/blog\/wp-content\/uploads\/2024\/09\/kibris-ev-350x350.png 350w\" sizes=\"auto, (max-width: 1024px) 100vw, 1024px\" \/><figcaption class=\"wp-element-caption\">K\u0131br\u0131s Ev<\/figcaption><\/figure>\n\n\n\n<p>K\u0131br\u0131s\u2019ta, Sterlin ile elde edilen kira getirisi olduk\u00e7a cazip. Bu durum, m\u00fclk sahiplerine g\u00fcvenilir ve d\u00fczenli bir gelir sa\u011flar. K\u0131br\u0131s\u2019taki kiralama s\u00fcre\u00e7leri, \u015feffaf ve g\u00fcvenilir olup, m\u00fclk sahiplerine sorunsuz bir kiralama deneyimi sunar. Yat\u0131r\u0131m\u0131n\u0131zdan de\u011fer kayb\u0131 ya\u015famadan, d\u00fczenli kira gelirleriyle ekonomik g\u00fcvenli\u011finizi sa\u011flayabilirsiniz. Ayr\u0131ca, kiralama piyasas\u0131n\u0131n sa\u011flam yap\u0131s\u0131, kazanc\u0131n\u0131z\u0131 garanti eder.<\/p>\n\n\n\n<h3 class=\"wp-block-heading\"><span class=\"ez-toc-section\" id=\"3_Kibrisin_Dogal_Guzellikleri_ve_Akdeniz_Iklimi\"><\/span>3. <strong>K\u0131br\u0131s\u2019\u0131n Do\u011fal G\u00fczellikleri ve Akdeniz \u0130klimi<\/strong><span class=\"ez-toc-section-end\"><\/span><\/h3>\n\n\n\n<figure class=\"wp-block-image size-full\"><img loading=\"lazy\" decoding=\"async\" width=\"1024\" height=\"1024\" src=\"https:\/\/www.karekod.org\/blog\/wp-content\/uploads\/2024\/09\/Kibrista-dogal-guzellikler.png\" alt=\"K\u0131br\u0131s'ta Do\u011fal G\u00fczellikler\" class=\"wp-image-33535\" srcset=\"https:\/\/www.karekod.org\/blog\/wp-content\/uploads\/2024\/09\/Kibrista-dogal-guzellikler.png 1024w, https:\/\/www.karekod.org\/blog\/wp-content\/uploads\/2024\/09\/Kibrista-dogal-guzellikler-300x300.png 300w, https:\/\/www.karekod.org\/blog\/wp-content\/uploads\/2024\/09\/Kibrista-dogal-guzellikler-150x150.png 150w, https:\/\/www.karekod.org\/blog\/wp-content\/uploads\/2024\/09\/Kibrista-dogal-guzellikler-675x675.png 675w, https:\/\/www.karekod.org\/blog\/wp-content\/uploads\/2024\/09\/Kibrista-dogal-guzellikler-730x730.png 730w, https:\/\/www.karekod.org\/blog\/wp-content\/uploads\/2024\/09\/Kibrista-dogal-guzellikler-350x350.png 350w\" sizes=\"auto, (max-width: 1024px) 100vw, 1024px\" \/><figcaption class=\"wp-element-caption\">K\u0131br\u0131s&#8217;ta Do\u011fal G\u00fczellikler<\/figcaption><\/figure>\n\n\n\n<p>K\u0131br\u0131s, ola\u011fan\u00fcst\u00fc do\u011fal g\u00fczellikleri ve y\u0131l boyunca keyifli bir Akdeniz iklimi sunar. Burada her g\u00fcn g\u00fcne\u015fin tad\u0131n\u0131 \u00e7\u0131karabilir, temiz denizlerin ve muhte\u015fem plajlar\u0131n keyfini s\u00fcrebilirsiniz. Adan\u0131n do\u011fal parklar\u0131 ve ye\u015fil alanlar\u0131, ruhunuzu dinlendirir ve stresinizi azalt\u0131r. Trafik ve kalabal\u0131k gibi b\u00fcy\u00fck \u015fehirlerin sorunlar\u0131 burada yoktur; bu da ya\u015fam\u0131n\u0131z\u0131 \u00e7ok daha rahat ve huzurlu hale getirir.<\/p>\n\n\n\n<h3 class=\"wp-block-heading\"><span class=\"ez-toc-section\" id=\"4_Kibrista_Kaliteli_ve_Uygun_Egitim_Imkanlari\"><\/span>4. <strong>K\u0131br\u0131s\u2019ta Kaliteli ve Uygun E\u011fitim \u0130mkanlar\u0131<\/strong><span class=\"ez-toc-section-end\"><\/span><\/h3>\n\n\n\n<p>K\u0131br\u0131s, \u00e7ocuklar\u0131n\u0131z i\u00e7in y\u00fcksek kaliteli e\u011fitim imkanlar\u0131 sunar. Uluslararas\u0131 okullar ve \u00fcniversiteler, modern e\u011fitim y\u00f6ntemleri ve geni\u015f m\u00fcfredat se\u00e7enekleri ile \u00e7ocuklar\u0131n\u0131za d\u00fcnya standartlar\u0131nda bir e\u011fitim sa\u011flar. \u0130ngilizce dilindeki e\u011fitim kurumlar\u0131, \u00e7ocuklar\u0131n\u0131z\u0131n global becerilerini geli\u015ftirmesine yard\u0131mc\u0131 olur. Ayr\u0131ca, e\u011fitim maliyetlerinin Avrupa\u2019n\u0131n di\u011fer b\u00f6lgelerine k\u0131yasla daha uygun olmas\u0131, aileler i\u00e7in b\u00fcy\u00fck bir avantaj sa\u011flar.<\/p>\n\n\n\n<h3 class=\"wp-block-heading\"><span class=\"ez-toc-section\" id=\"5_Kibrista_Guvenli_Yasam_ve_Dusuk_Suc_Orani\"><\/span>5. <strong>K\u0131br\u0131s\u2019ta G\u00fcvenli Ya\u015fam ve D\u00fc\u015f\u00fck Su\u00e7 Oran\u0131<\/strong><span class=\"ez-toc-section-end\"><\/span><\/h3>\n\n\n\n<figure class=\"wp-block-image size-full\"><img loading=\"lazy\" decoding=\"async\" width=\"1024\" height=\"1024\" src=\"https:\/\/www.karekod.org\/blog\/wp-content\/uploads\/2024\/09\/kibris-ta-ev.png\" alt=\"K\u0131br\u0131s'ta Ev\" class=\"wp-image-33534\" srcset=\"https:\/\/www.karekod.org\/blog\/wp-content\/uploads\/2024\/09\/kibris-ta-ev.png 1024w, https:\/\/www.karekod.org\/blog\/wp-content\/uploads\/2024\/09\/kibris-ta-ev-300x300.png 300w, https:\/\/www.karekod.org\/blog\/wp-content\/uploads\/2024\/09\/kibris-ta-ev-150x150.png 150w, https:\/\/www.karekod.org\/blog\/wp-content\/uploads\/2024\/09\/kibris-ta-ev-675x675.png 675w, https:\/\/www.karekod.org\/blog\/wp-content\/uploads\/2024\/09\/kibris-ta-ev-730x730.png 730w, https:\/\/www.karekod.org\/blog\/wp-content\/uploads\/2024\/09\/kibris-ta-ev-350x350.png 350w\" sizes=\"auto, (max-width: 1024px) 100vw, 1024px\" \/><figcaption class=\"wp-element-caption\">K\u0131br\u0131s&#8217;tan Ev Almak<\/figcaption><\/figure>\n\n\n\n<p>K\u0131br\u0131s, d\u00fc\u015f\u00fck su\u00e7 oran\u0131 ve y\u00fcksek g\u00fcvenlik standartlar\u0131 ile bilinir. Adada ya\u015fam, sizi endi\u015felerden uzak tutar ve g\u00fcnl\u00fck ya\u015famda huzur sa\u011flar. Araban\u0131z\u0131 park ederken kilitlemek zorunda kalmadan, g\u00fcvenli bir ortamda ya\u015faman\u0131n keyfini \u00e7\u0131karabilirsiniz. Bu y\u00fcksek g\u00fcvenlik seviyesi, ailenizle birlikte g\u00fcvenli ve huzurlu bir ya\u015fam s\u00fcrmenizi garanti eder.<\/p>\n\n\n\n<h3 class=\"wp-block-heading\"><span class=\"ez-toc-section\" id=\"6_Kibrista_Mukemmel_Saglik_Hizmetleri\"><\/span>6. <strong>K\u0131br\u0131s\u2019ta M\u00fckemmel Sa\u011fl\u0131k Hizmetleri<\/strong><span class=\"ez-toc-section-end\"><\/span><\/h3>\n\n\n\n<p>K\u0131br\u0131s\u2019taki sa\u011fl\u0131k hizmetleri, hem devlet hem de \u00f6zel hastanelerde y\u00fcksek kalitededir. Modern t\u0131bbi teknolojiler ve uzman kadrolar, sa\u011fl\u0131k ihtiya\u00e7lar\u0131n\u0131z\u0131 en iyi \u015fekilde kar\u015f\u0131lar. Ayr\u0131ca, sa\u011fl\u0131k sigortas\u0131 se\u00e7enekleri ile tedavi maliyetlerini uygun seviyelerde tutabilirsiniz. Sa\u011fl\u0131k hizmetlerinin kalitesi ve uygun fiyatl\u0131 se\u00e7enekler, sa\u011fl\u0131k g\u00fcvencenizi sa\u011flamada b\u00fcy\u00fck bir rol oynar.<\/p>\n\n\n\n<h3 class=\"wp-block-heading\"><span class=\"ez-toc-section\" id=\"7_Kibrista_Dusuk_Vergi_Oranlari\"><\/span>7. <strong>K\u0131br\u0131s\u2019ta D\u00fc\u015f\u00fck Vergi Oranlar\u0131<\/strong><span class=\"ez-toc-section-end\"><\/span><\/h3>\n\n\n\n<p>K\u0131br\u0131s, d\u00fc\u015f\u00fck vergi oranlar\u0131 ile yat\u0131r\u0131mc\u0131lara cazip f\u0131rsatlar sunar. Konut al\u0131m\u0131nda ve m\u00fclk gelirlerinde uygulanan d\u00fc\u015f\u00fck vergiler, mali y\u00fck\u00fcml\u00fcl\u00fcklerinizi hafifletir ve tasarruf etmenizi sa\u011flar. Vergi avantajlar\u0131, finansal stratejinizi g\u00fc\u00e7lendirir ve yat\u0131r\u0131m\u0131n\u0131z\u0131n kazanc\u0131n\u0131 art\u0131r\u0131r. Bu durum, K\u0131br\u0131s\u2019ta yat\u0131r\u0131m yapmay\u0131 daha \u00e7ekici hale getirir.<\/p>\n\n\n\n<h3 class=\"wp-block-heading\"><span class=\"ez-toc-section\" id=\"8_Kibrisin_Gelismis_Turizm_Sektoru\"><\/span>8. <strong>K\u0131br\u0131s\u2019\u0131n Geli\u015fmi\u015f Turizm Sekt\u00f6r\u00fc<\/strong><span class=\"ez-toc-section-end\"><\/span><\/h3>\n\n\n\n<figure class=\"wp-block-image size-full\"><img loading=\"lazy\" decoding=\"async\" width=\"1024\" height=\"1024\" src=\"https:\/\/www.karekod.org\/blog\/wp-content\/uploads\/2024\/09\/Kibrisin-Gelismis-Turizm-Sektoru.png\" alt=\"K\u0131br\u0131s\u2019ta Turizm\" class=\"wp-image-33532\" srcset=\"https:\/\/www.karekod.org\/blog\/wp-content\/uploads\/2024\/09\/Kibrisin-Gelismis-Turizm-Sektoru.png 1024w, https:\/\/www.karekod.org\/blog\/wp-content\/uploads\/2024\/09\/Kibrisin-Gelismis-Turizm-Sektoru-300x300.png 300w, https:\/\/www.karekod.org\/blog\/wp-content\/uploads\/2024\/09\/Kibrisin-Gelismis-Turizm-Sektoru-150x150.png 150w, https:\/\/www.karekod.org\/blog\/wp-content\/uploads\/2024\/09\/Kibrisin-Gelismis-Turizm-Sektoru-675x675.png 675w, https:\/\/www.karekod.org\/blog\/wp-content\/uploads\/2024\/09\/Kibrisin-Gelismis-Turizm-Sektoru-730x730.png 730w, https:\/\/www.karekod.org\/blog\/wp-content\/uploads\/2024\/09\/Kibrisin-Gelismis-Turizm-Sektoru-350x350.png 350w\" sizes=\"auto, (max-width: 1024px) 100vw, 1024px\" \/><figcaption class=\"wp-element-caption\">K\u0131br\u0131s\u2019ta Turizm<\/figcaption><\/figure>\n\n\n\n<p>K\u0131br\u0131s\u2019\u0131n geli\u015fmi\u015f turizm sekt\u00f6r\u00fc, adan\u0131n sundu\u011fu \u00e7e\u015fitli e\u011flence ve tatil imkanlar\u0131n\u0131 g\u00f6zler \u00f6n\u00fcne serer. Tatil k\u00f6yleri, oteller ve etkinlikler, size hem dinlenme hem de e\u011flenme f\u0131rsatlar\u0131 sunar. Y\u0131l boyunca d\u00fczenlenen festivaller ve k\u00fclt\u00fcrel etkinlikler, adan\u0131n canl\u0131 sosyal hayat\u0131n\u0131 destekler. Bu, K\u0131br\u0131s\u2019ta ya\u015famay\u0131 hem keyifli hem de dinlendirici k\u0131lar.<\/p>\n\n\n\n<h3 class=\"wp-block-heading\"><span class=\"ez-toc-section\" id=\"9_Kibrisin_Muhtesem_Plajlari\"><\/span>9. <strong>K\u0131br\u0131s\u2019\u0131n Muhte\u015fem Plajlar\u0131<\/strong><span class=\"ez-toc-section-end\"><\/span><\/h3>\n\n\n\n<figure class=\"wp-block-image size-full\"><img loading=\"lazy\" decoding=\"async\" width=\"1024\" height=\"1024\" src=\"https:\/\/www.karekod.org\/blog\/wp-content\/uploads\/2024\/09\/Kibrista-Pla.png\" alt=\"Plaj\" class=\"wp-image-33533\" srcset=\"https:\/\/www.karekod.org\/blog\/wp-content\/uploads\/2024\/09\/Kibrista-Pla.png 1024w, https:\/\/www.karekod.org\/blog\/wp-content\/uploads\/2024\/09\/Kibrista-Pla-300x300.png 300w, https:\/\/www.karekod.org\/blog\/wp-content\/uploads\/2024\/09\/Kibrista-Pla-150x150.png 150w, https:\/\/www.karekod.org\/blog\/wp-content\/uploads\/2024\/09\/Kibrista-Pla-675x675.png 675w, https:\/\/www.karekod.org\/blog\/wp-content\/uploads\/2024\/09\/Kibrista-Pla-730x730.png 730w, https:\/\/www.karekod.org\/blog\/wp-content\/uploads\/2024\/09\/Kibrista-Pla-350x350.png 350w\" sizes=\"auto, (max-width: 1024px) 100vw, 1024px\" \/><figcaption class=\"wp-element-caption\">Plaj<\/figcaption><\/figure>\n\n\n\n<p>K\u0131br\u0131s\u2019\u0131n plajlar\u0131, yaz tatilinizi unutulmaz k\u0131lar. Temiz denizleri ve alt\u0131n kumlar\u0131, s\u0131cak yaz g\u00fcnlerinde rahatlaman\u0131z\u0131 sa\u011flar. K\u0131br\u0131s\u2019\u0131n k\u0131y\u0131 b\u00f6lgelerinde, m\u00fckemmel bir plaj deneyimi ya\u015farken denizin tad\u0131n\u0131 \u00e7\u0131karabilirsiniz. Bu plajlar, tatil havas\u0131n\u0131 her an ya\u015faman\u0131z\u0131 sa\u011flar ve her g\u00fcn\u00fcn\u00fcz\u00fc \u00f6zel k\u0131lar.<\/p>\n\n\n\n<h3 class=\"wp-block-heading\"><span class=\"ez-toc-section\" id=\"10_Kibrista_Rahat_Ulasim\"><\/span>10. <strong>K\u0131br\u0131s\u2019ta Rahat Ula\u015f\u0131m<\/strong><span class=\"ez-toc-section-end\"><\/span><\/h3>\n\n\n\n<p>K\u0131br\u0131s\u2019taki ula\u015f\u0131m a\u011f\u0131, adan\u0131n her k\u00f6\u015fesine kolay eri\u015fim sa\u011flar. Geli\u015fmi\u015f yol sistemleri ve etkili toplu ta\u015f\u0131ma se\u00e7enekleri, g\u00fcnl\u00fck ya\u015famda konforlu bir seyahat deneyimi sunar. Hem i\u015f hem de sosyal ya\u015fam\u0131n\u0131z i\u00e7in adan\u0131n \u00e7e\u015fitli b\u00f6lgelerine kolayca ula\u015fabilirsiniz. Bu, hem \u015fehir i\u00e7i hem de \u015fehirler aras\u0131 ula\u015f\u0131m\u0131 olduk\u00e7a rahatlat\u0131r.<\/p>\n\n\n\n<h3 class=\"wp-block-heading\"><span class=\"ez-toc-section\" id=\"11_Kibrista_Sicak_ve_Misafirperver_Insanlar\"><\/span>11. <strong>K\u0131br\u0131s\u2019ta S\u0131cak ve Misafirperver \u0130nsanlar<\/strong><span class=\"ez-toc-section-end\"><\/span><\/h3>\n\n\n\n<p>K\u0131br\u0131s\u2019\u0131n insanlar\u0131, s\u0131cak ve misafirperver tutumlar\u0131yla bilinir. Yeni bir \u00e7evreye uyum sa\u011flamak, burada olduk\u00e7a kolayd\u0131r. Yerel halk\u0131n samimiyeti, topluluk etkinliklerine kat\u0131larak yeni arkada\u015fl\u0131klar kurman\u0131za yard\u0131mc\u0131 olur. K\u0131br\u0131s\u2019ta sosyal hayat\u0131n bir par\u00e7as\u0131 olmak, ya\u015fam\u0131n\u0131za ekstra bir renk ve ne\u015fe katar.<\/p>\n\n\n\n<h3 class=\"wp-block-heading\"><span class=\"ez-toc-section\" id=\"12_Kibrista_Uluslararasi_Egitim_Kurumlari\"><\/span>12. <strong>K\u0131br\u0131s\u2019ta Uluslararas\u0131 E\u011fitim Kurumlar\u0131<\/strong><span class=\"ez-toc-section-end\"><\/span><\/h3>\n\n\n\n<p>K\u0131br\u0131s, uluslararas\u0131 e\u011fitim kurumlar\u0131 ile kaliteli e\u011fitim f\u0131rsatlar\u0131 sunar. Bu kurumlar, geni\u015f bir m\u00fcfredat ve modern e\u011fitim y\u00f6ntemleri ile \u00e7ocuklar\u0131n\u0131za global standartlarda e\u011fitim sa\u011flar. Uluslararas\u0131 programlar ve etkinlikler, \u00e7ocuklar\u0131n\u0131z\u0131n global becerilerini art\u0131r\u0131r. E\u011fitim kalitesi ve \u00e7e\u015fitli se\u00e7enekler, K\u0131br\u0131s\u2019\u0131 e\u011fitim a\u00e7\u0131s\u0131ndan cazip bir yer haline getirir.<\/p>\n\n\n\n<h3 class=\"wp-block-heading\"><span class=\"ez-toc-section\" id=\"13_Kibrisin_Gelismis_Altyapisi\"><\/span>13. <strong>K\u0131br\u0131s\u2019\u0131n Geli\u015fmi\u015f Altyap\u0131s\u0131<\/strong><span class=\"ez-toc-section-end\"><\/span><\/h3>\n\n\n\n<p>K\u0131br\u0131s, modern altyap\u0131s\u0131 ve y\u00fcksek standartlardaki tesisleri ile dikkat \u00e7eker. Yeni konut projeleri, \u015f\u0131k tasar\u0131mlar\u0131 ve kaliteli in\u015faatlar\u0131 ile ya\u015fam alan\u0131n\u0131z\u0131 daha konforlu hale getirir. Al\u0131\u015fveri\u015f merkezleri, restoranlar ve e\u011flence mekanlar\u0131, modern ya\u015fam\u0131n gereksinimlerini kar\u015f\u0131lar. Bu altyap\u0131, K\u0131br\u0131s\u2019ta ya\u015famay\u0131 daha \u00e7ekici k\u0131lar.<\/p>\n\n\n\n<h3 class=\"wp-block-heading\"><span class=\"ez-toc-section\" id=\"14_Kibrisin_Essiz_Kulturel_Zenginlikleri\"><\/span>14. <strong>K\u0131br\u0131s\u2019\u0131n E\u015fsiz K\u00fclt\u00fcrel Zenginlikleri<\/strong><span class=\"ez-toc-section-end\"><\/span><\/h3>\n\n\n\n<p>K\u0131br\u0131s, zengin k\u00fclt\u00fcrel ge\u00e7mi\u015fi ve gelenekleri ile \u00f6ne \u00e7\u0131kar. Tarihi mekanlar, antik kal\u0131nt\u0131lar ve k\u00fclt\u00fcrel etkinlikler, adan\u0131n zengin tarihini ke\u015ffetmenizi sa\u011flar. K\u0131br\u0131s\u2019\u0131n k\u00fclt\u00fcrel zenginlikleri, adada ya\u015famay\u0131 hem \u00f6\u011fretici hem de keyifli bir deneyim haline getirir. Bu k\u00fclt\u00fcrel \u00e7e\u015fitlilik, ya\u015fam\u0131n\u0131za derinlik katar.<\/p>\n\n\n\n<h3 class=\"wp-block-heading\"><span class=\"ez-toc-section\" id=\"15_Adelante_Constructionin_Kaliteli_Projeleri\"><\/span>15. <strong>Adelante Construction\u2019\u0131n Kaliteli Projeleri<\/strong><span class=\"ez-toc-section-end\"><\/span><\/h3>\n\n\n\n<figure class=\"wp-block-image size-large\"><img loading=\"lazy\" decoding=\"async\" width=\"1024\" height=\"768\" src=\"https:\/\/www.karekod.org\/blog\/wp-content\/uploads\/2024\/09\/Oguz-Alp-Tan-1024x768.jpeg\" alt=\"O\u011fuz Alp Tan\" class=\"wp-image-33544\" srcset=\"https:\/\/www.karekod.org\/blog\/wp-content\/uploads\/2024\/09\/Oguz-Alp-Tan-1024x768.jpeg 1024w, https:\/\/www.karekod.org\/blog\/wp-content\/uploads\/2024\/09\/Oguz-Alp-Tan-300x225.jpeg 300w, https:\/\/www.karekod.org\/blog\/wp-content\/uploads\/2024\/09\/Oguz-Alp-Tan-900x675.jpeg 900w, https:\/\/www.karekod.org\/blog\/wp-content\/uploads\/2024\/09\/Oguz-Alp-Tan-1536x1152.jpeg 1536w, https:\/\/www.karekod.org\/blog\/wp-content\/uploads\/2024\/09\/Oguz-Alp-Tan-730x548.jpeg 730w, https:\/\/www.karekod.org\/blog\/wp-content\/uploads\/2024\/09\/Oguz-Alp-Tan-350x263.jpeg 350w, https:\/\/www.karekod.org\/blog\/wp-content\/uploads\/2024\/09\/Oguz-Alp-Tan-1100x825.jpeg 1100w, https:\/\/www.karekod.org\/blog\/wp-content\/uploads\/2024\/09\/Oguz-Alp-Tan.jpeg 1600w\" sizes=\"auto, (max-width: 1024px) 100vw, 1024px\" \/><figcaption class=\"wp-element-caption\">O\u011fuz Alp Tan<\/figcaption><\/figure>\n\n\n\n<p>Girne merkezli Adelante Construction, l\u00fcks konut projeleri ile dikkat \u00e7eker. %20 pe\u015finat ve uzun d\u00f6nem faizsiz taksit se\u00e7enekleri sunarak, modern ve konforlu ya\u015fam alanlar\u0131 sa\u011flar. Bu projelerde kullan\u0131lan y\u00fcksek kaliteli malzemeler ve yenilik\u00e7i tasar\u0131mlar, ya\u015fam standartlar\u0131n\u0131z\u0131 art\u0131r\u0131r. Kurucu O\u011fuz Alp Tan\u2019\u0131n liderli\u011fi alt\u0131nda, <a href=\"https:\/\/www.adelantecy.com\/\">Adelante Construction<\/a>, K\u0131br\u0131s\u2019ta l\u00fcks ya\u015fam\u0131n kap\u0131lar\u0131n\u0131 aralar ve sizi m\u00fckemmel bir ev sahibi olman\u0131za yard\u0131mc\u0131 olur.<\/p>\n\n\n\n<h4 class=\"wp-block-heading\"><span class=\"ez-toc-section\" id=\"Kuzey_Kibrista_Ev_Almak_Mantikli_Mi\"><\/span>Kuzey K\u0131br\u0131s\u2019ta Ev Almak Mant\u0131kl\u0131 M\u0131?<span class=\"ez-toc-section-end\"><\/span><\/h4>\n\n\n\n<figure class=\"wp-block-image size-full\"><img loading=\"lazy\" decoding=\"async\" width=\"1024\" height=\"1024\" src=\"https:\/\/www.karekod.org\/blog\/wp-content\/uploads\/2024\/09\/Kuzey-kibris-tan-ev-almak.png\" alt=\"Kuzey K\u0131br\u0131s'tan Ev Almak\" class=\"wp-image-33538\" srcset=\"https:\/\/www.karekod.org\/blog\/wp-content\/uploads\/2024\/09\/Kuzey-kibris-tan-ev-almak.png 1024w, https:\/\/www.karekod.org\/blog\/wp-content\/uploads\/2024\/09\/Kuzey-kibris-tan-ev-almak-300x300.png 300w, https:\/\/www.karekod.org\/blog\/wp-content\/uploads\/2024\/09\/Kuzey-kibris-tan-ev-almak-150x150.png 150w, https:\/\/www.karekod.org\/blog\/wp-content\/uploads\/2024\/09\/Kuzey-kibris-tan-ev-almak-675x675.png 675w, https:\/\/www.karekod.org\/blog\/wp-content\/uploads\/2024\/09\/Kuzey-kibris-tan-ev-almak-730x730.png 730w, https:\/\/www.karekod.org\/blog\/wp-content\/uploads\/2024\/09\/Kuzey-kibris-tan-ev-almak-350x350.png 350w\" sizes=\"auto, (max-width: 1024px) 100vw, 1024px\" \/><figcaption class=\"wp-element-caption\">Kuzey K\u0131br\u0131s&#8217;tan Ev Almak<\/figcaption><\/figure>\n\n\n\n<p>K\u0131br\u0131s\u2019ta ev sahibi olmak, adeta bir ya\u015fam maceras\u0131n\u0131n kap\u0131lar\u0131n\u0131 aralar! D\u00fc\u015f\u00fck vergi oranlar\u0131 ve h\u0131zl\u0131 yat\u0131r\u0131m geri d\u00f6n\u00fc\u015f\u00fc sayesinde, finansal gelece\u011finizi sa\u011flam temellere oturtabilirsiniz. K\u0131br\u0131s\u2019\u0131n g\u00fcvenli ve huzurlu ya\u015fam ortam\u0131, her g\u00fcn\u00fcn\u00fcz\u00fc tatil havas\u0131nda ge\u00e7irmenize olanak tan\u0131r. <\/p>\n\n\n\n<p>Adan\u0131n sundu\u011fu etkileyici do\u011fal g\u00fczellikler ve m\u00fckemmel Akdeniz iklimi, hayat\u0131n\u0131za renk katacak. K\u0131br\u0131s\u2019ta bir ev sahibi olmak, sadece ekonomik kazan\u00e7 de\u011fil, ayn\u0131 zamanda ya\u015fam kalitenizi zirveye ta\u015f\u0131yacak bir deneyim sunar. Bu nedenle, K\u0131br\u0131s\u2019ta ev almak, hem finansal hem de ki\u015fisel a\u00e7\u0131dan m\u00fckemmel bir se\u00e7imdir!<\/p>\n\n\n\n<blockquote class=\"wp-block-quote is-layout-flow wp-block-quote-is-layout-flow\">\n<p>Daha fazla bilgi ve detayl\u0131 analizler i\u00e7in Adelante Construction\u2019\u0131n haz\u0131rlad\u0131\u011f\u0131 &#8220;<a href=\"https:\/\/www.adelantecy.com\/kibrista-1-1-ev-almak\">Kuzey K\u0131br\u0131s\u2019ta Ev Almak Mant\u0131kl\u0131 m\u0131<\/a>?&#8221; ba\u015fl\u0131kl\u0131 k\u0131lavuzu ziyaret edebilirsiniz. \u0130leti\u015fim Numaras\u0131 Sabit: 0533 863 25 04<\/p>\n<\/blockquote>\n\n\n\n<h4 class=\"wp-block-heading\"><span class=\"ez-toc-section\" id=\"KKTCde_Ev_Alana_Oturma_Izni_Sartlari_Nelerdir\"><\/span>KKTC&#8217;de Ev Alana Oturma \u0130zni \u015eartlar\u0131 Nelerdir?<span class=\"ez-toc-section-end\"><\/span><\/h4>\n\n\n\n<figure class=\"wp-block-image size-full\"><img loading=\"lazy\" decoding=\"async\" width=\"1024\" height=\"1024\" src=\"https:\/\/www.karekod.org\/blog\/wp-content\/uploads\/2024\/09\/KKTCde-Ev-Alana-Oturma-Izni-Sartlari.png\" alt=\"KKTC'de Ev Alana Oturma \u0130zni \u015eartlar\u0131\" class=\"wp-image-33530\" srcset=\"https:\/\/www.karekod.org\/blog\/wp-content\/uploads\/2024\/09\/KKTCde-Ev-Alana-Oturma-Izni-Sartlari.png 1024w, https:\/\/www.karekod.org\/blog\/wp-content\/uploads\/2024\/09\/KKTCde-Ev-Alana-Oturma-Izni-Sartlari-300x300.png 300w, https:\/\/www.karekod.org\/blog\/wp-content\/uploads\/2024\/09\/KKTCde-Ev-Alana-Oturma-Izni-Sartlari-150x150.png 150w, https:\/\/www.karekod.org\/blog\/wp-content\/uploads\/2024\/09\/KKTCde-Ev-Alana-Oturma-Izni-Sartlari-675x675.png 675w, https:\/\/www.karekod.org\/blog\/wp-content\/uploads\/2024\/09\/KKTCde-Ev-Alana-Oturma-Izni-Sartlari-730x730.png 730w, https:\/\/www.karekod.org\/blog\/wp-content\/uploads\/2024\/09\/KKTCde-Ev-Alana-Oturma-Izni-Sartlari-350x350.png 350w\" sizes=\"auto, (max-width: 1024px) 100vw, 1024px\" \/><figcaption class=\"wp-element-caption\">KKTC&#8217;de Ev Alana Oturma \u0130zni \u015eartlar\u0131<\/figcaption><\/figure>\n\n\n\n<figure class=\"wp-block-table\"><table class=\"has-fixed-layout\"><thead><tr><th><strong>\u015eart<\/strong><\/th><th><strong>A\u00e7\u0131klama<\/strong><\/th><\/tr><\/thead><tbody><tr><td><strong>M\u00fclk T\u00fcr\u00fc<\/strong><\/td><td>Konut, daire veya villa gibi m\u00fclklerin edinilmesi gerekmektedir.<\/td><\/tr><tr><td><strong>M\u00fclk B\u00fcy\u00fckl\u00fc\u011f\u00fc<\/strong><\/td><td>M\u00fclk\u00fcn belirli bir b\u00fcy\u00fckl\u00fckte olmas\u0131 gerekebilir; bu \u015fart yerel d\u00fczenlemelere g\u00f6re de\u011fi\u015febilir.<\/td><\/tr><tr><td><strong>Oturma \u0130zni T\u00fcr\u00fc<\/strong><\/td><td>Uzun s\u00fcreli ikamet izni olarak d\u00fczenlenir; m\u00fclk edinme s\u00fcreci ile ba\u011flant\u0131l\u0131d\u0131r.<\/td><\/tr><tr><td><strong>Ba\u015fvuru Formlar\u0131<\/strong><\/td><td>\u0130lgili formlar doldurulmal\u0131 ve gerekli belgelerle birlikte yetkili mercilere sunulmal\u0131d\u0131r.<\/td><\/tr><tr><td><strong>Gerekli Belgeler<\/strong><\/td><td>Kimlik belgeleri, m\u00fclk edinme belgeleri ve tapu senedi gibi yasal evraklar\u0131n sunulmas\u0131 gerekir.<\/td><\/tr><tr><td><strong>Mali Durum<\/strong><\/td><td>Ba\u015fvurunun kabul edilmesi i\u00e7in yeterli mali durum kan\u0131tlanmal\u0131d\u0131r; bu genellikle banka d\u00f6k\u00fcmleri ile sa\u011flan\u0131r.<\/td><\/tr><tr><td><strong>Hukuki Dan\u0131\u015fmanl\u0131k<\/strong><\/td><td>S\u00fcrecin d\u00fczg\u00fcn ilerlemesi i\u00e7in bir avukattan veya yasal dan\u0131\u015fmandan yard\u0131m al\u0131nmas\u0131 tavsiye edilir.<\/td><\/tr><tr><td><strong>Vergi ve Har\u00e7lar<\/strong><\/td><td>M\u00fclk al\u0131m\u0131nda \u00f6denecek vergi ve har\u00e7lar hakk\u0131nda bilgi edinilmeli ve bu masraflar \u00f6denmelidir.<\/td><\/tr><tr><td><strong>Sa\u011fl\u0131k Sigortas\u0131<\/strong><\/td><td>KKTC\u2019de ikamet ederken ge\u00e7erli bir sa\u011fl\u0131k sigortas\u0131 yapt\u0131r\u0131lmal\u0131d\u0131r; bu, oturma izni ba\u015fvurusu s\u0131ras\u0131nda talep edilebilir.<\/td><\/tr><tr><td><strong>Yat\u0131r\u0131m Miktar\u0131<\/strong><\/td><td>Oturma izni almak i\u00e7in genellikle belirli bir yat\u0131r\u0131m miktar\u0131 gerekmektedir; bu miktar yerel d\u00fczenlemelere g\u00f6re de\u011fi\u015febilir.<\/td><\/tr><\/tbody><\/table><figcaption class=\"wp-element-caption\">KKTC&#8217;de Ev Alana Oturma \u0130zni \u015eartlar\u0131<\/figcaption><\/figure>\n\n\n\n<h2 class=\"wp-block-heading\"><span class=\"ez-toc-section\" id=\"Bonus_Kuzey_Kibris_Emlak_Fiyat_Analizi\"><\/span>Bonus: <strong>Kuzey K\u0131br\u0131s Emlak Fiyat Analizi<\/strong><span class=\"ez-toc-section-end\"><\/span><\/h2>\n\n\n\n<figure class=\"wp-block-image size-full\"><img loading=\"lazy\" decoding=\"async\" width=\"1024\" height=\"1024\" src=\"https:\/\/www.karekod.org\/blog\/wp-content\/uploads\/2024\/09\/Kuzey-Kibris-Emlak-Fiyat-Analizi.png\" alt=\"Kuzey K\u0131br\u0131s Emlak Fiyat Analizi\" class=\"wp-image-33539\" srcset=\"https:\/\/www.karekod.org\/blog\/wp-content\/uploads\/2024\/09\/Kuzey-Kibris-Emlak-Fiyat-Analizi.png 1024w, https:\/\/www.karekod.org\/blog\/wp-content\/uploads\/2024\/09\/Kuzey-Kibris-Emlak-Fiyat-Analizi-300x300.png 300w, https:\/\/www.karekod.org\/blog\/wp-content\/uploads\/2024\/09\/Kuzey-Kibris-Emlak-Fiyat-Analizi-150x150.png 150w, https:\/\/www.karekod.org\/blog\/wp-content\/uploads\/2024\/09\/Kuzey-Kibris-Emlak-Fiyat-Analizi-675x675.png 675w, https:\/\/www.karekod.org\/blog\/wp-content\/uploads\/2024\/09\/Kuzey-Kibris-Emlak-Fiyat-Analizi-730x730.png 730w, https:\/\/www.karekod.org\/blog\/wp-content\/uploads\/2024\/09\/Kuzey-Kibris-Emlak-Fiyat-Analizi-350x350.png 350w\" sizes=\"auto, (max-width: 1024px) 100vw, 1024px\" \/><figcaption class=\"wp-element-caption\">Kuzey K\u0131br\u0131s Emlak Fiyat Analizi<\/figcaption><\/figure>\n\n\n\n<p>Kuzey K\u0131br\u0131s, uluslararas\u0131 yat\u0131r\u0131mc\u0131lar\u0131n yo\u011fun ilgisini \u00e7ekiyor. Bu d\u00f6nemde emlak fiyatlar\u0131nda ciddi bir art\u0131\u015f g\u00f6r\u00fcl\u00fcyor ve 2024-2025&#8217;te de y\u00fckselme trendi bekleniyor. Forbes\u2019un Kuzey K\u0131br\u0131s\u2019\u0131 sahil yat\u0131r\u0131m\u0131 i\u00e7in en iyi yerlerden biri olarak tan\u0131tmas\u0131 da bu talebi art\u0131rd\u0131. Adan\u0131n d\u00fc\u015f\u00fck ya\u015fam maliyeti ve Akdeniz\u2019in huzurlu ya\u015fam tarz\u0131, yat\u0131r\u0131mc\u0131lar i\u00e7in cazip f\u0131rsatlar sunuyor.<\/p>\n\n\n\n<h3 class=\"wp-block-heading\"><span class=\"ez-toc-section\" id=\"Kuzey_Kibrista_Emlak_Fiyatlari_Avrupa_Ulkeleriyle_Karsilastirildiginda\"><\/span>Kuzey K\u0131br\u0131s&#8217;ta Emlak Fiyatlar\u0131 Avrupa \u00dclkeleriyle Kar\u015f\u0131la\u015ft\u0131r\u0131ld\u0131\u011f\u0131nda<span class=\"ez-toc-section-end\"><\/span><\/h3>\n\n\n\n<p>Denize s\u0131f\u0131r evler ve villalar dahil olmak \u00fczere Kuzey K\u0131br\u0131s\u2019taki emlak fiyatlar\u0131, Avrupa\u2019daki bir\u00e7ok \u00fclkeye g\u00f6re daha avantajl\u0131. \u00d6rne\u011fin, son \u00fc\u00e7 y\u0131lda Kuzey K\u0131br\u0131s\u2019taki daire fiyatlar\u0131 %67,61 oran\u0131nda artt\u0131, bu da onu y\u00fcksek potansiyelli bir yat\u0131r\u0131m b\u00f6lgesi haline getirdi. Avrupa\u2019da emlak fiyatlar\u0131n\u0131n d\u00fc\u015ft\u00fc\u011f\u00fc bir\u00e7ok \u00fclkeye k\u0131yasla, Kuzey K\u0131br\u0131s\u2019ta stabil ve karl\u0131 bir art\u0131\u015f g\u00f6zleniyor.<\/p>\n\n\n\n<p><strong>Metrekare Ba\u015f\u0131na Ortalama Fiyatlar<\/strong><\/p>\n\n\n\n<ul class=\"wp-block-list\">\n<li>Kuzey K\u0131br\u0131s: \u00a31.004 (3 y\u0131ll\u0131k %67,61 art\u0131\u015f)<\/li>\n\n\n\n<li>Almanya: \u20ac4.221 (%-23,02 azal\u0131\u015f)<\/li>\n\n\n\n<li>\u0130spanya: \u20ac1.867 (%10,34 art\u0131\u015f)<\/li>\n\n\n\n<li>\u0130ngiltere: \u00a310.415 (%-6,59 azal\u0131\u015f)<\/li>\n<\/ul>\n\n\n\n<p><strong>Ev Fiyatlar\u0131<\/strong><\/p>\n\n\n\n<ul class=\"wp-block-list\">\n<li>Kuzey K\u0131br\u0131s: \u00a31.350 (3 y\u0131ll\u0131k %61,87 art\u0131\u015f)<\/li>\n\n\n\n<li>Almanya: \u20ac2.928 (%32,21 art\u0131\u015f)<\/li>\n\n\n\n<li>\u0130spanya: \u20ac1.512 (%10,93 art\u0131\u015f)<\/li>\n\n\n\n<li>\u0130ngiltere: \u00a38.330 (%41,35 art\u0131\u015f)<\/li>\n<\/ul>\n\n\n\n<h5 class=\"wp-block-heading\"><span class=\"ez-toc-section\" id=\"Sikca_Sorulan_Sorular_SSS\"><\/span>S\u0131k\u00e7a Sorulan Sorular (SSS)<span class=\"ez-toc-section-end\"><\/span><\/h5>\n\n\n\n<div class=\"schema-faq wp-block-yoast-faq-block\"><div class=\"schema-faq-section\" id=\"faq-question-1725564992910\"><strong class=\"schema-faq-question\">K\u0131br\u0131s\u2019ta ev almak finansal a\u00e7\u0131dan avantajl\u0131 m\u0131?<\/strong> <p class=\"schema-faq-answer\">Kesinlikle evet! K\u0131br\u0131s, d\u00fc\u015f\u00fck vergi oranlar\u0131 ve cazip kira getirileri ile yat\u0131r\u0131mc\u0131lar i\u00e7in b\u00fcy\u00fck bir f\u0131rsat sunar. Adan\u0131n sundu\u011fu h\u0131zl\u0131 yat\u0131r\u0131m geri d\u00f6n\u00fc\u015f\u00fc ve d\u00fc\u015f\u00fck ya\u015fam maliyetleri, emlak yat\u0131r\u0131mlar\u0131n\u0131z\u0131 daha kazan\u00e7l\u0131 hale getirir.<\/p> <\/div> <div class=\"schema-faq-section\" id=\"faq-question-1725565020542\"><strong class=\"schema-faq-question\">K\u0131br\u0131s\u2019ta ev al\u0131rken hangi yasal i\u015flemleri yapmal\u0131y\u0131m?<\/strong> <p class=\"schema-faq-answer\">K\u0131br\u0131s\u2019ta ev sat\u0131n al\u0131rken a\u015fa\u011f\u0131daki yasal ad\u0131mlar\u0131 takip etmelisiniz:<br\/><strong>Tapu Sorgulamas\u0131:<\/strong> M\u00fclk\u00fcn tapu kayd\u0131n\u0131 kontrol ederek herhangi bir hukuki sorun olup olmad\u0131\u011f\u0131n\u0131 do\u011frulay\u0131n.<br\/><strong>Yasal Dan\u0131\u015fmanl\u0131k:<\/strong> Bir avukat arac\u0131l\u0131\u011f\u0131yla, m\u00fclkiyet transferi ve s\u00f6zle\u015fme \u015fartlar\u0131n\u0131 inceleyin.<br\/><strong>Vergi ve Har\u00e7lar:<\/strong> Sat\u0131n alma s\u0131ras\u0131nda \u00f6denecek vergi ve har\u00e7lar\u0131 \u00f6\u011frenin ve bunlar\u0131 b\u00fct\u00e7enize dahil edin.<br\/><strong>\u0130zinler ve Belgeler:<\/strong> Yabanc\u0131 yat\u0131r\u0131mc\u0131lar i\u00e7in gerekli izinlerin ve belgelerin tamamland\u0131\u011f\u0131ndan emin olun.<\/p> <\/div> <div class=\"schema-faq-section\" id=\"faq-question-1725565032724\"><strong class=\"schema-faq-question\">K\u0131br\u0131s\u2019ta ya\u015fam standartlar\u0131 nas\u0131l?<\/strong> <p class=\"schema-faq-answer\">K\u0131br\u0131s, y\u00fcksek ya\u015fam standartlar\u0131 ve m\u00fckemmel ya\u015fam kalitesi sunar. Akdeniz iklimi sayesinde y\u0131l boyunca g\u00fczel hava ko\u015fullar\u0131ndan faydalanabilirsiniz. Adan\u0131n do\u011fal g\u00fczellikleri, temiz plajlar\u0131 ve geni\u015f ye\u015fil alanlar\u0131 ya\u015fam\u0131n\u0131za huzur katar. K\u0131br\u0131s\u2019\u0131n d\u00fc\u015f\u00fck su\u00e7 oranlar\u0131 ve y\u00fcksek standartlarda sa\u011fl\u0131k ve e\u011fitim hizmetleri, burada ya\u015faman\u0131z\u0131 daha da konforlu hale getirir.<\/p> <\/div> <\/div>\n","protected":false},"excerpt":{"rendered":"<p>Son \u00fc\u00e7 y\u0131lda Kuzey K\u0131br\u0131s&#8217;taki daire fiyatlar\u0131 %67,61 oran\u0131nda art\u0131\u015f g\u00f6sterdi ve bu da aday\u0131 y\u00fcksek potansiyelli bir yat\u0131r\u0131m merkezi [&hellip;]<\/p>\n","protected":false},"author":1,"featured_media":33543,"comment_status":"open","ping_status":"open","sticky":false,"template":"","format":"standard","meta":{"footnotes":""},"categories":[19],"tags":[],"class_list":["post-33527","post","type-post","status-publish","format-standard","has-post-thumbnail","hentry","category-pozitif"],"yoast_head":"<!-- This site is optimized with the Yoast SEO plugin v27.5 - https:\/\/yoast.com\/product\/yoast-seo-wordpress\/ -->\n<title>K\u0131br\u0131s&#039;tan Ev Almak \u0130\u00e7in 15 \u00d6nemli Neden (Kapsaml\u0131 Rehber) - Karekod Blog<\/title>\n<meta name=\"description\" content=\"K\u0131br\u0131s\u2019tan bir ev almak, sadece bir m\u00fclk sahibi olmak de\u011fil, ayn\u0131 zamanda hayat\u0131n\u0131za yeni bir y\u00f6n verme ve benzersiz avantajlardan..\" \/>\n<meta name=\"robots\" content=\"index, follow, max-snippet:-1, max-image-preview:large, max-video-preview:-1\" \/>\n<link rel=\"canonical\" href=\"https:\/\/www.karekod.org\/blog\/kibristan-ev-almak-icin-15-onemli-neden\/\" \/>\n<meta property=\"og:locale\" content=\"tr_TR\" \/>\n<meta property=\"og:type\" content=\"article\" \/>\n<meta property=\"og:title\" content=\"K\u0131br\u0131s&#039;tan Ev Almak \u0130\u00e7in 15 \u00d6nemli Neden (Kapsaml\u0131 Rehber) - Karekod Blog\" \/>\n<meta property=\"og:description\" content=\"K\u0131br\u0131s\u2019tan bir ev almak, sadece bir m\u00fclk sahibi olmak de\u011fil, ayn\u0131 zamanda hayat\u0131n\u0131za yeni bir y\u00f6n verme ve benzersiz avantajlardan..\" \/>\n<meta property=\"og:url\" content=\"https:\/\/www.karekod.org\/blog\/kibristan-ev-almak-icin-15-onemli-neden\/\" \/>\n<meta property=\"og:site_name\" content=\"Karekod Blog\" \/>\n<meta property=\"article:publisher\" content=\"https:\/\/www.facebook.com\/QarMenu\/\" \/>\n<meta property=\"article:author\" content=\"https:\/\/www.facebook.com\/mentor.perplexed\/\" \/>\n<meta property=\"article:published_time\" content=\"2024-09-05T21:00:52+00:00\" \/>\n<meta property=\"article:modified_time\" content=\"2024-09-05T21:02:55+00:00\" \/>\n<meta property=\"og:image\" content=\"https:\/\/www.karekod.org\/blog\/wp-content\/uploads\/2024\/09\/kibris-tan-ev-almak-2.jpg\" \/>\n\t<meta property=\"og:image:width\" content=\"1200\" \/>\n\t<meta property=\"og:image:height\" content=\"1000\" \/>\n\t<meta property=\"og:image:type\" content=\"image\/jpeg\" \/>\n<meta name=\"author\" content=\"Muharrem Emino\u011flu\" \/>\n<meta name=\"twitter:card\" content=\"summary_large_image\" \/>\n<meta name=\"twitter:creator\" content=\"@temassizmenu\" \/>\n<meta name=\"twitter:site\" content=\"@temassizmenu\" \/>\n<meta name=\"twitter:label1\" content=\"Yazan:\" \/>\n\t<meta name=\"twitter:data1\" content=\"Muharrem Emino\u011flu\" \/>\n\t<meta name=\"twitter:label2\" content=\"Tahmini okuma s\u00fcresi\" \/>\n\t<meta name=\"twitter:data2\" content=\"12 dakika\" \/>\n<script type=\"application\/ld+json\" class=\"yoast-schema-graph\">{\"@context\":\"https:\\\/\\\/schema.org\",\"@graph\":[{\"@type\":\"NewsArticle\",\"@id\":\"https:\\\/\\\/www.karekod.org\\\/blog\\\/kibristan-ev-almak-icin-15-onemli-neden\\\/#article\",\"isPartOf\":{\"@id\":\"https:\\\/\\\/www.karekod.org\\\/blog\\\/kibristan-ev-almak-icin-15-onemli-neden\\\/\"},\"author\":{\"name\":\"Muharrem Emino\u011flu\",\"@id\":\"https:\\\/\\\/www.karekod.org\\\/blog\\\/#\\\/schema\\\/person\\\/8c87c879aca1c63c7438bf937a5da8bd\"},\"headline\":\"K\u0131br\u0131s&#8217;tan Ev Almak \u0130\u00e7in 15 \u00d6nemli Neden (Kapsaml\u0131 Rehber)\",\"datePublished\":\"2024-09-05T21:00:52+00:00\",\"dateModified\":\"2024-09-05T21:02:55+00:00\",\"mainEntityOfPage\":{\"@id\":\"https:\\\/\\\/www.karekod.org\\\/blog\\\/kibristan-ev-almak-icin-15-onemli-neden\\\/\"},\"wordCount\":2377,\"commentCount\":0,\"publisher\":{\"@id\":\"https:\\\/\\\/www.karekod.org\\\/blog\\\/#organization\"},\"image\":{\"@id\":\"https:\\\/\\\/www.karekod.org\\\/blog\\\/kibristan-ev-almak-icin-15-onemli-neden\\\/#primaryimage\"},\"thumbnailUrl\":\"https:\\\/\\\/www.karekod.org\\\/blog\\\/wp-content\\\/uploads\\\/2024\\\/09\\\/kibris-tan-ev-almak-2.jpg\",\"articleSection\":[\"Pozitif\"],\"inLanguage\":\"tr\",\"potentialAction\":[{\"@type\":\"CommentAction\",\"name\":\"Comment\",\"target\":[\"https:\\\/\\\/www.karekod.org\\\/blog\\\/kibristan-ev-almak-icin-15-onemli-neden\\\/#respond\"]}]},{\"@type\":[\"WebPage\",\"FAQPage\"],\"@id\":\"https:\\\/\\\/www.karekod.org\\\/blog\\\/kibristan-ev-almak-icin-15-onemli-neden\\\/\",\"url\":\"https:\\\/\\\/www.karekod.org\\\/blog\\\/kibristan-ev-almak-icin-15-onemli-neden\\\/\",\"name\":\"K\u0131br\u0131s'tan Ev Almak \u0130\u00e7in 15 \u00d6nemli Neden (Kapsaml\u0131 Rehber) - Karekod Blog\",\"isPartOf\":{\"@id\":\"https:\\\/\\\/www.karekod.org\\\/blog\\\/#website\"},\"primaryImageOfPage\":{\"@id\":\"https:\\\/\\\/www.karekod.org\\\/blog\\\/kibristan-ev-almak-icin-15-onemli-neden\\\/#primaryimage\"},\"image\":{\"@id\":\"https:\\\/\\\/www.karekod.org\\\/blog\\\/kibristan-ev-almak-icin-15-onemli-neden\\\/#primaryimage\"},\"thumbnailUrl\":\"https:\\\/\\\/www.karekod.org\\\/blog\\\/wp-content\\\/uploads\\\/2024\\\/09\\\/kibris-tan-ev-almak-2.jpg\",\"datePublished\":\"2024-09-05T21:00:52+00:00\",\"dateModified\":\"2024-09-05T21:02:55+00:00\",\"description\":\"K\u0131br\u0131s\u2019tan bir ev almak, sadece bir m\u00fclk sahibi olmak de\u011fil, ayn\u0131 zamanda hayat\u0131n\u0131za yeni bir y\u00f6n verme ve benzersiz avantajlardan..\",\"breadcrumb\":{\"@id\":\"https:\\\/\\\/www.karekod.org\\\/blog\\\/kibristan-ev-almak-icin-15-onemli-neden\\\/#breadcrumb\"},\"mainEntity\":[{\"@id\":\"https:\\\/\\\/www.karekod.org\\\/blog\\\/kibristan-ev-almak-icin-15-onemli-neden\\\/#faq-question-1725564992910\"},{\"@id\":\"https:\\\/\\\/www.karekod.org\\\/blog\\\/kibristan-ev-almak-icin-15-onemli-neden\\\/#faq-question-1725565020542\"},{\"@id\":\"https:\\\/\\\/www.karekod.org\\\/blog\\\/kibristan-ev-almak-icin-15-onemli-neden\\\/#faq-question-1725565032724\"}],\"inLanguage\":\"tr\",\"potentialAction\":[{\"@type\":\"ReadAction\",\"target\":[\"https:\\\/\\\/www.karekod.org\\\/blog\\\/kibristan-ev-almak-icin-15-onemli-neden\\\/\"]}]},{\"@type\":\"ImageObject\",\"inLanguage\":\"tr\",\"@id\":\"https:\\\/\\\/www.karekod.org\\\/blog\\\/kibristan-ev-almak-icin-15-onemli-neden\\\/#primaryimage\",\"url\":\"https:\\\/\\\/www.karekod.org\\\/blog\\\/wp-content\\\/uploads\\\/2024\\\/09\\\/kibris-tan-ev-almak-2.jpg\",\"contentUrl\":\"https:\\\/\\\/www.karekod.org\\\/blog\\\/wp-content\\\/uploads\\\/2024\\\/09\\\/kibris-tan-ev-almak-2.jpg\",\"width\":1200,\"height\":1000,\"caption\":\"K\u0131br\u0131s'tan Ev Almak\"},{\"@type\":\"BreadcrumbList\",\"@id\":\"https:\\\/\\\/www.karekod.org\\\/blog\\\/kibristan-ev-almak-icin-15-onemli-neden\\\/#breadcrumb\",\"itemListElement\":[{\"@type\":\"ListItem\",\"position\":1,\"name\":\"Ana sayfa\",\"item\":\"https:\\\/\\\/www.karekod.org\\\/blog\\\/\"},{\"@type\":\"ListItem\",\"position\":2,\"name\":\"Pozitif\",\"item\":\"https:\\\/\\\/www.karekod.org\\\/blog\\\/category\\\/pozitif\\\/\"},{\"@type\":\"ListItem\",\"position\":3,\"name\":\"K\u0131br\u0131s&#8217;tan Ev Almak \u0130\u00e7in 15 \u00d6nemli Neden (Kapsaml\u0131 Rehber)\"}]},{\"@type\":\"WebSite\",\"@id\":\"https:\\\/\\\/www.karekod.org\\\/blog\\\/#website\",\"url\":\"https:\\\/\\\/www.karekod.org\\\/blog\\\/\",\"name\":\"Karekod Blog\",\"description\":\"2026 G\u00fcncel Alkol Fiyatlar\u0131 ve Piyasa Rehberi\",\"publisher\":{\"@id\":\"https:\\\/\\\/www.karekod.org\\\/blog\\\/#organization\"},\"alternateName\":\"Karekod Haber\",\"potentialAction\":[{\"@type\":\"SearchAction\",\"target\":{\"@type\":\"EntryPoint\",\"urlTemplate\":\"https:\\\/\\\/www.karekod.org\\\/blog\\\/?s={search_term_string}\"},\"query-input\":{\"@type\":\"PropertyValueSpecification\",\"valueRequired\":true,\"valueName\":\"search_term_string\"}}],\"inLanguage\":\"tr\"},{\"@type\":\"Organization\",\"@id\":\"https:\\\/\\\/www.karekod.org\\\/blog\\\/#organization\",\"name\":\"Karekod Blog\",\"alternateName\":\"Karekod Haber\",\"url\":\"https:\\\/\\\/www.karekod.org\\\/blog\\\/\",\"logo\":{\"@type\":\"ImageObject\",\"inLanguage\":\"tr\",\"@id\":\"https:\\\/\\\/www.karekod.org\\\/blog\\\/#\\\/schema\\\/logo\\\/image\\\/\",\"url\":\"https:\\\/\\\/www.karekod.org\\\/blog\\\/wp-content\\\/uploads\\\/2025\\\/01\\\/cropped-logo.webp\",\"contentUrl\":\"https:\\\/\\\/www.karekod.org\\\/blog\\\/wp-content\\\/uploads\\\/2025\\\/01\\\/cropped-logo.webp\",\"width\":512,\"height\":384,\"caption\":\"Karekod Blog\"},\"image\":{\"@id\":\"https:\\\/\\\/www.karekod.org\\\/blog\\\/#\\\/schema\\\/logo\\\/image\\\/\"},\"sameAs\":[\"https:\\\/\\\/www.facebook.com\\\/QarMenu\\\/\",\"https:\\\/\\\/x.com\\\/temassizmenu\",\"https:\\\/\\\/www.instagram.com\\\/qarmenu\\\/\",\"https:\\\/\\\/www.linkedin.com\\\/company\\\/karekod\\\/\",\"https:\\\/\\\/tr.pinterest.com\\\/dijitalmenu\\\/\",\"https:\\\/\\\/www.youtube.com\\\/@qrmenu\",\"https:\\\/\\\/karekodmenu.tumblr.com\\\/\",\"https:\\\/\\\/karekod.medium.com\\\/\",\"https:\\\/\\\/www.diigo.com\\\/user\\\/karekod\",\"https:\\\/\\\/mastodon.social\\\/@karekod\",\"https:\\\/\\\/vk.com\\\/karekod\",\"https:\\\/\\\/flipboard.com\\\/@karekod\",\"https:\\\/\\\/www.quora.com\\\/profile\\\/Karekod-Haber\",\"https:\\\/\\\/note.com\\\/karekod\"]},{\"@type\":\"Person\",\"@id\":\"https:\\\/\\\/www.karekod.org\\\/blog\\\/#\\\/schema\\\/person\\\/8c87c879aca1c63c7438bf937a5da8bd\",\"name\":\"Muharrem Emino\u011flu\",\"pronouns\":\"he\\\/him\",\"description\":\"Veri analizi ve dijital raporlama s\u00fcre\u00e7lerinde yenilik\u00e7i yakla\u015f\u0131mlar benimseyerek s\u00fcrd\u00fcr\u00fclebilir i\u015f modelleri \u00fczerine \u00e7al\u0131\u015fmalar yap\u0131yorum. Teknoloji, ekonomi ve dijital pazarlama alanlar\u0131nda g\u00fcncel ve g\u00fcvenilir i\u00e7erikler \u00fcretiyorum.\",\"sameAs\":[\"https:\\\/\\\/www.karekod.org\",\"https:\\\/\\\/www.facebook.com\\\/mentor.perplexed\\\/\",\"https:\\\/\\\/www.instagram.com\\\/mentorperplexed\\\/\",\"https:\\\/\\\/www.linkedin.com\\\/in\\\/eminoglu\\\/\",\"https:\\\/\\\/www.pinterest.de\\\/dijitalmenu\\\/\",\"https:\\\/\\\/x.com\\\/temassizmenu\",\"https:\\\/\\\/www.youtube.com\\\/channel\\\/UC_vI-xTP9NegNfIqSGoesGg\",\"https:\\\/\\\/qrmenu.tumblr.com\\\/\"],\"url\":\"https:\\\/\\\/www.karekod.org\\\/blog\\\/yazar\\\/muharrem-eminoglu\\\/\"},{\"@type\":\"Question\",\"@id\":\"https:\\\/\\\/www.karekod.org\\\/blog\\\/kibristan-ev-almak-icin-15-onemli-neden\\\/#faq-question-1725564992910\",\"position\":1,\"url\":\"https:\\\/\\\/www.karekod.org\\\/blog\\\/kibristan-ev-almak-icin-15-onemli-neden\\\/#faq-question-1725564992910\",\"name\":\"K\u0131br\u0131s\u2019ta ev almak finansal a\u00e7\u0131dan avantajl\u0131 m\u0131?\",\"answerCount\":1,\"acceptedAnswer\":{\"@type\":\"Answer\",\"text\":\"Kesinlikle evet! K\u0131br\u0131s, d\u00fc\u015f\u00fck vergi oranlar\u0131 ve cazip kira getirileri ile yat\u0131r\u0131mc\u0131lar i\u00e7in b\u00fcy\u00fck bir f\u0131rsat sunar. Adan\u0131n sundu\u011fu h\u0131zl\u0131 yat\u0131r\u0131m geri d\u00f6n\u00fc\u015f\u00fc ve d\u00fc\u015f\u00fck ya\u015fam maliyetleri, emlak yat\u0131r\u0131mlar\u0131n\u0131z\u0131 daha kazan\u00e7l\u0131 hale getirir.\",\"inLanguage\":\"tr\"},\"inLanguage\":\"tr\"},{\"@type\":\"Question\",\"@id\":\"https:\\\/\\\/www.karekod.org\\\/blog\\\/kibristan-ev-almak-icin-15-onemli-neden\\\/#faq-question-1725565020542\",\"position\":2,\"url\":\"https:\\\/\\\/www.karekod.org\\\/blog\\\/kibristan-ev-almak-icin-15-onemli-neden\\\/#faq-question-1725565020542\",\"name\":\"K\u0131br\u0131s\u2019ta ev al\u0131rken hangi yasal i\u015flemleri yapmal\u0131y\u0131m?\",\"answerCount\":1,\"acceptedAnswer\":{\"@type\":\"Answer\",\"text\":\"K\u0131br\u0131s\u2019ta ev sat\u0131n al\u0131rken a\u015fa\u011f\u0131daki yasal ad\u0131mlar\u0131 takip etmelisiniz:<br\\\/><strong>Tapu Sorgulamas\u0131:<\\\/strong> M\u00fclk\u00fcn tapu kayd\u0131n\u0131 kontrol ederek herhangi bir hukuki sorun olup olmad\u0131\u011f\u0131n\u0131 do\u011frulay\u0131n.<br\\\/><strong>Yasal Dan\u0131\u015fmanl\u0131k:<\\\/strong> Bir avukat arac\u0131l\u0131\u011f\u0131yla, m\u00fclkiyet transferi ve s\u00f6zle\u015fme \u015fartlar\u0131n\u0131 inceleyin.<br\\\/><strong>Vergi ve Har\u00e7lar:<\\\/strong> Sat\u0131n alma s\u0131ras\u0131nda \u00f6denecek vergi ve har\u00e7lar\u0131 \u00f6\u011frenin ve bunlar\u0131 b\u00fct\u00e7enize dahil edin.<br\\\/><strong>\u0130zinler ve Belgeler:<\\\/strong> Yabanc\u0131 yat\u0131r\u0131mc\u0131lar i\u00e7in gerekli izinlerin ve belgelerin tamamland\u0131\u011f\u0131ndan emin olun.\",\"inLanguage\":\"tr\"},\"inLanguage\":\"tr\"},{\"@type\":\"Question\",\"@id\":\"https:\\\/\\\/www.karekod.org\\\/blog\\\/kibristan-ev-almak-icin-15-onemli-neden\\\/#faq-question-1725565032724\",\"position\":3,\"url\":\"https:\\\/\\\/www.karekod.org\\\/blog\\\/kibristan-ev-almak-icin-15-onemli-neden\\\/#faq-question-1725565032724\",\"name\":\"K\u0131br\u0131s\u2019ta ya\u015fam standartlar\u0131 nas\u0131l?\",\"answerCount\":1,\"acceptedAnswer\":{\"@type\":\"Answer\",\"text\":\"K\u0131br\u0131s, y\u00fcksek ya\u015fam standartlar\u0131 ve m\u00fckemmel ya\u015fam kalitesi sunar. Akdeniz iklimi sayesinde y\u0131l boyunca g\u00fczel hava ko\u015fullar\u0131ndan faydalanabilirsiniz. Adan\u0131n do\u011fal g\u00fczellikleri, temiz plajlar\u0131 ve geni\u015f ye\u015fil alanlar\u0131 ya\u015fam\u0131n\u0131za huzur katar. K\u0131br\u0131s\u2019\u0131n d\u00fc\u015f\u00fck su\u00e7 oranlar\u0131 ve y\u00fcksek standartlarda sa\u011fl\u0131k ve e\u011fitim hizmetleri, burada ya\u015faman\u0131z\u0131 daha da konforlu hale getirir.\",\"inLanguage\":\"tr\"},\"inLanguage\":\"tr\"}]}<\/script>\n<!-- \/ Yoast SEO plugin. -->","yoast_head_json":{"title":"K\u0131br\u0131s'tan Ev Almak \u0130\u00e7in 15 \u00d6nemli Neden (Kapsaml\u0131 Rehber) - Karekod Blog","description":"K\u0131br\u0131s\u2019tan bir ev almak, sadece bir m\u00fclk sahibi olmak de\u011fil, ayn\u0131 zamanda hayat\u0131n\u0131za yeni bir y\u00f6n verme ve benzersiz avantajlardan..","robots":{"index":"index","follow":"follow","max-snippet":"max-snippet:-1","max-image-preview":"max-image-preview:large","max-video-preview":"max-video-preview:-1"},"canonical":"https:\/\/www.karekod.org\/blog\/kibristan-ev-almak-icin-15-onemli-neden\/","og_locale":"tr_TR","og_type":"article","og_title":"K\u0131br\u0131s'tan Ev Almak \u0130\u00e7in 15 \u00d6nemli Neden (Kapsaml\u0131 Rehber) - Karekod Blog","og_description":"K\u0131br\u0131s\u2019tan bir ev almak, sadece bir m\u00fclk sahibi olmak de\u011fil, ayn\u0131 zamanda hayat\u0131n\u0131za yeni bir y\u00f6n verme ve benzersiz avantajlardan..","og_url":"https:\/\/www.karekod.org\/blog\/kibristan-ev-almak-icin-15-onemli-neden\/","og_site_name":"Karekod Blog","article_publisher":"https:\/\/www.facebook.com\/QarMenu\/","article_author":"https:\/\/www.facebook.com\/mentor.perplexed\/","article_published_time":"2024-09-05T21:00:52+00:00","article_modified_time":"2024-09-05T21:02:55+00:00","og_image":[{"width":1200,"height":1000,"url":"https:\/\/www.karekod.org\/blog\/wp-content\/uploads\/2024\/09\/kibris-tan-ev-almak-2.jpg","type":"image\/jpeg"}],"author":"Muharrem Emino\u011flu","twitter_card":"summary_large_image","twitter_creator":"@temassizmenu","twitter_site":"@temassizmenu","twitter_misc":{"Yazan:":"Muharrem Emino\u011flu","Tahmini okuma s\u00fcresi":"12 dakika"},"schema":{"@context":"https:\/\/schema.org","@graph":[{"@type":"NewsArticle","@id":"https:\/\/www.karekod.org\/blog\/kibristan-ev-almak-icin-15-onemli-neden\/#article","isPartOf":{"@id":"https:\/\/www.karekod.org\/blog\/kibristan-ev-almak-icin-15-onemli-neden\/"},"author":{"name":"Muharrem Emino\u011flu","@id":"https:\/\/www.karekod.org\/blog\/#\/schema\/person\/8c87c879aca1c63c7438bf937a5da8bd"},"headline":"K\u0131br\u0131s&#8217;tan Ev Almak \u0130\u00e7in 15 \u00d6nemli Neden (Kapsaml\u0131 Rehber)","datePublished":"2024-09-05T21:00:52+00:00","dateModified":"2024-09-05T21:02:55+00:00","mainEntityOfPage":{"@id":"https:\/\/www.karekod.org\/blog\/kibristan-ev-almak-icin-15-onemli-neden\/"},"wordCount":2377,"commentCount":0,"publisher":{"@id":"https:\/\/www.karekod.org\/blog\/#organization"},"image":{"@id":"https:\/\/www.karekod.org\/blog\/kibristan-ev-almak-icin-15-onemli-neden\/#primaryimage"},"thumbnailUrl":"https:\/\/www.karekod.org\/blog\/wp-content\/uploads\/2024\/09\/kibris-tan-ev-almak-2.jpg","articleSection":["Pozitif"],"inLanguage":"tr","potentialAction":[{"@type":"CommentAction","name":"Comment","target":["https:\/\/www.karekod.org\/blog\/kibristan-ev-almak-icin-15-onemli-neden\/#respond"]}]},{"@type":["WebPage","FAQPage"],"@id":"https:\/\/www.karekod.org\/blog\/kibristan-ev-almak-icin-15-onemli-neden\/","url":"https:\/\/www.karekod.org\/blog\/kibristan-ev-almak-icin-15-onemli-neden\/","name":"K\u0131br\u0131s'tan Ev Almak \u0130\u00e7in 15 \u00d6nemli Neden (Kapsaml\u0131 Rehber) - Karekod Blog","isPartOf":{"@id":"https:\/\/www.karekod.org\/blog\/#website"},"primaryImageOfPage":{"@id":"https:\/\/www.karekod.org\/blog\/kibristan-ev-almak-icin-15-onemli-neden\/#primaryimage"},"image":{"@id":"https:\/\/www.karekod.org\/blog\/kibristan-ev-almak-icin-15-onemli-neden\/#primaryimage"},"thumbnailUrl":"https:\/\/www.karekod.org\/blog\/wp-content\/uploads\/2024\/09\/kibris-tan-ev-almak-2.jpg","datePublished":"2024-09-05T21:00:52+00:00","dateModified":"2024-09-05T21:02:55+00:00","description":"K\u0131br\u0131s\u2019tan bir ev almak, sadece bir m\u00fclk sahibi olmak de\u011fil, ayn\u0131 zamanda hayat\u0131n\u0131za yeni bir y\u00f6n verme ve benzersiz avantajlardan..","breadcrumb":{"@id":"https:\/\/www.karekod.org\/blog\/kibristan-ev-almak-icin-15-onemli-neden\/#breadcrumb"},"mainEntity":[{"@id":"https:\/\/www.karekod.org\/blog\/kibristan-ev-almak-icin-15-onemli-neden\/#faq-question-1725564992910"},{"@id":"https:\/\/www.karekod.org\/blog\/kibristan-ev-almak-icin-15-onemli-neden\/#faq-question-1725565020542"},{"@id":"https:\/\/www.karekod.org\/blog\/kibristan-ev-almak-icin-15-onemli-neden\/#faq-question-1725565032724"}],"inLanguage":"tr","potentialAction":[{"@type":"ReadAction","target":["https:\/\/www.karekod.org\/blog\/kibristan-ev-almak-icin-15-onemli-neden\/"]}]},{"@type":"ImageObject","inLanguage":"tr","@id":"https:\/\/www.karekod.org\/blog\/kibristan-ev-almak-icin-15-onemli-neden\/#primaryimage","url":"https:\/\/www.karekod.org\/blog\/wp-content\/uploads\/2024\/09\/kibris-tan-ev-almak-2.jpg","contentUrl":"https:\/\/www.karekod.org\/blog\/wp-content\/uploads\/2024\/09\/kibris-tan-ev-almak-2.jpg","width":1200,"height":1000,"caption":"K\u0131br\u0131s'tan Ev Almak"},{"@type":"BreadcrumbList","@id":"https:\/\/www.karekod.org\/blog\/kibristan-ev-almak-icin-15-onemli-neden\/#breadcrumb","itemListElement":[{"@type":"ListItem","position":1,"name":"Ana sayfa","item":"https:\/\/www.karekod.org\/blog\/"},{"@type":"ListItem","position":2,"name":"Pozitif","item":"https:\/\/www.karekod.org\/blog\/category\/pozitif\/"},{"@type":"ListItem","position":3,"name":"K\u0131br\u0131s&#8217;tan Ev Almak \u0130\u00e7in 15 \u00d6nemli Neden (Kapsaml\u0131 Rehber)"}]},{"@type":"WebSite","@id":"https:\/\/www.karekod.org\/blog\/#website","url":"https:\/\/www.karekod.org\/blog\/","name":"Karekod Blog","description":"2026 G\u00fcncel Alkol Fiyatlar\u0131 ve Piyasa Rehberi","publisher":{"@id":"https:\/\/www.karekod.org\/blog\/#organization"},"alternateName":"Karekod Haber","potentialAction":[{"@type":"SearchAction","target":{"@type":"EntryPoint","urlTemplate":"https:\/\/www.karekod.org\/blog\/?s={search_term_string}"},"query-input":{"@type":"PropertyValueSpecification","valueRequired":true,"valueName":"search_term_string"}}],"inLanguage":"tr"},{"@type":"Organization","@id":"https:\/\/www.karekod.org\/blog\/#organization","name":"Karekod Blog","alternateName":"Karekod Haber","url":"https:\/\/www.karekod.org\/blog\/","logo":{"@type":"ImageObject","inLanguage":"tr","@id":"https:\/\/www.karekod.org\/blog\/#\/schema\/logo\/image\/","url":"https:\/\/www.karekod.org\/blog\/wp-content\/uploads\/2025\/01\/cropped-logo.webp","contentUrl":"https:\/\/www.karekod.org\/blog\/wp-content\/uploads\/2025\/01\/cropped-logo.webp","width":512,"height":384,"caption":"Karekod Blog"},"image":{"@id":"https:\/\/www.karekod.org\/blog\/#\/schema\/logo\/image\/"},"sameAs":["https:\/\/www.facebook.com\/QarMenu\/","https:\/\/x.com\/temassizmenu","https:\/\/www.instagram.com\/qarmenu\/","https:\/\/www.linkedin.com\/company\/karekod\/","https:\/\/tr.pinterest.com\/dijitalmenu\/","https:\/\/www.youtube.com\/@qrmenu","https:\/\/karekodmenu.tumblr.com\/","https:\/\/karekod.medium.com\/","https:\/\/www.diigo.com\/user\/karekod","https:\/\/mastodon.social\/@karekod","https:\/\/vk.com\/karekod","https:\/\/flipboard.com\/@karekod","https:\/\/www.quora.com\/profile\/Karekod-Haber","https:\/\/note.com\/karekod"]},{"@type":"Person","@id":"https:\/\/www.karekod.org\/blog\/#\/schema\/person\/8c87c879aca1c63c7438bf937a5da8bd","name":"Muharrem Emino\u011flu","pronouns":"he\/him","description":"Veri analizi ve dijital raporlama s\u00fcre\u00e7lerinde yenilik\u00e7i yakla\u015f\u0131mlar benimseyerek s\u00fcrd\u00fcr\u00fclebilir i\u015f modelleri \u00fczerine \u00e7al\u0131\u015fmalar yap\u0131yorum. Teknoloji, ekonomi ve dijital pazarlama alanlar\u0131nda g\u00fcncel ve g\u00fcvenilir i\u00e7erikler \u00fcretiyorum.","sameAs":["https:\/\/www.karekod.org","https:\/\/www.facebook.com\/mentor.perplexed\/","https:\/\/www.instagram.com\/mentorperplexed\/","https:\/\/www.linkedin.com\/in\/eminoglu\/","https:\/\/www.pinterest.de\/dijitalmenu\/","https:\/\/x.com\/temassizmenu","https:\/\/www.youtube.com\/channel\/UC_vI-xTP9NegNfIqSGoesGg","https:\/\/qrmenu.tumblr.com\/"],"url":"https:\/\/www.karekod.org\/blog\/yazar\/muharrem-eminoglu\/"},{"@type":"Question","@id":"https:\/\/www.karekod.org\/blog\/kibristan-ev-almak-icin-15-onemli-neden\/#faq-question-1725564992910","position":1,"url":"https:\/\/www.karekod.org\/blog\/kibristan-ev-almak-icin-15-onemli-neden\/#faq-question-1725564992910","name":"K\u0131br\u0131s\u2019ta ev almak finansal a\u00e7\u0131dan avantajl\u0131 m\u0131?","answerCount":1,"acceptedAnswer":{"@type":"Answer","text":"Kesinlikle evet! K\u0131br\u0131s, d\u00fc\u015f\u00fck vergi oranlar\u0131 ve cazip kira getirileri ile yat\u0131r\u0131mc\u0131lar i\u00e7in b\u00fcy\u00fck bir f\u0131rsat sunar. Adan\u0131n sundu\u011fu h\u0131zl\u0131 yat\u0131r\u0131m geri d\u00f6n\u00fc\u015f\u00fc ve d\u00fc\u015f\u00fck ya\u015fam maliyetleri, emlak yat\u0131r\u0131mlar\u0131n\u0131z\u0131 daha kazan\u00e7l\u0131 hale getirir.","inLanguage":"tr"},"inLanguage":"tr"},{"@type":"Question","@id":"https:\/\/www.karekod.org\/blog\/kibristan-ev-almak-icin-15-onemli-neden\/#faq-question-1725565020542","position":2,"url":"https:\/\/www.karekod.org\/blog\/kibristan-ev-almak-icin-15-onemli-neden\/#faq-question-1725565020542","name":"K\u0131br\u0131s\u2019ta ev al\u0131rken hangi yasal i\u015flemleri yapmal\u0131y\u0131m?","answerCount":1,"acceptedAnswer":{"@type":"Answer","text":"K\u0131br\u0131s\u2019ta ev sat\u0131n al\u0131rken a\u015fa\u011f\u0131daki yasal ad\u0131mlar\u0131 takip etmelisiniz:<br\/><strong>Tapu Sorgulamas\u0131:<\/strong> M\u00fclk\u00fcn tapu kayd\u0131n\u0131 kontrol ederek herhangi bir hukuki sorun olup olmad\u0131\u011f\u0131n\u0131 do\u011frulay\u0131n.<br\/><strong>Yasal Dan\u0131\u015fmanl\u0131k:<\/strong> Bir avukat arac\u0131l\u0131\u011f\u0131yla, m\u00fclkiyet transferi ve s\u00f6zle\u015fme \u015fartlar\u0131n\u0131 inceleyin.<br\/><strong>Vergi ve Har\u00e7lar:<\/strong> Sat\u0131n alma s\u0131ras\u0131nda \u00f6denecek vergi ve har\u00e7lar\u0131 \u00f6\u011frenin ve bunlar\u0131 b\u00fct\u00e7enize dahil edin.<br\/><strong>\u0130zinler ve Belgeler:<\/strong> Yabanc\u0131 yat\u0131r\u0131mc\u0131lar i\u00e7in gerekli izinlerin ve belgelerin tamamland\u0131\u011f\u0131ndan emin olun.","inLanguage":"tr"},"inLanguage":"tr"},{"@type":"Question","@id":"https:\/\/www.karekod.org\/blog\/kibristan-ev-almak-icin-15-onemli-neden\/#faq-question-1725565032724","position":3,"url":"https:\/\/www.karekod.org\/blog\/kibristan-ev-almak-icin-15-onemli-neden\/#faq-question-1725565032724","name":"K\u0131br\u0131s\u2019ta ya\u015fam standartlar\u0131 nas\u0131l?","answerCount":1,"acceptedAnswer":{"@type":"Answer","text":"K\u0131br\u0131s, y\u00fcksek ya\u015fam standartlar\u0131 ve m\u00fckemmel ya\u015fam kalitesi sunar. Akdeniz iklimi sayesinde y\u0131l boyunca g\u00fczel hava ko\u015fullar\u0131ndan faydalanabilirsiniz. Adan\u0131n do\u011fal g\u00fczellikleri, temiz plajlar\u0131 ve geni\u015f ye\u015fil alanlar\u0131 ya\u015fam\u0131n\u0131za huzur katar. K\u0131br\u0131s\u2019\u0131n d\u00fc\u015f\u00fck su\u00e7 oranlar\u0131 ve y\u00fcksek standartlarda sa\u011fl\u0131k ve e\u011fitim hizmetleri, burada ya\u015faman\u0131z\u0131 daha da konforlu hale getirir.","inLanguage":"tr"},"inLanguage":"tr"}]}},"_links":{"self":[{"href":"https:\/\/www.karekod.org\/blog\/wp-json\/wp\/v2\/posts\/33527","targetHints":{"allow":["GET"]}}],"collection":[{"href":"https:\/\/www.karekod.org\/blog\/wp-json\/wp\/v2\/posts"}],"about":[{"href":"https:\/\/www.karekod.org\/blog\/wp-json\/wp\/v2\/types\/post"}],"author":[{"embeddable":true,"href":"https:\/\/www.karekod.org\/blog\/wp-json\/wp\/v2\/users\/1"}],"replies":[{"embeddable":true,"href":"https:\/\/www.karekod.org\/blog\/wp-json\/wp\/v2\/comments?post=33527"}],"version-history":[{"count":0,"href":"https:\/\/www.karekod.org\/blog\/wp-json\/wp\/v2\/posts\/33527\/revisions"}],"wp:featuredmedia":[{"embeddable":true,"href":"https:\/\/www.karekod.org\/blog\/wp-json\/wp\/v2\/media\/33543"}],"wp:attachment":[{"href":"https:\/\/www.karekod.org\/blog\/wp-json\/wp\/v2\/media?parent=33527"}],"wp:term":[{"taxonomy":"category","embeddable":true,"href":"https:\/\/www.karekod.org\/blog\/wp-json\/wp\/v2\/categories?post=33527"},{"taxonomy":"post_tag","embeddable":true,"href":"https:\/\/www.karekod.org\/blog\/wp-json\/wp\/v2\/tags?post=33527"}],"curies":[{"name":"wp","href":"https:\/\/api.w.org\/{rel}","templated":true}]}}