{"id":26398,"date":"2023-11-17T09:47:27","date_gmt":"2023-11-17T06:47:27","guid":{"rendered":"https:\/\/www.karekod.org\/blog\/?p=26398"},"modified":"2025-01-08T16:54:53","modified_gmt":"2025-01-08T13:54:53","slug":"fransa-vize-ucretleri","status":"publish","type":"post","link":"https:\/\/www.karekod.org\/blog\/fransa-vize-ucretleri\/","title":{"rendered":"T\u00fcrkiye&#8217;den Fransa \u0130\u00e7in Vize \u00dccretleri"},"content":{"rendered":"\n<p><strong>Fransa vize \u00fccreti<\/strong> hakk\u0131nda detayl\u0131 bilgiye sahip olmalar\u0131 da gerekir. Ancak ye\u015fil pasaport, gri pasaport ve siyah pasaporta sahip olan ki\u015filerin vize almadan 180 g\u00fcn i\u00e7erisinde 90 g\u00fcn seyahat etme hakk\u0131na sahiptir. Vize ile birlikte seyahat etmeniz gerekti\u011fi taktirde ise hangi \u00fclkeye gitmek istiyorsan\u0131z ve gezmek istiyorsan\u0131z e\u011fer o \u00fclkeye ilk giri\u015f yapmak i\u00e7in vizeyi o \u00fclke i\u00e7in alman\u0131z gerekir. Ayn\u0131 zamanda vize al\u0131rken vize t\u00fcrleri hakk\u0131nda da bilgi almak ve vize t\u00fcrlerine g\u00f6re seyahat etmeniz de gerekir. Bu makalede, Fransa vize \u00fccretleri ve t\u00fcrleri hakk\u0131nda bilgi verece\u011fiz.<\/p><div id=\"ez-toc-container\" class=\"ez-toc-v2_0_82_2 counter-hierarchy ez-toc-counter ez-toc-grey ez-toc-container-direction\">\n<div class=\"ez-toc-title-container\">\n<p class=\"ez-toc-title\" style=\"cursor:inherit\">\u0130\u00e7indekiler<\/p>\n<span class=\"ez-toc-title-toggle\"><a href=\"#\" class=\"ez-toc-pull-right ez-toc-btn ez-toc-btn-xs ez-toc-btn-default ez-toc-toggle\" aria-label=\"\u0130\u00e7indekiler Tablosunu A\u00e7\/Kapat\"><span class=\"ez-toc-js-icon-con\"><span class=\"\"><span class=\"eztoc-hide\" style=\"display:none;\">Toggle<\/span><span class=\"ez-toc-icon-toggle-span\"><svg style=\"fill: #999;color:#999\" xmlns=\"http:\/\/www.w3.org\/2000\/svg\" class=\"list-377408\" width=\"20px\" height=\"20px\" viewBox=\"0 0 24 24\" fill=\"none\"><path d=\"M6 6H4v2h2V6zm14 0H8v2h12V6zM4 11h2v2H4v-2zm16 0H8v2h12v-2zM4 16h2v2H4v-2zm16 0H8v2h12v-2z\" fill=\"currentColor\"><\/path><\/svg><svg style=\"fill: #999;color:#999\" class=\"arrow-unsorted-368013\" xmlns=\"http:\/\/www.w3.org\/2000\/svg\" width=\"10px\" height=\"10px\" viewBox=\"0 0 24 24\" version=\"1.2\" baseProfile=\"tiny\"><path d=\"M18.2 9.3l-6.2-6.3-6.2 6.3c-.2.2-.3.4-.3.7s.1.5.3.7c.2.2.4.3.7.3h11c.3 0 .5-.1.7-.3.2-.2.3-.5.3-.7s-.1-.5-.3-.7zM5.8 14.7l6.2 6.3 6.2-6.3c.2-.2.3-.5.3-.7s-.1-.5-.3-.7c-.2-.2-.4-.3-.7-.3h-11c-.3 0-.5.1-.7.3-.2.2-.3.5-.3.7s.1.5.3.7z\"\/><\/svg><\/span><\/span><\/span><\/a><\/span><\/div>\n<nav><ul class='ez-toc-list ez-toc-list-level-1 ' ><li class='ez-toc-page-1 ez-toc-heading-level-2'><a class=\"ez-toc-link ez-toc-heading-1\" href=\"https:\/\/www.karekod.org\/blog\/fransa-vize-ucretleri\/#Fransa_Vize_Ucretleri\" >Fransa Vize \u00dccretleri<\/a><\/li><li class='ez-toc-page-1 ez-toc-heading-level-2'><a class=\"ez-toc-link ez-toc-heading-2\" href=\"https:\/\/www.karekod.org\/blog\/fransa-vize-ucretleri\/#Fransa_Vize_Basvurusu_Nasil_Yapilir\" >Fransa Vize Ba\u015fvurusu Nas\u0131l Yap\u0131l\u0131r?<\/a><ul class='ez-toc-list-level-3' ><li class='ez-toc-heading-level-3'><a class=\"ez-toc-link ez-toc-heading-3\" href=\"https:\/\/www.karekod.org\/blog\/fransa-vize-ucretleri\/#Fransa_Vize_Turleri\" >Fransa Vize T\u00fcrleri<\/a><\/li><li class='ez-toc-page-1 ez-toc-heading-level-3'><a class=\"ez-toc-link ez-toc-heading-4\" href=\"https:\/\/www.karekod.org\/blog\/fransa-vize-ucretleri\/#Ilgili_Baglantilar\" >\u0130lgili Ba\u011flant\u0131lar<\/a><\/li><\/ul><\/li><\/ul><\/nav><\/div>\n\n\n\n\n<h2 class=\"wp-block-heading\"><span class=\"ez-toc-section\" id=\"Fransa_Vize_Ucretleri\"><\/span>Fransa Vize \u00dccretleri<span class=\"ez-toc-section-end\"><\/span><\/h2>\n\n\n\n<figure class=\"wp-block-image size-large\"><img loading=\"lazy\" decoding=\"async\" width=\"1024\" height=\"719\" src=\"https:\/\/www.karekod.org\/blog\/wp-content\/uploads\/2023\/11\/fransa-vizesi-1024x719.webp\" alt=\"Fransa Vizesi\" class=\"wp-image-26401\" srcset=\"https:\/\/www.karekod.org\/blog\/wp-content\/uploads\/2023\/11\/fransa-vizesi-1024x719.webp 1024w, https:\/\/www.karekod.org\/blog\/wp-content\/uploads\/2023\/11\/fransa-vizesi-300x211.webp 300w, https:\/\/www.karekod.org\/blog\/wp-content\/uploads\/2023\/11\/fransa-vizesi-768x539.webp 768w, https:\/\/www.karekod.org\/blog\/wp-content\/uploads\/2023\/11\/fransa-vizesi-730x512.webp 730w, https:\/\/www.karekod.org\/blog\/wp-content\/uploads\/2023\/11\/fransa-vizesi-350x246.webp 350w, https:\/\/www.karekod.org\/blog\/wp-content\/uploads\/2023\/11\/fransa-vizesi-1100x772.webp 1100w, https:\/\/www.karekod.org\/blog\/wp-content\/uploads\/2023\/11\/fransa-vizesi.webp 1140w\" sizes=\"auto, (max-width: 1024px) 100vw, 1024px\" \/><figcaption class=\"wp-element-caption\">Fransa Vize \u00dccretleri<\/figcaption><\/figure>\n\n\n\n<ul class=\"wp-block-list\">\n<li><strong>K\u0131sa s\u00fcreli vize \u00fccreti:<\/strong> T\u00fcrkiye Cumhuriyeti vatanda\u015flar\u0131 i\u00e7in Fransa veya <a href=\"https:\/\/www.karekod.org\/blog\/schengen-vizesi-fiyatlari\/\">Schengen<\/a> \u00fclkeleri i\u00e7in, ge\u00e7erlilik s\u00fcresine ba\u011fl\u0131 olmaks\u0131z\u0131n, 80 avro&#8217;dur.<\/li>\n\n\n\n<li><strong>Uzun s\u00fcreli vize \u00fccreti:<\/strong> Fransa&#8217;da kalmaya y\u00f6nelik uzun s\u00fcreli vizelerin \u00fccreti ise 99 avro&#8217;dur.<\/li>\n<\/ul>\n\n\n\n<p><strong>Vize \u00fccretleri VFS Global taraf\u0131ndan tahsil edilir.<\/strong> VFS Global, Fransa vize ba\u015fvurular\u0131 i\u00e7in T\u00fcrkiye&#8217;de yetkili arac\u0131 kurumdur. Vize \u00fccretine ek olarak, VFS Global taraf\u0131ndan 25 \u20ac hizmet \u00fccreti tahsil edilir. Bu \u00fccret, vize ba\u015fvuru s\u00fcrecinin y\u00fcr\u00fct\u00fclmesi i\u00e7in gerekli olan hizmetler i\u00e7in \u00f6denir.<\/p>\n\n\n\n<p><strong>Vize ba\u015fvuru \u00fccretleri, ba\u015fvuru sahibinin ya\u015f\u0131na, seyahat amac\u0131na ve seyahat s\u00fcresine g\u00f6re de\u011fi\u015febilir.<\/strong> \u00d6rne\u011fin, 18 ya\u015f\u0131n alt\u0131ndaki \u00e7ocuklar i\u00e7in vize \u00fccreti, yeti\u015fkinler i\u00e7in ge\u00e7erli olan \u00fccretin yar\u0131s\u0131d\u0131r.<\/p>\n\n\n\n<p><strong>Vize \u00fccretini \u00f6dedikten sonra, vize ba\u015fvuru formunu doldurman\u0131z ve gerekli belgeleri haz\u0131rlaman\u0131z gerekir.<\/strong> Vize ba\u015fvuru formunu doldururken, seyahat amac\u0131n\u0131z\u0131, seyahat tarihlerinizi ve finansal durumunuzu ayr\u0131nt\u0131l\u0131 olarak belirtmeniz gerekir. Gerekli belgeler aras\u0131nda pasaport, seyahat sa\u011fl\u0131k sigortas\u0131, otel ve u\u00e7ak rezervasyonlar\u0131, gelir belgeleri ve davetiye mektubu bulunur.<\/p>\n\n\n\n<p><strong>Vize ba\u015fvurunuzu tamamlad\u0131ktan sonra, VFS Global taraf\u0131ndan randevu alman\u0131z gerekir.<\/strong> Randevu g\u00fcn\u00fc, vize ba\u015fvuru belgelerinizi VFS Global ofisine teslim etmeniz gerekir. Vize ba\u015fvurusu ortalama 15 i\u015f g\u00fcn\u00fc i\u00e7inde sonu\u00e7lan\u0131r.<\/p>\n\n\n\n<h2 class=\"wp-block-heading\"><span class=\"ez-toc-section\" id=\"Fransa_Vize_Basvurusu_Nasil_Yapilir\"><\/span><strong>Fransa Vize Ba\u015fvurusu Nas\u0131l Yap\u0131l\u0131r?<\/strong><span class=\"ez-toc-section-end\"><\/span><\/h2>\n\n\n\n<figure class=\"wp-block-image size-large\"><img loading=\"lazy\" decoding=\"async\" width=\"1024\" height=\"683\" src=\"https:\/\/www.karekod.org\/blog\/wp-content\/uploads\/2023\/11\/fransa-vize-1024x683.webp\" alt=\"Fransa Vize\" class=\"wp-image-26400\" srcset=\"https:\/\/www.karekod.org\/blog\/wp-content\/uploads\/2023\/11\/fransa-vize-1024x683.webp 1024w, https:\/\/www.karekod.org\/blog\/wp-content\/uploads\/2023\/11\/fransa-vize-300x200.webp 300w, https:\/\/www.karekod.org\/blog\/wp-content\/uploads\/2023\/11\/fransa-vize-768x512.webp 768w, https:\/\/www.karekod.org\/blog\/wp-content\/uploads\/2023\/11\/fransa-vize-730x487.webp 730w, https:\/\/www.karekod.org\/blog\/wp-content\/uploads\/2023\/11\/fransa-vize-350x233.webp 350w, https:\/\/www.karekod.org\/blog\/wp-content\/uploads\/2023\/11\/fransa-vize-1100x733.webp 1100w, https:\/\/www.karekod.org\/blog\/wp-content\/uploads\/2023\/11\/fransa-vize.webp 1200w\" sizes=\"auto, (max-width: 1024px) 100vw, 1024px\" \/><figcaption class=\"wp-element-caption\">Fransa Vize<\/figcaption><\/figure>\n\n\n\n<p>Fransaya seyahet etmek isteyen T\u00fcrk vatanda\u015flar\u0131n Schengen vizesine ba\u015fvuru yapmalar\u0131 gerekir. Ayn\u0131 zamanda ise vize t\u00fcrleri seyahatin uzunlu\u011funa ve k\u0131sal\u0131\u011f\u0131na g\u00f6re de\u011fi\u015fiklik g\u00f6stermektedir. E\u011fer Fransa&#8217;ya k\u0131sa bir seyahat d\u00fc\u015f\u00fcn\u00fcyorsan\u0131z Fransa Ba\u015fkonsoloslu\u011fu taraf\u0131nda y\u00f6nlendirmekte olan yetkili kurumlardan vize i\u015flemleri ger\u00e7ekle\u015ftirebilirsiniz. Ancak Fransa&#8217;ya uzun s\u00fcreli seyahat etmek istiyorsan\u0131z yani 90 g\u00fcn ve daha fazla olarak o zaman da D tipi vizeye ba\u015fvurman\u0131z gerekir. D tipi vize de \u015fahsi olarak Fransa Ba\u015fkonsoloslu\u011funa ya da Fransa B\u00fcy\u00fckel\u00e7ilikleri taraf\u0131ndan ger\u00e7ekle\u015ftirmeniz gerekir. Vizeniz onayland\u0131\u011f\u0131na kar\u015f\u0131l\u0131k bilgiyi de sizler Fransa B\u00fcy\u00fckel\u00e7ili\u011fi veya Fransa Konsolosluklar\u0131 taraf\u0131ndan sizlere iletilir.&nbsp;&nbsp;<\/p>\n\n\n\n<h3 class=\"wp-block-heading\"><span class=\"ez-toc-section\" id=\"Fransa_Vize_Turleri\"><\/span><strong>Fransa Vize T\u00fcrleri<\/strong><span class=\"ez-toc-section-end\"><\/span><\/h3>\n\n\n\n<p>Fransa \u00fclkesine seyahat etmek isteyen ki\u015filerin ama\u00e7lar\u0131na uygun olacak \u015fekilde vize t\u00fcrleri aras\u0131nda vize almalar\u0131 gerekir. Vize t\u00fcrleri ise;&nbsp;&nbsp;<\/p>\n\n\n\n<ul class=\"wp-block-list\">\n<li>Aile ve arkada\u015f ziyaretleri ama\u00e7l\u0131 Fransa vizesi&nbsp;<\/li>\n\n\n\n<li>Turistik ama\u00e7l\u0131 Fransa vizesi&nbsp;&nbsp;<\/li>\n\n\n\n<li>E\u011fitim ama\u00e7l\u0131 Fransa vizesi&nbsp;&nbsp;<\/li>\n\n\n\n<li>\u0130\u015f ve ticaret ama\u00e7l\u0131 Fransa vizesi&nbsp;&nbsp;<\/li>\n\n\n\n<li>Aile birle\u015fimi ama\u00e7l\u0131 Fransa vizesi<\/li>\n<\/ul>\n\n\n\n<figure class=\"wp-block-embed is-type-video is-provider-youtube wp-block-embed-youtube wp-embed-aspect-16-9 wp-has-aspect-ratio\"><div class=\"wp-block-embed__wrapper\">\nhttps:\/\/www.youtube.com\/watch?v=VLbYQuoHzdM\n<\/div><figcaption class=\"wp-element-caption\">Fransa Schengen Vizesi Haz\u0131rlanacaklar Listesi<\/figcaption><\/figure>\n\n\n\n<h3 class=\"wp-block-heading has-medium-font-size\"><span class=\"ez-toc-section\" id=\"Ilgili_Baglantilar\"><\/span>\u0130lgili Ba\u011flant\u0131lar<span class=\"ez-toc-section-end\"><\/span><\/h3>\n\n\n\n<p><a href=\"https:\/\/www.karekod.org\/blog\/kanada-vize-basvurusu-icin-gerekli-olan-evraklar\/\">Kanada Vizesi Evraklar\u0131<\/a><\/p>\n\n\n\n<p><a href=\"https:\/\/www.karekod.org\/blog\/amerika-vizesi-randevu-almak-icin-onemli-bilgiler\/\">Amerika Vizesi Randevu<\/a><\/p>\n","protected":false},"excerpt":{"rendered":"<p>Fransa vize \u00fccreti hakk\u0131nda detayl\u0131 bilgiye sahip olmalar\u0131 da gerekir. Ancak ye\u015fil pasaport, gri pasaport ve siyah pasaporta sahip olan [&hellip;]<\/p>\n","protected":false},"author":1,"featured_media":26402,"comment_status":"open","ping_status":"open","sticky":false,"template":"","format":"standard","meta":{"footnotes":""},"categories":[19],"tags":[],"class_list":["post-26398","post","type-post","status-publish","format-standard","has-post-thumbnail","hentry","category-pozitif"],"yoast_head":"<!-- This site is optimized with the Yoast SEO plugin v27.5 - https:\/\/yoast.com\/product\/yoast-seo-wordpress\/ -->\n<title>T\u00fcrkiye&#039;den Fransa \u0130\u00e7in Vize \u00dccretleri - Karekod Blog<\/title>\n<meta name=\"description\" content=\"Fransa Vize \u00dccretleri: K\u0131sa s\u00fcreli vize \u00fccreti: T\u00fcrkiye Cumhuriyeti vatanda\u015flar\u0131 i\u00e7in Fransa veya Schengen \u00fclkeleri i\u00e7in, ge\u00e7erlilik s\u00fcresi\" \/>\n<meta name=\"robots\" content=\"index, follow, max-snippet:-1, max-image-preview:large, max-video-preview:-1\" \/>\n<link rel=\"canonical\" href=\"https:\/\/www.karekod.org\/blog\/fransa-vize-ucretleri\/\" \/>\n<meta property=\"og:locale\" content=\"tr_TR\" \/>\n<meta property=\"og:type\" content=\"article\" \/>\n<meta property=\"og:title\" content=\"T\u00fcrkiye&#039;den Fransa \u0130\u00e7in Vize \u00dccretleri - Karekod Blog\" \/>\n<meta property=\"og:description\" content=\"Fransa Vize \u00dccretleri: K\u0131sa s\u00fcreli vize \u00fccreti: T\u00fcrkiye Cumhuriyeti vatanda\u015flar\u0131 i\u00e7in Fransa veya Schengen \u00fclkeleri i\u00e7in, ge\u00e7erlilik s\u00fcresi\" \/>\n<meta property=\"og:url\" content=\"https:\/\/www.karekod.org\/blog\/fransa-vize-ucretleri\/\" \/>\n<meta property=\"og:site_name\" content=\"Karekod Blog\" \/>\n<meta property=\"article:publisher\" content=\"https:\/\/www.facebook.com\/QarMenu\/\" \/>\n<meta property=\"article:author\" content=\"https:\/\/www.facebook.com\/mentor.perplexed\/\" \/>\n<meta property=\"article:published_time\" content=\"2023-11-17T06:47:27+00:00\" \/>\n<meta property=\"article:modified_time\" content=\"2025-01-08T13:54:53+00:00\" \/>\n<meta property=\"og:image\" content=\"https:\/\/www.karekod.org\/blog\/wp-content\/uploads\/2023\/11\/fransa-vizesi-1.webp\" \/>\n\t<meta property=\"og:image:width\" content=\"1200\" \/>\n\t<meta property=\"og:image:height\" content=\"800\" \/>\n\t<meta property=\"og:image:type\" content=\"image\/webp\" \/>\n<meta name=\"author\" content=\"Muharrem Emino\u011flu\" \/>\n<meta name=\"twitter:card\" content=\"summary_large_image\" \/>\n<meta name=\"twitter:creator\" content=\"@temassizmenu\" \/>\n<meta name=\"twitter:site\" content=\"@temassizmenu\" \/>\n<meta name=\"twitter:label1\" content=\"Yazan:\" \/>\n\t<meta name=\"twitter:data1\" content=\"Muharrem Emino\u011flu\" \/>\n\t<meta name=\"twitter:label2\" content=\"Tahmini okuma s\u00fcresi\" \/>\n\t<meta name=\"twitter:data2\" content=\"3 dakika\" \/>\n<script type=\"application\/ld+json\" class=\"yoast-schema-graph\">{\"@context\":\"https:\\\/\\\/schema.org\",\"@graph\":[{\"@type\":\"NewsArticle\",\"@id\":\"https:\\\/\\\/www.karekod.org\\\/blog\\\/fransa-vize-ucretleri\\\/#article\",\"isPartOf\":{\"@id\":\"https:\\\/\\\/www.karekod.org\\\/blog\\\/fransa-vize-ucretleri\\\/\"},\"author\":{\"name\":\"Muharrem Emino\u011flu\",\"@id\":\"https:\\\/\\\/www.karekod.org\\\/blog\\\/#\\\/schema\\\/person\\\/8c87c879aca1c63c7438bf937a5da8bd\"},\"headline\":\"T\u00fcrkiye&#8217;den Fransa \u0130\u00e7in Vize \u00dccretleri\",\"datePublished\":\"2023-11-17T06:47:27+00:00\",\"dateModified\":\"2025-01-08T13:54:53+00:00\",\"mainEntityOfPage\":{\"@id\":\"https:\\\/\\\/www.karekod.org\\\/blog\\\/fransa-vize-ucretleri\\\/\"},\"wordCount\":605,\"commentCount\":0,\"publisher\":{\"@id\":\"https:\\\/\\\/www.karekod.org\\\/blog\\\/#organization\"},\"image\":{\"@id\":\"https:\\\/\\\/www.karekod.org\\\/blog\\\/fransa-vize-ucretleri\\\/#primaryimage\"},\"thumbnailUrl\":\"https:\\\/\\\/www.karekod.org\\\/blog\\\/wp-content\\\/uploads\\\/2023\\\/11\\\/fransa-vizesi-1.webp\",\"articleSection\":[\"Pozitif\"],\"inLanguage\":\"tr\",\"potentialAction\":[{\"@type\":\"CommentAction\",\"name\":\"Comment\",\"target\":[\"https:\\\/\\\/www.karekod.org\\\/blog\\\/fransa-vize-ucretleri\\\/#respond\"]}]},{\"@type\":\"WebPage\",\"@id\":\"https:\\\/\\\/www.karekod.org\\\/blog\\\/fransa-vize-ucretleri\\\/\",\"url\":\"https:\\\/\\\/www.karekod.org\\\/blog\\\/fransa-vize-ucretleri\\\/\",\"name\":\"T\u00fcrkiye'den Fransa \u0130\u00e7in Vize \u00dccretleri - Karekod Blog\",\"isPartOf\":{\"@id\":\"https:\\\/\\\/www.karekod.org\\\/blog\\\/#website\"},\"primaryImageOfPage\":{\"@id\":\"https:\\\/\\\/www.karekod.org\\\/blog\\\/fransa-vize-ucretleri\\\/#primaryimage\"},\"image\":{\"@id\":\"https:\\\/\\\/www.karekod.org\\\/blog\\\/fransa-vize-ucretleri\\\/#primaryimage\"},\"thumbnailUrl\":\"https:\\\/\\\/www.karekod.org\\\/blog\\\/wp-content\\\/uploads\\\/2023\\\/11\\\/fransa-vizesi-1.webp\",\"datePublished\":\"2023-11-17T06:47:27+00:00\",\"dateModified\":\"2025-01-08T13:54:53+00:00\",\"description\":\"Fransa Vize \u00dccretleri: K\u0131sa s\u00fcreli vize \u00fccreti: T\u00fcrkiye Cumhuriyeti vatanda\u015flar\u0131 i\u00e7in Fransa veya Schengen \u00fclkeleri i\u00e7in, ge\u00e7erlilik s\u00fcresi\",\"breadcrumb\":{\"@id\":\"https:\\\/\\\/www.karekod.org\\\/blog\\\/fransa-vize-ucretleri\\\/#breadcrumb\"},\"inLanguage\":\"tr\",\"potentialAction\":[{\"@type\":\"ReadAction\",\"target\":[\"https:\\\/\\\/www.karekod.org\\\/blog\\\/fransa-vize-ucretleri\\\/\"]}]},{\"@type\":\"ImageObject\",\"inLanguage\":\"tr\",\"@id\":\"https:\\\/\\\/www.karekod.org\\\/blog\\\/fransa-vize-ucretleri\\\/#primaryimage\",\"url\":\"https:\\\/\\\/www.karekod.org\\\/blog\\\/wp-content\\\/uploads\\\/2023\\\/11\\\/fransa-vizesi-1.webp\",\"contentUrl\":\"https:\\\/\\\/www.karekod.org\\\/blog\\\/wp-content\\\/uploads\\\/2023\\\/11\\\/fransa-vizesi-1.webp\",\"width\":1200,\"height\":800,\"caption\":\"Fransa Vizesi\"},{\"@type\":\"BreadcrumbList\",\"@id\":\"https:\\\/\\\/www.karekod.org\\\/blog\\\/fransa-vize-ucretleri\\\/#breadcrumb\",\"itemListElement\":[{\"@type\":\"ListItem\",\"position\":1,\"name\":\"Ana sayfa\",\"item\":\"https:\\\/\\\/www.karekod.org\\\/blog\\\/\"},{\"@type\":\"ListItem\",\"position\":2,\"name\":\"Pozitif\",\"item\":\"https:\\\/\\\/www.karekod.org\\\/blog\\\/category\\\/pozitif\\\/\"},{\"@type\":\"ListItem\",\"position\":3,\"name\":\"T\u00fcrkiye&#8217;den Fransa \u0130\u00e7in Vize \u00dccretleri\"}]},{\"@type\":\"WebSite\",\"@id\":\"https:\\\/\\\/www.karekod.org\\\/blog\\\/#website\",\"url\":\"https:\\\/\\\/www.karekod.org\\\/blog\\\/\",\"name\":\"Karekod Blog\",\"description\":\"2026 G\u00fcncel Alkol Fiyatlar\u0131 ve Piyasa Rehberi\",\"publisher\":{\"@id\":\"https:\\\/\\\/www.karekod.org\\\/blog\\\/#organization\"},\"alternateName\":\"Karekod Haber\",\"potentialAction\":[{\"@type\":\"SearchAction\",\"target\":{\"@type\":\"EntryPoint\",\"urlTemplate\":\"https:\\\/\\\/www.karekod.org\\\/blog\\\/?s={search_term_string}\"},\"query-input\":{\"@type\":\"PropertyValueSpecification\",\"valueRequired\":true,\"valueName\":\"search_term_string\"}}],\"inLanguage\":\"tr\"},{\"@type\":\"Organization\",\"@id\":\"https:\\\/\\\/www.karekod.org\\\/blog\\\/#organization\",\"name\":\"Karekod Blog\",\"alternateName\":\"Karekod Haber\",\"url\":\"https:\\\/\\\/www.karekod.org\\\/blog\\\/\",\"logo\":{\"@type\":\"ImageObject\",\"inLanguage\":\"tr\",\"@id\":\"https:\\\/\\\/www.karekod.org\\\/blog\\\/#\\\/schema\\\/logo\\\/image\\\/\",\"url\":\"https:\\\/\\\/www.karekod.org\\\/blog\\\/wp-content\\\/uploads\\\/2025\\\/01\\\/cropped-logo.webp\",\"contentUrl\":\"https:\\\/\\\/www.karekod.org\\\/blog\\\/wp-content\\\/uploads\\\/2025\\\/01\\\/cropped-logo.webp\",\"width\":512,\"height\":384,\"caption\":\"Karekod Blog\"},\"image\":{\"@id\":\"https:\\\/\\\/www.karekod.org\\\/blog\\\/#\\\/schema\\\/logo\\\/image\\\/\"},\"sameAs\":[\"https:\\\/\\\/www.facebook.com\\\/QarMenu\\\/\",\"https:\\\/\\\/x.com\\\/temassizmenu\",\"https:\\\/\\\/www.instagram.com\\\/qarmenu\\\/\",\"https:\\\/\\\/www.linkedin.com\\\/company\\\/karekod\\\/\",\"https:\\\/\\\/tr.pinterest.com\\\/dijitalmenu\\\/\",\"https:\\\/\\\/www.youtube.com\\\/@qrmenu\",\"https:\\\/\\\/karekodmenu.tumblr.com\\\/\",\"https:\\\/\\\/karekod.medium.com\\\/\",\"https:\\\/\\\/www.diigo.com\\\/user\\\/karekod\",\"https:\\\/\\\/mastodon.social\\\/@karekod\",\"https:\\\/\\\/vk.com\\\/karekod\",\"https:\\\/\\\/flipboard.com\\\/@karekod\",\"https:\\\/\\\/www.quora.com\\\/profile\\\/Karekod-Haber\",\"https:\\\/\\\/note.com\\\/karekod\"]},{\"@type\":\"Person\",\"@id\":\"https:\\\/\\\/www.karekod.org\\\/blog\\\/#\\\/schema\\\/person\\\/8c87c879aca1c63c7438bf937a5da8bd\",\"name\":\"Muharrem Emino\u011flu\",\"pronouns\":\"he\\\/him\",\"description\":\"Veri analizi ve dijital raporlama s\u00fcre\u00e7lerinde yenilik\u00e7i yakla\u015f\u0131mlar benimseyerek s\u00fcrd\u00fcr\u00fclebilir i\u015f modelleri \u00fczerine \u00e7al\u0131\u015fmalar yap\u0131yorum. Teknoloji, ekonomi ve dijital pazarlama alanlar\u0131nda g\u00fcncel ve g\u00fcvenilir i\u00e7erikler \u00fcretiyorum.\",\"sameAs\":[\"https:\\\/\\\/www.karekod.org\",\"https:\\\/\\\/www.facebook.com\\\/mentor.perplexed\\\/\",\"https:\\\/\\\/www.instagram.com\\\/mentorperplexed\\\/\",\"https:\\\/\\\/www.linkedin.com\\\/in\\\/eminoglu\\\/\",\"https:\\\/\\\/www.pinterest.de\\\/dijitalmenu\\\/\",\"https:\\\/\\\/x.com\\\/temassizmenu\",\"https:\\\/\\\/www.youtube.com\\\/channel\\\/UC_vI-xTP9NegNfIqSGoesGg\",\"https:\\\/\\\/qrmenu.tumblr.com\\\/\"],\"url\":\"https:\\\/\\\/www.karekod.org\\\/blog\\\/yazar\\\/muharrem-eminoglu\\\/\"}]}<\/script>\n<!-- \/ Yoast SEO plugin. -->","yoast_head_json":{"title":"T\u00fcrkiye'den Fransa \u0130\u00e7in Vize \u00dccretleri - Karekod Blog","description":"Fransa Vize \u00dccretleri: K\u0131sa s\u00fcreli vize \u00fccreti: T\u00fcrkiye Cumhuriyeti vatanda\u015flar\u0131 i\u00e7in Fransa veya Schengen \u00fclkeleri i\u00e7in, ge\u00e7erlilik s\u00fcresi","robots":{"index":"index","follow":"follow","max-snippet":"max-snippet:-1","max-image-preview":"max-image-preview:large","max-video-preview":"max-video-preview:-1"},"canonical":"https:\/\/www.karekod.org\/blog\/fransa-vize-ucretleri\/","og_locale":"tr_TR","og_type":"article","og_title":"T\u00fcrkiye'den Fransa \u0130\u00e7in Vize \u00dccretleri - Karekod Blog","og_description":"Fransa Vize \u00dccretleri: K\u0131sa s\u00fcreli vize \u00fccreti: T\u00fcrkiye Cumhuriyeti vatanda\u015flar\u0131 i\u00e7in Fransa veya Schengen \u00fclkeleri i\u00e7in, ge\u00e7erlilik s\u00fcresi","og_url":"https:\/\/www.karekod.org\/blog\/fransa-vize-ucretleri\/","og_site_name":"Karekod Blog","article_publisher":"https:\/\/www.facebook.com\/QarMenu\/","article_author":"https:\/\/www.facebook.com\/mentor.perplexed\/","article_published_time":"2023-11-17T06:47:27+00:00","article_modified_time":"2025-01-08T13:54:53+00:00","og_image":[{"width":1200,"height":800,"url":"https:\/\/www.karekod.org\/blog\/wp-content\/uploads\/2023\/11\/fransa-vizesi-1.webp","type":"image\/webp"}],"author":"Muharrem Emino\u011flu","twitter_card":"summary_large_image","twitter_creator":"@temassizmenu","twitter_site":"@temassizmenu","twitter_misc":{"Yazan:":"Muharrem Emino\u011flu","Tahmini okuma s\u00fcresi":"3 dakika"},"schema":{"@context":"https:\/\/schema.org","@graph":[{"@type":"NewsArticle","@id":"https:\/\/www.karekod.org\/blog\/fransa-vize-ucretleri\/#article","isPartOf":{"@id":"https:\/\/www.karekod.org\/blog\/fransa-vize-ucretleri\/"},"author":{"name":"Muharrem Emino\u011flu","@id":"https:\/\/www.karekod.org\/blog\/#\/schema\/person\/8c87c879aca1c63c7438bf937a5da8bd"},"headline":"T\u00fcrkiye&#8217;den Fransa \u0130\u00e7in Vize \u00dccretleri","datePublished":"2023-11-17T06:47:27+00:00","dateModified":"2025-01-08T13:54:53+00:00","mainEntityOfPage":{"@id":"https:\/\/www.karekod.org\/blog\/fransa-vize-ucretleri\/"},"wordCount":605,"commentCount":0,"publisher":{"@id":"https:\/\/www.karekod.org\/blog\/#organization"},"image":{"@id":"https:\/\/www.karekod.org\/blog\/fransa-vize-ucretleri\/#primaryimage"},"thumbnailUrl":"https:\/\/www.karekod.org\/blog\/wp-content\/uploads\/2023\/11\/fransa-vizesi-1.webp","articleSection":["Pozitif"],"inLanguage":"tr","potentialAction":[{"@type":"CommentAction","name":"Comment","target":["https:\/\/www.karekod.org\/blog\/fransa-vize-ucretleri\/#respond"]}]},{"@type":"WebPage","@id":"https:\/\/www.karekod.org\/blog\/fransa-vize-ucretleri\/","url":"https:\/\/www.karekod.org\/blog\/fransa-vize-ucretleri\/","name":"T\u00fcrkiye'den Fransa \u0130\u00e7in Vize \u00dccretleri - Karekod Blog","isPartOf":{"@id":"https:\/\/www.karekod.org\/blog\/#website"},"primaryImageOfPage":{"@id":"https:\/\/www.karekod.org\/blog\/fransa-vize-ucretleri\/#primaryimage"},"image":{"@id":"https:\/\/www.karekod.org\/blog\/fransa-vize-ucretleri\/#primaryimage"},"thumbnailUrl":"https:\/\/www.karekod.org\/blog\/wp-content\/uploads\/2023\/11\/fransa-vizesi-1.webp","datePublished":"2023-11-17T06:47:27+00:00","dateModified":"2025-01-08T13:54:53+00:00","description":"Fransa Vize \u00dccretleri: K\u0131sa s\u00fcreli vize \u00fccreti: T\u00fcrkiye Cumhuriyeti vatanda\u015flar\u0131 i\u00e7in Fransa veya Schengen \u00fclkeleri i\u00e7in, ge\u00e7erlilik s\u00fcresi","breadcrumb":{"@id":"https:\/\/www.karekod.org\/blog\/fransa-vize-ucretleri\/#breadcrumb"},"inLanguage":"tr","potentialAction":[{"@type":"ReadAction","target":["https:\/\/www.karekod.org\/blog\/fransa-vize-ucretleri\/"]}]},{"@type":"ImageObject","inLanguage":"tr","@id":"https:\/\/www.karekod.org\/blog\/fransa-vize-ucretleri\/#primaryimage","url":"https:\/\/www.karekod.org\/blog\/wp-content\/uploads\/2023\/11\/fransa-vizesi-1.webp","contentUrl":"https:\/\/www.karekod.org\/blog\/wp-content\/uploads\/2023\/11\/fransa-vizesi-1.webp","width":1200,"height":800,"caption":"Fransa Vizesi"},{"@type":"BreadcrumbList","@id":"https:\/\/www.karekod.org\/blog\/fransa-vize-ucretleri\/#breadcrumb","itemListElement":[{"@type":"ListItem","position":1,"name":"Ana sayfa","item":"https:\/\/www.karekod.org\/blog\/"},{"@type":"ListItem","position":2,"name":"Pozitif","item":"https:\/\/www.karekod.org\/blog\/category\/pozitif\/"},{"@type":"ListItem","position":3,"name":"T\u00fcrkiye&#8217;den Fransa \u0130\u00e7in Vize \u00dccretleri"}]},{"@type":"WebSite","@id":"https:\/\/www.karekod.org\/blog\/#website","url":"https:\/\/www.karekod.org\/blog\/","name":"Karekod Blog","description":"2026 G\u00fcncel Alkol Fiyatlar\u0131 ve Piyasa Rehberi","publisher":{"@id":"https:\/\/www.karekod.org\/blog\/#organization"},"alternateName":"Karekod Haber","potentialAction":[{"@type":"SearchAction","target":{"@type":"EntryPoint","urlTemplate":"https:\/\/www.karekod.org\/blog\/?s={search_term_string}"},"query-input":{"@type":"PropertyValueSpecification","valueRequired":true,"valueName":"search_term_string"}}],"inLanguage":"tr"},{"@type":"Organization","@id":"https:\/\/www.karekod.org\/blog\/#organization","name":"Karekod Blog","alternateName":"Karekod Haber","url":"https:\/\/www.karekod.org\/blog\/","logo":{"@type":"ImageObject","inLanguage":"tr","@id":"https:\/\/www.karekod.org\/blog\/#\/schema\/logo\/image\/","url":"https:\/\/www.karekod.org\/blog\/wp-content\/uploads\/2025\/01\/cropped-logo.webp","contentUrl":"https:\/\/www.karekod.org\/blog\/wp-content\/uploads\/2025\/01\/cropped-logo.webp","width":512,"height":384,"caption":"Karekod Blog"},"image":{"@id":"https:\/\/www.karekod.org\/blog\/#\/schema\/logo\/image\/"},"sameAs":["https:\/\/www.facebook.com\/QarMenu\/","https:\/\/x.com\/temassizmenu","https:\/\/www.instagram.com\/qarmenu\/","https:\/\/www.linkedin.com\/company\/karekod\/","https:\/\/tr.pinterest.com\/dijitalmenu\/","https:\/\/www.youtube.com\/@qrmenu","https:\/\/karekodmenu.tumblr.com\/","https:\/\/karekod.medium.com\/","https:\/\/www.diigo.com\/user\/karekod","https:\/\/mastodon.social\/@karekod","https:\/\/vk.com\/karekod","https:\/\/flipboard.com\/@karekod","https:\/\/www.quora.com\/profile\/Karekod-Haber","https:\/\/note.com\/karekod"]},{"@type":"Person","@id":"https:\/\/www.karekod.org\/blog\/#\/schema\/person\/8c87c879aca1c63c7438bf937a5da8bd","name":"Muharrem Emino\u011flu","pronouns":"he\/him","description":"Veri analizi ve dijital raporlama s\u00fcre\u00e7lerinde yenilik\u00e7i yakla\u015f\u0131mlar benimseyerek s\u00fcrd\u00fcr\u00fclebilir i\u015f modelleri \u00fczerine \u00e7al\u0131\u015fmalar yap\u0131yorum. Teknoloji, ekonomi ve dijital pazarlama alanlar\u0131nda g\u00fcncel ve g\u00fcvenilir i\u00e7erikler \u00fcretiyorum.","sameAs":["https:\/\/www.karekod.org","https:\/\/www.facebook.com\/mentor.perplexed\/","https:\/\/www.instagram.com\/mentorperplexed\/","https:\/\/www.linkedin.com\/in\/eminoglu\/","https:\/\/www.pinterest.de\/dijitalmenu\/","https:\/\/x.com\/temassizmenu","https:\/\/www.youtube.com\/channel\/UC_vI-xTP9NegNfIqSGoesGg","https:\/\/qrmenu.tumblr.com\/"],"url":"https:\/\/www.karekod.org\/blog\/yazar\/muharrem-eminoglu\/"}]}},"_links":{"self":[{"href":"https:\/\/www.karekod.org\/blog\/wp-json\/wp\/v2\/posts\/26398","targetHints":{"allow":["GET"]}}],"collection":[{"href":"https:\/\/www.karekod.org\/blog\/wp-json\/wp\/v2\/posts"}],"about":[{"href":"https:\/\/www.karekod.org\/blog\/wp-json\/wp\/v2\/types\/post"}],"author":[{"embeddable":true,"href":"https:\/\/www.karekod.org\/blog\/wp-json\/wp\/v2\/users\/1"}],"replies":[{"embeddable":true,"href":"https:\/\/www.karekod.org\/blog\/wp-json\/wp\/v2\/comments?post=26398"}],"version-history":[{"count":0,"href":"https:\/\/www.karekod.org\/blog\/wp-json\/wp\/v2\/posts\/26398\/revisions"}],"wp:featuredmedia":[{"embeddable":true,"href":"https:\/\/www.karekod.org\/blog\/wp-json\/wp\/v2\/media\/26402"}],"wp:attachment":[{"href":"https:\/\/www.karekod.org\/blog\/wp-json\/wp\/v2\/media?parent=26398"}],"wp:term":[{"taxonomy":"category","embeddable":true,"href":"https:\/\/www.karekod.org\/blog\/wp-json\/wp\/v2\/categories?post=26398"},{"taxonomy":"post_tag","embeddable":true,"href":"https:\/\/www.karekod.org\/blog\/wp-json\/wp\/v2\/tags?post=26398"}],"curies":[{"name":"wp","href":"https:\/\/api.w.org\/{rel}","templated":true}]}}