{"id":26393,"date":"2023-11-17T02:17:21","date_gmt":"2023-11-16T23:17:21","guid":{"rendered":"https:\/\/www.karekod.org\/blog\/?p=26393"},"modified":"2024-07-22T17:43:46","modified_gmt":"2024-07-22T14:43:46","slug":"metin-uca-aramizdan-ayrildi","status":"publish","type":"post","link":"https:\/\/www.karekod.org\/blog\/metin-uca-aramizdan-ayrildi\/","title":{"rendered":"Metin Uca Aram\u0131zdan Ayr\u0131ld\u0131 (17 Kas\u0131m)"},"content":{"rendered":"\n<p><strong>Metin Uca, 17 Kas\u0131m 2023 tarihinde, 63 ya\u015f\u0131nda hayat\u0131n\u0131 kaybetti. Uca&#8217;n\u0131n vefat\u0131, T\u00fcrk medya camias\u0131 i\u00e7in b\u00fcy\u00fck bir kay\u0131p oldu.<\/strong><\/p>\n\n\n\n<p>Uca&#8217;n\u0131n vefat\u0131, sosyal medyada da b\u00fcy\u00fck yank\u0131 uyand\u0131rd\u0131. Uca&#8217;n\u0131n sevenleri, sosyal medyada payla\u015f\u0131mlarda bulunarak Uca&#8217;y\u0131 and\u0131.<\/p>\n\n\n\n<p>Uca, T\u00fcrk televizyonunun en \u00f6nemli isimlerinden biriydi. D\u00fc\u015f\u00fcnsel mimarisini olu\u015fturmu\u015f, yeni nesillere \u00f6rnek olmu\u015f bir televizyoncuydu. Uca&#8217;n\u0131n vefat\u0131, T\u00fcrk medya camias\u0131 i\u00e7in b\u00fcy\u00fck bir kay\u0131p oldu.<\/p>\n\n\n\n<p>Metin Uca, 17 Kas\u0131m 2023 tarihinde hayat\u0131n\u0131 kaybeden T\u00fcrk televizyoncu, gazeteci ve yazard\u0131r. 1960 y\u0131l\u0131nda \u0130stanbul&#8217;da do\u011fdu. \u0130stanbul \u00dcniversitesi \u0130leti\u015fim Fak\u00fcltesinden mezun olduktan sonra, TRT&#8217;de spiker ve sunucu olarak \u00e7al\u0131\u015fmaya ba\u015flad\u0131. 1990&#8217;l\u0131 y\u0131llardan itibaren ise \u00e7e\u015fitli televizyon kanallar\u0131nda programlar yapmaya ba\u015flad\u0131.<\/p>\n\n\n\n<p>Uca, televizyon programlar\u0131nda genellikle g\u00fcncel konulara ve toplumsal meselelere odaklan\u0131yordu. Programlar\u0131, ele\u015ftirel ve d\u00fc\u015f\u00fcnd\u00fcr\u00fcc\u00fc yakla\u015f\u0131mlar\u0131 ile dikkat \u00e7ekiyordu. Uca, ayn\u0131 zamanda bir yazard\u0131. \u00c7e\u015fitli gazete ve dergilerde yaz\u0131lar yazd\u0131. Ayr\u0131ca, &#8220;Medya \u00c7\u0131kmaz\u0131nda Demokrasi&#8221; ve &#8220;Medya ve Siyaset&#8221; gibi kitaplar\u0131 da yay\u0131nland\u0131.<\/p>\n\n\n\n<p>Metin Uca, T\u00fcrk televizyonunun en \u00f6nemli isimlerinden biriydi. D\u00fc\u015f\u00fcnsel mimarisini olu\u015fturmu\u015f, yeni nesillere \u00f6rnek olmu\u015f bir televizyoncuydu. Uca&#8217;n\u0131n vefat\u0131, T\u00fcrk medya camias\u0131 i\u00e7in b\u00fcy\u00fck bir kay\u0131p oldu.<\/p>\n\n\n\n<h2 class=\"wp-block-heading\"><strong>Uca&#8217;n\u0131n Televizyon Kariyeri<\/strong><\/h2>\n\n\n\n<figure class=\"wp-block-image size-full\"><img loading=\"lazy\" decoding=\"async\" width=\"957\" height=\"819\" src=\"https:\/\/www.karekod.org\/blog\/wp-content\/uploads\/2023\/11\/metin-uca.jpeg\" alt=\"Metin Uca Vefat\u0131\" class=\"wp-image-26395\" srcset=\"https:\/\/www.karekod.org\/blog\/wp-content\/uploads\/2023\/11\/metin-uca.jpeg 957w, https:\/\/www.karekod.org\/blog\/wp-content\/uploads\/2023\/11\/metin-uca-300x257.jpeg 300w, https:\/\/www.karekod.org\/blog\/wp-content\/uploads\/2023\/11\/metin-uca-768x657.jpeg 768w, https:\/\/www.karekod.org\/blog\/wp-content\/uploads\/2023\/11\/metin-uca-730x625.jpeg 730w, https:\/\/www.karekod.org\/blog\/wp-content\/uploads\/2023\/11\/metin-uca-350x300.jpeg 350w\" sizes=\"auto, (max-width: 957px) 100vw, 957px\" \/><figcaption class=\"wp-element-caption\">Metin Uca Aram\u0131zdan Ayr\u0131ld\u0131<\/figcaption><\/figure>\n\n\n\n<p>Uca, TRT&#8217;de spiker ve sunucu olarak \u00e7al\u0131\u015fmaya ba\u015flad\u0131\u011f\u0131nda, hen\u00fcz 20&#8217;li ya\u015flar\u0131ndayd\u0131. TRT&#8217;de \u00e7e\u015fitli programlar sunan Uca, 1990&#8217;l\u0131 y\u0131llarda ise \u00e7e\u015fitli televizyon kanallar\u0131na transfer oldu.<\/p>\n\n\n\n<p>Uca, ilk olarak 1994 y\u0131l\u0131nda <a href=\"https:\/\/tr.wikipedia.org\/wiki\/Kanal_D\">Kanal D<\/a>&#8216;de &#8220;Medya Raporu&#8221; adl\u0131 program\u0131 sunmaya ba\u015flad\u0131. Bu program, Uca&#8217;n\u0131n televizyon kariyerinin d\u00f6n\u00fcm noktas\u0131 oldu. Program, g\u00fcncel konulara ve toplumsal meselelere ele\u015ftirel bir yakla\u015f\u0131mla yakla\u015f\u0131yordu.<\/p>\n\n\n\n<p>Uca, 1998 y\u0131l\u0131nda Star TV&#8217;ye transfer oldu. Star TV&#8217;de &#8220;Medya Medya&#8221; adl\u0131 program\u0131 sunmaya ba\u015flad\u0131. Bu program da, Uca&#8217;n\u0131n ele\u015ftirel ve d\u00fc\u015f\u00fcnd\u00fcr\u00fcc\u00fc yakla\u015f\u0131m\u0131n\u0131 yans\u0131t\u0131yordu.<\/p>\n\n\n\n<p>Uca, 2000 y\u0131l\u0131nda NTV&#8217;ye transfer oldu. NTV&#8217;de &#8220;Medya Kritik&#8221; adl\u0131 program\u0131 sunmaya ba\u015flad\u0131. Bu program, Uca&#8217;n\u0131n en uzun soluklu programlar\u0131ndan biriydi. Program, 13 y\u0131l boyunca devam etti.<\/p>\n\n\n\n<p>Uca, 2013 y\u0131l\u0131nda Habert\u00fcrk&#8217;e transfer oldu. Habert\u00fcrk&#8217;te &#8220;Medya Pazar\u0131&#8221; adl\u0131 program\u0131 sunmaya ba\u015flad\u0131. Bu program, Uca&#8217;n\u0131n son televizyon program\u0131 oldu.<\/p>\n\n\n\n<h3 class=\"wp-block-heading\"><strong>Uca&#8217;n\u0131n Yazarl\u0131k Kariyeri<\/strong><\/h3>\n\n\n\n<p>Uca, televizyon programlar\u0131n\u0131n yan\u0131 s\u0131ra bir yazard\u0131. \u00c7e\u015fitli gazete ve dergilerde yaz\u0131lar yazd\u0131. Ayr\u0131ca, &#8220;Medya \u00c7\u0131kmaz\u0131nda Demokrasi&#8221; ve &#8220;Medya ve Siyaset&#8221; gibi kitaplar\u0131 da yay\u0131nland\u0131.<\/p>\n\n\n\n<p>&#8220;Medya \u00c7\u0131kmaz\u0131nda Demokrasi&#8221; kitab\u0131, Uca&#8217;n\u0131n televizyon programlar\u0131nda i\u015fledi\u011fi konular\u0131 ele al\u0131yor. Kitapta, medya ve demokrasi aras\u0131ndaki ili\u015fki tart\u0131\u015f\u0131l\u0131yor.<\/p>\n\n\n\n<p>&#8220;Medya ve Siyaset&#8221; kitab\u0131 ise, medya ve siyasetin birbirini nas\u0131l etkiledi\u011fini anlat\u0131yor. Kitapta, medya ve siyasetin ili\u015fkisi, g\u00fcncel \u00f6rnekler \u00fczerinden inceleniyor.<\/p>\n\n\n\n<figure class=\"wp-block-embed is-type-video is-provider-youtube wp-block-embed-youtube wp-embed-aspect-16-9 wp-has-aspect-ratio\"><div class=\"wp-block-embed__wrapper\">\n<iframe loading=\"lazy\" title=\"MET\u0130N UCA &quot;TELEV\u0130ZYONDA YASAKLI OLDU\u011eUM YALAN!&quot;\" width=\"500\" height=\"281\" src=\"https:\/\/www.youtube.com\/embed\/jiPW-V2AZlI?feature=oembed\" frameborder=\"0\" allow=\"accelerometer; autoplay; clipboard-write; encrypted-media; gyroscope; picture-in-picture; web-share\" referrerpolicy=\"strict-origin-when-cross-origin\" allowfullscreen><\/iframe>\n<\/div><figcaption class=\"wp-element-caption\">Metin Uca (Metin Uca Aram\u0131zdan Ayr\u0131ld\u0131)<\/figcaption><\/figure>\n","protected":false},"excerpt":{"rendered":"<p>Metin Uca, 17 Kas\u0131m 2023 tarihinde, 63 ya\u015f\u0131nda hayat\u0131n\u0131 kaybetti. Uca&#8217;n\u0131n vefat\u0131, T\u00fcrk medya camias\u0131 i\u00e7in b\u00fcy\u00fck bir kay\u0131p oldu. [&hellip;]<\/p>\n","protected":false},"author":1,"featured_media":26396,"comment_status":"open","ping_status":"open","sticky":false,"template":"","format":"standard","meta":{"footnotes":""},"categories":[53],"tags":[],"class_list":["post-26393","post","type-post","status-publish","format-standard","has-post-thumbnail","hentry","category-haberler"],"yoast_head":"<!-- This site is optimized with the Yoast SEO plugin v27.5 - https:\/\/yoast.com\/product\/yoast-seo-wordpress\/ -->\n<title>Metin Uca Aram\u0131zdan Ayr\u0131ld\u0131 (17 Kas\u0131m) - Karekod Blog<\/title>\n<meta name=\"description\" content=\"Metin Uca Aram\u0131zdan Ayr\u0131ld\u0131.. 17 Kas\u0131m 2023 tarihinde, 63 ya\u015f\u0131nda hayat\u0131n\u0131 kaybetti. Uca&#039;n\u0131n vefat\u0131, T\u00fcrk medya camias\u0131 i\u00e7in..\" \/>\n<meta name=\"robots\" content=\"index, follow, max-snippet:-1, max-image-preview:large, max-video-preview:-1\" \/>\n<link rel=\"canonical\" href=\"https:\/\/www.karekod.org\/blog\/metin-uca-aramizdan-ayrildi\/\" \/>\n<meta property=\"og:locale\" content=\"tr_TR\" \/>\n<meta property=\"og:type\" content=\"article\" \/>\n<meta property=\"og:title\" content=\"Metin Uca Aram\u0131zdan Ayr\u0131ld\u0131 (17 Kas\u0131m) - Karekod Blog\" \/>\n<meta property=\"og:description\" content=\"Metin Uca Aram\u0131zdan Ayr\u0131ld\u0131.. 17 Kas\u0131m 2023 tarihinde, 63 ya\u015f\u0131nda hayat\u0131n\u0131 kaybetti. Uca&#039;n\u0131n vefat\u0131, T\u00fcrk medya camias\u0131 i\u00e7in..\" \/>\n<meta property=\"og:url\" content=\"https:\/\/www.karekod.org\/blog\/metin-uca-aramizdan-ayrildi\/\" \/>\n<meta property=\"og:site_name\" content=\"Karekod Blog\" \/>\n<meta property=\"article:publisher\" content=\"https:\/\/www.facebook.com\/QarMenu\/\" \/>\n<meta property=\"article:author\" content=\"https:\/\/www.facebook.com\/mentor.perplexed\/\" \/>\n<meta property=\"article:published_time\" content=\"2023-11-16T23:17:21+00:00\" \/>\n<meta property=\"article:modified_time\" content=\"2024-07-22T14:43:46+00:00\" \/>\n<meta property=\"og:image\" content=\"https:\/\/www.karekod.org\/blog\/wp-content\/uploads\/2023\/11\/metin-uca.jpg\" \/>\n\t<meta property=\"og:image:width\" content=\"1200\" \/>\n\t<meta property=\"og:image:height\" content=\"800\" \/>\n\t<meta property=\"og:image:type\" content=\"image\/jpeg\" \/>\n<meta name=\"author\" content=\"Muharrem Emino\u011flu\" \/>\n<meta name=\"twitter:card\" content=\"summary_large_image\" \/>\n<meta name=\"twitter:creator\" content=\"@temassizmenu\" \/>\n<meta name=\"twitter:site\" content=\"@temassizmenu\" \/>\n<meta name=\"twitter:label1\" content=\"Yazan:\" \/>\n\t<meta name=\"twitter:data1\" content=\"Muharrem Emino\u011flu\" \/>\n\t<meta name=\"twitter:label2\" content=\"Tahmini okuma s\u00fcresi\" \/>\n\t<meta name=\"twitter:data2\" content=\"3 dakika\" \/>\n<script type=\"application\/ld+json\" class=\"yoast-schema-graph\">{\"@context\":\"https:\\\/\\\/schema.org\",\"@graph\":[{\"@type\":\"NewsArticle\",\"@id\":\"https:\\\/\\\/www.karekod.org\\\/blog\\\/metin-uca-aramizdan-ayrildi\\\/#article\",\"isPartOf\":{\"@id\":\"https:\\\/\\\/www.karekod.org\\\/blog\\\/metin-uca-aramizdan-ayrildi\\\/\"},\"author\":{\"name\":\"Muharrem Emino\u011flu\",\"@id\":\"https:\\\/\\\/www.karekod.org\\\/blog\\\/#\\\/schema\\\/person\\\/8c87c879aca1c63c7438bf937a5da8bd\"},\"headline\":\"Metin Uca Aram\u0131zdan Ayr\u0131ld\u0131 (17 Kas\u0131m)\",\"datePublished\":\"2023-11-16T23:17:21+00:00\",\"dateModified\":\"2024-07-22T14:43:46+00:00\",\"mainEntityOfPage\":{\"@id\":\"https:\\\/\\\/www.karekod.org\\\/blog\\\/metin-uca-aramizdan-ayrildi\\\/\"},\"wordCount\":541,\"commentCount\":0,\"publisher\":{\"@id\":\"https:\\\/\\\/www.karekod.org\\\/blog\\\/#organization\"},\"image\":{\"@id\":\"https:\\\/\\\/www.karekod.org\\\/blog\\\/metin-uca-aramizdan-ayrildi\\\/#primaryimage\"},\"thumbnailUrl\":\"https:\\\/\\\/www.karekod.org\\\/blog\\\/wp-content\\\/uploads\\\/2023\\\/11\\\/metin-uca.jpg\",\"articleSection\":[\"Haberler\"],\"inLanguage\":\"tr\",\"potentialAction\":[{\"@type\":\"CommentAction\",\"name\":\"Comment\",\"target\":[\"https:\\\/\\\/www.karekod.org\\\/blog\\\/metin-uca-aramizdan-ayrildi\\\/#respond\"]}]},{\"@type\":\"WebPage\",\"@id\":\"https:\\\/\\\/www.karekod.org\\\/blog\\\/metin-uca-aramizdan-ayrildi\\\/\",\"url\":\"https:\\\/\\\/www.karekod.org\\\/blog\\\/metin-uca-aramizdan-ayrildi\\\/\",\"name\":\"Metin Uca Aram\u0131zdan Ayr\u0131ld\u0131 (17 Kas\u0131m) - Karekod Blog\",\"isPartOf\":{\"@id\":\"https:\\\/\\\/www.karekod.org\\\/blog\\\/#website\"},\"primaryImageOfPage\":{\"@id\":\"https:\\\/\\\/www.karekod.org\\\/blog\\\/metin-uca-aramizdan-ayrildi\\\/#primaryimage\"},\"image\":{\"@id\":\"https:\\\/\\\/www.karekod.org\\\/blog\\\/metin-uca-aramizdan-ayrildi\\\/#primaryimage\"},\"thumbnailUrl\":\"https:\\\/\\\/www.karekod.org\\\/blog\\\/wp-content\\\/uploads\\\/2023\\\/11\\\/metin-uca.jpg\",\"datePublished\":\"2023-11-16T23:17:21+00:00\",\"dateModified\":\"2024-07-22T14:43:46+00:00\",\"description\":\"Metin Uca Aram\u0131zdan Ayr\u0131ld\u0131.. 17 Kas\u0131m 2023 tarihinde, 63 ya\u015f\u0131nda hayat\u0131n\u0131 kaybetti. Uca'n\u0131n vefat\u0131, T\u00fcrk medya camias\u0131 i\u00e7in..\",\"breadcrumb\":{\"@id\":\"https:\\\/\\\/www.karekod.org\\\/blog\\\/metin-uca-aramizdan-ayrildi\\\/#breadcrumb\"},\"inLanguage\":\"tr\",\"potentialAction\":[{\"@type\":\"ReadAction\",\"target\":[\"https:\\\/\\\/www.karekod.org\\\/blog\\\/metin-uca-aramizdan-ayrildi\\\/\"]}]},{\"@type\":\"ImageObject\",\"inLanguage\":\"tr\",\"@id\":\"https:\\\/\\\/www.karekod.org\\\/blog\\\/metin-uca-aramizdan-ayrildi\\\/#primaryimage\",\"url\":\"https:\\\/\\\/www.karekod.org\\\/blog\\\/wp-content\\\/uploads\\\/2023\\\/11\\\/metin-uca.jpg\",\"contentUrl\":\"https:\\\/\\\/www.karekod.org\\\/blog\\\/wp-content\\\/uploads\\\/2023\\\/11\\\/metin-uca.jpg\",\"width\":1200,\"height\":800,\"caption\":\"Metin Uca\"},{\"@type\":\"BreadcrumbList\",\"@id\":\"https:\\\/\\\/www.karekod.org\\\/blog\\\/metin-uca-aramizdan-ayrildi\\\/#breadcrumb\",\"itemListElement\":[{\"@type\":\"ListItem\",\"position\":1,\"name\":\"Ana sayfa\",\"item\":\"https:\\\/\\\/www.karekod.org\\\/blog\\\/\"},{\"@type\":\"ListItem\",\"position\":2,\"name\":\"Haberler\",\"item\":\"https:\\\/\\\/www.karekod.org\\\/blog\\\/category\\\/haberler\\\/\"},{\"@type\":\"ListItem\",\"position\":3,\"name\":\"Metin Uca Aram\u0131zdan Ayr\u0131ld\u0131 (17 Kas\u0131m)\"}]},{\"@type\":\"WebSite\",\"@id\":\"https:\\\/\\\/www.karekod.org\\\/blog\\\/#website\",\"url\":\"https:\\\/\\\/www.karekod.org\\\/blog\\\/\",\"name\":\"Karekod Blog\",\"description\":\"2026 G\u00fcncel Alkol Fiyatlar\u0131 ve Piyasa Rehberi\",\"publisher\":{\"@id\":\"https:\\\/\\\/www.karekod.org\\\/blog\\\/#organization\"},\"alternateName\":\"Karekod Haber\",\"potentialAction\":[{\"@type\":\"SearchAction\",\"target\":{\"@type\":\"EntryPoint\",\"urlTemplate\":\"https:\\\/\\\/www.karekod.org\\\/blog\\\/?s={search_term_string}\"},\"query-input\":{\"@type\":\"PropertyValueSpecification\",\"valueRequired\":true,\"valueName\":\"search_term_string\"}}],\"inLanguage\":\"tr\"},{\"@type\":\"Organization\",\"@id\":\"https:\\\/\\\/www.karekod.org\\\/blog\\\/#organization\",\"name\":\"Karekod Blog\",\"alternateName\":\"Karekod Haber\",\"url\":\"https:\\\/\\\/www.karekod.org\\\/blog\\\/\",\"logo\":{\"@type\":\"ImageObject\",\"inLanguage\":\"tr\",\"@id\":\"https:\\\/\\\/www.karekod.org\\\/blog\\\/#\\\/schema\\\/logo\\\/image\\\/\",\"url\":\"https:\\\/\\\/www.karekod.org\\\/blog\\\/wp-content\\\/uploads\\\/2025\\\/01\\\/cropped-logo.webp\",\"contentUrl\":\"https:\\\/\\\/www.karekod.org\\\/blog\\\/wp-content\\\/uploads\\\/2025\\\/01\\\/cropped-logo.webp\",\"width\":512,\"height\":384,\"caption\":\"Karekod Blog\"},\"image\":{\"@id\":\"https:\\\/\\\/www.karekod.org\\\/blog\\\/#\\\/schema\\\/logo\\\/image\\\/\"},\"sameAs\":[\"https:\\\/\\\/www.facebook.com\\\/QarMenu\\\/\",\"https:\\\/\\\/x.com\\\/temassizmenu\",\"https:\\\/\\\/www.instagram.com\\\/qarmenu\\\/\",\"https:\\\/\\\/www.linkedin.com\\\/company\\\/karekod\\\/\",\"https:\\\/\\\/tr.pinterest.com\\\/dijitalmenu\\\/\",\"https:\\\/\\\/www.youtube.com\\\/@qrmenu\",\"https:\\\/\\\/karekodmenu.tumblr.com\\\/\",\"https:\\\/\\\/karekod.medium.com\\\/\",\"https:\\\/\\\/www.diigo.com\\\/user\\\/karekod\",\"https:\\\/\\\/mastodon.social\\\/@karekod\",\"https:\\\/\\\/vk.com\\\/karekod\",\"https:\\\/\\\/flipboard.com\\\/@karekod\",\"https:\\\/\\\/www.quora.com\\\/profile\\\/Karekod-Haber\",\"https:\\\/\\\/note.com\\\/karekod\"]},{\"@type\":\"Person\",\"@id\":\"https:\\\/\\\/www.karekod.org\\\/blog\\\/#\\\/schema\\\/person\\\/8c87c879aca1c63c7438bf937a5da8bd\",\"name\":\"Muharrem Emino\u011flu\",\"pronouns\":\"he\\\/him\",\"description\":\"Veri analizi ve dijital raporlama s\u00fcre\u00e7lerinde yenilik\u00e7i yakla\u015f\u0131mlar benimseyerek s\u00fcrd\u00fcr\u00fclebilir i\u015f modelleri \u00fczerine \u00e7al\u0131\u015fmalar yap\u0131yorum. Teknoloji, ekonomi ve dijital pazarlama alanlar\u0131nda g\u00fcncel ve g\u00fcvenilir i\u00e7erikler \u00fcretiyorum.\",\"sameAs\":[\"https:\\\/\\\/www.karekod.org\",\"https:\\\/\\\/www.facebook.com\\\/mentor.perplexed\\\/\",\"https:\\\/\\\/www.instagram.com\\\/mentorperplexed\\\/\",\"https:\\\/\\\/www.linkedin.com\\\/in\\\/eminoglu\\\/\",\"https:\\\/\\\/www.pinterest.de\\\/dijitalmenu\\\/\",\"https:\\\/\\\/x.com\\\/temassizmenu\",\"https:\\\/\\\/www.youtube.com\\\/channel\\\/UC_vI-xTP9NegNfIqSGoesGg\",\"https:\\\/\\\/qrmenu.tumblr.com\\\/\"],\"url\":\"https:\\\/\\\/www.karekod.org\\\/blog\\\/yazar\\\/muharrem-eminoglu\\\/\"}]}<\/script>\n<!-- \/ Yoast SEO plugin. -->","yoast_head_json":{"title":"Metin Uca Aram\u0131zdan Ayr\u0131ld\u0131 (17 Kas\u0131m) - Karekod Blog","description":"Metin Uca Aram\u0131zdan Ayr\u0131ld\u0131.. 17 Kas\u0131m 2023 tarihinde, 63 ya\u015f\u0131nda hayat\u0131n\u0131 kaybetti. Uca'n\u0131n vefat\u0131, T\u00fcrk medya camias\u0131 i\u00e7in..","robots":{"index":"index","follow":"follow","max-snippet":"max-snippet:-1","max-image-preview":"max-image-preview:large","max-video-preview":"max-video-preview:-1"},"canonical":"https:\/\/www.karekod.org\/blog\/metin-uca-aramizdan-ayrildi\/","og_locale":"tr_TR","og_type":"article","og_title":"Metin Uca Aram\u0131zdan Ayr\u0131ld\u0131 (17 Kas\u0131m) - Karekod Blog","og_description":"Metin Uca Aram\u0131zdan Ayr\u0131ld\u0131.. 17 Kas\u0131m 2023 tarihinde, 63 ya\u015f\u0131nda hayat\u0131n\u0131 kaybetti. Uca'n\u0131n vefat\u0131, T\u00fcrk medya camias\u0131 i\u00e7in..","og_url":"https:\/\/www.karekod.org\/blog\/metin-uca-aramizdan-ayrildi\/","og_site_name":"Karekod Blog","article_publisher":"https:\/\/www.facebook.com\/QarMenu\/","article_author":"https:\/\/www.facebook.com\/mentor.perplexed\/","article_published_time":"2023-11-16T23:17:21+00:00","article_modified_time":"2024-07-22T14:43:46+00:00","og_image":[{"width":1200,"height":800,"url":"https:\/\/www.karekod.org\/blog\/wp-content\/uploads\/2023\/11\/metin-uca.jpg","type":"image\/jpeg"}],"author":"Muharrem Emino\u011flu","twitter_card":"summary_large_image","twitter_creator":"@temassizmenu","twitter_site":"@temassizmenu","twitter_misc":{"Yazan:":"Muharrem Emino\u011flu","Tahmini okuma s\u00fcresi":"3 dakika"},"schema":{"@context":"https:\/\/schema.org","@graph":[{"@type":"NewsArticle","@id":"https:\/\/www.karekod.org\/blog\/metin-uca-aramizdan-ayrildi\/#article","isPartOf":{"@id":"https:\/\/www.karekod.org\/blog\/metin-uca-aramizdan-ayrildi\/"},"author":{"name":"Muharrem Emino\u011flu","@id":"https:\/\/www.karekod.org\/blog\/#\/schema\/person\/8c87c879aca1c63c7438bf937a5da8bd"},"headline":"Metin Uca Aram\u0131zdan Ayr\u0131ld\u0131 (17 Kas\u0131m)","datePublished":"2023-11-16T23:17:21+00:00","dateModified":"2024-07-22T14:43:46+00:00","mainEntityOfPage":{"@id":"https:\/\/www.karekod.org\/blog\/metin-uca-aramizdan-ayrildi\/"},"wordCount":541,"commentCount":0,"publisher":{"@id":"https:\/\/www.karekod.org\/blog\/#organization"},"image":{"@id":"https:\/\/www.karekod.org\/blog\/metin-uca-aramizdan-ayrildi\/#primaryimage"},"thumbnailUrl":"https:\/\/www.karekod.org\/blog\/wp-content\/uploads\/2023\/11\/metin-uca.jpg","articleSection":["Haberler"],"inLanguage":"tr","potentialAction":[{"@type":"CommentAction","name":"Comment","target":["https:\/\/www.karekod.org\/blog\/metin-uca-aramizdan-ayrildi\/#respond"]}]},{"@type":"WebPage","@id":"https:\/\/www.karekod.org\/blog\/metin-uca-aramizdan-ayrildi\/","url":"https:\/\/www.karekod.org\/blog\/metin-uca-aramizdan-ayrildi\/","name":"Metin Uca Aram\u0131zdan Ayr\u0131ld\u0131 (17 Kas\u0131m) - Karekod Blog","isPartOf":{"@id":"https:\/\/www.karekod.org\/blog\/#website"},"primaryImageOfPage":{"@id":"https:\/\/www.karekod.org\/blog\/metin-uca-aramizdan-ayrildi\/#primaryimage"},"image":{"@id":"https:\/\/www.karekod.org\/blog\/metin-uca-aramizdan-ayrildi\/#primaryimage"},"thumbnailUrl":"https:\/\/www.karekod.org\/blog\/wp-content\/uploads\/2023\/11\/metin-uca.jpg","datePublished":"2023-11-16T23:17:21+00:00","dateModified":"2024-07-22T14:43:46+00:00","description":"Metin Uca Aram\u0131zdan Ayr\u0131ld\u0131.. 17 Kas\u0131m 2023 tarihinde, 63 ya\u015f\u0131nda hayat\u0131n\u0131 kaybetti. Uca'n\u0131n vefat\u0131, T\u00fcrk medya camias\u0131 i\u00e7in..","breadcrumb":{"@id":"https:\/\/www.karekod.org\/blog\/metin-uca-aramizdan-ayrildi\/#breadcrumb"},"inLanguage":"tr","potentialAction":[{"@type":"ReadAction","target":["https:\/\/www.karekod.org\/blog\/metin-uca-aramizdan-ayrildi\/"]}]},{"@type":"ImageObject","inLanguage":"tr","@id":"https:\/\/www.karekod.org\/blog\/metin-uca-aramizdan-ayrildi\/#primaryimage","url":"https:\/\/www.karekod.org\/blog\/wp-content\/uploads\/2023\/11\/metin-uca.jpg","contentUrl":"https:\/\/www.karekod.org\/blog\/wp-content\/uploads\/2023\/11\/metin-uca.jpg","width":1200,"height":800,"caption":"Metin Uca"},{"@type":"BreadcrumbList","@id":"https:\/\/www.karekod.org\/blog\/metin-uca-aramizdan-ayrildi\/#breadcrumb","itemListElement":[{"@type":"ListItem","position":1,"name":"Ana sayfa","item":"https:\/\/www.karekod.org\/blog\/"},{"@type":"ListItem","position":2,"name":"Haberler","item":"https:\/\/www.karekod.org\/blog\/category\/haberler\/"},{"@type":"ListItem","position":3,"name":"Metin Uca Aram\u0131zdan Ayr\u0131ld\u0131 (17 Kas\u0131m)"}]},{"@type":"WebSite","@id":"https:\/\/www.karekod.org\/blog\/#website","url":"https:\/\/www.karekod.org\/blog\/","name":"Karekod Blog","description":"2026 G\u00fcncel Alkol Fiyatlar\u0131 ve Piyasa Rehberi","publisher":{"@id":"https:\/\/www.karekod.org\/blog\/#organization"},"alternateName":"Karekod Haber","potentialAction":[{"@type":"SearchAction","target":{"@type":"EntryPoint","urlTemplate":"https:\/\/www.karekod.org\/blog\/?s={search_term_string}"},"query-input":{"@type":"PropertyValueSpecification","valueRequired":true,"valueName":"search_term_string"}}],"inLanguage":"tr"},{"@type":"Organization","@id":"https:\/\/www.karekod.org\/blog\/#organization","name":"Karekod Blog","alternateName":"Karekod Haber","url":"https:\/\/www.karekod.org\/blog\/","logo":{"@type":"ImageObject","inLanguage":"tr","@id":"https:\/\/www.karekod.org\/blog\/#\/schema\/logo\/image\/","url":"https:\/\/www.karekod.org\/blog\/wp-content\/uploads\/2025\/01\/cropped-logo.webp","contentUrl":"https:\/\/www.karekod.org\/blog\/wp-content\/uploads\/2025\/01\/cropped-logo.webp","width":512,"height":384,"caption":"Karekod Blog"},"image":{"@id":"https:\/\/www.karekod.org\/blog\/#\/schema\/logo\/image\/"},"sameAs":["https:\/\/www.facebook.com\/QarMenu\/","https:\/\/x.com\/temassizmenu","https:\/\/www.instagram.com\/qarmenu\/","https:\/\/www.linkedin.com\/company\/karekod\/","https:\/\/tr.pinterest.com\/dijitalmenu\/","https:\/\/www.youtube.com\/@qrmenu","https:\/\/karekodmenu.tumblr.com\/","https:\/\/karekod.medium.com\/","https:\/\/www.diigo.com\/user\/karekod","https:\/\/mastodon.social\/@karekod","https:\/\/vk.com\/karekod","https:\/\/flipboard.com\/@karekod","https:\/\/www.quora.com\/profile\/Karekod-Haber","https:\/\/note.com\/karekod"]},{"@type":"Person","@id":"https:\/\/www.karekod.org\/blog\/#\/schema\/person\/8c87c879aca1c63c7438bf937a5da8bd","name":"Muharrem Emino\u011flu","pronouns":"he\/him","description":"Veri analizi ve dijital raporlama s\u00fcre\u00e7lerinde yenilik\u00e7i yakla\u015f\u0131mlar benimseyerek s\u00fcrd\u00fcr\u00fclebilir i\u015f modelleri \u00fczerine \u00e7al\u0131\u015fmalar yap\u0131yorum. Teknoloji, ekonomi ve dijital pazarlama alanlar\u0131nda g\u00fcncel ve g\u00fcvenilir i\u00e7erikler \u00fcretiyorum.","sameAs":["https:\/\/www.karekod.org","https:\/\/www.facebook.com\/mentor.perplexed\/","https:\/\/www.instagram.com\/mentorperplexed\/","https:\/\/www.linkedin.com\/in\/eminoglu\/","https:\/\/www.pinterest.de\/dijitalmenu\/","https:\/\/x.com\/temassizmenu","https:\/\/www.youtube.com\/channel\/UC_vI-xTP9NegNfIqSGoesGg","https:\/\/qrmenu.tumblr.com\/"],"url":"https:\/\/www.karekod.org\/blog\/yazar\/muharrem-eminoglu\/"}]}},"_links":{"self":[{"href":"https:\/\/www.karekod.org\/blog\/wp-json\/wp\/v2\/posts\/26393","targetHints":{"allow":["GET"]}}],"collection":[{"href":"https:\/\/www.karekod.org\/blog\/wp-json\/wp\/v2\/posts"}],"about":[{"href":"https:\/\/www.karekod.org\/blog\/wp-json\/wp\/v2\/types\/post"}],"author":[{"embeddable":true,"href":"https:\/\/www.karekod.org\/blog\/wp-json\/wp\/v2\/users\/1"}],"replies":[{"embeddable":true,"href":"https:\/\/www.karekod.org\/blog\/wp-json\/wp\/v2\/comments?post=26393"}],"version-history":[{"count":0,"href":"https:\/\/www.karekod.org\/blog\/wp-json\/wp\/v2\/posts\/26393\/revisions"}],"wp:featuredmedia":[{"embeddable":true,"href":"https:\/\/www.karekod.org\/blog\/wp-json\/wp\/v2\/media\/26396"}],"wp:attachment":[{"href":"https:\/\/www.karekod.org\/blog\/wp-json\/wp\/v2\/media?parent=26393"}],"wp:term":[{"taxonomy":"category","embeddable":true,"href":"https:\/\/www.karekod.org\/blog\/wp-json\/wp\/v2\/categories?post=26393"},{"taxonomy":"post_tag","embeddable":true,"href":"https:\/\/www.karekod.org\/blog\/wp-json\/wp\/v2\/tags?post=26393"}],"curies":[{"name":"wp","href":"https:\/\/api.w.org\/{rel}","templated":true}]}}