{"id":21530,"date":"2024-09-10T12:02:33","date_gmt":"2024-09-10T09:02:33","guid":{"rendered":"https:\/\/www.karekod.org\/blog\/?p=21530"},"modified":"2025-01-27T12:06:40","modified_gmt":"2025-01-27T09:06:40","slug":"vespa-fiyat-listesi","status":"publish","type":"post","link":"https:\/\/www.karekod.org\/blog\/vespa-fiyat-listesi\/","title":{"rendered":"Vespa Fiyat Listesi 2026 (G\u00fcncel)"},"content":{"rendered":"\n<p>Son y\u0131llarda \u015fehir i\u00e7i ula\u015f\u0131mda pop\u00fclerli\u011fi giderek artan <strong>Vespa<\/strong> markas\u0131, hem ikonik tasar\u0131m\u0131 hem de pratik kullan\u0131m\u0131yla dikkat \u00e7ekiyor. Bu makalede, g\u00fcncel Vespa fiyat fiyatlar\u0131n\u0131 inceleyerek, bu e\u015fsiz motosikletlerin sundu\u011fu benzersiz deneyimi ke\u015ffedece\u011fiz. \u0130\u015fte <strong>Vespa fiyat listesi:<\/strong><\/p><div id=\"ez-toc-container\" class=\"ez-toc-v2_0_82_2 counter-hierarchy ez-toc-counter ez-toc-grey ez-toc-container-direction\">\n<div class=\"ez-toc-title-container\">\n<p class=\"ez-toc-title\" style=\"cursor:inherit\">\u0130\u00e7indekiler<\/p>\n<span class=\"ez-toc-title-toggle\"><a href=\"#\" class=\"ez-toc-pull-right ez-toc-btn ez-toc-btn-xs ez-toc-btn-default ez-toc-toggle\" aria-label=\"\u0130\u00e7indekiler Tablosunu A\u00e7\/Kapat\"><span class=\"ez-toc-js-icon-con\"><span class=\"\"><span class=\"eztoc-hide\" style=\"display:none;\">Toggle<\/span><span class=\"ez-toc-icon-toggle-span\"><svg style=\"fill: #999;color:#999\" xmlns=\"http:\/\/www.w3.org\/2000\/svg\" class=\"list-377408\" width=\"20px\" height=\"20px\" viewBox=\"0 0 24 24\" fill=\"none\"><path d=\"M6 6H4v2h2V6zm14 0H8v2h12V6zM4 11h2v2H4v-2zm16 0H8v2h12v-2zM4 16h2v2H4v-2zm16 0H8v2h12v-2z\" fill=\"currentColor\"><\/path><\/svg><svg style=\"fill: #999;color:#999\" class=\"arrow-unsorted-368013\" xmlns=\"http:\/\/www.w3.org\/2000\/svg\" width=\"10px\" height=\"10px\" viewBox=\"0 0 24 24\" version=\"1.2\" baseProfile=\"tiny\"><path d=\"M18.2 9.3l-6.2-6.3-6.2 6.3c-.2.2-.3.4-.3.7s.1.5.3.7c.2.2.4.3.7.3h11c.3 0 .5-.1.7-.3.2-.2.3-.5.3-.7s-.1-.5-.3-.7zM5.8 14.7l6.2 6.3 6.2-6.3c.2-.2.3-.5.3-.7s-.1-.5-.3-.7c-.2-.2-.4-.3-.7-.3h-11c-.3 0-.5.1-.7.3-.2.2-.3.5-.3.7s.1.5.3.7z\"\/><\/svg><\/span><\/span><\/span><\/a><\/span><\/div>\n<nav><ul class='ez-toc-list ez-toc-list-level-1 ' ><li class='ez-toc-page-1 ez-toc-heading-level-2'><a class=\"ez-toc-link ez-toc-heading-1\" href=\"https:\/\/www.karekod.org\/blog\/vespa-fiyat-listesi\/#Vespa_Fiyat_Listesi\" >Vespa Fiyat Listesi<\/a><ul class='ez-toc-list-level-3' ><li class='ez-toc-heading-level-3'><a class=\"ez-toc-link ez-toc-heading-2\" href=\"https:\/\/www.karekod.org\/blog\/vespa-fiyat-listesi\/#Vespa_GTS\" >Vespa GTS<\/a><\/li><li class='ez-toc-page-1 ez-toc-heading-level-3'><a class=\"ez-toc-link ez-toc-heading-3\" href=\"https:\/\/www.karekod.org\/blog\/vespa-fiyat-listesi\/#Vespa_Primavera\" >Vespa Primavera<\/a><\/li><li class='ez-toc-page-1 ez-toc-heading-level-3'><a class=\"ez-toc-link ez-toc-heading-4\" href=\"https:\/\/www.karekod.org\/blog\/vespa-fiyat-listesi\/#Vespa_Sprint\" >Vespa Sprint<\/a><\/li><li class='ez-toc-page-1 ez-toc-heading-level-3'><a class=\"ez-toc-link ez-toc-heading-5\" href=\"https:\/\/www.karekod.org\/blog\/vespa-fiyat-listesi\/#Vespa_Elettrica\" >Vespa Elettrica<\/a><\/li><li class='ez-toc-page-1 ez-toc-heading-level-3'><a class=\"ez-toc-link ez-toc-heading-6\" href=\"https:\/\/www.karekod.org\/blog\/vespa-fiyat-listesi\/#Vespa_946_Dragon\" >Vespa 946 Dragon<\/a><\/li><li class='ez-toc-page-1 ez-toc-heading-level-3'><a class=\"ez-toc-link ez-toc-heading-7\" href=\"https:\/\/www.karekod.org\/blog\/vespa-fiyat-listesi\/#Vespa_GTV\" >Vespa GTV<\/a><\/li><\/ul><\/li><li class='ez-toc-page-1 ez-toc-heading-level-2'><a class=\"ez-toc-link ez-toc-heading-8\" href=\"https:\/\/www.karekod.org\/blog\/vespa-fiyat-listesi\/#2_El_Vespa_Fiyat_Listesi\" >2. El Vespa Fiyat Listesi<\/a><\/li><li class='ez-toc-page-1 ez-toc-heading-level-2'><a class=\"ez-toc-link ez-toc-heading-9\" href=\"https:\/\/www.karekod.org\/blog\/vespa-fiyat-listesi\/#Avrupa_Vespa_Fiyat_Listesi\" >Avrupa Vespa Fiyat Listesi<\/a><ul class='ez-toc-list-level-3' ><li class='ez-toc-heading-level-3'><a class=\"ez-toc-link ez-toc-heading-10\" href=\"https:\/\/www.karekod.org\/blog\/vespa-fiyat-listesi\/#Vespa_Fiyat_Listesi_SSS\" >Vespa Fiyat Listesi SSS<\/a><\/li><li class='ez-toc-page-1 ez-toc-heading-level-3'><a class=\"ez-toc-link ez-toc-heading-11\" href=\"https:\/\/www.karekod.org\/blog\/vespa-fiyat-listesi\/#Ilgili_Baglantilar\" >\u0130lgili Ba\u011flant\u0131lar<\/a><\/li><\/ul><\/li><\/ul><\/nav><\/div>\n\n\n\n\n<h2 class=\"wp-block-heading\"><span class=\"ez-toc-section\" id=\"Vespa_Fiyat_Listesi\"><\/span><strong>Vespa Fiyat Listesi<\/strong><span class=\"ez-toc-section-end\"><\/span><\/h2>\n\n\n\n<figure class=\"wp-block-table\"><table class=\"has-fixed-layout\"><thead><tr><th><strong>Vespa<\/strong><\/th><th><strong>Fiyat\u0131<\/strong><\/th><\/tr><\/thead><tbody><tr><td>Vespa GTS SUPER 125<\/td><td>264.000 \u20ba<\/td><\/tr><tr><td>Vespa GTS SUPERTECH 125<\/td><td>279.000 \u20ba<\/td><\/tr><tr><td>Vespa GTS SUPERSPORT 125<\/td><td>272.000 \u20ba<\/td><\/tr><tr><td>Vespa GTS SUPER 300<\/td><td>389.000 \u20ba<\/td><\/tr><tr><td>Vespa GTS SUPERSPORT 300<\/td><td>399.000 \u20ba<\/td><\/tr><tr><td>Vespa GTS SUPERTECH 300<\/td><td>403.000 \u20ba<\/td><\/tr><\/tbody><\/table><figcaption class=\"wp-element-caption\"><strong>Vespa Fiyat Listesi<\/strong><\/figcaption><\/figure>\n\n\n\n<h3 class=\"wp-block-heading\"><span class=\"ez-toc-section\" id=\"Vespa_GTS\"><\/span><strong>Vespa GTS<\/strong><span class=\"ez-toc-section-end\"><\/span><\/h3>\n\n\n\n<figure class=\"wp-block-image size-full\"><img loading=\"lazy\" decoding=\"async\" width=\"1024\" height=\"1024\" src=\"https:\/\/www.karekod.org\/blog\/wp-content\/uploads\/2024\/01\/Vespa-GTS.png\" alt=\"Vespa GTS\" class=\"wp-image-33809\" srcset=\"https:\/\/www.karekod.org\/blog\/wp-content\/uploads\/2024\/01\/Vespa-GTS.png 1024w, https:\/\/www.karekod.org\/blog\/wp-content\/uploads\/2024\/01\/Vespa-GTS-300x300.png 300w, https:\/\/www.karekod.org\/blog\/wp-content\/uploads\/2024\/01\/Vespa-GTS-150x150.png 150w, https:\/\/www.karekod.org\/blog\/wp-content\/uploads\/2024\/01\/Vespa-GTS-675x675.png 675w, https:\/\/www.karekod.org\/blog\/wp-content\/uploads\/2024\/01\/Vespa-GTS-730x730.png 730w, https:\/\/www.karekod.org\/blog\/wp-content\/uploads\/2024\/01\/Vespa-GTS-350x350.png 350w\" sizes=\"auto, (max-width: 1024px) 100vw, 1024px\" \/><figcaption class=\"wp-element-caption\">Vespa GTS<\/figcaption><\/figure>\n\n\n\n<figure class=\"wp-block-table\"><table class=\"has-fixed-layout\"><thead><tr><th><strong>Model<\/strong><\/th><th><strong>Fiyat\u0131<\/strong><\/th><\/tr><\/thead><tbody><tr><td>Vespa GTS 125<\/td><td>262.000 \u20ba<\/td><\/tr><tr><td>Vespa GTS 300<\/td><td>378.000 \u20ba<\/td><\/tr><\/tbody><\/table><figcaption class=\"wp-element-caption\"><strong>Vespa GTS<\/strong> Fiyatlar\u0131<\/figcaption><\/figure>\n\n\n\n<h3 class=\"wp-block-heading\"><span class=\"ez-toc-section\" id=\"Vespa_Primavera\"><\/span><strong>Vespa Primavera<\/strong><span class=\"ez-toc-section-end\"><\/span><\/h3>\n\n\n\n<figure class=\"wp-block-image size-full\"><img loading=\"lazy\" decoding=\"async\" width=\"1024\" height=\"1024\" src=\"https:\/\/www.karekod.org\/blog\/wp-content\/uploads\/2024\/01\/Vespa-Primavera.png\" alt=\"Vespa Primavera\" class=\"wp-image-33810\" srcset=\"https:\/\/www.karekod.org\/blog\/wp-content\/uploads\/2024\/01\/Vespa-Primavera.png 1024w, https:\/\/www.karekod.org\/blog\/wp-content\/uploads\/2024\/01\/Vespa-Primavera-300x300.png 300w, https:\/\/www.karekod.org\/blog\/wp-content\/uploads\/2024\/01\/Vespa-Primavera-150x150.png 150w, https:\/\/www.karekod.org\/blog\/wp-content\/uploads\/2024\/01\/Vespa-Primavera-675x675.png 675w, https:\/\/www.karekod.org\/blog\/wp-content\/uploads\/2024\/01\/Vespa-Primavera-730x730.png 730w, https:\/\/www.karekod.org\/blog\/wp-content\/uploads\/2024\/01\/Vespa-Primavera-350x350.png 350w\" sizes=\"auto, (max-width: 1024px) 100vw, 1024px\" \/><figcaption class=\"wp-element-caption\">Vespa Primavera<\/figcaption><\/figure>\n\n\n\n<figure class=\"wp-block-table\"><table class=\"has-fixed-layout\"><thead><tr><th><strong>Model<\/strong><\/th><th><strong>Fiyat\u0131<\/strong><\/th><\/tr><\/thead><tbody><tr><td>Vespa PRIMAVERA 50<\/td><td>179.000 \u20ba<\/td><\/tr><tr><td>Vespa PRIMAVERA 125<\/td><td>232.000 \u20ba<\/td><\/tr><tr><td>Vespa PRIMAVERA 125 S<\/td><td>237.000 \u20ba<\/td><\/tr><tr><td>Vespa PRIMAVERA 125 RED<\/td><td>237.000 \u20ba<\/td><\/tr><tr><td>Vespa PRIMAVERA 150<\/td><td>237.000 \u20ba<\/td><\/tr><tr><td>Vespa PRIMAVERA 150 RED<\/td><td>247.000 \u20ba<\/td><\/tr><tr><td>Vespa PRIMAVERA 150 S<\/td><td>247.000 \u20ba<\/td><\/tr><\/tbody><\/table><figcaption class=\"wp-element-caption\"><strong>Vespa Primavera<\/strong> Fiyatlar\u0131<\/figcaption><\/figure>\n\n\n\n<h3 class=\"wp-block-heading\"><span class=\"ez-toc-section\" id=\"Vespa_Sprint\"><\/span><strong>Vespa Sprint<\/strong><span class=\"ez-toc-section-end\"><\/span><\/h3>\n\n\n\n<figure class=\"wp-block-image size-full\"><img loading=\"lazy\" decoding=\"async\" width=\"1024\" height=\"1024\" src=\"https:\/\/www.karekod.org\/blog\/wp-content\/uploads\/2024\/01\/Vespa-Sprint.png\" alt=\"Vespa Sprint\" class=\"wp-image-33811\" srcset=\"https:\/\/www.karekod.org\/blog\/wp-content\/uploads\/2024\/01\/Vespa-Sprint.png 1024w, https:\/\/www.karekod.org\/blog\/wp-content\/uploads\/2024\/01\/Vespa-Sprint-300x300.png 300w, https:\/\/www.karekod.org\/blog\/wp-content\/uploads\/2024\/01\/Vespa-Sprint-150x150.png 150w, https:\/\/www.karekod.org\/blog\/wp-content\/uploads\/2024\/01\/Vespa-Sprint-675x675.png 675w, https:\/\/www.karekod.org\/blog\/wp-content\/uploads\/2024\/01\/Vespa-Sprint-730x730.png 730w, https:\/\/www.karekod.org\/blog\/wp-content\/uploads\/2024\/01\/Vespa-Sprint-350x350.png 350w\" sizes=\"auto, (max-width: 1024px) 100vw, 1024px\" \/><figcaption class=\"wp-element-caption\">Vespa Sprint<\/figcaption><\/figure>\n\n\n\n<figure class=\"wp-block-table\"><table class=\"has-fixed-layout\"><thead><tr><th><strong>Model<\/strong><\/th><th><strong>Fiyat\u0131<\/strong><\/th><\/tr><\/thead><tbody><tr><td>Vespa SPRINT S 125<\/td><td>233.000 \u20ba<\/td><\/tr><tr><td>Vespa SPRINT S 150<\/td><td>248.000 \u20ba<\/td><\/tr><\/tbody><\/table><figcaption class=\"wp-element-caption\"><strong>Vespa Sprint<\/strong> Fiyatlar\u0131<\/figcaption><\/figure>\n\n\n\n<h3 class=\"wp-block-heading\"><span class=\"ez-toc-section\" id=\"Vespa_Elettrica\"><\/span><strong>Vespa Elettrica<\/strong><span class=\"ez-toc-section-end\"><\/span><\/h3>\n\n\n\n<figure class=\"wp-block-image size-full\"><img loading=\"lazy\" decoding=\"async\" width=\"1024\" height=\"1024\" src=\"https:\/\/www.karekod.org\/blog\/wp-content\/uploads\/2024\/01\/Vespa-Elettrica.png\" alt=\"Vespa Elettrica\" class=\"wp-image-33812\" srcset=\"https:\/\/www.karekod.org\/blog\/wp-content\/uploads\/2024\/01\/Vespa-Elettrica.png 1024w, https:\/\/www.karekod.org\/blog\/wp-content\/uploads\/2024\/01\/Vespa-Elettrica-300x300.png 300w, https:\/\/www.karekod.org\/blog\/wp-content\/uploads\/2024\/01\/Vespa-Elettrica-150x150.png 150w, https:\/\/www.karekod.org\/blog\/wp-content\/uploads\/2024\/01\/Vespa-Elettrica-675x675.png 675w, https:\/\/www.karekod.org\/blog\/wp-content\/uploads\/2024\/01\/Vespa-Elettrica-730x730.png 730w, https:\/\/www.karekod.org\/blog\/wp-content\/uploads\/2024\/01\/Vespa-Elettrica-350x350.png 350w\" sizes=\"auto, (max-width: 1024px) 100vw, 1024px\" \/><figcaption class=\"wp-element-caption\">Vespa Elettrica<\/figcaption><\/figure>\n\n\n\n<figure class=\"wp-block-table\"><table class=\"has-fixed-layout\"><thead><tr><th><strong>Model<\/strong><\/th><th><strong>Fiyat\u0131<\/strong><\/th><\/tr><\/thead><tbody><tr><td>Vespa ELETTRICA 45 KM\/H<\/td><td>294.000 \u20ba<\/td><\/tr><tr><td>Vespa ELETTRICA 70 KM\/H<\/td><td>309.000 \u20ba<\/td><\/tr><tr><td>Vespa ELETTRICA RED 45 KM\/H<\/td><td>304.000 \u20ba<\/td><\/tr><tr><td>Vespa ELETTRICA RED 70 KM\/H<\/td><td>318.000 \u20ba<\/td><\/tr><\/tbody><\/table><figcaption class=\"wp-element-caption\"><strong>Vespa Elettrica<\/strong> Fiyatlar\u0131<\/figcaption><\/figure>\n\n\n\n<h3 class=\"wp-block-heading\"><span class=\"ez-toc-section\" id=\"Vespa_946_Dragon\"><\/span><strong>Vespa 946 Dragon<\/strong><span class=\"ez-toc-section-end\"><\/span><\/h3>\n\n\n\n<figure class=\"wp-block-image size-full\"><img loading=\"lazy\" decoding=\"async\" width=\"1024\" height=\"1024\" src=\"https:\/\/www.karekod.org\/blog\/wp-content\/uploads\/2024\/01\/Vespa-946-Dragon.png\" alt=\"Vespa 946 Dragon\" class=\"wp-image-33813\" srcset=\"https:\/\/www.karekod.org\/blog\/wp-content\/uploads\/2024\/01\/Vespa-946-Dragon.png 1024w, https:\/\/www.karekod.org\/blog\/wp-content\/uploads\/2024\/01\/Vespa-946-Dragon-300x300.png 300w, https:\/\/www.karekod.org\/blog\/wp-content\/uploads\/2024\/01\/Vespa-946-Dragon-150x150.png 150w, https:\/\/www.karekod.org\/blog\/wp-content\/uploads\/2024\/01\/Vespa-946-Dragon-675x675.png 675w, https:\/\/www.karekod.org\/blog\/wp-content\/uploads\/2024\/01\/Vespa-946-Dragon-730x730.png 730w, https:\/\/www.karekod.org\/blog\/wp-content\/uploads\/2024\/01\/Vespa-946-Dragon-350x350.png 350w\" sizes=\"auto, (max-width: 1024px) 100vw, 1024px\" \/><figcaption class=\"wp-element-caption\">Vespa 946 Dragon<\/figcaption><\/figure>\n\n\n\n<figure class=\"wp-block-table\"><table class=\"has-fixed-layout\"><thead><tr><th><strong>Model<\/strong><\/th><th><strong>Fiyat\u0131<\/strong><\/th><\/tr><\/thead><tbody><tr><td>Vespa VESPA 946 125 Dragon<\/td><td>449.000 \u20ba<\/td><\/tr><tr><td>Vespa VESPA 946 150 Dragon<\/td><td>499.000 \u20ba<\/td><\/tr><\/tbody><\/table><figcaption class=\"wp-element-caption\"><strong>Vespa 946 Dragon<\/strong> Fiyatlar\u0131<\/figcaption><\/figure>\n\n\n\n<h3 class=\"wp-block-heading\"><span class=\"ez-toc-section\" id=\"Vespa_GTV\"><\/span><strong>Vespa GTV<\/strong><span class=\"ez-toc-section-end\"><\/span><\/h3>\n\n\n\n<figure class=\"wp-block-image size-full\"><img loading=\"lazy\" decoding=\"async\" width=\"1024\" height=\"1024\" src=\"https:\/\/www.karekod.org\/blog\/wp-content\/uploads\/2024\/01\/Vespa-GTV.png\" alt=\"Vespa GTV - Vespa Fiyat Listesi\" class=\"wp-image-33814\" srcset=\"https:\/\/www.karekod.org\/blog\/wp-content\/uploads\/2024\/01\/Vespa-GTV.png 1024w, https:\/\/www.karekod.org\/blog\/wp-content\/uploads\/2024\/01\/Vespa-GTV-300x300.png 300w, https:\/\/www.karekod.org\/blog\/wp-content\/uploads\/2024\/01\/Vespa-GTV-150x150.png 150w, https:\/\/www.karekod.org\/blog\/wp-content\/uploads\/2024\/01\/Vespa-GTV-675x675.png 675w, https:\/\/www.karekod.org\/blog\/wp-content\/uploads\/2024\/01\/Vespa-GTV-730x730.png 730w, https:\/\/www.karekod.org\/blog\/wp-content\/uploads\/2024\/01\/Vespa-GTV-350x350.png 350w\" sizes=\"auto, (max-width: 1024px) 100vw, 1024px\" \/><figcaption class=\"wp-element-caption\">Vespa GTV<\/figcaption><\/figure>\n\n\n\n<figure class=\"wp-block-table\"><table class=\"has-fixed-layout\"><thead><tr><th><strong>Model<\/strong><\/th><th><strong>Fiyat\u0131<\/strong><\/th><\/tr><\/thead><tbody><tr><td>Vespa GTV 300<\/td><td>409.000 \u20ba<\/td><\/tr><\/tbody><\/table><figcaption class=\"wp-element-caption\"><strong>Vespa GTV<\/strong> Fiyatlar\u0131<\/figcaption><\/figure>\n\n\n\n<figure class=\"wp-block-image size-large\"><img loading=\"lazy\" decoding=\"async\" width=\"1024\" height=\"768\" src=\"https:\/\/www.karekod.org\/blog\/wp-content\/uploads\/2023\/06\/GTS-SUPERTECH-125-Vespa-1024x768.jpg\" alt=\"Vespa Motor - Vespa Fiyat Listesi\" class=\"wp-image-21532\" srcset=\"https:\/\/www.karekod.org\/blog\/wp-content\/uploads\/2023\/06\/GTS-SUPERTECH-125-Vespa-1024x768.jpg 1024w, https:\/\/www.karekod.org\/blog\/wp-content\/uploads\/2023\/06\/GTS-SUPERTECH-125-Vespa-300x225.jpg 300w, https:\/\/www.karekod.org\/blog\/wp-content\/uploads\/2023\/06\/GTS-SUPERTECH-125-Vespa-768x576.jpg 768w, https:\/\/www.karekod.org\/blog\/wp-content\/uploads\/2023\/06\/GTS-SUPERTECH-125-Vespa-1536x1152.jpg 1536w, https:\/\/www.karekod.org\/blog\/wp-content\/uploads\/2023\/06\/GTS-SUPERTECH-125-Vespa-730x548.jpg 730w, https:\/\/www.karekod.org\/blog\/wp-content\/uploads\/2023\/06\/GTS-SUPERTECH-125-Vespa-350x263.jpg 350w, https:\/\/www.karekod.org\/blog\/wp-content\/uploads\/2023\/06\/GTS-SUPERTECH-125-Vespa-1100x825.jpg 1100w, https:\/\/www.karekod.org\/blog\/wp-content\/uploads\/2023\/06\/GTS-SUPERTECH-125-Vespa.jpg 1600w\" sizes=\"auto, (max-width: 1024px) 100vw, 1024px\" \/><figcaption class=\"wp-element-caption\">Vespa Motor<\/figcaption><\/figure>\n\n\n\n<h2 class=\"wp-block-heading\"><span class=\"ez-toc-section\" id=\"2_El_Vespa_Fiyat_Listesi\"><\/span>2. El Vespa Fiyat Listesi<span class=\"ez-toc-section-end\"><\/span><\/h2>\n\n\n\n<p>\u0130\u015fte, <strong>Vespa modellerinin ikinci el fiyatlar\u0131:<\/strong><\/p>\n\n\n\n<p><strong>2. el Vespa Primavera 150: 225.000 TL<br><\/strong>Vespa Primavera 150, \u015f\u0131k tasar\u0131m\u0131 ve g\u00fc\u00e7l\u00fc performans\u0131yla dikkat \u00e7eken bir modeldir. Yeni bir Primavera 150, y\u00fcksek fiyat\u0131yla b\u00fct\u00e7eyi zorlayabilir, ancak ikinci el pazar\u0131nda daha uygun fiyatlara bulunabilir.<\/p>\n\n\n\n<figure class=\"wp-block-image size-large\"><img loading=\"lazy\" decoding=\"async\" width=\"1024\" height=\"683\" src=\"https:\/\/www.karekod.org\/blog\/wp-content\/uploads\/2023\/06\/Vespa-Primavera-150-1024x683.png\" alt=\"Vespa Primavera 150 - Vespa Fiyat Listesi\" class=\"wp-image-21533\" srcset=\"https:\/\/www.karekod.org\/blog\/wp-content\/uploads\/2023\/06\/Vespa-Primavera-150-1024x683.png 1024w, https:\/\/www.karekod.org\/blog\/wp-content\/uploads\/2023\/06\/Vespa-Primavera-150-300x200.png 300w, https:\/\/www.karekod.org\/blog\/wp-content\/uploads\/2023\/06\/Vespa-Primavera-150-768x512.png 768w, https:\/\/www.karekod.org\/blog\/wp-content\/uploads\/2023\/06\/Vespa-Primavera-150-1536x1024.png 1536w, https:\/\/www.karekod.org\/blog\/wp-content\/uploads\/2023\/06\/Vespa-Primavera-150-2048x1365.png 2048w, https:\/\/www.karekod.org\/blog\/wp-content\/uploads\/2023\/06\/Vespa-Primavera-150-730x487.png 730w, https:\/\/www.karekod.org\/blog\/wp-content\/uploads\/2023\/06\/Vespa-Primavera-150-350x233.png 350w, https:\/\/www.karekod.org\/blog\/wp-content\/uploads\/2023\/06\/Vespa-Primavera-150-1100x733.png 1100w\" sizes=\"auto, (max-width: 1024px) 100vw, 1024px\" \/><figcaption class=\"wp-element-caption\">Vespa Primavera 150<\/figcaption><\/figure>\n\n\n\n<p><strong>2. el Vespa Cosa 200: 75.000 TL<br><\/strong>Vespa Cosa 200, retro tarz\u0131 ve g\u00fc\u00e7l\u00fc bir motoruyla \u00f6ne \u00e7\u0131kan bir se\u00e7enektir. \u0130kinci el piyasada olduk\u00e7a uygun fiyatlara bulunabilen Cosa 200, g\u00fcnl\u00fck kullan\u0131m i\u00e7in ideal bir se\u00e7enek olabilir.<\/p>\n\n\n\n<p><strong>2. el Vespa GTS 250: 182.000 TL<br><\/strong>Vespa GTS 250, sportif tasar\u0131m\u0131 ve g\u00fc\u00e7l\u00fc motoruyla performans odakl\u0131 s\u00fcr\u00fc\u015f deneyimi sunar. Yeni bir GTS 250, y\u00fcksek bir fiyatla gelen premium bir se\u00e7enektir.<\/p>\n\n\n\n<p><strong>2. el Vespa Primavera 50: 160.000 TL<br><\/strong>Vespa Primavera 50, kompakt ve \u00e7evik bir scooter olup, \u015fehir i\u00e7i kullan\u0131m i\u00e7in idealdir. \u0130kinci el piyasada daha uygun fiyatlara bulunabilen Primavera 50, \u00f6zellikle yeni s\u00fcr\u00fcc\u00fcler ve \u015fehirde hareketlilik sa\u011flamak isteyenler i\u00e7in tercih edilebilir.<\/p>\n\n\n\n<p><strong>2. el Vespa LX 150 ie: 130.000 TL<br><\/strong>Vespa LX 150 ie, klasik Vespa tasar\u0131m\u0131n\u0131 modern \u00f6zelliklerle birle\u015ftirir. \u0130kinci el piyasada daha uygun fiyatlarla bulunabilen LX 150 ie, rahat s\u00fcr\u00fc\u015f ve stil sahibi olmak isteyenler i\u00e7in cazip bir se\u00e7enektir.<\/p>\n\n\n\n<p><strong>2. el LX 150: 93.000 TL<br><\/strong>Vespa LX 150, retro tarz\u0131 ve ekonomik performans\u0131yla \u00f6ne \u00e7\u0131kan bir modeldir. \u0130kinci el piyasada daha d\u00fc\u015f\u00fck fiyatlarla bulunabilen LX 150, b\u00fct\u00e7e dostu bir se\u00e7enek sunar.<\/p>\n\n\n\n<blockquote class=\"wp-block-quote is-layout-flow wp-block-quote-is-layout-flow\">\n<p>\u0130kinci el Vespa scooterlar, daha ekonomik bir se\u00e7enek sunarak Vespa keyfini uygun fiyatlarla ya\u015faman\u0131za olanak tan\u0131r<\/p>\n<cite>Karekod Blog<\/cite><\/blockquote>\n\n\n\n<h2 class=\"wp-block-heading\"><span class=\"ez-toc-section\" id=\"Avrupa_Vespa_Fiyat_Listesi\"><\/span>Avrupa Vespa Fiyat Listesi<span class=\"ez-toc-section-end\"><\/span><\/h2>\n\n\n\n<figure class=\"wp-block-image size-large\"><img loading=\"lazy\" decoding=\"async\" width=\"1024\" height=\"731\" src=\"https:\/\/www.karekod.org\/blog\/wp-content\/uploads\/2023\/06\/Primavera-50-4T-1024x731.jpeg\" alt=\"Vespa Fiyat Listesi\" class=\"wp-image-22573\" srcset=\"https:\/\/www.karekod.org\/blog\/wp-content\/uploads\/2023\/06\/Primavera-50-4T-1024x731.jpeg 1024w, https:\/\/www.karekod.org\/blog\/wp-content\/uploads\/2023\/06\/Primavera-50-4T-300x214.jpeg 300w, https:\/\/www.karekod.org\/blog\/wp-content\/uploads\/2023\/06\/Primavera-50-4T-768x549.jpeg 768w, https:\/\/www.karekod.org\/blog\/wp-content\/uploads\/2023\/06\/Primavera-50-4T-1536x1097.jpeg 1536w, https:\/\/www.karekod.org\/blog\/wp-content\/uploads\/2023\/06\/Primavera-50-4T-730x521.jpeg 730w, https:\/\/www.karekod.org\/blog\/wp-content\/uploads\/2023\/06\/Primavera-50-4T-350x250.jpeg 350w, https:\/\/www.karekod.org\/blog\/wp-content\/uploads\/2023\/06\/Primavera-50-4T-1100x786.jpeg 1100w, https:\/\/www.karekod.org\/blog\/wp-content\/uploads\/2023\/06\/Primavera-50-4T.jpeg 1792w\" sizes=\"auto, (max-width: 1024px) 100vw, 1024px\" \/><figcaption class=\"wp-element-caption\">Primavera 50cc<\/figcaption><\/figure>\n\n\n\n<p>Vespa Primavera 50cc modeli, Avrupa&#8217;da genellikle <strong>2.500 ila 3.000 Euro<\/strong> aras\u0131nda bir fiyat etiketine sahiptir. Daha g\u00fc\u00e7l\u00fc bir se\u00e7enek olan Vespa Primavera 125cc ise 3.500 ila 4.000 Euro aras\u0131nda de\u011fi\u015fen bir fiyatla sat\u0131n al\u0131nabilir.<\/p>\n\n\n\n<figure class=\"wp-block-embed is-type-video is-provider-youtube wp-block-embed-youtube wp-embed-aspect-16-9 wp-has-aspect-ratio\"><div class=\"wp-block-embed__wrapper\">\n<iframe loading=\"lazy\" title=\"Vespa Primavera 150 | Motosiklet sezonunu a\u00e7t\u0131k! | otoban-tv\" width=\"500\" height=\"281\" src=\"https:\/\/www.youtube.com\/embed\/uhQazEy14NE?feature=oembed\" frameborder=\"0\" allow=\"accelerometer; autoplay; clipboard-write; encrypted-media; gyroscope; picture-in-picture; web-share\" referrerpolicy=\"strict-origin-when-cross-origin\" allowfullscreen><\/iframe>\n<\/div><figcaption class=\"wp-element-caption\">Vespa<\/figcaption><\/figure>\n\n\n\n<p>Vespa GTS Super 125cc, performans ve konforu birle\u015ftiren bir model olarak tercih edilmektedir. Bu modelin Avrupa&#8217;daki fiyat\u0131 genellikle 4.000 ila 4.500 Euro aras\u0131nda de\u011fi\u015fmektedir. Daha g\u00fc\u00e7l\u00fc bir motor isteyenler i\u00e7in Vespa GTS Super 300cc, 5.500 ila 6.000 Euro aras\u0131nda bir fiyatla bulunabilir.<\/p>\n\n\n\n<figure class=\"wp-block-table\"><table><tbody><tr><td><strong>Vespa Modeli<\/strong><\/td><td><strong>Avrupa Fiyat\u0131 (Euro)<\/strong><\/td><td><strong>\u0130ngiltere (Sterlin)<\/strong><\/td><\/tr><tr><td>Primavera 50cc<\/td><td>2.500 &#8211; 3.000<\/td><td>\u00a32,000 &#8211; \u00a32,500<\/td><\/tr><tr><td>Primavera 125cc<\/td><td>3.500 &#8211; 4.000<\/td><td>\u00a33,000 &#8211; \u00a33,500<\/td><\/tr><tr><td>GTS Super 125cc<\/td><td>4.000 &#8211; 4.500<\/td><td>\u00a33,500 &#8211; \u00a34,000<\/td><\/tr><tr><td>GTS Super 300cc<\/td><td>5.500 &#8211; 6.000<\/td><td>\u00a34,500 &#8211; \u00a35,000<\/td><\/tr><tr><td>Elettrica<\/td><td>4.500 &#8211; 5.000<\/td><td>\u00a34,000 &#8211; \u00a34,500<\/td><\/tr><\/tbody><\/table><figcaption class=\"wp-element-caption\">Vespa Avrupa Fiyatlar\u0131<\/figcaption><\/figure>\n\n\n\n<figure class=\"wp-block-image size-large\"><img loading=\"lazy\" decoding=\"async\" width=\"1024\" height=\"683\" src=\"https:\/\/www.karekod.org\/blog\/wp-content\/uploads\/2023\/06\/Elettrica-1024x683.jpeg\" alt=\"Vespa Elettrica - Vespa Fiyat Listesi\" class=\"wp-image-21534\" srcset=\"https:\/\/www.karekod.org\/blog\/wp-content\/uploads\/2023\/06\/Elettrica-1024x683.jpeg 1024w, https:\/\/www.karekod.org\/blog\/wp-content\/uploads\/2023\/06\/Elettrica-300x200.jpeg 300w, https:\/\/www.karekod.org\/blog\/wp-content\/uploads\/2023\/06\/Elettrica-768x512.jpeg 768w, https:\/\/www.karekod.org\/blog\/wp-content\/uploads\/2023\/06\/Elettrica-1536x1024.jpeg 1536w, https:\/\/www.karekod.org\/blog\/wp-content\/uploads\/2023\/06\/Elettrica-2048x1365.jpeg 2048w, https:\/\/www.karekod.org\/blog\/wp-content\/uploads\/2023\/06\/Elettrica-730x487.jpeg 730w, https:\/\/www.karekod.org\/blog\/wp-content\/uploads\/2023\/06\/Elettrica-350x233.jpeg 350w, https:\/\/www.karekod.org\/blog\/wp-content\/uploads\/2023\/06\/Elettrica-1100x733.jpeg 1100w\" sizes=\"auto, (max-width: 1024px) 100vw, 1024px\" \/><figcaption class=\"wp-element-caption\">Vespa Elettrica<\/figcaption><\/figure>\n\n\n\n<p>Son olarak, Vespa Elettrica elektrikli modeli giderek pop\u00fcler hale gelmektedir. Bu \u00e7evre dostu scooter, genellikle 4.500 ila 5.000 Euro aras\u0131nda bir fiyatla Avrupa pazar\u0131nda sunulmaktad\u0131r.<\/p>\n\n\n\n<h3 class=\"wp-block-heading\"><span class=\"ez-toc-section\" id=\"Vespa_Fiyat_Listesi_SSS\"><\/span>Vespa Fiyat Listesi SSS<span class=\"ez-toc-section-end\"><\/span><\/h3>\n\n\n\n<div class=\"schema-faq wp-block-yoast-faq-block\"><div class=\"schema-faq-section\" id=\"faq-question-1687853170835\"><strong class=\"schema-faq-question\">Vespa&#8217;n\u0131n finansman se\u00e7enekleri mevcut mu?<\/strong> <p class=\"schema-faq-answer\">Evet, Vespa genellikle finansman se\u00e7enekleri sunmaktad\u0131r. Vespa bayileri veya resmi web sitesi \u00fczerinden finansman se\u00e7enekleri hakk\u0131nda daha fazla bilgi alabilirsiniz.<\/p> <\/div> <div class=\"schema-faq-section\" id=\"faq-question-1687853183772\"><strong class=\"schema-faq-question\">Vespa&#8217;y\u0131 kiralamak m\u00fcmk\u00fcn m\u00fc?<\/strong> <p class=\"schema-faq-answer\">Evet, Vespa&#8217;n\u0131n baz\u0131 pazarlarda kiralama se\u00e7enekleri bulunmaktad\u0131r. Vespa kiralama hizmetlerini sunan \u015firketlerle ileti\u015fime ge\u00e7erek kiralamaya ili\u015fkin detaylar\u0131 \u00f6\u011frenebilirsiniz.<\/p> <\/div> <div class=\"schema-faq-section\" id=\"faq-question-1687853246518\"><strong class=\"schema-faq-question\">Vespa&#8217;n\u0131n fiyat\u0131 neye g\u00f6re de\u011fi\u015fir?<\/strong> <p class=\"schema-faq-answer\">Vespa&#8217;n\u0131n fiyat\u0131, birka\u00e7 fakt\u00f6re ba\u011fl\u0131 olarak de\u011fi\u015fiklik g\u00f6sterebilir. Bu fakt\u00f6rler aras\u0131nda model, motor g\u00fcc\u00fc, teknik \u00f6zellikler, ekstra donan\u0131mlar ve \u00fclke vergi politikalar\u0131 yer al\u0131r. Daha g\u00fc\u00e7l\u00fc motorlu veya \u00f6zel tasar\u0131ml\u0131 modeller genellikle daha y\u00fcksek bir fiyatla sat\u0131lmaktad\u0131r.<\/p> <\/div> <div class=\"schema-faq-section\" id=\"faq-question-1687853264771\"><strong class=\"schema-faq-question\">Vespa&#8217;n\u0131n ikinci el fiyatlar\u0131 nas\u0131l de\u011fi\u015fir?<\/strong> <p class=\"schema-faq-answer\">Vespa&#8217;n\u0131n fiyat\u0131na genellikle temel bir ara\u00e7, anahtarlar, kullan\u0131m k\u0131lavuzu ve garanti belgeleri dahildir. Ek olarak, baz\u0131 modellerde \u00f6n ve arka ta\u015f\u0131ma \u00e7antas\u0131, koruyucu kapak, sele siperli\u011fi gibi ekstralar opsiyonel olarak sunulabilir. Ekstra donan\u0131mlar ve aksesuarlar genellikle fiyata ek olarak sat\u0131n al\u0131n\u0131r.<\/p> <\/div> <div class=\"schema-faq-section\" id=\"faq-question-1687853312969\"><strong class=\"schema-faq-question\">Vespa&#8217;n\u0131n ortalama fiyat aral\u0131\u011f\u0131 nedir?<\/strong> <p class=\"schema-faq-answer\">Vespa modellerinin fiyatlar\u0131 model, motor g\u00fcc\u00fc ve \u00fclkeye g\u00f6re de\u011fi\u015fiklik g\u00f6sterir. Genellikle Vespa scooterlar, giri\u015f seviyesi modellerden ba\u015flayarak 200 bin TL&#8217;den ba\u015flayan bir fiyat aral\u0131\u011f\u0131na sahiptir.<\/p> <\/div> <div class=\"schema-faq-section\" id=\"faq-question-1687853313251\"><strong class=\"schema-faq-question\">Vespa&#8217;n\u0131n en ucuz modeli hangisidir?<\/strong> <p class=\"schema-faq-answer\">Vespa&#8217;n\u0131n en ucuz modeli genellikle Vespa Primavera 50cc&#8217;dir. Bu giri\u015f seviyesi <a href=\"https:\/\/tr.wikipedia.org\/wiki\/Scooter\">scooter<\/a>, 179.000 TL&#8217;den ba\u015flayan bir fiyatla sat\u0131n al\u0131nabilir.<\/p> <\/div> <div class=\"schema-faq-section\" id=\"faq-question-1687853399836\"><strong class=\"schema-faq-question\">Vespa&#8217;n\u0131n en pahal\u0131 modeli hangisidir?<\/strong> <p class=\"schema-faq-answer\">Vespa&#8217;n\u0131n en pahal\u0131 modelleri aras\u0131nda genellikle performans odakl\u0131 ve daha b\u00fcy\u00fck motorlu olanlar yer al\u0131r. \u00d6rne\u011fin, Vespa 946 150 10\u00b0Anniversario, 499.000 TL&#8217;den ba\u015flayan bir fiyatla daha y\u00fcksek bir fiyat etiketine sahiptir.<\/p> <\/div> <div class=\"schema-faq-section\" id=\"faq-question-1687853456855\"><strong class=\"schema-faq-question\">Vespa Elettrica&#8217;n\u0131n fiyat\u0131 nedir?<\/strong> <p class=\"schema-faq-answer\">Vespa Elettrica, Vespa&#8217;n\u0131n elektrikli modelidir. Bu \u00e7evre dostu scooter, genellikle 253.900 TL&#8217;den ba\u015flayan bir fiyatla sat\u0131\u015fa sunulmu\u015ftur.<\/p> <\/div> <\/div>\n\n\n\n<h3 class=\"wp-block-heading has-medium-font-size\"><span class=\"ez-toc-section\" id=\"Ilgili_Baglantilar\"><\/span>\u0130lgili Ba\u011flant\u0131lar<span class=\"ez-toc-section-end\"><\/span><\/h3>\n\n\n\n<ul class=\"wp-block-list\">\n<li class=\"has-medium-font-size\"><a href=\"https:\/\/www.karekod.org\/blog\/elektrikli-arac-fiyatlari\/\">Elektrikli Ara\u00e7 Fiyatlar\u0131<\/a><\/li>\n\n\n\n<li class=\"has-medium-font-size\"><a href=\"https:\/\/www.karekod.org\/blog\/karavan-fiyatlari-2025\/\">Karavan Fiyatlar\u0131<\/a><\/li>\n\n\n\n<li class=\"has-medium-font-size\"><a href=\"https:\/\/www.karekod.org\/blog\/karavan-kiralama-fiyatlari\/\">Kiral\u0131k Karavan Fiyatlar\u0131<\/a><\/li>\n\n\n\n<li class=\"has-medium-font-size\"><a href=\"https:\/\/www.karekod.org\/blog\/elektrikli-motosiklet-fiyatlari\/\">Elektrikli Motorsiklet Fiyatlar\u0131<\/a><\/li>\n\n\n\n<li class=\"has-medium-font-size\"><a href=\"https:\/\/www.karekod.org\/blog\/tesla-fiyatlari-2025\/\">Tesla Fiyatlar\u0131<\/a><\/li>\n\n\n\n<li class=\"has-medium-font-size\"><a href=\"https:\/\/www.karekod.org\/blog\/arac-kiralama-fiyatlari-aylik-gunluk-arac-kiralama-ucreti-202\/\">Ara\u00e7 Kiralama Fiyatlar\u0131<\/a><\/li>\n\n\n\n<li class=\"has-medium-font-size\"><a href=\"https:\/\/www.karekod.org\/blog\/togg-fiyatlari\/\">Togg Fiyat<\/a><\/li>\n<\/ul>\n","protected":false},"excerpt":{"rendered":"<p>Son y\u0131llarda \u015fehir i\u00e7i ula\u015f\u0131mda pop\u00fclerli\u011fi giderek artan Vespa markas\u0131, hem ikonik tasar\u0131m\u0131 hem de pratik kullan\u0131m\u0131yla dikkat \u00e7ekiyor. Bu [&hellip;]<\/p>\n","protected":false},"author":1,"featured_media":33817,"comment_status":"open","ping_status":"open","sticky":false,"template":"","format":"standard","meta":{"footnotes":""},"categories":[3938],"tags":[],"class_list":["post-21530","post","type-post","status-publish","format-standard","has-post-thumbnail","hentry","category-arac-fiyatlari"],"yoast_head":"<!-- This site is optimized with the Yoast SEO plugin v27.5 - https:\/\/yoast.com\/product\/yoast-seo-wordpress\/ -->\n<title>Vespa Fiyat Listesi 2026 (G\u00fcncel) - Karekod Blog<\/title>\n<meta name=\"description\" content=\"Vespa Fiyat Listesi: Vespa GTS SUPER 125 264.000 TL, Vespa GTS SUPERTECH 125 279.000 TL ve Vespa GTS SUPERSPORT 125 272.000 TL&#039;dir.\" \/>\n<meta name=\"robots\" content=\"index, follow, max-snippet:-1, max-image-preview:large, max-video-preview:-1\" \/>\n<link rel=\"canonical\" href=\"https:\/\/www.karekod.org\/blog\/vespa-fiyat-listesi\/\" \/>\n<meta property=\"og:locale\" content=\"tr_TR\" \/>\n<meta property=\"og:type\" content=\"article\" \/>\n<meta property=\"og:title\" content=\"Vespa Fiyat Listesi 2026 (G\u00fcncel) - Karekod Blog\" \/>\n<meta property=\"og:description\" content=\"Vespa Fiyat Listesi: Vespa GTS SUPER 125 264.000 TL, Vespa GTS SUPERTECH 125 279.000 TL ve Vespa GTS SUPERSPORT 125 272.000 TL&#039;dir.\" \/>\n<meta property=\"og:url\" content=\"https:\/\/www.karekod.org\/blog\/vespa-fiyat-listesi\/\" \/>\n<meta property=\"og:site_name\" content=\"Karekod Blog\" \/>\n<meta property=\"article:publisher\" content=\"https:\/\/www.facebook.com\/QarMenu\/\" \/>\n<meta property=\"article:author\" content=\"https:\/\/www.facebook.com\/mentor.perplexed\/\" \/>\n<meta property=\"article:published_time\" content=\"2024-09-10T09:02:33+00:00\" \/>\n<meta property=\"article:modified_time\" content=\"2025-01-27T09:06:40+00:00\" \/>\n<meta property=\"og:image\" content=\"https:\/\/www.karekod.org\/blog\/wp-content\/uploads\/2024\/09\/vespa-fiyat-listesi.webp\" \/>\n\t<meta property=\"og:image:width\" content=\"1200\" \/>\n\t<meta property=\"og:image:height\" content=\"1100\" \/>\n\t<meta property=\"og:image:type\" content=\"image\/webp\" \/>\n<meta name=\"author\" content=\"Muharrem Emino\u011flu\" \/>\n<meta name=\"twitter:card\" content=\"summary_large_image\" \/>\n<meta name=\"twitter:creator\" content=\"@temassizmenu\" \/>\n<meta name=\"twitter:site\" content=\"@temassizmenu\" \/>\n<meta name=\"twitter:label1\" content=\"Yazan:\" \/>\n\t<meta name=\"twitter:data1\" content=\"Muharrem Emino\u011flu\" \/>\n\t<meta name=\"twitter:label2\" content=\"Tahmini okuma s\u00fcresi\" \/>\n\t<meta name=\"twitter:data2\" content=\"8 dakika\" \/>\n<script type=\"application\/ld+json\" class=\"yoast-schema-graph\">{\"@context\":\"https:\\\/\\\/schema.org\",\"@graph\":[{\"@type\":\"NewsArticle\",\"@id\":\"https:\\\/\\\/www.karekod.org\\\/blog\\\/vespa-fiyat-listesi\\\/#article\",\"isPartOf\":{\"@id\":\"https:\\\/\\\/www.karekod.org\\\/blog\\\/vespa-fiyat-listesi\\\/\"},\"author\":{\"name\":\"Muharrem Emino\u011flu\",\"@id\":\"https:\\\/\\\/www.karekod.org\\\/blog\\\/#\\\/schema\\\/person\\\/8c87c879aca1c63c7438bf937a5da8bd\"},\"headline\":\"Vespa Fiyat Listesi 2026 (G\u00fcncel)\",\"datePublished\":\"2024-09-10T09:02:33+00:00\",\"dateModified\":\"2025-01-27T09:06:40+00:00\",\"mainEntityOfPage\":{\"@id\":\"https:\\\/\\\/www.karekod.org\\\/blog\\\/vespa-fiyat-listesi\\\/\"},\"wordCount\":974,\"commentCount\":3,\"publisher\":{\"@id\":\"https:\\\/\\\/www.karekod.org\\\/blog\\\/#organization\"},\"image\":{\"@id\":\"https:\\\/\\\/www.karekod.org\\\/blog\\\/vespa-fiyat-listesi\\\/#primaryimage\"},\"thumbnailUrl\":\"https:\\\/\\\/www.karekod.org\\\/blog\\\/wp-content\\\/uploads\\\/2024\\\/09\\\/vespa-fiyat-listesi.webp\",\"articleSection\":[\"Ara\u00e7 Fiyatlar\u0131\"],\"inLanguage\":\"tr\",\"potentialAction\":[{\"@type\":\"CommentAction\",\"name\":\"Comment\",\"target\":[\"https:\\\/\\\/www.karekod.org\\\/blog\\\/vespa-fiyat-listesi\\\/#respond\"]}]},{\"@type\":[\"WebPage\",\"FAQPage\"],\"@id\":\"https:\\\/\\\/www.karekod.org\\\/blog\\\/vespa-fiyat-listesi\\\/\",\"url\":\"https:\\\/\\\/www.karekod.org\\\/blog\\\/vespa-fiyat-listesi\\\/\",\"name\":\"Vespa Fiyat Listesi 2026 (G\u00fcncel) - Karekod Blog\",\"isPartOf\":{\"@id\":\"https:\\\/\\\/www.karekod.org\\\/blog\\\/#website\"},\"primaryImageOfPage\":{\"@id\":\"https:\\\/\\\/www.karekod.org\\\/blog\\\/vespa-fiyat-listesi\\\/#primaryimage\"},\"image\":{\"@id\":\"https:\\\/\\\/www.karekod.org\\\/blog\\\/vespa-fiyat-listesi\\\/#primaryimage\"},\"thumbnailUrl\":\"https:\\\/\\\/www.karekod.org\\\/blog\\\/wp-content\\\/uploads\\\/2024\\\/09\\\/vespa-fiyat-listesi.webp\",\"datePublished\":\"2024-09-10T09:02:33+00:00\",\"dateModified\":\"2025-01-27T09:06:40+00:00\",\"description\":\"Vespa Fiyat Listesi: Vespa GTS SUPER 125 264.000 TL, Vespa GTS SUPERTECH 125 279.000 TL ve Vespa GTS SUPERSPORT 125 272.000 TL'dir.\",\"breadcrumb\":{\"@id\":\"https:\\\/\\\/www.karekod.org\\\/blog\\\/vespa-fiyat-listesi\\\/#breadcrumb\"},\"mainEntity\":[{\"@id\":\"https:\\\/\\\/www.karekod.org\\\/blog\\\/vespa-fiyat-listesi\\\/#faq-question-1687853170835\"},{\"@id\":\"https:\\\/\\\/www.karekod.org\\\/blog\\\/vespa-fiyat-listesi\\\/#faq-question-1687853183772\"},{\"@id\":\"https:\\\/\\\/www.karekod.org\\\/blog\\\/vespa-fiyat-listesi\\\/#faq-question-1687853246518\"},{\"@id\":\"https:\\\/\\\/www.karekod.org\\\/blog\\\/vespa-fiyat-listesi\\\/#faq-question-1687853264771\"},{\"@id\":\"https:\\\/\\\/www.karekod.org\\\/blog\\\/vespa-fiyat-listesi\\\/#faq-question-1687853312969\"},{\"@id\":\"https:\\\/\\\/www.karekod.org\\\/blog\\\/vespa-fiyat-listesi\\\/#faq-question-1687853313251\"},{\"@id\":\"https:\\\/\\\/www.karekod.org\\\/blog\\\/vespa-fiyat-listesi\\\/#faq-question-1687853399836\"},{\"@id\":\"https:\\\/\\\/www.karekod.org\\\/blog\\\/vespa-fiyat-listesi\\\/#faq-question-1687853456855\"}],\"inLanguage\":\"tr\",\"potentialAction\":[{\"@type\":\"ReadAction\",\"target\":[\"https:\\\/\\\/www.karekod.org\\\/blog\\\/vespa-fiyat-listesi\\\/\"]}]},{\"@type\":\"ImageObject\",\"inLanguage\":\"tr\",\"@id\":\"https:\\\/\\\/www.karekod.org\\\/blog\\\/vespa-fiyat-listesi\\\/#primaryimage\",\"url\":\"https:\\\/\\\/www.karekod.org\\\/blog\\\/wp-content\\\/uploads\\\/2024\\\/09\\\/vespa-fiyat-listesi.webp\",\"contentUrl\":\"https:\\\/\\\/www.karekod.org\\\/blog\\\/wp-content\\\/uploads\\\/2024\\\/09\\\/vespa-fiyat-listesi.webp\",\"width\":1200,\"height\":1100,\"caption\":\"Vespa Fiyat Listesi\"},{\"@type\":\"BreadcrumbList\",\"@id\":\"https:\\\/\\\/www.karekod.org\\\/blog\\\/vespa-fiyat-listesi\\\/#breadcrumb\",\"itemListElement\":[{\"@type\":\"ListItem\",\"position\":1,\"name\":\"Ana sayfa\",\"item\":\"https:\\\/\\\/www.karekod.org\\\/blog\\\/\"},{\"@type\":\"ListItem\",\"position\":2,\"name\":\"Fiyat\",\"item\":\"https:\\\/\\\/www.karekod.org\\\/blog\\\/category\\\/fiyat\\\/\"},{\"@type\":\"ListItem\",\"position\":3,\"name\":\"Ara\u00e7 Fiyatlar\u0131\",\"item\":\"https:\\\/\\\/www.karekod.org\\\/blog\\\/category\\\/fiyat\\\/arac-fiyatlari\\\/\"},{\"@type\":\"ListItem\",\"position\":4,\"name\":\"Vespa Fiyat Listesi 2025 (G\u00fcncel)\"}]},{\"@type\":\"WebSite\",\"@id\":\"https:\\\/\\\/www.karekod.org\\\/blog\\\/#website\",\"url\":\"https:\\\/\\\/www.karekod.org\\\/blog\\\/\",\"name\":\"Karekod Blog\",\"description\":\"2026 G\u00fcncel Alkol Fiyatlar\u0131 ve Piyasa Rehberi\",\"publisher\":{\"@id\":\"https:\\\/\\\/www.karekod.org\\\/blog\\\/#organization\"},\"alternateName\":\"Karekod Haber\",\"potentialAction\":[{\"@type\":\"SearchAction\",\"target\":{\"@type\":\"EntryPoint\",\"urlTemplate\":\"https:\\\/\\\/www.karekod.org\\\/blog\\\/?s={search_term_string}\"},\"query-input\":{\"@type\":\"PropertyValueSpecification\",\"valueRequired\":true,\"valueName\":\"search_term_string\"}}],\"inLanguage\":\"tr\"},{\"@type\":\"Organization\",\"@id\":\"https:\\\/\\\/www.karekod.org\\\/blog\\\/#organization\",\"name\":\"Karekod Blog\",\"alternateName\":\"Karekod Haber\",\"url\":\"https:\\\/\\\/www.karekod.org\\\/blog\\\/\",\"logo\":{\"@type\":\"ImageObject\",\"inLanguage\":\"tr\",\"@id\":\"https:\\\/\\\/www.karekod.org\\\/blog\\\/#\\\/schema\\\/logo\\\/image\\\/\",\"url\":\"https:\\\/\\\/www.karekod.org\\\/blog\\\/wp-content\\\/uploads\\\/2025\\\/01\\\/cropped-logo.webp\",\"contentUrl\":\"https:\\\/\\\/www.karekod.org\\\/blog\\\/wp-content\\\/uploads\\\/2025\\\/01\\\/cropped-logo.webp\",\"width\":512,\"height\":384,\"caption\":\"Karekod Blog\"},\"image\":{\"@id\":\"https:\\\/\\\/www.karekod.org\\\/blog\\\/#\\\/schema\\\/logo\\\/image\\\/\"},\"sameAs\":[\"https:\\\/\\\/www.facebook.com\\\/QarMenu\\\/\",\"https:\\\/\\\/x.com\\\/temassizmenu\",\"https:\\\/\\\/www.instagram.com\\\/qarmenu\\\/\",\"https:\\\/\\\/www.linkedin.com\\\/company\\\/karekod\\\/\",\"https:\\\/\\\/tr.pinterest.com\\\/dijitalmenu\\\/\",\"https:\\\/\\\/www.youtube.com\\\/@qrmenu\",\"https:\\\/\\\/karekodmenu.tumblr.com\\\/\",\"https:\\\/\\\/karekod.medium.com\\\/\",\"https:\\\/\\\/www.diigo.com\\\/user\\\/karekod\",\"https:\\\/\\\/mastodon.social\\\/@karekod\",\"https:\\\/\\\/vk.com\\\/karekod\",\"https:\\\/\\\/flipboard.com\\\/@karekod\",\"https:\\\/\\\/www.quora.com\\\/profile\\\/Karekod-Haber\",\"https:\\\/\\\/note.com\\\/karekod\"]},{\"@type\":\"Person\",\"@id\":\"https:\\\/\\\/www.karekod.org\\\/blog\\\/#\\\/schema\\\/person\\\/8c87c879aca1c63c7438bf937a5da8bd\",\"name\":\"Muharrem Emino\u011flu\",\"pronouns\":\"he\\\/him\",\"description\":\"Veri analizi ve dijital raporlama s\u00fcre\u00e7lerinde yenilik\u00e7i yakla\u015f\u0131mlar benimseyerek s\u00fcrd\u00fcr\u00fclebilir i\u015f modelleri \u00fczerine \u00e7al\u0131\u015fmalar yap\u0131yorum. Teknoloji, ekonomi ve dijital pazarlama alanlar\u0131nda g\u00fcncel ve g\u00fcvenilir i\u00e7erikler \u00fcretiyorum.\",\"sameAs\":[\"https:\\\/\\\/www.karekod.org\",\"https:\\\/\\\/www.facebook.com\\\/mentor.perplexed\\\/\",\"https:\\\/\\\/www.instagram.com\\\/mentorperplexed\\\/\",\"https:\\\/\\\/www.linkedin.com\\\/in\\\/eminoglu\\\/\",\"https:\\\/\\\/www.pinterest.de\\\/dijitalmenu\\\/\",\"https:\\\/\\\/x.com\\\/temassizmenu\",\"https:\\\/\\\/www.youtube.com\\\/channel\\\/UC_vI-xTP9NegNfIqSGoesGg\",\"https:\\\/\\\/qrmenu.tumblr.com\\\/\"],\"url\":\"https:\\\/\\\/www.karekod.org\\\/blog\\\/yazar\\\/muharrem-eminoglu\\\/\"},{\"@type\":\"Question\",\"@id\":\"https:\\\/\\\/www.karekod.org\\\/blog\\\/vespa-fiyat-listesi\\\/#faq-question-1687853170835\",\"position\":1,\"url\":\"https:\\\/\\\/www.karekod.org\\\/blog\\\/vespa-fiyat-listesi\\\/#faq-question-1687853170835\",\"name\":\"Vespa'n\u0131n finansman se\u00e7enekleri mevcut mu?\",\"answerCount\":1,\"acceptedAnswer\":{\"@type\":\"Answer\",\"text\":\"Evet, Vespa genellikle finansman se\u00e7enekleri sunmaktad\u0131r. Vespa bayileri veya resmi web sitesi \u00fczerinden finansman se\u00e7enekleri hakk\u0131nda daha fazla bilgi alabilirsiniz.\",\"inLanguage\":\"tr\"},\"inLanguage\":\"tr\"},{\"@type\":\"Question\",\"@id\":\"https:\\\/\\\/www.karekod.org\\\/blog\\\/vespa-fiyat-listesi\\\/#faq-question-1687853183772\",\"position\":2,\"url\":\"https:\\\/\\\/www.karekod.org\\\/blog\\\/vespa-fiyat-listesi\\\/#faq-question-1687853183772\",\"name\":\"Vespa'y\u0131 kiralamak m\u00fcmk\u00fcn m\u00fc?\",\"answerCount\":1,\"acceptedAnswer\":{\"@type\":\"Answer\",\"text\":\"Evet, Vespa'n\u0131n baz\u0131 pazarlarda kiralama se\u00e7enekleri bulunmaktad\u0131r. Vespa kiralama hizmetlerini sunan \u015firketlerle ileti\u015fime ge\u00e7erek kiralamaya ili\u015fkin detaylar\u0131 \u00f6\u011frenebilirsiniz.\",\"inLanguage\":\"tr\"},\"inLanguage\":\"tr\"},{\"@type\":\"Question\",\"@id\":\"https:\\\/\\\/www.karekod.org\\\/blog\\\/vespa-fiyat-listesi\\\/#faq-question-1687853246518\",\"position\":3,\"url\":\"https:\\\/\\\/www.karekod.org\\\/blog\\\/vespa-fiyat-listesi\\\/#faq-question-1687853246518\",\"name\":\"Vespa'n\u0131n fiyat\u0131 neye g\u00f6re de\u011fi\u015fir?\",\"answerCount\":1,\"acceptedAnswer\":{\"@type\":\"Answer\",\"text\":\"Vespa'n\u0131n fiyat\u0131, birka\u00e7 fakt\u00f6re ba\u011fl\u0131 olarak de\u011fi\u015fiklik g\u00f6sterebilir. Bu fakt\u00f6rler aras\u0131nda model, motor g\u00fcc\u00fc, teknik \u00f6zellikler, ekstra donan\u0131mlar ve \u00fclke vergi politikalar\u0131 yer al\u0131r. Daha g\u00fc\u00e7l\u00fc motorlu veya \u00f6zel tasar\u0131ml\u0131 modeller genellikle daha y\u00fcksek bir fiyatla sat\u0131lmaktad\u0131r.\",\"inLanguage\":\"tr\"},\"inLanguage\":\"tr\"},{\"@type\":\"Question\",\"@id\":\"https:\\\/\\\/www.karekod.org\\\/blog\\\/vespa-fiyat-listesi\\\/#faq-question-1687853264771\",\"position\":4,\"url\":\"https:\\\/\\\/www.karekod.org\\\/blog\\\/vespa-fiyat-listesi\\\/#faq-question-1687853264771\",\"name\":\"Vespa'n\u0131n ikinci el fiyatlar\u0131 nas\u0131l de\u011fi\u015fir?\",\"answerCount\":1,\"acceptedAnswer\":{\"@type\":\"Answer\",\"text\":\"Vespa'n\u0131n fiyat\u0131na genellikle temel bir ara\u00e7, anahtarlar, kullan\u0131m k\u0131lavuzu ve garanti belgeleri dahildir. Ek olarak, baz\u0131 modellerde \u00f6n ve arka ta\u015f\u0131ma \u00e7antas\u0131, koruyucu kapak, sele siperli\u011fi gibi ekstralar opsiyonel olarak sunulabilir. Ekstra donan\u0131mlar ve aksesuarlar genellikle fiyata ek olarak sat\u0131n al\u0131n\u0131r.\",\"inLanguage\":\"tr\"},\"inLanguage\":\"tr\"},{\"@type\":\"Question\",\"@id\":\"https:\\\/\\\/www.karekod.org\\\/blog\\\/vespa-fiyat-listesi\\\/#faq-question-1687853312969\",\"position\":5,\"url\":\"https:\\\/\\\/www.karekod.org\\\/blog\\\/vespa-fiyat-listesi\\\/#faq-question-1687853312969\",\"name\":\"Vespa'n\u0131n ortalama fiyat aral\u0131\u011f\u0131 nedir?\",\"answerCount\":1,\"acceptedAnswer\":{\"@type\":\"Answer\",\"text\":\"Vespa modellerinin fiyatlar\u0131 model, motor g\u00fcc\u00fc ve \u00fclkeye g\u00f6re de\u011fi\u015fiklik g\u00f6sterir. Genellikle Vespa scooterlar, giri\u015f seviyesi modellerden ba\u015flayarak 200 bin TL'den ba\u015flayan bir fiyat aral\u0131\u011f\u0131na sahiptir.\",\"inLanguage\":\"tr\"},\"inLanguage\":\"tr\"},{\"@type\":\"Question\",\"@id\":\"https:\\\/\\\/www.karekod.org\\\/blog\\\/vespa-fiyat-listesi\\\/#faq-question-1687853313251\",\"position\":6,\"url\":\"https:\\\/\\\/www.karekod.org\\\/blog\\\/vespa-fiyat-listesi\\\/#faq-question-1687853313251\",\"name\":\"Vespa'n\u0131n en ucuz modeli hangisidir?\",\"answerCount\":1,\"acceptedAnswer\":{\"@type\":\"Answer\",\"text\":\"Vespa'n\u0131n en ucuz modeli genellikle Vespa Primavera 50cc'dir. Bu giri\u015f seviyesi <a href=\\\"https:\\\/\\\/tr.wikipedia.org\\\/wiki\\\/Scooter\\\">scooter<\\\/a>, 179.000 TL'den ba\u015flayan bir fiyatla sat\u0131n al\u0131nabilir.\",\"inLanguage\":\"tr\"},\"inLanguage\":\"tr\"},{\"@type\":\"Question\",\"@id\":\"https:\\\/\\\/www.karekod.org\\\/blog\\\/vespa-fiyat-listesi\\\/#faq-question-1687853399836\",\"position\":7,\"url\":\"https:\\\/\\\/www.karekod.org\\\/blog\\\/vespa-fiyat-listesi\\\/#faq-question-1687853399836\",\"name\":\"Vespa'n\u0131n en pahal\u0131 modeli hangisidir?\",\"answerCount\":1,\"acceptedAnswer\":{\"@type\":\"Answer\",\"text\":\"Vespa'n\u0131n en pahal\u0131 modelleri aras\u0131nda genellikle performans odakl\u0131 ve daha b\u00fcy\u00fck motorlu olanlar yer al\u0131r. \u00d6rne\u011fin, Vespa 946 150 10\u00b0Anniversario, 499.000 TL'den ba\u015flayan bir fiyatla daha y\u00fcksek bir fiyat etiketine sahiptir.\",\"inLanguage\":\"tr\"},\"inLanguage\":\"tr\"},{\"@type\":\"Question\",\"@id\":\"https:\\\/\\\/www.karekod.org\\\/blog\\\/vespa-fiyat-listesi\\\/#faq-question-1687853456855\",\"position\":8,\"url\":\"https:\\\/\\\/www.karekod.org\\\/blog\\\/vespa-fiyat-listesi\\\/#faq-question-1687853456855\",\"name\":\"Vespa Elettrica'n\u0131n fiyat\u0131 nedir?\",\"answerCount\":1,\"acceptedAnswer\":{\"@type\":\"Answer\",\"text\":\"Vespa Elettrica, Vespa'n\u0131n elektrikli modelidir. Bu \u00e7evre dostu scooter, genellikle 253.900 TL'den ba\u015flayan bir fiyatla sat\u0131\u015fa sunulmu\u015ftur.\",\"inLanguage\":\"tr\"},\"inLanguage\":\"tr\"}]}<\/script>\n<!-- \/ Yoast SEO plugin. -->","yoast_head_json":{"title":"Vespa Fiyat Listesi 2026 (G\u00fcncel) - Karekod Blog","description":"Vespa Fiyat Listesi: Vespa GTS SUPER 125 264.000 TL, Vespa GTS SUPERTECH 125 279.000 TL ve Vespa GTS SUPERSPORT 125 272.000 TL'dir.","robots":{"index":"index","follow":"follow","max-snippet":"max-snippet:-1","max-image-preview":"max-image-preview:large","max-video-preview":"max-video-preview:-1"},"canonical":"https:\/\/www.karekod.org\/blog\/vespa-fiyat-listesi\/","og_locale":"tr_TR","og_type":"article","og_title":"Vespa Fiyat Listesi 2026 (G\u00fcncel) - Karekod Blog","og_description":"Vespa Fiyat Listesi: Vespa GTS SUPER 125 264.000 TL, Vespa GTS SUPERTECH 125 279.000 TL ve Vespa GTS SUPERSPORT 125 272.000 TL'dir.","og_url":"https:\/\/www.karekod.org\/blog\/vespa-fiyat-listesi\/","og_site_name":"Karekod Blog","article_publisher":"https:\/\/www.facebook.com\/QarMenu\/","article_author":"https:\/\/www.facebook.com\/mentor.perplexed\/","article_published_time":"2024-09-10T09:02:33+00:00","article_modified_time":"2025-01-27T09:06:40+00:00","og_image":[{"width":1200,"height":1100,"url":"https:\/\/www.karekod.org\/blog\/wp-content\/uploads\/2024\/09\/vespa-fiyat-listesi.webp","type":"image\/webp"}],"author":"Muharrem Emino\u011flu","twitter_card":"summary_large_image","twitter_creator":"@temassizmenu","twitter_site":"@temassizmenu","twitter_misc":{"Yazan:":"Muharrem Emino\u011flu","Tahmini okuma s\u00fcresi":"8 dakika"},"schema":{"@context":"https:\/\/schema.org","@graph":[{"@type":"NewsArticle","@id":"https:\/\/www.karekod.org\/blog\/vespa-fiyat-listesi\/#article","isPartOf":{"@id":"https:\/\/www.karekod.org\/blog\/vespa-fiyat-listesi\/"},"author":{"name":"Muharrem Emino\u011flu","@id":"https:\/\/www.karekod.org\/blog\/#\/schema\/person\/8c87c879aca1c63c7438bf937a5da8bd"},"headline":"Vespa Fiyat Listesi 2026 (G\u00fcncel)","datePublished":"2024-09-10T09:02:33+00:00","dateModified":"2025-01-27T09:06:40+00:00","mainEntityOfPage":{"@id":"https:\/\/www.karekod.org\/blog\/vespa-fiyat-listesi\/"},"wordCount":974,"commentCount":3,"publisher":{"@id":"https:\/\/www.karekod.org\/blog\/#organization"},"image":{"@id":"https:\/\/www.karekod.org\/blog\/vespa-fiyat-listesi\/#primaryimage"},"thumbnailUrl":"https:\/\/www.karekod.org\/blog\/wp-content\/uploads\/2024\/09\/vespa-fiyat-listesi.webp","articleSection":["Ara\u00e7 Fiyatlar\u0131"],"inLanguage":"tr","potentialAction":[{"@type":"CommentAction","name":"Comment","target":["https:\/\/www.karekod.org\/blog\/vespa-fiyat-listesi\/#respond"]}]},{"@type":["WebPage","FAQPage"],"@id":"https:\/\/www.karekod.org\/blog\/vespa-fiyat-listesi\/","url":"https:\/\/www.karekod.org\/blog\/vespa-fiyat-listesi\/","name":"Vespa Fiyat Listesi 2026 (G\u00fcncel) - Karekod Blog","isPartOf":{"@id":"https:\/\/www.karekod.org\/blog\/#website"},"primaryImageOfPage":{"@id":"https:\/\/www.karekod.org\/blog\/vespa-fiyat-listesi\/#primaryimage"},"image":{"@id":"https:\/\/www.karekod.org\/blog\/vespa-fiyat-listesi\/#primaryimage"},"thumbnailUrl":"https:\/\/www.karekod.org\/blog\/wp-content\/uploads\/2024\/09\/vespa-fiyat-listesi.webp","datePublished":"2024-09-10T09:02:33+00:00","dateModified":"2025-01-27T09:06:40+00:00","description":"Vespa Fiyat Listesi: Vespa GTS SUPER 125 264.000 TL, Vespa GTS SUPERTECH 125 279.000 TL ve Vespa GTS SUPERSPORT 125 272.000 TL'dir.","breadcrumb":{"@id":"https:\/\/www.karekod.org\/blog\/vespa-fiyat-listesi\/#breadcrumb"},"mainEntity":[{"@id":"https:\/\/www.karekod.org\/blog\/vespa-fiyat-listesi\/#faq-question-1687853170835"},{"@id":"https:\/\/www.karekod.org\/blog\/vespa-fiyat-listesi\/#faq-question-1687853183772"},{"@id":"https:\/\/www.karekod.org\/blog\/vespa-fiyat-listesi\/#faq-question-1687853246518"},{"@id":"https:\/\/www.karekod.org\/blog\/vespa-fiyat-listesi\/#faq-question-1687853264771"},{"@id":"https:\/\/www.karekod.org\/blog\/vespa-fiyat-listesi\/#faq-question-1687853312969"},{"@id":"https:\/\/www.karekod.org\/blog\/vespa-fiyat-listesi\/#faq-question-1687853313251"},{"@id":"https:\/\/www.karekod.org\/blog\/vespa-fiyat-listesi\/#faq-question-1687853399836"},{"@id":"https:\/\/www.karekod.org\/blog\/vespa-fiyat-listesi\/#faq-question-1687853456855"}],"inLanguage":"tr","potentialAction":[{"@type":"ReadAction","target":["https:\/\/www.karekod.org\/blog\/vespa-fiyat-listesi\/"]}]},{"@type":"ImageObject","inLanguage":"tr","@id":"https:\/\/www.karekod.org\/blog\/vespa-fiyat-listesi\/#primaryimage","url":"https:\/\/www.karekod.org\/blog\/wp-content\/uploads\/2024\/09\/vespa-fiyat-listesi.webp","contentUrl":"https:\/\/www.karekod.org\/blog\/wp-content\/uploads\/2024\/09\/vespa-fiyat-listesi.webp","width":1200,"height":1100,"caption":"Vespa Fiyat Listesi"},{"@type":"BreadcrumbList","@id":"https:\/\/www.karekod.org\/blog\/vespa-fiyat-listesi\/#breadcrumb","itemListElement":[{"@type":"ListItem","position":1,"name":"Ana sayfa","item":"https:\/\/www.karekod.org\/blog\/"},{"@type":"ListItem","position":2,"name":"Fiyat","item":"https:\/\/www.karekod.org\/blog\/category\/fiyat\/"},{"@type":"ListItem","position":3,"name":"Ara\u00e7 Fiyatlar\u0131","item":"https:\/\/www.karekod.org\/blog\/category\/fiyat\/arac-fiyatlari\/"},{"@type":"ListItem","position":4,"name":"Vespa Fiyat Listesi 2025 (G\u00fcncel)"}]},{"@type":"WebSite","@id":"https:\/\/www.karekod.org\/blog\/#website","url":"https:\/\/www.karekod.org\/blog\/","name":"Karekod Blog","description":"2026 G\u00fcncel Alkol Fiyatlar\u0131 ve Piyasa Rehberi","publisher":{"@id":"https:\/\/www.karekod.org\/blog\/#organization"},"alternateName":"Karekod Haber","potentialAction":[{"@type":"SearchAction","target":{"@type":"EntryPoint","urlTemplate":"https:\/\/www.karekod.org\/blog\/?s={search_term_string}"},"query-input":{"@type":"PropertyValueSpecification","valueRequired":true,"valueName":"search_term_string"}}],"inLanguage":"tr"},{"@type":"Organization","@id":"https:\/\/www.karekod.org\/blog\/#organization","name":"Karekod Blog","alternateName":"Karekod Haber","url":"https:\/\/www.karekod.org\/blog\/","logo":{"@type":"ImageObject","inLanguage":"tr","@id":"https:\/\/www.karekod.org\/blog\/#\/schema\/logo\/image\/","url":"https:\/\/www.karekod.org\/blog\/wp-content\/uploads\/2025\/01\/cropped-logo.webp","contentUrl":"https:\/\/www.karekod.org\/blog\/wp-content\/uploads\/2025\/01\/cropped-logo.webp","width":512,"height":384,"caption":"Karekod Blog"},"image":{"@id":"https:\/\/www.karekod.org\/blog\/#\/schema\/logo\/image\/"},"sameAs":["https:\/\/www.facebook.com\/QarMenu\/","https:\/\/x.com\/temassizmenu","https:\/\/www.instagram.com\/qarmenu\/","https:\/\/www.linkedin.com\/company\/karekod\/","https:\/\/tr.pinterest.com\/dijitalmenu\/","https:\/\/www.youtube.com\/@qrmenu","https:\/\/karekodmenu.tumblr.com\/","https:\/\/karekod.medium.com\/","https:\/\/www.diigo.com\/user\/karekod","https:\/\/mastodon.social\/@karekod","https:\/\/vk.com\/karekod","https:\/\/flipboard.com\/@karekod","https:\/\/www.quora.com\/profile\/Karekod-Haber","https:\/\/note.com\/karekod"]},{"@type":"Person","@id":"https:\/\/www.karekod.org\/blog\/#\/schema\/person\/8c87c879aca1c63c7438bf937a5da8bd","name":"Muharrem Emino\u011flu","pronouns":"he\/him","description":"Veri analizi ve dijital raporlama s\u00fcre\u00e7lerinde yenilik\u00e7i yakla\u015f\u0131mlar benimseyerek s\u00fcrd\u00fcr\u00fclebilir i\u015f modelleri \u00fczerine \u00e7al\u0131\u015fmalar yap\u0131yorum. Teknoloji, ekonomi ve dijital pazarlama alanlar\u0131nda g\u00fcncel ve g\u00fcvenilir i\u00e7erikler \u00fcretiyorum.","sameAs":["https:\/\/www.karekod.org","https:\/\/www.facebook.com\/mentor.perplexed\/","https:\/\/www.instagram.com\/mentorperplexed\/","https:\/\/www.linkedin.com\/in\/eminoglu\/","https:\/\/www.pinterest.de\/dijitalmenu\/","https:\/\/x.com\/temassizmenu","https:\/\/www.youtube.com\/channel\/UC_vI-xTP9NegNfIqSGoesGg","https:\/\/qrmenu.tumblr.com\/"],"url":"https:\/\/www.karekod.org\/blog\/yazar\/muharrem-eminoglu\/"},{"@type":"Question","@id":"https:\/\/www.karekod.org\/blog\/vespa-fiyat-listesi\/#faq-question-1687853170835","position":1,"url":"https:\/\/www.karekod.org\/blog\/vespa-fiyat-listesi\/#faq-question-1687853170835","name":"Vespa'n\u0131n finansman se\u00e7enekleri mevcut mu?","answerCount":1,"acceptedAnswer":{"@type":"Answer","text":"Evet, Vespa genellikle finansman se\u00e7enekleri sunmaktad\u0131r. Vespa bayileri veya resmi web sitesi \u00fczerinden finansman se\u00e7enekleri hakk\u0131nda daha fazla bilgi alabilirsiniz.","inLanguage":"tr"},"inLanguage":"tr"},{"@type":"Question","@id":"https:\/\/www.karekod.org\/blog\/vespa-fiyat-listesi\/#faq-question-1687853183772","position":2,"url":"https:\/\/www.karekod.org\/blog\/vespa-fiyat-listesi\/#faq-question-1687853183772","name":"Vespa'y\u0131 kiralamak m\u00fcmk\u00fcn m\u00fc?","answerCount":1,"acceptedAnswer":{"@type":"Answer","text":"Evet, Vespa'n\u0131n baz\u0131 pazarlarda kiralama se\u00e7enekleri bulunmaktad\u0131r. Vespa kiralama hizmetlerini sunan \u015firketlerle ileti\u015fime ge\u00e7erek kiralamaya ili\u015fkin detaylar\u0131 \u00f6\u011frenebilirsiniz.","inLanguage":"tr"},"inLanguage":"tr"},{"@type":"Question","@id":"https:\/\/www.karekod.org\/blog\/vespa-fiyat-listesi\/#faq-question-1687853246518","position":3,"url":"https:\/\/www.karekod.org\/blog\/vespa-fiyat-listesi\/#faq-question-1687853246518","name":"Vespa'n\u0131n fiyat\u0131 neye g\u00f6re de\u011fi\u015fir?","answerCount":1,"acceptedAnswer":{"@type":"Answer","text":"Vespa'n\u0131n fiyat\u0131, birka\u00e7 fakt\u00f6re ba\u011fl\u0131 olarak de\u011fi\u015fiklik g\u00f6sterebilir. Bu fakt\u00f6rler aras\u0131nda model, motor g\u00fcc\u00fc, teknik \u00f6zellikler, ekstra donan\u0131mlar ve \u00fclke vergi politikalar\u0131 yer al\u0131r. Daha g\u00fc\u00e7l\u00fc motorlu veya \u00f6zel tasar\u0131ml\u0131 modeller genellikle daha y\u00fcksek bir fiyatla sat\u0131lmaktad\u0131r.","inLanguage":"tr"},"inLanguage":"tr"},{"@type":"Question","@id":"https:\/\/www.karekod.org\/blog\/vespa-fiyat-listesi\/#faq-question-1687853264771","position":4,"url":"https:\/\/www.karekod.org\/blog\/vespa-fiyat-listesi\/#faq-question-1687853264771","name":"Vespa'n\u0131n ikinci el fiyatlar\u0131 nas\u0131l de\u011fi\u015fir?","answerCount":1,"acceptedAnswer":{"@type":"Answer","text":"Vespa'n\u0131n fiyat\u0131na genellikle temel bir ara\u00e7, anahtarlar, kullan\u0131m k\u0131lavuzu ve garanti belgeleri dahildir. Ek olarak, baz\u0131 modellerde \u00f6n ve arka ta\u015f\u0131ma \u00e7antas\u0131, koruyucu kapak, sele siperli\u011fi gibi ekstralar opsiyonel olarak sunulabilir. Ekstra donan\u0131mlar ve aksesuarlar genellikle fiyata ek olarak sat\u0131n al\u0131n\u0131r.","inLanguage":"tr"},"inLanguage":"tr"},{"@type":"Question","@id":"https:\/\/www.karekod.org\/blog\/vespa-fiyat-listesi\/#faq-question-1687853312969","position":5,"url":"https:\/\/www.karekod.org\/blog\/vespa-fiyat-listesi\/#faq-question-1687853312969","name":"Vespa'n\u0131n ortalama fiyat aral\u0131\u011f\u0131 nedir?","answerCount":1,"acceptedAnswer":{"@type":"Answer","text":"Vespa modellerinin fiyatlar\u0131 model, motor g\u00fcc\u00fc ve \u00fclkeye g\u00f6re de\u011fi\u015fiklik g\u00f6sterir. Genellikle Vespa scooterlar, giri\u015f seviyesi modellerden ba\u015flayarak 200 bin TL'den ba\u015flayan bir fiyat aral\u0131\u011f\u0131na sahiptir.","inLanguage":"tr"},"inLanguage":"tr"},{"@type":"Question","@id":"https:\/\/www.karekod.org\/blog\/vespa-fiyat-listesi\/#faq-question-1687853313251","position":6,"url":"https:\/\/www.karekod.org\/blog\/vespa-fiyat-listesi\/#faq-question-1687853313251","name":"Vespa'n\u0131n en ucuz modeli hangisidir?","answerCount":1,"acceptedAnswer":{"@type":"Answer","text":"Vespa'n\u0131n en ucuz modeli genellikle Vespa Primavera 50cc'dir. Bu giri\u015f seviyesi <a href=\"https:\/\/tr.wikipedia.org\/wiki\/Scooter\">scooter<\/a>, 179.000 TL'den ba\u015flayan bir fiyatla sat\u0131n al\u0131nabilir.","inLanguage":"tr"},"inLanguage":"tr"},{"@type":"Question","@id":"https:\/\/www.karekod.org\/blog\/vespa-fiyat-listesi\/#faq-question-1687853399836","position":7,"url":"https:\/\/www.karekod.org\/blog\/vespa-fiyat-listesi\/#faq-question-1687853399836","name":"Vespa'n\u0131n en pahal\u0131 modeli hangisidir?","answerCount":1,"acceptedAnswer":{"@type":"Answer","text":"Vespa'n\u0131n en pahal\u0131 modelleri aras\u0131nda genellikle performans odakl\u0131 ve daha b\u00fcy\u00fck motorlu olanlar yer al\u0131r. \u00d6rne\u011fin, Vespa 946 150 10\u00b0Anniversario, 499.000 TL'den ba\u015flayan bir fiyatla daha y\u00fcksek bir fiyat etiketine sahiptir.","inLanguage":"tr"},"inLanguage":"tr"},{"@type":"Question","@id":"https:\/\/www.karekod.org\/blog\/vespa-fiyat-listesi\/#faq-question-1687853456855","position":8,"url":"https:\/\/www.karekod.org\/blog\/vespa-fiyat-listesi\/#faq-question-1687853456855","name":"Vespa Elettrica'n\u0131n fiyat\u0131 nedir?","answerCount":1,"acceptedAnswer":{"@type":"Answer","text":"Vespa Elettrica, Vespa'n\u0131n elektrikli modelidir. Bu \u00e7evre dostu scooter, genellikle 253.900 TL'den ba\u015flayan bir fiyatla sat\u0131\u015fa sunulmu\u015ftur.","inLanguage":"tr"},"inLanguage":"tr"}]}},"_links":{"self":[{"href":"https:\/\/www.karekod.org\/blog\/wp-json\/wp\/v2\/posts\/21530","targetHints":{"allow":["GET"]}}],"collection":[{"href":"https:\/\/www.karekod.org\/blog\/wp-json\/wp\/v2\/posts"}],"about":[{"href":"https:\/\/www.karekod.org\/blog\/wp-json\/wp\/v2\/types\/post"}],"author":[{"embeddable":true,"href":"https:\/\/www.karekod.org\/blog\/wp-json\/wp\/v2\/users\/1"}],"replies":[{"embeddable":true,"href":"https:\/\/www.karekod.org\/blog\/wp-json\/wp\/v2\/comments?post=21530"}],"version-history":[{"count":0,"href":"https:\/\/www.karekod.org\/blog\/wp-json\/wp\/v2\/posts\/21530\/revisions"}],"wp:featuredmedia":[{"embeddable":true,"href":"https:\/\/www.karekod.org\/blog\/wp-json\/wp\/v2\/media\/33817"}],"wp:attachment":[{"href":"https:\/\/www.karekod.org\/blog\/wp-json\/wp\/v2\/media?parent=21530"}],"wp:term":[{"taxonomy":"category","embeddable":true,"href":"https:\/\/www.karekod.org\/blog\/wp-json\/wp\/v2\/categories?post=21530"},{"taxonomy":"post_tag","embeddable":true,"href":"https:\/\/www.karekod.org\/blog\/wp-json\/wp\/v2\/tags?post=21530"}],"curies":[{"name":"wp","href":"https:\/\/api.w.org\/{rel}","templated":true}]}}