{"id":20941,"date":"2023-06-12T20:10:58","date_gmt":"2023-06-12T17:10:58","guid":{"rendered":"https:\/\/www.karekod.org\/blog\/?p=20941"},"modified":"2026-02-11T16:26:03","modified_gmt":"2026-02-11T13:26:03","slug":"yaz-tatilini-cunda-da-yapmak-icin-12-neden","status":"publish","type":"post","link":"https:\/\/www.karekod.org\/blog\/yaz-tatilini-cunda-da-yapmak-icin-12-neden\/","title":{"rendered":"Yaz Tatilini Cunda&#8217;da Yapmak \u0130\u00e7in 12 Neden"},"content":{"rendered":"\n<p>Cunda adas\u0131, kendine \u00f6zg\u00fc atmosferi, berrak plajlar\u0131, tarihi dokusu ve lezzetli mutfa\u011f\u0131yla unutulmaz bir yaz tatili i\u00e7in ideal bir destinasyon. Yaz tatilini Cunda&#8217;da yapman\u0131z i\u00e7in bir\u00e7ok neden bulunmaktad\u0131r. \u0130\u015fte size <strong>Cunda&#8217;y\u0131 tercih etmek i\u00e7in 12 neden:<\/strong><\/p><div id=\"ez-toc-container\" class=\"ez-toc-v2_0_82_2 counter-hierarchy ez-toc-counter ez-toc-grey ez-toc-container-direction\">\n<div class=\"ez-toc-title-container\">\n<p class=\"ez-toc-title\" style=\"cursor:inherit\">\u0130\u00e7indekiler<\/p>\n<span class=\"ez-toc-title-toggle\"><a href=\"#\" class=\"ez-toc-pull-right ez-toc-btn ez-toc-btn-xs ez-toc-btn-default ez-toc-toggle\" aria-label=\"\u0130\u00e7indekiler Tablosunu A\u00e7\/Kapat\"><span class=\"ez-toc-js-icon-con\"><span class=\"\"><span class=\"eztoc-hide\" style=\"display:none;\">Toggle<\/span><span class=\"ez-toc-icon-toggle-span\"><svg style=\"fill: #999;color:#999\" xmlns=\"http:\/\/www.w3.org\/2000\/svg\" class=\"list-377408\" width=\"20px\" height=\"20px\" viewBox=\"0 0 24 24\" fill=\"none\"><path d=\"M6 6H4v2h2V6zm14 0H8v2h12V6zM4 11h2v2H4v-2zm16 0H8v2h12v-2zM4 16h2v2H4v-2zm16 0H8v2h12v-2z\" fill=\"currentColor\"><\/path><\/svg><svg style=\"fill: #999;color:#999\" class=\"arrow-unsorted-368013\" xmlns=\"http:\/\/www.w3.org\/2000\/svg\" width=\"10px\" height=\"10px\" viewBox=\"0 0 24 24\" version=\"1.2\" baseProfile=\"tiny\"><path d=\"M18.2 9.3l-6.2-6.3-6.2 6.3c-.2.2-.3.4-.3.7s.1.5.3.7c.2.2.4.3.7.3h11c.3 0 .5-.1.7-.3.2-.2.3-.5.3-.7s-.1-.5-.3-.7zM5.8 14.7l6.2 6.3 6.2-6.3c.2-.2.3-.5.3-.7s-.1-.5-.3-.7c-.2-.2-.4-.3-.7-.3h-11c-.3 0-.5.1-.7.3-.2.2-.3.5-.3.7s.1.5.3.7z\"\/><\/svg><\/span><\/span><\/span><\/a><\/span><\/div>\n<nav><ul class='ez-toc-list ez-toc-list-level-1 ' ><li class='ez-toc-page-1 ez-toc-heading-level-2'><a class=\"ez-toc-link ez-toc-heading-1\" href=\"https:\/\/www.karekod.org\/blog\/yaz-tatilini-cunda-da-yapmak-icin-12-neden\/#Yaz_Tatilini_Cundada_Yapmak_Icin_12_Neden\" >Yaz Tatilini Cunda&#8217;da Yapmak \u0130\u00e7in 12 Neden<\/a><ul class='ez-toc-list-level-3' ><li class='ez-toc-heading-level-3'><a class=\"ez-toc-link ez-toc-heading-2\" href=\"https:\/\/www.karekod.org\/blog\/yaz-tatilini-cunda-da-yapmak-icin-12-neden\/#Cunda_Adasi\" >Cunda Adas\u0131<\/a><\/li><li class='ez-toc-page-1 ez-toc-heading-level-3'><a class=\"ez-toc-link ez-toc-heading-3\" href=\"https:\/\/www.karekod.org\/blog\/yaz-tatilini-cunda-da-yapmak-icin-12-neden\/#Yaz_Tatilini_Cundada_Yapmak_SSS\" >Yaz Tatilini Cunda&#8217;da Yapmak SSS<\/a><ul class='ez-toc-list-level-4' ><li class='ez-toc-heading-level-4'><a class=\"ez-toc-link ez-toc-heading-4\" href=\"https:\/\/www.karekod.org\/blog\/yaz-tatilini-cunda-da-yapmak-icin-12-neden\/#Ilgili_Baglantilar\" >\u0130lgili Ba\u011flant\u0131lar<\/a><\/li><\/ul><\/li><\/ul><\/li><\/ul><\/nav><\/div>\n\n\n\n\n<h2 class=\"wp-block-heading\"><span class=\"ez-toc-section\" id=\"Yaz_Tatilini_Cundada_Yapmak_Icin_12_Neden\"><\/span>Yaz Tatilini Cunda&#8217;da Yapmak \u0130\u00e7in 12 Neden<span class=\"ez-toc-section-end\"><\/span><\/h2>\n\n\n\n<figure class=\"wp-block-image size-large\"><img loading=\"lazy\" decoding=\"async\" width=\"1024\" height=\"768\" src=\"https:\/\/www.karekod.org\/blog\/wp-content\/uploads\/2023\/06\/cunda-adasi-1-1024x768.jpg\" alt=\"Yaz Tatilini Cunda'da Yapmak\" class=\"wp-image-20946\" srcset=\"https:\/\/www.karekod.org\/blog\/wp-content\/uploads\/2023\/06\/cunda-adasi-1-1024x768.jpg 1024w, https:\/\/www.karekod.org\/blog\/wp-content\/uploads\/2023\/06\/cunda-adasi-1-300x225.jpg 300w, https:\/\/www.karekod.org\/blog\/wp-content\/uploads\/2023\/06\/cunda-adasi-1-768x576.jpg 768w, https:\/\/www.karekod.org\/blog\/wp-content\/uploads\/2023\/06\/cunda-adasi-1-1536x1152.jpg 1536w, https:\/\/www.karekod.org\/blog\/wp-content\/uploads\/2023\/06\/cunda-adasi-1-730x548.jpg 730w, https:\/\/www.karekod.org\/blog\/wp-content\/uploads\/2023\/06\/cunda-adasi-1-350x263.jpg 350w, https:\/\/www.karekod.org\/blog\/wp-content\/uploads\/2023\/06\/cunda-adasi-1-1100x825.jpg 1100w, https:\/\/www.karekod.org\/blog\/wp-content\/uploads\/2023\/06\/cunda-adasi-1.jpg 1600w\" sizes=\"auto, (max-width: 1024px) 100vw, 1024px\" \/><figcaption class=\"wp-element-caption\">Cunda Adas\u0131<\/figcaption><\/figure>\n\n\n\n<ol class=\"wp-block-list\">\n<li>Muhte\u015fem Plajlar: Cunda, e\u015fsiz plajlar\u0131yla \u00fcnl\u00fcd\u00fcr. Ayval\u0131k&#8217;a ba\u011fl\u0131 olan Cunda, Ayval\u0131k&#8217;\u0131n en g\u00fczel plajlar\u0131na ev sahipli\u011fi yapmaktad\u0131r. S\u0131cak yaz g\u00fcnlerinde denize girebilir, g\u00fcne\u015fin tad\u0131n\u0131 \u00e7\u0131karabilirsiniz.<\/li>\n\n\n\n<li>Do\u011fal G\u00fczellikler: Cunda, do\u011fal g\u00fczellikleriyle dikkat \u00e7ekiyor. Ada, zeytin a\u011fa\u00e7lar\u0131yla kapl\u0131d\u0131r ve tertemiz havas\u0131yla birlikte do\u011fal bir atmosfer sunar. Y\u00fcr\u00fcy\u00fc\u015f yapabilir, bisiklete binebilir ve do\u011fan\u0131n tad\u0131n\u0131 \u00e7\u0131karabilirsiniz.<\/li>\n\n\n\n<li>Tarihi Atmosfer: Cunda, tarihi bir ada oldu\u011fu i\u00e7in bir\u00e7ok tarihi yap\u0131ya ev sahipli\u011fi yapar. Ada, ta\u015f sokaklar\u0131, tarihi kiliseleri ve Rum evleriyle ge\u00e7mi\u015fe yolculuk yapman\u0131za olanak tan\u0131r.<\/li>\n\n\n\n<li>Lezzet Duraklar\u0131: Cunda, zengin mutfa\u011f\u0131yla \u00fcnl\u00fcd\u00fcr. Ada, deniz \u00fcr\u00fcnleri ve zeytinya\u011f\u0131yla haz\u0131rlanan lezzetli yemekleriyle sizi kendine hayran b\u0131rakacak.<\/li>\n\n\n\n<li>Ayval\u0131k&#8217;a Yak\u0131nl\u0131k: Cunda, Ayval\u0131k&#8217;a sadece birka\u00e7 dakika mesafede yer al\u0131r. Ayval\u0131k, tarihi sokaklar\u0131, \u00e7ar\u015f\u0131lar\u0131 ve plajlar\u0131yla \u00fcnl\u00fc bir tatil beldesidir. Cunda&#8217;ya gitti\u011finizde Ayval\u0131k&#8217;\u0131 da ke\u015ffedebilir, farkl\u0131 bir deneyim ya\u015fayabilirsiniz.<\/li>\n\n\n\n<li>Adan\u0131n Atmosferi: Cunda, kendine \u00f6zg\u00fc bir atmosfere sahiptir. Ta\u015f evleri, dar sokaklar\u0131 ve sakin ortam\u0131yla size huzur verir. Burada gezinirken zaman\u0131n nas\u0131l ge\u00e7ti\u011fini anlamayabilirsiniz.<\/li>\n\n\n\n<li>Deniz Turizmi: Cunda, deniz turizmi i\u00e7in harika bir destinasyondur. Tekne turlar\u0131 d\u00fczenleyebilir, koylar\u0131 ke\u015ffedebilir ve e\u015fsiz manzaralar\u0131n tad\u0131n\u0131 \u00e7\u0131karabilirsiniz.<\/li>\n\n\n\n<li>Su Sporlar\u0131: Cunda, su sporlar\u0131 yapmak i\u00e7in ideal bir yerdir. Yelken, s\u00f6rf, dal\u0131\u015f gibi aktivitelerle denizin keyfini \u00e7\u0131karabilirsiniz. B\u00f6lgede bir\u00e7ok su sporu merkezi bulunmaktad\u0131r.<\/li>\n\n\n\n<li>Rum K\u00fclt\u00fcr\u00fc: Cunda, Rum k\u00fclt\u00fcr\u00fcn\u00fcn izlerini ta\u015f\u0131r. Ada, Rumlar taraf\u0131ndan yerle\u015fim yeri olarak kullan\u0131ld\u0131\u011f\u0131ndan, Rum k\u00fclt\u00fcr\u00fcne dair bir\u00e7ok \u00f6\u011feye rastlars\u0131n\u0131z.<\/li>\n\n\n\n<li>E\u015fsiz G\u00fcnbat\u0131m\u0131: Cunda, e\u015fsiz g\u00fcnbat\u0131m\u0131 manzaralar\u0131yla \u00fcnl\u00fcd\u00fcr. Ada, denize do\u011fru uzanan dar sokaklar\u0131yla size muhte\u015fem bir g\u00fcnbat\u0131m\u0131 deneyimi sunar.<\/li>\n\n\n\n<li>K\u00fclt\u00fcrel Etkinlikler: Cunda, yaz aylar\u0131nda \u00e7e\u015fitli k\u00fclt\u00fcrel etkinliklere ev sahipli\u011fi yapar. Konserler, sergiler, festivaller gibi etkinliklerle adan\u0131n k\u00fclt\u00fcrel atmosferini daha da renklendirir. Bu etkinliklere kat\u0131larak farkl\u0131 sanat ve k\u00fclt\u00fcr deneyimleri ya\u015fayabilirsiniz.<\/li>\n\n\n\n<li>Dinlendirici Atmosfer: Cunda, tatil i\u00e7in sakin ve huzurlu bir ortam sunar. \u015eehir g\u00fcr\u00fclt\u00fcs\u00fcnden uzakla\u015fabilir, do\u011fan\u0131n ve denizin keyfini \u00e7\u0131karabilirsiniz. Adada bulunan butik otellerde konaklayarak rahat bir tatil ge\u00e7irebilirsiniz.<\/li>\n<\/ol>\n\n\n\n<h3 class=\"wp-block-heading\"><span class=\"ez-toc-section\" id=\"Cunda_Adasi\"><\/span>Cunda Adas\u0131<span class=\"ez-toc-section-end\"><\/span><\/h3>\n\n\n\n<figure class=\"wp-block-embed is-type-video is-provider-youtube wp-block-embed-youtube wp-embed-aspect-16-9 wp-has-aspect-ratio\"><div class=\"wp-block-embed__wrapper\">\n<iframe loading=\"lazy\" title=\"Bal\u0131kesir&#039;in Cenneti Cunda Adas\u0131&#039;ndan Bildiriyoruz\" width=\"500\" height=\"281\" src=\"https:\/\/www.youtube.com\/embed\/clvKunsCo0o?feature=oembed\" frameborder=\"0\" allow=\"accelerometer; autoplay; clipboard-write; encrypted-media; gyroscope; picture-in-picture; web-share\" referrerpolicy=\"strict-origin-when-cross-origin\" allowfullscreen><\/iframe>\n<\/div><figcaption class=\"wp-element-caption\">Cunda Adas\u0131 Hakk\u0131nda Video<\/figcaption><\/figure>\n\n\n\n<ul class=\"wp-block-list\">\n<li>Konum: Bal\u0131kesir, T\u00fcrkiye<\/li>\n\n\n\n<li>Y\u00fcz\u00f6l\u00e7\u00fcm\u00fc: 25.29 km\u00b2<\/li>\n\n\n\n<li>N\u00fcfus: Yakla\u015f\u0131k 7.000<\/li>\n\n\n\n<li>Rak\u0131m: Deniz seviyesinden 17 m<\/li>\n\n\n\n<li>Co\u011frafi \u00d6zellikler: Ada, zeytin a\u011fa\u00e7lar\u0131yla kapl\u0131, Ege Denizi&#8217;ne, k\u0131y\u0131s\u0131 var.<\/li>\n\n\n\n<li>\u0130klim: Akdeniz iklimi<\/li>\n\n\n\n<li>En Y\u00fcksek Nokta: T\u00fcrl\u00fc Tepe (201 m)<\/li>\n\n\n\n<li>Ba\u015fl\u0131ca Aktiviteler: Plaj keyfi, su sporlar\u0131,tarihi ve do\u011fal yerleri, ke\u015ffetme, lezzetli, yemekler<\/li>\n\n\n\n<li>\u00dcnl\u00fc Plajlar: Sar\u0131msakl\u0131 Plaj\u0131, Alt\u0131nova Plaj\u0131, K\u00fc\u00e7\u00fckk\u00f6y Plaj\u0131, M\u0131hl\u0131 Koyu<\/li>\n\n\n\n<li>Tarihi Yerler: Taksiyarhis Kilisesi, Aya Yorgi Kilisesi, Cunda M\u00fczesi<\/li>\n\n\n\n<li>Lezzet Duraklar\u0131: Deniz \u00fcr\u00fcnleri, zeytinya\u011fl\u0131 mezeler, y\u00f6resel lezzetler<\/li>\n<\/ul>\n\n\n\n<p><strong>\u00d6neri:<\/strong> <a href=\"https:\/\/www.karekod.org\/blog\/karavan-kamp-yerleri-ve-fiyatlari-2022\/\">Karavan Kamp Yerleri<\/a><\/p>\n\n\n\n<h3 class=\"wp-block-heading\"><span class=\"ez-toc-section\" id=\"Yaz_Tatilini_Cundada_Yapmak_SSS\"><\/span>Yaz Tatilini Cunda&#8217;da Yapmak SSS<span class=\"ez-toc-section-end\"><\/span><\/h3>\n\n\n\n<figure class=\"wp-block-image size-large\"><img loading=\"lazy\" decoding=\"async\" width=\"1024\" height=\"768\" src=\"https:\/\/www.karekod.org\/blog\/wp-content\/uploads\/2023\/06\/cunda-adasinda-tatil-yapmak-1024x768.jpg\" alt=\"Yaz Tatilini Cunda'da Yapmak\" class=\"wp-image-20947\" srcset=\"https:\/\/www.karekod.org\/blog\/wp-content\/uploads\/2023\/06\/cunda-adasinda-tatil-yapmak-1024x768.jpg 1024w, https:\/\/www.karekod.org\/blog\/wp-content\/uploads\/2023\/06\/cunda-adasinda-tatil-yapmak-300x225.jpg 300w, https:\/\/www.karekod.org\/blog\/wp-content\/uploads\/2023\/06\/cunda-adasinda-tatil-yapmak-768x576.jpg 768w, https:\/\/www.karekod.org\/blog\/wp-content\/uploads\/2023\/06\/cunda-adasinda-tatil-yapmak-1536x1152.jpg 1536w, https:\/\/www.karekod.org\/blog\/wp-content\/uploads\/2023\/06\/cunda-adasinda-tatil-yapmak-2048x1536.jpg 2048w, https:\/\/www.karekod.org\/blog\/wp-content\/uploads\/2023\/06\/cunda-adasinda-tatil-yapmak-730x548.jpg 730w, https:\/\/www.karekod.org\/blog\/wp-content\/uploads\/2023\/06\/cunda-adasinda-tatil-yapmak-350x263.jpg 350w, https:\/\/www.karekod.org\/blog\/wp-content\/uploads\/2023\/06\/cunda-adasinda-tatil-yapmak-1100x825.jpg 1100w\" sizes=\"auto, (max-width: 1024px) 100vw, 1024px\" \/><figcaption class=\"wp-element-caption\">Cunda Adas\u0131nda Tatil<\/figcaption><\/figure>\n\n\n\n<div class=\"schema-faq wp-block-yoast-faq-block\"><div class=\"schema-faq-section\" id=\"faq-question-1686587940571\"><strong class=\"schema-faq-question\">Cunda&#8217;da konaklama imkanlar\u0131 nelerdir?<\/strong> <p class=\"schema-faq-answer\">Cunda&#8217;da \u00e7e\u015fitli konaklama se\u00e7enekleri bulunmaktad\u0131r. Butik oteller, pansiyonlar ve tatil k\u00f6yleri gibi konaklama yerleri tercih edebilirsiniz. Ayr\u0131ca, Airbnb gibi platformlar arac\u0131l\u0131\u011f\u0131yla da yerel evlerde konaklama imkan\u0131 bulabilirsiniz.<\/p> <\/div> <div class=\"schema-faq-section\" id=\"faq-question-1686587953636\"><strong class=\"schema-faq-question\">Cunda&#8217;da hangi tarihi ve turistik yerleri ziyaret edebilirim?<\/strong> <p class=\"schema-faq-answer\">Cunda&#8217;da tarihi kiliseler, Rum evleri ve tarihi sokaklar gibi bir\u00e7ok turistik ve tarihi yer bulunmaktad\u0131r. Taksiyarhis Kilisesi, Aya Yorgi Kilisesi ve <a href=\"https:\/\/tr.wikipedia.org\/wiki\/Taksiyarhis_Kilisesi\">Cunda M\u00fczesi<\/a> gibi mekanlar\u0131 ziyaret edebilirsiniz.<\/p> <\/div> <div class=\"schema-faq-section\" id=\"faq-question-1686587962952\"><strong class=\"schema-faq-question\">Cunda&#8217;da ne zaman gitmek en iyisidir?<\/strong> <p class=\"schema-faq-answer\">Cunda&#8217;ya gitmek i\u00e7in en uygun zamanlar genellikle yaz aylar\u0131d\u0131r, \u00e7\u00fcnk\u00fc bu d\u00f6nemde hava s\u0131cak ve deniz keyfi yapmak i\u00e7in idealdir.<\/p> <\/div> <div class=\"schema-faq-section\" id=\"faq-question-1686587975919\"><strong class=\"schema-faq-question\">Cunda&#8217;da nas\u0131l bir hava bekleyebilirim?<\/strong> <p class=\"schema-faq-answer\">Cunda, genellikle Akdeniz iklimi etkisi alt\u0131ndad\u0131r. Yaz aylar\u0131nda s\u0131cak ve g\u00fcne\u015fli bir hava hakimdir. K\u0131\u015f aylar\u0131nda ise daha \u0131l\u0131man bir iklim ya\u015fan\u0131r. Tatilinizi planlarken hava durumunu takip etmek ve buna g\u00f6re haz\u0131rl\u0131kl\u0131 olmak \u00f6nemlidir.<\/p> <\/div> <\/div>\n\n\n\n<p><strong>\u00d6neri:<\/strong> <a href=\"https:\/\/www.karekod.org\/blog\/alacati-otel-fiyatlari\/\">Ala\u00e7at\u0131 otel fiyatlar\u0131<\/a><\/p>\n\n\n\n<h4 class=\"wp-block-heading\"><span class=\"ez-toc-section\" id=\"Ilgili_Baglantilar\"><\/span>\u0130lgili Ba\u011flant\u0131lar<span class=\"ez-toc-section-end\"><\/span><\/h4>\n\n\n\n<p><a href=\"https:\/\/www.karekod.org\/blog\/taksi-ucretleri-2026\/\">Taksi Fiyatlar\u0131<\/a><\/p>\n\n\n\n<p><a href=\"https:\/\/www.karekod.org\/blog\/dna-hotel-dalyan\/\">Dna Hotel<\/a><\/p>\n\n\n\n<p><a href=\"https:\/\/www.karekod.org\/blog\/arac-kiralama\/\">Ara\u00e7 Kiralama<\/a><\/p>\n\n\n\n<p><a href=\"https:\/\/www.karekod.org\/blog\/ankara-ozel-yurt-fiyatlari-2023\/\">Ankara \u00d6zel Yurt Fiyatlar\u0131<\/a><\/p>\n\n\n\n<p><a href=\"https:\/\/www.karekod.org\/blog\/istanbul-en-iyi-esya-depolama-firmasi\/\">\u0130stanbul E\u015fya Depolama<\/a><\/p>\n\n\n\n<p><a href=\"https:\/\/www.karekod.org\/blog\/pasaport-fiyatlari\/\">Pasaport Fiyatlar\u0131<\/a><\/p>\n\n\n\n<p><a href=\"https:\/\/www.karekod.org\/blog\/arac-kiralama-fiyatlari-aylik-gunluk-arac-kiralama-ucreti-202\/\">Ara\u00e7 Kiralama Fiyatlar\u0131<\/a><\/p>\n\n\n\n<p><a href=\"https:\/\/www.karekod.org\/blog\/schengen-vizesi-fiyatlari\/\">Schengen Vizesi Fiyatlar\u0131<\/a><\/p>\n\n\n\n<p><a href=\"https:\/\/www.karekod.org\/blog\/beach-fiyatlari-2025\/\">Beach Fiyatlar\u0131<\/a><\/p>\n","protected":false},"excerpt":{"rendered":"<p>Cunda adas\u0131, kendine \u00f6zg\u00fc atmosferi, berrak plajlar\u0131, tarihi dokusu ve lezzetli mutfa\u011f\u0131yla unutulmaz bir yaz tatili i\u00e7in ideal bir destinasyon. [&hellip;]<\/p>\n","protected":false},"author":1,"featured_media":20942,"comment_status":"open","ping_status":"open","sticky":false,"template":"","format":"standard","meta":{"footnotes":""},"categories":[19],"tags":[],"class_list":["post-20941","post","type-post","status-publish","format-standard","has-post-thumbnail","hentry","category-pozitif"],"yoast_head":"<!-- This site is optimized with the Yoast SEO plugin v27.5 - https:\/\/yoast.com\/product\/yoast-seo-wordpress\/ -->\n<title>Yaz Tatilini Cunda&#039;da Yapmak \u0130\u00e7in 12 Neden - Karekod Blog<\/title>\n<meta name=\"description\" content=\"Yaz Tatilini Cunda&#039;da Yapmak; Cunda, e\u015fsiz plajlar\u0131yla \u00fcnl\u00fcd\u00fcr. Ayval\u0131k&#039;a ba\u011fl\u0131 olan Cunda, Ayval\u0131k&#039;\u0131n en g\u00fczel plajlar\u0131na ev sahipli\u011fi..\" \/>\n<meta name=\"robots\" content=\"index, follow, max-snippet:-1, max-image-preview:large, max-video-preview:-1\" \/>\n<link rel=\"canonical\" href=\"https:\/\/www.karekod.org\/blog\/yaz-tatilini-cunda-da-yapmak-icin-12-neden\/\" \/>\n<meta property=\"og:locale\" content=\"tr_TR\" \/>\n<meta property=\"og:type\" content=\"article\" \/>\n<meta property=\"og:title\" content=\"Yaz Tatilini Cunda&#039;da Yapmak \u0130\u00e7in 12 Neden - Karekod Blog\" \/>\n<meta property=\"og:description\" content=\"Yaz Tatilini Cunda&#039;da Yapmak; Cunda, e\u015fsiz plajlar\u0131yla \u00fcnl\u00fcd\u00fcr. Ayval\u0131k&#039;a ba\u011fl\u0131 olan Cunda, Ayval\u0131k&#039;\u0131n en g\u00fczel plajlar\u0131na ev sahipli\u011fi..\" \/>\n<meta property=\"og:url\" content=\"https:\/\/www.karekod.org\/blog\/yaz-tatilini-cunda-da-yapmak-icin-12-neden\/\" \/>\n<meta property=\"og:site_name\" content=\"Karekod Blog\" \/>\n<meta property=\"article:publisher\" content=\"https:\/\/www.facebook.com\/QarMenu\/\" \/>\n<meta property=\"article:author\" content=\"https:\/\/www.facebook.com\/mentor.perplexed\/\" \/>\n<meta property=\"article:published_time\" content=\"2023-06-12T17:10:58+00:00\" \/>\n<meta property=\"article:modified_time\" content=\"2026-02-11T13:26:03+00:00\" \/>\n<meta property=\"og:image\" content=\"https:\/\/www.karekod.org\/blog\/wp-content\/uploads\/2023\/06\/cunda-adasi-tatil.jpg\" \/>\n\t<meta property=\"og:image:width\" content=\"1200\" \/>\n\t<meta property=\"og:image:height\" content=\"800\" \/>\n\t<meta property=\"og:image:type\" content=\"image\/jpeg\" \/>\n<meta name=\"author\" content=\"Muharrem Emino\u011flu\" \/>\n<meta name=\"twitter:card\" content=\"summary_large_image\" \/>\n<meta name=\"twitter:creator\" content=\"@temassizmenu\" \/>\n<meta name=\"twitter:site\" content=\"@temassizmenu\" \/>\n<meta name=\"twitter:label1\" content=\"Yazan:\" \/>\n\t<meta name=\"twitter:data1\" content=\"Muharrem Emino\u011flu\" \/>\n\t<meta name=\"twitter:label2\" content=\"Tahmini okuma s\u00fcresi\" \/>\n\t<meta name=\"twitter:data2\" content=\"4 dakika\" \/>\n<script type=\"application\/ld+json\" class=\"yoast-schema-graph\">{\"@context\":\"https:\\\/\\\/schema.org\",\"@graph\":[{\"@type\":\"NewsArticle\",\"@id\":\"https:\\\/\\\/www.karekod.org\\\/blog\\\/yaz-tatilini-cunda-da-yapmak-icin-12-neden\\\/#article\",\"isPartOf\":{\"@id\":\"https:\\\/\\\/www.karekod.org\\\/blog\\\/yaz-tatilini-cunda-da-yapmak-icin-12-neden\\\/\"},\"author\":{\"name\":\"Muharrem Emino\u011flu\",\"@id\":\"https:\\\/\\\/www.karekod.org\\\/blog\\\/#\\\/schema\\\/person\\\/8c87c879aca1c63c7438bf937a5da8bd\"},\"headline\":\"Yaz Tatilini Cunda&#8217;da Yapmak \u0130\u00e7in 12 Neden\",\"datePublished\":\"2023-06-12T17:10:58+00:00\",\"dateModified\":\"2026-02-11T13:26:03+00:00\",\"mainEntityOfPage\":{\"@id\":\"https:\\\/\\\/www.karekod.org\\\/blog\\\/yaz-tatilini-cunda-da-yapmak-icin-12-neden\\\/\"},\"wordCount\":818,\"commentCount\":0,\"publisher\":{\"@id\":\"https:\\\/\\\/www.karekod.org\\\/blog\\\/#organization\"},\"image\":{\"@id\":\"https:\\\/\\\/www.karekod.org\\\/blog\\\/yaz-tatilini-cunda-da-yapmak-icin-12-neden\\\/#primaryimage\"},\"thumbnailUrl\":\"https:\\\/\\\/www.karekod.org\\\/blog\\\/wp-content\\\/uploads\\\/2023\\\/06\\\/cunda-adasi-tatil.jpg\",\"articleSection\":[\"Pozitif\"],\"inLanguage\":\"tr\",\"potentialAction\":[{\"@type\":\"CommentAction\",\"name\":\"Comment\",\"target\":[\"https:\\\/\\\/www.karekod.org\\\/blog\\\/yaz-tatilini-cunda-da-yapmak-icin-12-neden\\\/#respond\"]}]},{\"@type\":[\"WebPage\",\"FAQPage\"],\"@id\":\"https:\\\/\\\/www.karekod.org\\\/blog\\\/yaz-tatilini-cunda-da-yapmak-icin-12-neden\\\/\",\"url\":\"https:\\\/\\\/www.karekod.org\\\/blog\\\/yaz-tatilini-cunda-da-yapmak-icin-12-neden\\\/\",\"name\":\"Yaz Tatilini Cunda'da Yapmak \u0130\u00e7in 12 Neden - Karekod Blog\",\"isPartOf\":{\"@id\":\"https:\\\/\\\/www.karekod.org\\\/blog\\\/#website\"},\"primaryImageOfPage\":{\"@id\":\"https:\\\/\\\/www.karekod.org\\\/blog\\\/yaz-tatilini-cunda-da-yapmak-icin-12-neden\\\/#primaryimage\"},\"image\":{\"@id\":\"https:\\\/\\\/www.karekod.org\\\/blog\\\/yaz-tatilini-cunda-da-yapmak-icin-12-neden\\\/#primaryimage\"},\"thumbnailUrl\":\"https:\\\/\\\/www.karekod.org\\\/blog\\\/wp-content\\\/uploads\\\/2023\\\/06\\\/cunda-adasi-tatil.jpg\",\"datePublished\":\"2023-06-12T17:10:58+00:00\",\"dateModified\":\"2026-02-11T13:26:03+00:00\",\"description\":\"Yaz Tatilini Cunda'da Yapmak; Cunda, e\u015fsiz plajlar\u0131yla \u00fcnl\u00fcd\u00fcr. Ayval\u0131k'a ba\u011fl\u0131 olan Cunda, Ayval\u0131k'\u0131n en g\u00fczel plajlar\u0131na ev sahipli\u011fi..\",\"breadcrumb\":{\"@id\":\"https:\\\/\\\/www.karekod.org\\\/blog\\\/yaz-tatilini-cunda-da-yapmak-icin-12-neden\\\/#breadcrumb\"},\"mainEntity\":[{\"@id\":\"https:\\\/\\\/www.karekod.org\\\/blog\\\/yaz-tatilini-cunda-da-yapmak-icin-12-neden\\\/#faq-question-1686587940571\"},{\"@id\":\"https:\\\/\\\/www.karekod.org\\\/blog\\\/yaz-tatilini-cunda-da-yapmak-icin-12-neden\\\/#faq-question-1686587953636\"},{\"@id\":\"https:\\\/\\\/www.karekod.org\\\/blog\\\/yaz-tatilini-cunda-da-yapmak-icin-12-neden\\\/#faq-question-1686587962952\"},{\"@id\":\"https:\\\/\\\/www.karekod.org\\\/blog\\\/yaz-tatilini-cunda-da-yapmak-icin-12-neden\\\/#faq-question-1686587975919\"}],\"inLanguage\":\"tr\",\"potentialAction\":[{\"@type\":\"ReadAction\",\"target\":[\"https:\\\/\\\/www.karekod.org\\\/blog\\\/yaz-tatilini-cunda-da-yapmak-icin-12-neden\\\/\"]}]},{\"@type\":\"ImageObject\",\"inLanguage\":\"tr\",\"@id\":\"https:\\\/\\\/www.karekod.org\\\/blog\\\/yaz-tatilini-cunda-da-yapmak-icin-12-neden\\\/#primaryimage\",\"url\":\"https:\\\/\\\/www.karekod.org\\\/blog\\\/wp-content\\\/uploads\\\/2023\\\/06\\\/cunda-adasi-tatil.jpg\",\"contentUrl\":\"https:\\\/\\\/www.karekod.org\\\/blog\\\/wp-content\\\/uploads\\\/2023\\\/06\\\/cunda-adasi-tatil.jpg\",\"width\":1200,\"height\":800,\"caption\":\"Cunda Adas\u0131nda Tatil Yapmak\"},{\"@type\":\"BreadcrumbList\",\"@id\":\"https:\\\/\\\/www.karekod.org\\\/blog\\\/yaz-tatilini-cunda-da-yapmak-icin-12-neden\\\/#breadcrumb\",\"itemListElement\":[{\"@type\":\"ListItem\",\"position\":1,\"name\":\"Ana sayfa\",\"item\":\"https:\\\/\\\/www.karekod.org\\\/blog\\\/\"},{\"@type\":\"ListItem\",\"position\":2,\"name\":\"Pozitif\",\"item\":\"https:\\\/\\\/www.karekod.org\\\/blog\\\/category\\\/pozitif\\\/\"},{\"@type\":\"ListItem\",\"position\":3,\"name\":\"Yaz Tatilini Cunda&#8217;da Yapmak \u0130\u00e7in 12 Neden\"}]},{\"@type\":\"WebSite\",\"@id\":\"https:\\\/\\\/www.karekod.org\\\/blog\\\/#website\",\"url\":\"https:\\\/\\\/www.karekod.org\\\/blog\\\/\",\"name\":\"Karekod Blog\",\"description\":\"2026 G\u00fcncel Alkol Fiyatlar\u0131 ve Piyasa Rehberi\",\"publisher\":{\"@id\":\"https:\\\/\\\/www.karekod.org\\\/blog\\\/#organization\"},\"alternateName\":\"Karekod Haber\",\"potentialAction\":[{\"@type\":\"SearchAction\",\"target\":{\"@type\":\"EntryPoint\",\"urlTemplate\":\"https:\\\/\\\/www.karekod.org\\\/blog\\\/?s={search_term_string}\"},\"query-input\":{\"@type\":\"PropertyValueSpecification\",\"valueRequired\":true,\"valueName\":\"search_term_string\"}}],\"inLanguage\":\"tr\"},{\"@type\":\"Organization\",\"@id\":\"https:\\\/\\\/www.karekod.org\\\/blog\\\/#organization\",\"name\":\"Karekod Blog\",\"alternateName\":\"Karekod Haber\",\"url\":\"https:\\\/\\\/www.karekod.org\\\/blog\\\/\",\"logo\":{\"@type\":\"ImageObject\",\"inLanguage\":\"tr\",\"@id\":\"https:\\\/\\\/www.karekod.org\\\/blog\\\/#\\\/schema\\\/logo\\\/image\\\/\",\"url\":\"https:\\\/\\\/www.karekod.org\\\/blog\\\/wp-content\\\/uploads\\\/2025\\\/01\\\/cropped-logo.webp\",\"contentUrl\":\"https:\\\/\\\/www.karekod.org\\\/blog\\\/wp-content\\\/uploads\\\/2025\\\/01\\\/cropped-logo.webp\",\"width\":512,\"height\":384,\"caption\":\"Karekod Blog\"},\"image\":{\"@id\":\"https:\\\/\\\/www.karekod.org\\\/blog\\\/#\\\/schema\\\/logo\\\/image\\\/\"},\"sameAs\":[\"https:\\\/\\\/www.facebook.com\\\/QarMenu\\\/\",\"https:\\\/\\\/x.com\\\/temassizmenu\",\"https:\\\/\\\/www.instagram.com\\\/qarmenu\\\/\",\"https:\\\/\\\/www.linkedin.com\\\/company\\\/karekod\\\/\",\"https:\\\/\\\/tr.pinterest.com\\\/dijitalmenu\\\/\",\"https:\\\/\\\/www.youtube.com\\\/@qrmenu\",\"https:\\\/\\\/karekodmenu.tumblr.com\\\/\",\"https:\\\/\\\/karekod.medium.com\\\/\",\"https:\\\/\\\/www.diigo.com\\\/user\\\/karekod\",\"https:\\\/\\\/mastodon.social\\\/@karekod\",\"https:\\\/\\\/vk.com\\\/karekod\",\"https:\\\/\\\/flipboard.com\\\/@karekod\",\"https:\\\/\\\/www.quora.com\\\/profile\\\/Karekod-Haber\",\"https:\\\/\\\/note.com\\\/karekod\"]},{\"@type\":\"Person\",\"@id\":\"https:\\\/\\\/www.karekod.org\\\/blog\\\/#\\\/schema\\\/person\\\/8c87c879aca1c63c7438bf937a5da8bd\",\"name\":\"Muharrem Emino\u011flu\",\"pronouns\":\"he\\\/him\",\"description\":\"Veri analizi ve dijital raporlama s\u00fcre\u00e7lerinde yenilik\u00e7i yakla\u015f\u0131mlar benimseyerek s\u00fcrd\u00fcr\u00fclebilir i\u015f modelleri \u00fczerine \u00e7al\u0131\u015fmalar yap\u0131yorum. Teknoloji, ekonomi ve dijital pazarlama alanlar\u0131nda g\u00fcncel ve g\u00fcvenilir i\u00e7erikler \u00fcretiyorum.\",\"sameAs\":[\"https:\\\/\\\/www.karekod.org\",\"https:\\\/\\\/www.facebook.com\\\/mentor.perplexed\\\/\",\"https:\\\/\\\/www.instagram.com\\\/mentorperplexed\\\/\",\"https:\\\/\\\/www.linkedin.com\\\/in\\\/eminoglu\\\/\",\"https:\\\/\\\/www.pinterest.de\\\/dijitalmenu\\\/\",\"https:\\\/\\\/x.com\\\/temassizmenu\",\"https:\\\/\\\/www.youtube.com\\\/channel\\\/UC_vI-xTP9NegNfIqSGoesGg\",\"https:\\\/\\\/qrmenu.tumblr.com\\\/\"],\"url\":\"https:\\\/\\\/www.karekod.org\\\/blog\\\/yazar\\\/muharrem-eminoglu\\\/\"},{\"@type\":\"Question\",\"@id\":\"https:\\\/\\\/www.karekod.org\\\/blog\\\/yaz-tatilini-cunda-da-yapmak-icin-12-neden\\\/#faq-question-1686587940571\",\"position\":1,\"url\":\"https:\\\/\\\/www.karekod.org\\\/blog\\\/yaz-tatilini-cunda-da-yapmak-icin-12-neden\\\/#faq-question-1686587940571\",\"name\":\"Cunda'da konaklama imkanlar\u0131 nelerdir?\",\"answerCount\":1,\"acceptedAnswer\":{\"@type\":\"Answer\",\"text\":\"Cunda'da \u00e7e\u015fitli konaklama se\u00e7enekleri bulunmaktad\u0131r. Butik oteller, pansiyonlar ve tatil k\u00f6yleri gibi konaklama yerleri tercih edebilirsiniz. Ayr\u0131ca, Airbnb gibi platformlar arac\u0131l\u0131\u011f\u0131yla da yerel evlerde konaklama imkan\u0131 bulabilirsiniz.\",\"inLanguage\":\"tr\"},\"inLanguage\":\"tr\"},{\"@type\":\"Question\",\"@id\":\"https:\\\/\\\/www.karekod.org\\\/blog\\\/yaz-tatilini-cunda-da-yapmak-icin-12-neden\\\/#faq-question-1686587953636\",\"position\":2,\"url\":\"https:\\\/\\\/www.karekod.org\\\/blog\\\/yaz-tatilini-cunda-da-yapmak-icin-12-neden\\\/#faq-question-1686587953636\",\"name\":\"Cunda'da hangi tarihi ve turistik yerleri ziyaret edebilirim?\",\"answerCount\":1,\"acceptedAnswer\":{\"@type\":\"Answer\",\"text\":\"Cunda'da tarihi kiliseler, Rum evleri ve tarihi sokaklar gibi bir\u00e7ok turistik ve tarihi yer bulunmaktad\u0131r. Taksiyarhis Kilisesi, Aya Yorgi Kilisesi ve <a href=\\\"https:\\\/\\\/tr.wikipedia.org\\\/wiki\\\/Taksiyarhis_Kilisesi\\\">Cunda M\u00fczesi<\\\/a> gibi mekanlar\u0131 ziyaret edebilirsiniz.\",\"inLanguage\":\"tr\"},\"inLanguage\":\"tr\"},{\"@type\":\"Question\",\"@id\":\"https:\\\/\\\/www.karekod.org\\\/blog\\\/yaz-tatilini-cunda-da-yapmak-icin-12-neden\\\/#faq-question-1686587962952\",\"position\":3,\"url\":\"https:\\\/\\\/www.karekod.org\\\/blog\\\/yaz-tatilini-cunda-da-yapmak-icin-12-neden\\\/#faq-question-1686587962952\",\"name\":\"Cunda'da ne zaman gitmek en iyisidir?\",\"answerCount\":1,\"acceptedAnswer\":{\"@type\":\"Answer\",\"text\":\"Cunda'ya gitmek i\u00e7in en uygun zamanlar genellikle yaz aylar\u0131d\u0131r, \u00e7\u00fcnk\u00fc bu d\u00f6nemde hava s\u0131cak ve deniz keyfi yapmak i\u00e7in idealdir.\",\"inLanguage\":\"tr\"},\"inLanguage\":\"tr\"},{\"@type\":\"Question\",\"@id\":\"https:\\\/\\\/www.karekod.org\\\/blog\\\/yaz-tatilini-cunda-da-yapmak-icin-12-neden\\\/#faq-question-1686587975919\",\"position\":4,\"url\":\"https:\\\/\\\/www.karekod.org\\\/blog\\\/yaz-tatilini-cunda-da-yapmak-icin-12-neden\\\/#faq-question-1686587975919\",\"name\":\"Cunda'da nas\u0131l bir hava bekleyebilirim?\",\"answerCount\":1,\"acceptedAnswer\":{\"@type\":\"Answer\",\"text\":\"Cunda, genellikle Akdeniz iklimi etkisi alt\u0131ndad\u0131r. Yaz aylar\u0131nda s\u0131cak ve g\u00fcne\u015fli bir hava hakimdir. K\u0131\u015f aylar\u0131nda ise daha \u0131l\u0131man bir iklim ya\u015fan\u0131r. Tatilinizi planlarken hava durumunu takip etmek ve buna g\u00f6re haz\u0131rl\u0131kl\u0131 olmak \u00f6nemlidir.\",\"inLanguage\":\"tr\"},\"inLanguage\":\"tr\"}]}<\/script>\n<!-- \/ Yoast SEO plugin. -->","yoast_head_json":{"title":"Yaz Tatilini Cunda'da Yapmak \u0130\u00e7in 12 Neden - Karekod Blog","description":"Yaz Tatilini Cunda'da Yapmak; Cunda, e\u015fsiz plajlar\u0131yla \u00fcnl\u00fcd\u00fcr. Ayval\u0131k'a ba\u011fl\u0131 olan Cunda, Ayval\u0131k'\u0131n en g\u00fczel plajlar\u0131na ev sahipli\u011fi..","robots":{"index":"index","follow":"follow","max-snippet":"max-snippet:-1","max-image-preview":"max-image-preview:large","max-video-preview":"max-video-preview:-1"},"canonical":"https:\/\/www.karekod.org\/blog\/yaz-tatilini-cunda-da-yapmak-icin-12-neden\/","og_locale":"tr_TR","og_type":"article","og_title":"Yaz Tatilini Cunda'da Yapmak \u0130\u00e7in 12 Neden - Karekod Blog","og_description":"Yaz Tatilini Cunda'da Yapmak; Cunda, e\u015fsiz plajlar\u0131yla \u00fcnl\u00fcd\u00fcr. Ayval\u0131k'a ba\u011fl\u0131 olan Cunda, Ayval\u0131k'\u0131n en g\u00fczel plajlar\u0131na ev sahipli\u011fi..","og_url":"https:\/\/www.karekod.org\/blog\/yaz-tatilini-cunda-da-yapmak-icin-12-neden\/","og_site_name":"Karekod Blog","article_publisher":"https:\/\/www.facebook.com\/QarMenu\/","article_author":"https:\/\/www.facebook.com\/mentor.perplexed\/","article_published_time":"2023-06-12T17:10:58+00:00","article_modified_time":"2026-02-11T13:26:03+00:00","og_image":[{"width":1200,"height":800,"url":"https:\/\/www.karekod.org\/blog\/wp-content\/uploads\/2023\/06\/cunda-adasi-tatil.jpg","type":"image\/jpeg"}],"author":"Muharrem Emino\u011flu","twitter_card":"summary_large_image","twitter_creator":"@temassizmenu","twitter_site":"@temassizmenu","twitter_misc":{"Yazan:":"Muharrem Emino\u011flu","Tahmini okuma s\u00fcresi":"4 dakika"},"schema":{"@context":"https:\/\/schema.org","@graph":[{"@type":"NewsArticle","@id":"https:\/\/www.karekod.org\/blog\/yaz-tatilini-cunda-da-yapmak-icin-12-neden\/#article","isPartOf":{"@id":"https:\/\/www.karekod.org\/blog\/yaz-tatilini-cunda-da-yapmak-icin-12-neden\/"},"author":{"name":"Muharrem Emino\u011flu","@id":"https:\/\/www.karekod.org\/blog\/#\/schema\/person\/8c87c879aca1c63c7438bf937a5da8bd"},"headline":"Yaz Tatilini Cunda&#8217;da Yapmak \u0130\u00e7in 12 Neden","datePublished":"2023-06-12T17:10:58+00:00","dateModified":"2026-02-11T13:26:03+00:00","mainEntityOfPage":{"@id":"https:\/\/www.karekod.org\/blog\/yaz-tatilini-cunda-da-yapmak-icin-12-neden\/"},"wordCount":818,"commentCount":0,"publisher":{"@id":"https:\/\/www.karekod.org\/blog\/#organization"},"image":{"@id":"https:\/\/www.karekod.org\/blog\/yaz-tatilini-cunda-da-yapmak-icin-12-neden\/#primaryimage"},"thumbnailUrl":"https:\/\/www.karekod.org\/blog\/wp-content\/uploads\/2023\/06\/cunda-adasi-tatil.jpg","articleSection":["Pozitif"],"inLanguage":"tr","potentialAction":[{"@type":"CommentAction","name":"Comment","target":["https:\/\/www.karekod.org\/blog\/yaz-tatilini-cunda-da-yapmak-icin-12-neden\/#respond"]}]},{"@type":["WebPage","FAQPage"],"@id":"https:\/\/www.karekod.org\/blog\/yaz-tatilini-cunda-da-yapmak-icin-12-neden\/","url":"https:\/\/www.karekod.org\/blog\/yaz-tatilini-cunda-da-yapmak-icin-12-neden\/","name":"Yaz Tatilini Cunda'da Yapmak \u0130\u00e7in 12 Neden - Karekod Blog","isPartOf":{"@id":"https:\/\/www.karekod.org\/blog\/#website"},"primaryImageOfPage":{"@id":"https:\/\/www.karekod.org\/blog\/yaz-tatilini-cunda-da-yapmak-icin-12-neden\/#primaryimage"},"image":{"@id":"https:\/\/www.karekod.org\/blog\/yaz-tatilini-cunda-da-yapmak-icin-12-neden\/#primaryimage"},"thumbnailUrl":"https:\/\/www.karekod.org\/blog\/wp-content\/uploads\/2023\/06\/cunda-adasi-tatil.jpg","datePublished":"2023-06-12T17:10:58+00:00","dateModified":"2026-02-11T13:26:03+00:00","description":"Yaz Tatilini Cunda'da Yapmak; Cunda, e\u015fsiz plajlar\u0131yla \u00fcnl\u00fcd\u00fcr. Ayval\u0131k'a ba\u011fl\u0131 olan Cunda, Ayval\u0131k'\u0131n en g\u00fczel plajlar\u0131na ev sahipli\u011fi..","breadcrumb":{"@id":"https:\/\/www.karekod.org\/blog\/yaz-tatilini-cunda-da-yapmak-icin-12-neden\/#breadcrumb"},"mainEntity":[{"@id":"https:\/\/www.karekod.org\/blog\/yaz-tatilini-cunda-da-yapmak-icin-12-neden\/#faq-question-1686587940571"},{"@id":"https:\/\/www.karekod.org\/blog\/yaz-tatilini-cunda-da-yapmak-icin-12-neden\/#faq-question-1686587953636"},{"@id":"https:\/\/www.karekod.org\/blog\/yaz-tatilini-cunda-da-yapmak-icin-12-neden\/#faq-question-1686587962952"},{"@id":"https:\/\/www.karekod.org\/blog\/yaz-tatilini-cunda-da-yapmak-icin-12-neden\/#faq-question-1686587975919"}],"inLanguage":"tr","potentialAction":[{"@type":"ReadAction","target":["https:\/\/www.karekod.org\/blog\/yaz-tatilini-cunda-da-yapmak-icin-12-neden\/"]}]},{"@type":"ImageObject","inLanguage":"tr","@id":"https:\/\/www.karekod.org\/blog\/yaz-tatilini-cunda-da-yapmak-icin-12-neden\/#primaryimage","url":"https:\/\/www.karekod.org\/blog\/wp-content\/uploads\/2023\/06\/cunda-adasi-tatil.jpg","contentUrl":"https:\/\/www.karekod.org\/blog\/wp-content\/uploads\/2023\/06\/cunda-adasi-tatil.jpg","width":1200,"height":800,"caption":"Cunda Adas\u0131nda Tatil Yapmak"},{"@type":"BreadcrumbList","@id":"https:\/\/www.karekod.org\/blog\/yaz-tatilini-cunda-da-yapmak-icin-12-neden\/#breadcrumb","itemListElement":[{"@type":"ListItem","position":1,"name":"Ana sayfa","item":"https:\/\/www.karekod.org\/blog\/"},{"@type":"ListItem","position":2,"name":"Pozitif","item":"https:\/\/www.karekod.org\/blog\/category\/pozitif\/"},{"@type":"ListItem","position":3,"name":"Yaz Tatilini Cunda&#8217;da Yapmak \u0130\u00e7in 12 Neden"}]},{"@type":"WebSite","@id":"https:\/\/www.karekod.org\/blog\/#website","url":"https:\/\/www.karekod.org\/blog\/","name":"Karekod Blog","description":"2026 G\u00fcncel Alkol Fiyatlar\u0131 ve Piyasa Rehberi","publisher":{"@id":"https:\/\/www.karekod.org\/blog\/#organization"},"alternateName":"Karekod Haber","potentialAction":[{"@type":"SearchAction","target":{"@type":"EntryPoint","urlTemplate":"https:\/\/www.karekod.org\/blog\/?s={search_term_string}"},"query-input":{"@type":"PropertyValueSpecification","valueRequired":true,"valueName":"search_term_string"}}],"inLanguage":"tr"},{"@type":"Organization","@id":"https:\/\/www.karekod.org\/blog\/#organization","name":"Karekod Blog","alternateName":"Karekod Haber","url":"https:\/\/www.karekod.org\/blog\/","logo":{"@type":"ImageObject","inLanguage":"tr","@id":"https:\/\/www.karekod.org\/blog\/#\/schema\/logo\/image\/","url":"https:\/\/www.karekod.org\/blog\/wp-content\/uploads\/2025\/01\/cropped-logo.webp","contentUrl":"https:\/\/www.karekod.org\/blog\/wp-content\/uploads\/2025\/01\/cropped-logo.webp","width":512,"height":384,"caption":"Karekod Blog"},"image":{"@id":"https:\/\/www.karekod.org\/blog\/#\/schema\/logo\/image\/"},"sameAs":["https:\/\/www.facebook.com\/QarMenu\/","https:\/\/x.com\/temassizmenu","https:\/\/www.instagram.com\/qarmenu\/","https:\/\/www.linkedin.com\/company\/karekod\/","https:\/\/tr.pinterest.com\/dijitalmenu\/","https:\/\/www.youtube.com\/@qrmenu","https:\/\/karekodmenu.tumblr.com\/","https:\/\/karekod.medium.com\/","https:\/\/www.diigo.com\/user\/karekod","https:\/\/mastodon.social\/@karekod","https:\/\/vk.com\/karekod","https:\/\/flipboard.com\/@karekod","https:\/\/www.quora.com\/profile\/Karekod-Haber","https:\/\/note.com\/karekod"]},{"@type":"Person","@id":"https:\/\/www.karekod.org\/blog\/#\/schema\/person\/8c87c879aca1c63c7438bf937a5da8bd","name":"Muharrem Emino\u011flu","pronouns":"he\/him","description":"Veri analizi ve dijital raporlama s\u00fcre\u00e7lerinde yenilik\u00e7i yakla\u015f\u0131mlar benimseyerek s\u00fcrd\u00fcr\u00fclebilir i\u015f modelleri \u00fczerine \u00e7al\u0131\u015fmalar yap\u0131yorum. Teknoloji, ekonomi ve dijital pazarlama alanlar\u0131nda g\u00fcncel ve g\u00fcvenilir i\u00e7erikler \u00fcretiyorum.","sameAs":["https:\/\/www.karekod.org","https:\/\/www.facebook.com\/mentor.perplexed\/","https:\/\/www.instagram.com\/mentorperplexed\/","https:\/\/www.linkedin.com\/in\/eminoglu\/","https:\/\/www.pinterest.de\/dijitalmenu\/","https:\/\/x.com\/temassizmenu","https:\/\/www.youtube.com\/channel\/UC_vI-xTP9NegNfIqSGoesGg","https:\/\/qrmenu.tumblr.com\/"],"url":"https:\/\/www.karekod.org\/blog\/yazar\/muharrem-eminoglu\/"},{"@type":"Question","@id":"https:\/\/www.karekod.org\/blog\/yaz-tatilini-cunda-da-yapmak-icin-12-neden\/#faq-question-1686587940571","position":1,"url":"https:\/\/www.karekod.org\/blog\/yaz-tatilini-cunda-da-yapmak-icin-12-neden\/#faq-question-1686587940571","name":"Cunda'da konaklama imkanlar\u0131 nelerdir?","answerCount":1,"acceptedAnswer":{"@type":"Answer","text":"Cunda'da \u00e7e\u015fitli konaklama se\u00e7enekleri bulunmaktad\u0131r. Butik oteller, pansiyonlar ve tatil k\u00f6yleri gibi konaklama yerleri tercih edebilirsiniz. Ayr\u0131ca, Airbnb gibi platformlar arac\u0131l\u0131\u011f\u0131yla da yerel evlerde konaklama imkan\u0131 bulabilirsiniz.","inLanguage":"tr"},"inLanguage":"tr"},{"@type":"Question","@id":"https:\/\/www.karekod.org\/blog\/yaz-tatilini-cunda-da-yapmak-icin-12-neden\/#faq-question-1686587953636","position":2,"url":"https:\/\/www.karekod.org\/blog\/yaz-tatilini-cunda-da-yapmak-icin-12-neden\/#faq-question-1686587953636","name":"Cunda'da hangi tarihi ve turistik yerleri ziyaret edebilirim?","answerCount":1,"acceptedAnswer":{"@type":"Answer","text":"Cunda'da tarihi kiliseler, Rum evleri ve tarihi sokaklar gibi bir\u00e7ok turistik ve tarihi yer bulunmaktad\u0131r. Taksiyarhis Kilisesi, Aya Yorgi Kilisesi ve <a href=\"https:\/\/tr.wikipedia.org\/wiki\/Taksiyarhis_Kilisesi\">Cunda M\u00fczesi<\/a> gibi mekanlar\u0131 ziyaret edebilirsiniz.","inLanguage":"tr"},"inLanguage":"tr"},{"@type":"Question","@id":"https:\/\/www.karekod.org\/blog\/yaz-tatilini-cunda-da-yapmak-icin-12-neden\/#faq-question-1686587962952","position":3,"url":"https:\/\/www.karekod.org\/blog\/yaz-tatilini-cunda-da-yapmak-icin-12-neden\/#faq-question-1686587962952","name":"Cunda'da ne zaman gitmek en iyisidir?","answerCount":1,"acceptedAnswer":{"@type":"Answer","text":"Cunda'ya gitmek i\u00e7in en uygun zamanlar genellikle yaz aylar\u0131d\u0131r, \u00e7\u00fcnk\u00fc bu d\u00f6nemde hava s\u0131cak ve deniz keyfi yapmak i\u00e7in idealdir.","inLanguage":"tr"},"inLanguage":"tr"},{"@type":"Question","@id":"https:\/\/www.karekod.org\/blog\/yaz-tatilini-cunda-da-yapmak-icin-12-neden\/#faq-question-1686587975919","position":4,"url":"https:\/\/www.karekod.org\/blog\/yaz-tatilini-cunda-da-yapmak-icin-12-neden\/#faq-question-1686587975919","name":"Cunda'da nas\u0131l bir hava bekleyebilirim?","answerCount":1,"acceptedAnswer":{"@type":"Answer","text":"Cunda, genellikle Akdeniz iklimi etkisi alt\u0131ndad\u0131r. Yaz aylar\u0131nda s\u0131cak ve g\u00fcne\u015fli bir hava hakimdir. K\u0131\u015f aylar\u0131nda ise daha \u0131l\u0131man bir iklim ya\u015fan\u0131r. Tatilinizi planlarken hava durumunu takip etmek ve buna g\u00f6re haz\u0131rl\u0131kl\u0131 olmak \u00f6nemlidir.","inLanguage":"tr"},"inLanguage":"tr"}]}},"_links":{"self":[{"href":"https:\/\/www.karekod.org\/blog\/wp-json\/wp\/v2\/posts\/20941","targetHints":{"allow":["GET"]}}],"collection":[{"href":"https:\/\/www.karekod.org\/blog\/wp-json\/wp\/v2\/posts"}],"about":[{"href":"https:\/\/www.karekod.org\/blog\/wp-json\/wp\/v2\/types\/post"}],"author":[{"embeddable":true,"href":"https:\/\/www.karekod.org\/blog\/wp-json\/wp\/v2\/users\/1"}],"replies":[{"embeddable":true,"href":"https:\/\/www.karekod.org\/blog\/wp-json\/wp\/v2\/comments?post=20941"}],"version-history":[{"count":0,"href":"https:\/\/www.karekod.org\/blog\/wp-json\/wp\/v2\/posts\/20941\/revisions"}],"wp:featuredmedia":[{"embeddable":true,"href":"https:\/\/www.karekod.org\/blog\/wp-json\/wp\/v2\/media\/20942"}],"wp:attachment":[{"href":"https:\/\/www.karekod.org\/blog\/wp-json\/wp\/v2\/media?parent=20941"}],"wp:term":[{"taxonomy":"category","embeddable":true,"href":"https:\/\/www.karekod.org\/blog\/wp-json\/wp\/v2\/categories?post=20941"},{"taxonomy":"post_tag","embeddable":true,"href":"https:\/\/www.karekod.org\/blog\/wp-json\/wp\/v2\/tags?post=20941"}],"curies":[{"name":"wp","href":"https:\/\/api.w.org\/{rel}","templated":true}]}}