{"id":14188,"date":"2023-02-27T23:53:29","date_gmt":"2023-02-27T20:53:29","guid":{"rendered":"https:\/\/www.karekod.org\/blog\/?p=14188"},"modified":"2023-07-29T02:05:06","modified_gmt":"2023-07-28T23:05:06","slug":"afet-sonrasi-gonullu-calismalar-afet-platformu-2023","status":"publish","type":"post","link":"https:\/\/www.karekod.org\/blog\/afet-sonrasi-gonullu-calismalar-afet-platformu-2023\/","title":{"rendered":"Afet Sonras\u0131 G\u00f6n\u00fcll\u00fc \u00c7al\u0131\u015fmalar (Afet Platformu)"},"content":{"rendered":"\n<p>06.02.2023 tarihinde \u00fclkenin bir\u00e7ok \u015fehrinde ya\u015fanan deprem afetlerini Afet Platformu \u00e7at\u0131s\u0131 alt\u0131ndaki STK&#8217;lar olarak takip ediyoruz. (instagram: afetplatformu) Afet Sonras\u0131 G\u00f6n\u00fcll\u00fc \u00c7al\u0131\u015fmalar:<br><br>Afetin ilk 72 saatinde t\u00fcm imkanlar ile arama-kurtarma \u00e7al\u0131\u015fmalar\u0131 yap\u0131l\u0131yor. \u015eu an malzeme deste\u011fi ile ilgili organizasyon i\u00e7in erken. Ve bu tip g\u00f6nderimler i\u015fleri zorla\u015ft\u0131rabiliyor. Bu konudaki geli\u015fmeleri platformun instagram hesab\u0131ndan takip edebilirsiniz. Saha \u00e7al\u0131\u015fmas\u0131n\u0131n koordinasyonunu sa\u011flayabilmek i\u00e7in afet b\u00f6lgelerinde g\u00f6n\u00fcll\u00fc olarak sorumluluk \u00fcstlenebilecek arkada\u015flar\u0131n bu formu doldurmalar\u0131n\u0131 rica ediyoruz. Formu dolduran t\u00fcm G\u00f6n\u00fcll\u00fcler ile Toplum G\u00f6n\u00fcll\u00fcleri Vakf\u0131 Afet Koordinasyon Ekibi&#8217;ndeki gen\u00e7ler ileti\u015fime ge\u00e7ecek ve bilgilendirmeler payla\u015facaklard\u0131r.<br><br>Herhangi bir \u015fehirde ya\u015fanan bir acil durum var ise ki\u015finin ya da yak\u0131nlar\u0131n\u0131n 112&#8217;i aramalar\u0131n\u0131 rica ediyoruz. Ayr\u0131ca yap\u0131lacak duyurular\u0131 \u015fu <a href=\"https:\/\/chat.whatsapp.com\/KqVY8PFtQXvJ0C9WZilEQ4\" target=\"_blank\" rel=\"noreferrer noopener\">whatsapp<\/a> duyuru grubuna dahil olarak takip edebilirsiniz. Grup sadece duyurular\u0131n payla\u015f\u0131lmas\u0131 amac\u0131yla kullan\u0131lmaktad\u0131r.<\/p><div id=\"ez-toc-container\" class=\"ez-toc-v2_0_82_2 counter-hierarchy ez-toc-counter ez-toc-grey ez-toc-container-direction\">\n<div class=\"ez-toc-title-container\">\n<p class=\"ez-toc-title\" style=\"cursor:inherit\">\u0130\u00e7indekiler<\/p>\n<span class=\"ez-toc-title-toggle\"><a href=\"#\" class=\"ez-toc-pull-right ez-toc-btn ez-toc-btn-xs ez-toc-btn-default ez-toc-toggle\" aria-label=\"\u0130\u00e7indekiler Tablosunu A\u00e7\/Kapat\"><span class=\"ez-toc-js-icon-con\"><span class=\"\"><span class=\"eztoc-hide\" style=\"display:none;\">Toggle<\/span><span class=\"ez-toc-icon-toggle-span\"><svg style=\"fill: #999;color:#999\" xmlns=\"http:\/\/www.w3.org\/2000\/svg\" class=\"list-377408\" width=\"20px\" height=\"20px\" viewBox=\"0 0 24 24\" fill=\"none\"><path d=\"M6 6H4v2h2V6zm14 0H8v2h12V6zM4 11h2v2H4v-2zm16 0H8v2h12v-2zM4 16h2v2H4v-2zm16 0H8v2h12v-2z\" fill=\"currentColor\"><\/path><\/svg><svg style=\"fill: #999;color:#999\" class=\"arrow-unsorted-368013\" xmlns=\"http:\/\/www.w3.org\/2000\/svg\" width=\"10px\" height=\"10px\" viewBox=\"0 0 24 24\" version=\"1.2\" baseProfile=\"tiny\"><path d=\"M18.2 9.3l-6.2-6.3-6.2 6.3c-.2.2-.3.4-.3.7s.1.5.3.7c.2.2.4.3.7.3h11c.3 0 .5-.1.7-.3.2-.2.3-.5.3-.7s-.1-.5-.3-.7zM5.8 14.7l6.2 6.3 6.2-6.3c.2-.2.3-.5.3-.7s-.1-.5-.3-.7c-.2-.2-.4-.3-.7-.3h-11c-.3 0-.5.1-.7.3-.2.2-.3.5-.3.7s.1.5.3.7z\"\/><\/svg><\/span><\/span><\/span><\/a><\/span><\/div>\n<nav><ul class='ez-toc-list ez-toc-list-level-1 ' ><li class='ez-toc-page-1 ez-toc-heading-level-3'><a class=\"ez-toc-link ez-toc-heading-1\" href=\"https:\/\/www.karekod.org\/blog\/afet-sonrasi-gonullu-calismalar-afet-platformu-2023\/#Duyuru_06022023_%E2%80%93_22_00\" >Duyuru! (06.02.2023 &#8211; 22:00)<\/a><\/li><li class='ez-toc-page-1 ez-toc-heading-level-3'><a class=\"ez-toc-link ez-toc-heading-2\" href=\"https:\/\/www.karekod.org\/blog\/afet-sonrasi-gonullu-calismalar-afet-platformu-2023\/#Duyuru_07022023_%E2%80%93_10_30\" >Duyuru! (07.02.2023 &#8211; 10:30)<\/a><\/li><li class='ez-toc-page-1 ez-toc-heading-level-3'><a class=\"ez-toc-link ez-toc-heading-3\" href=\"https:\/\/www.karekod.org\/blog\/afet-sonrasi-gonullu-calismalar-afet-platformu-2023\/#Duyuru_07022023_%E2%80%93_17_50\" >Duyuru! (07.02.2023 &#8211; 17:50)<\/a><\/li><li class='ez-toc-page-1 ez-toc-heading-level-3'><a class=\"ez-toc-link ez-toc-heading-4\" href=\"https:\/\/www.karekod.org\/blog\/afet-sonrasi-gonullu-calismalar-afet-platformu-2023\/#Duyuru_12022023\" >Duyuru (12.02.2023)<\/a><ul class='ez-toc-list-level-4' ><li class='ez-toc-heading-level-4'><a class=\"ez-toc-link ez-toc-heading-5\" href=\"https:\/\/www.karekod.org\/blog\/afet-sonrasi-gonullu-calismalar-afet-platformu-2023\/#Ilgili_Baglantilar\" >\u0130lgili Ba\u011flant\u0131lar<\/a><\/li><\/ul><\/li><\/ul><\/nav><\/div>\n\n\n\n\n<p><strong>Notlar:<\/strong><\/p>\n\n\n\n<ul class=\"wp-block-list\">\n<li>18 ya\u015f\u0131n\u0131n alt\u0131ndaki ki\u015filer bu form arac\u0131l\u0131\u011f\u0131 ile saha ger\u00e7ekle\u015ftirilecek g\u00f6n\u00fcll\u00fc \u00e7al\u0131\u015fmalara kat\u0131l\u0131m g\u00f6steremeyecektir.<\/li>\n\n\n\n<li>Bu form arac\u0131l\u0131\u011f\u0131 ile arama kurtarma \u00e7al\u0131\u015fmalar\u0131nda de\u011fil, insani yard\u0131m ve depo faaliyetleri alan\u0131nda&nbsp;g\u00f6n\u00fcll\u00fcl\u00fck yapmak i\u00e7in bilgiler toplanmaktad\u0131r.<\/li>\n<\/ul>\n\n\n\n<p class=\"has-x-large-font-size\"><strong><a href=\"https:\/\/form.jotform.com\/230361452031037\" target=\"_blank\" rel=\"noreferrer noopener\">Form<\/a> &#8211; Afet Sonras\u0131 G\u00f6n\u00fcll\u00fc \u00c7al\u0131\u015fmalar<\/strong><\/p>\n\n\n\n<figure class=\"wp-block-image size-large\"><a href=\"https:\/\/afetharitasi.org\/\"><img loading=\"lazy\" decoding=\"async\" width=\"820\" height=\"1024\" src=\"https:\/\/www.karekod.org\/blog\/wp-content\/uploads\/2023\/02\/afet-haritasi-820x1024.jpeg\" alt=\"Afet Haritas\u0131\" class=\"wp-image-14193\" srcset=\"https:\/\/www.karekod.org\/blog\/wp-content\/uploads\/2023\/02\/afet-haritasi-820x1024.jpeg 820w, https:\/\/www.karekod.org\/blog\/wp-content\/uploads\/2023\/02\/afet-haritasi-240x300.jpeg 240w, https:\/\/www.karekod.org\/blog\/wp-content\/uploads\/2023\/02\/afet-haritasi-768x960.jpeg 768w, https:\/\/www.karekod.org\/blog\/wp-content\/uploads\/2023\/02\/afet-haritasi-1229x1536.jpeg 1229w, https:\/\/www.karekod.org\/blog\/wp-content\/uploads\/2023\/02\/afet-haritasi-730x912.jpeg 730w, https:\/\/www.karekod.org\/blog\/wp-content\/uploads\/2023\/02\/afet-haritasi-350x437.jpeg 350w, https:\/\/www.karekod.org\/blog\/wp-content\/uploads\/2023\/02\/afet-haritasi-1100x1374.jpeg 1100w, https:\/\/www.karekod.org\/blog\/wp-content\/uploads\/2023\/02\/afet-haritasi.jpeg 1639w\" sizes=\"auto, (max-width: 820px) 100vw, 820px\" \/><\/a><figcaption class=\"wp-element-caption\">Afet Haritas\u0131<\/figcaption><\/figure>\n\n\n\n<p>Doldurdu\u011funuz formlardan yola \u00e7\u0131karak \u015fehirlere yak\u0131nl\u0131k durumunuza g\u00f6re sizlerle ileti\u015fime ge\u00e7ece\u011fiz!<\/p>\n\n\n\n<p>Olay hen\u00fcz \u00e7ok taze, b\u00f6lgeden bir\u00e7ok bilgi geliyor. Bu bilgileri teyit etmemiz ve do\u011fru bilgilerle harekete ge\u00e7memiz \u00e7ok \u00f6nemli. Plans\u0131z ve ani bir \u015fekilde b\u00f6lgeye gitmek bize de, b\u00f6lgedekilere de yarar sa\u011flamaz.Afet Platformu \u00e7at\u0131s\u0131 alt\u0131ndaki STK\u2019lar olarak arama kurtarma \u00e7al\u0131\u015fmalar\u0131nda de\u011fil, insani yard\u0131m ve depo faaliyetleri alan\u0131nda faaliyet y\u00fcr\u00fctece\u011fiz.<\/p>\n\n\n\n<figure class=\"wp-block-embed is-type-video is-provider-youtube wp-block-embed-youtube wp-embed-aspect-16-9 wp-has-aspect-ratio\"><div class=\"wp-block-embed__wrapper\">\n<iframe loading=\"lazy\" title=\"Afet Platformu\" width=\"500\" height=\"281\" src=\"https:\/\/www.youtube.com\/embed\/u6ckwQAtU9I?feature=oembed\" frameborder=\"0\" allow=\"accelerometer; autoplay; clipboard-write; encrypted-media; gyroscope; picture-in-picture; web-share\" referrerpolicy=\"strict-origin-when-cross-origin\" allowfullscreen><\/iframe>\n<\/div><figcaption class=\"wp-element-caption\">Afet Platformu Hakk\u0131nda<\/figcaption><\/figure>\n\n\n\n<p>Ayni yard\u0131mlar\u0131n toplanaca\u011f\u0131 depolar hen\u00fcz kuruluyor, depo bilgileri netle\u015fti\u011finde sizlerle ileti\u015fime ge\u00e7erek belirtilen g\u00f6n\u00fcll\u00fc ihtiyac\u0131 dahilinde y\u00f6nlendirmeleri sa\u011flayaca\u011f\u0131z. Yak\u0131n \u015fehirler \u00f6ncelikli olmak \u00fczere gelen ba\u015fvurular\u0131 Afet Platformu ile koordineli bir \u015fekilde burada ihtiya\u00e7 olan g\u00f6n\u00fcll\u00fc say\u0131s\u0131na uygun bir \u015fekilde whatsapp gruplar\u0131 kurarak ekleyece\u011fiz. Gerekli bilgilendirmeler koordinasyon s\u00fcreci ilerledik\u00e7e payla\u015f\u0131lmaya devam edecek.<\/p>\n\n\n\n<p>Koordineli ve ekip olarak ilerleyen bir s\u00fcre\u00e7 oldu\u011fu i\u00e7in \u015fimdilik beklemedeyiz, herkesi sa\u011f duyuya ve sakin kalmaya davet etme konusunda deste\u011finizi rica ediyoruz.<\/p>\n\n\n\n<p><em><strong>Sosyal medya hesaplar\u0131m\u0131zdan ger\u00e7ekle\u015ftirdi\u011fimiz duyular\u0131 takipte kal\u0131n.<\/strong><\/em><\/p>\n\n\n\n<figure class=\"wp-block-image size-large\"><img loading=\"lazy\" decoding=\"async\" width=\"1024\" height=\"1024\" src=\"https:\/\/www.karekod.org\/blog\/wp-content\/uploads\/2023\/02\/afet-formu-1024x1024.jpeg\" alt=\"Afet Formu\" class=\"wp-image-14197\" srcset=\"https:\/\/www.karekod.org\/blog\/wp-content\/uploads\/2023\/02\/afet-formu-1024x1024.jpeg 1024w, https:\/\/www.karekod.org\/blog\/wp-content\/uploads\/2023\/02\/afet-formu-300x300.jpeg 300w, https:\/\/www.karekod.org\/blog\/wp-content\/uploads\/2023\/02\/afet-formu-150x150.jpeg 150w, https:\/\/www.karekod.org\/blog\/wp-content\/uploads\/2023\/02\/afet-formu-768x768.jpeg 768w, https:\/\/www.karekod.org\/blog\/wp-content\/uploads\/2023\/02\/afet-formu-730x730.jpeg 730w, https:\/\/www.karekod.org\/blog\/wp-content\/uploads\/2023\/02\/afet-formu-350x350.jpeg 350w, https:\/\/www.karekod.org\/blog\/wp-content\/uploads\/2023\/02\/afet-formu.jpeg 1080w\" sizes=\"auto, (max-width: 1024px) 100vw, 1024px\" \/><figcaption class=\"wp-element-caption\">Afet Formu<\/figcaption><\/figure>\n\n\n\n<h3 class=\"wp-block-heading\"><span class=\"ez-toc-section\" id=\"Duyuru_06022023_%E2%80%93_22_00\"><\/span>Duyuru! (06.02.2023 &#8211; 22:00)<span class=\"ez-toc-section-end\"><\/span><\/h3>\n\n\n\n<p>Arkada\u015flar,<\/p>\n\n\n\n<p>\u00d6zelden \u00e7ok fazla soru geliyor. Koordine olmakta zorlan\u0131yoruz.<\/p>\n\n\n\n<p>Haz\u0131rl\u0131klar\u0131m\u0131z\u0131 tamamlamak \u00fczereyiz. Yar\u0131ndan itibaren gelecek g\u00f6n\u00fcll\u00fc taleplerine yan\u0131t verebilece\u011fiz.<\/p>\n\n\n\n<p>Afet Platformu olarak arama kurtarmada de\u011fil, yard\u0131m deposu konusunda faaliyet y\u00fcr\u00fctt\u00fc\u011f\u00fcm\u00fcz i\u00e7in depolar\u0131n kurulmas\u0131n\u0131 bekliyoruz. Hi\u00e7bir \u015fey net de\u011filken b\u00f6lgeye gitmek kar\u0131\u015f\u0131kl\u0131k yaratabilir.<\/p>\n\n\n\n<p>Bizlerden sab\u0131rla haber beklemenizi rica ediyoruz. Doldurdu\u011funuz formlara g\u00f6re, \u015fehirlerin ihtiya\u00e7lar\u0131n\u0131 g\u00f6zeterek sizlerle ileti\u015fime ge\u00e7ece\u011fiz.<\/p>\n\n\n\n<p>Her biriniz iyi ki vars\u0131n\u0131z\u2026<\/p>\n\n\n\n<h3 class=\"wp-block-heading\"><span class=\"ez-toc-section\" id=\"Duyuru_07022023_%E2%80%93_10_30\"><\/span>Duyuru! (07.02.2023 &#8211; 10:30)<span class=\"ez-toc-section-end\"><\/span><\/h3>\n\n\n\n<p>\u015eu an afet alan\u0131nda ciddi temel ihtiya\u00e7lar var. Kendi imkanlar\u0131n\u0131z ile oraya gitti\u011finizde bar\u0131nman\u0131z, yemekleriniz bile ekiplere y\u00fck getirecektir. Yollarda olan profesyonel arkada\u015flardan ald\u0131\u011f\u0131m\u0131z bilgilere g\u00f6re yard\u0131mlar dahi yolda kalabiliyor.<\/p>\n\n\n\n<ol class=\"wp-block-list\">\n<li>E\u011fer bir irtibat\u0131n\u0131z e\u011fitiminiz ve sertifikan\u0131z var ise AFAD ile ileti\u015fime ge\u00e7ebilirsiniz. Arama kurtarma konta\u011f\u0131 i\u00e7in Afet Platformu olarak bizler yard\u0131mc\u0131 olam\u0131yoruz. Bu arada kendisi hareket edecek arkada\u015flar\u0131m\u0131z konaklama konusunda mutlaka \u00f6nden planlama yaps\u0131nlar. Maalesef halen \u00e7ad\u0131rlar yetersiz.<\/li>\n\n\n\n<li>\u00d6zelden \u00e7ok fazla mesaj al\u0131yoruz. 20Bin ki\u015fi tek tek bize \u00f6zelden yazd\u0131\u011f\u0131nda ger\u00e7ekten i\u015flerimiz zorla\u015f\u0131yor. B\u00f6lgeye ula\u015f\u0131m \u00e7ok zor. Yola \u00e7\u0131kman\u0131z k\u00f6t\u00fc hava ko\u015fullar\u0131 da eklenince yollar\u0131n t\u0131kanmas\u0131na neden olabilir.<\/li>\n\n\n\n<li>Kendi \u00e7ad\u0131r\u0131n\u0131z\u0131 alsan\u0131z dahi afet b\u00f6lgesinde hava eksi 7-10 dereceleri buluyor. Vard\u0131\u011f\u0131n\u0131z noktada destekten ziyade siz deste\u011fe ihtiya\u00e7 duyar halde kalabilirsiniz. Koordinasyon ve \u00f6n haz\u0131rl\u0131klar\u0131 bunun i\u00e7in yap\u0131yoruz.<\/li>\n\n\n\n<li>Afet b\u00f6lgesine ula\u015fmaya \u00e7al\u0131\u015fman\u0131z t\u00fcm destek mekanizmalar\u0131n\u0131 aksatabilir. \u0130htiya\u00e7 durumunda ve yeterli \u015fartlar sa\u011fland\u0131\u011f\u0131nda zaten y\u00f6nlendirme yapaca\u011f\u0131z.<\/li>\n<\/ol>\n\n\n\n<h3 class=\"wp-block-heading\"><span class=\"ez-toc-section\" id=\"Duyuru_07022023_%E2%80%93_17_50\"><\/span>Duyuru! (07.02.2023 &#8211; 17:50)<span class=\"ez-toc-section-end\"><\/span><\/h3>\n\n\n\n<p>Merhabalar,<\/p>\n\n\n\n<p>Hatay&#8217;da ya\u015fayan g\u00f6n\u00fcll\u00fclerle depoya gitmek \u00fczere bir ekip kuruldu. Adana, Antep, Mara\u015f ve Ad\u0131yaman illerinde de depolar a\u00e7\u0131ld\u0131. Bu illerde olup formu dolduranlarla ileti\u015fime ge\u00e7tik\/ge\u00e7iyoruz.<\/p>\n\n\n\n<p>Yollar\u0131n durumu ve \u015fehirlere giri\u015f \u00e7\u0131k\u0131\u015flar\u0131n zorlu\u011fu nedeniyle \u00f6ncelikli olarak b\u00f6lgedeki g\u00f6n\u00fcll\u00fcleri y\u00f6nlendiriyoruz. Di\u011fer iller i\u00e7in de ileti\u015fimleri s\u00fcrd\u00fcr\u00fcyoruz.<\/p>\n\n\n\n<p>H\u0131zl\u0131ca sizleri en h\u0131zl\u0131 aksiyon alaca\u011f\u0131n\u0131z b\u00f6lgeye y\u00f6nlendirmeye \u00e7al\u0131\u015faca\u011f\u0131z. Grubu takip etmeye devam edin.<\/p>\n\n\n\n<p>\u00d6zelden yaz\u0131lan mesajlar koordinasyonu \u00e7ok yava\u015flat\u0131yor. Ayr\u0131ca yazmaman\u0131z\u0131 rica ediyoruz.<\/p>\n\n\n\n<p>Deste\u011finiz i\u00e7in te\u015fekk\u00fcr ederiz.<\/p>\n\n\n\n<h3 class=\"wp-block-heading\"><span class=\"ez-toc-section\" id=\"Duyuru_12022023\"><\/span>Duyuru (12.02.2023)<span class=\"ez-toc-section-end\"><\/span><\/h3>\n\n\n\n<p>Ad\u0131yaman&#8217;da olan, konaklama s\u0131k\u0131nt\u0131s\u0131 olmayan ve depoda g\u00f6n\u00fcll\u00fc \u00e7al\u0131\u015fmalara kat\u0131labilecek olanlar\u0131 yar\u0131ndan itibaren depoya y\u00f6nlendirece\u011fiz.<\/p>\n\n\n\n<p>1)Ad Soyad<br>2)Bulundu\u011funuz il\u00e7e\/mahalle bilgisi<br>3)Arac\u0131n\u0131z var m\u0131\/kullanabiliyor musunuz ?<\/p>\n\n\n\n<p>L\u00fctfen sadece Ad\u0131yaman\u2019da olanlar d\u00f6n\u00fc\u015f yaps\u0131n. \u203c\ufe0f<\/p>\n\n\n\n<p>Ba\u015fka \u015fehirden y\u00f6nlendirme yapam\u0131yoruz. B\u00fcy\u00fck ve zor bir s\u00fcre\u00e7, i\u015fbirli\u011finize ihtiyac\u0131m\u0131z var \ud83d\ude4fTe\u015fekk\u00fcrler..<\/p>\n\n\n\n<figure class=\"wp-block-image size-large\"><img loading=\"lazy\" decoding=\"async\" width=\"1024\" height=\"1024\" src=\"https:\/\/www.karekod.org\/blog\/wp-content\/uploads\/2023\/02\/afet-platformu-1024x1024.jpeg\" alt=\"osmaniye i\u00e7in g\u00fcncel ihtiya\u00e7 listesi\" class=\"wp-image-15740\" srcset=\"https:\/\/www.karekod.org\/blog\/wp-content\/uploads\/2023\/02\/afet-platformu-1024x1024.jpeg 1024w, https:\/\/www.karekod.org\/blog\/wp-content\/uploads\/2023\/02\/afet-platformu-300x300.jpeg 300w, https:\/\/www.karekod.org\/blog\/wp-content\/uploads\/2023\/02\/afet-platformu-150x150.jpeg 150w, https:\/\/www.karekod.org\/blog\/wp-content\/uploads\/2023\/02\/afet-platformu-768x768.jpeg 768w, https:\/\/www.karekod.org\/blog\/wp-content\/uploads\/2023\/02\/afet-platformu-1536x1536.jpeg 1536w, https:\/\/www.karekod.org\/blog\/wp-content\/uploads\/2023\/02\/afet-platformu-730x730.jpeg 730w, https:\/\/www.karekod.org\/blog\/wp-content\/uploads\/2023\/02\/afet-platformu-350x350.jpeg 350w, https:\/\/www.karekod.org\/blog\/wp-content\/uploads\/2023\/02\/afet-platformu-1100x1100.jpeg 1100w, https:\/\/www.karekod.org\/blog\/wp-content\/uploads\/2023\/02\/afet-platformu.jpeg 1600w\" sizes=\"auto, (max-width: 1024px) 100vw, 1024px\" \/><figcaption class=\"wp-element-caption\">Osmaniye i\u00e7in g\u00fcncel ihtiya\u00e7 listesi (27.02.2023)<\/figcaption><\/figure>\n\n\n\n<figure class=\"wp-block-image size-large\"><img loading=\"lazy\" decoding=\"async\" width=\"1024\" height=\"1024\" src=\"https:\/\/www.karekod.org\/blog\/wp-content\/uploads\/2023\/02\/hayat-1024x1024.jpeg\" alt=\"Hatay i\u00e7in g\u00fcncel ihtiya\u00e7 listesi\" class=\"wp-image-15767\" srcset=\"https:\/\/www.karekod.org\/blog\/wp-content\/uploads\/2023\/02\/hayat.jpeg 1024w, https:\/\/www.karekod.org\/blog\/wp-content\/uploads\/2023\/02\/hayat-300x300.jpeg 300w, https:\/\/www.karekod.org\/blog\/wp-content\/uploads\/2023\/02\/hayat-150x150.jpeg 150w, https:\/\/www.karekod.org\/blog\/wp-content\/uploads\/2023\/02\/hayat-768x768.jpeg 768w, https:\/\/www.karekod.org\/blog\/wp-content\/uploads\/2023\/02\/hayat-730x730.jpeg 730w, https:\/\/www.karekod.org\/blog\/wp-content\/uploads\/2023\/02\/hayat-350x350.jpeg 350w\" sizes=\"auto, (max-width: 1024px) 100vw, 1024px\" \/><figcaption class=\"wp-element-caption\">Hatay i\u00e7in g\u00fcncel ihtiya\u00e7 listesi (28.02.2023)<\/figcaption><\/figure>\n\n\n\n<h4 class=\"wp-block-heading\"><span class=\"ez-toc-section\" id=\"Ilgili_Baglantilar\"><\/span>\u0130lgili Ba\u011flant\u0131lar<span class=\"ez-toc-section-end\"><\/span><\/h4>\n\n\n\n<p><a href=\"https:\/\/www.karekod.org\/blog\/deprem-cantasi-nasil-hazirlanir\/\" target=\"_blank\" rel=\"noreferrer noopener\">Deprem \u00c7antas\u0131<\/a><\/p>\n\n\n\n<p><a href=\"https:\/\/www.karekod.org\/blog\/ahbap-nedir-nasil-uye-olunur\/\" target=\"_blank\" rel=\"noreferrer noopener\">Ahbap<\/a><\/p>\n\n\n\n<p><a href=\"https:\/\/www.karekod.org\/blog\/deprem-isigi-nedir-neden-ortaya-cikar\/\" target=\"_blank\" rel=\"noreferrer noopener\">Deprem I\u015f\u0131\u011f\u0131<\/a><\/p>\n\n\n\n<p><a href=\"https:\/\/www.karekod.org\/blog\/oy-ve-otesi\/\">Oy ve \u00d6tesi<\/a><\/p>\n","protected":false},"excerpt":{"rendered":"<p>06.02.2023 tarihinde \u00fclkenin bir\u00e7ok \u015fehrinde ya\u015fanan deprem afetlerini Afet Platformu \u00e7at\u0131s\u0131 alt\u0131ndaki STK&#8217;lar olarak takip ediyoruz. (instagram: afetplatformu) Afet Sonras\u0131 [&hellip;]<\/p>\n","protected":false},"author":1,"featured_media":14192,"comment_status":"open","ping_status":"open","sticky":false,"template":"","format":"standard","meta":{"footnotes":""},"categories":[3957,53],"tags":[3050,3052,3051,3053],"class_list":["post-14188","post","type-post","status-publish","format-standard","has-post-thumbnail","hentry","category-gundem","category-haberler","tag-afet","tag-afet-platformu","tag-afet-platformu-2023","tag-deprem-gonullu-calisma"],"yoast_head":"<!-- This site is optimized with the Yoast SEO plugin v27.5 - https:\/\/yoast.com\/product\/yoast-seo-wordpress\/ -->\n<title>Afet Sonras\u0131 G\u00f6n\u00fcll\u00fc \u00c7al\u0131\u015fmalar (Afet Platformu) - Karekod Blog<\/title>\n<meta name=\"description\" content=\"Afet Sonras\u0131 G\u00f6n\u00fcll\u00fc \u00c7al\u0131\u015fmalar: \u00fclkenin bir\u00e7ok \u015fehrinde ya\u015fanan deprem afetlerini Afet Platformu \u00e7at\u0131s\u0131 alt\u0131ndaki STK&#039;lar olarak takip\" \/>\n<meta name=\"robots\" content=\"index, follow, max-snippet:-1, max-image-preview:large, max-video-preview:-1\" \/>\n<link rel=\"canonical\" href=\"https:\/\/www.karekod.org\/blog\/afet-sonrasi-gonullu-calismalar-afet-platformu-2023\/\" \/>\n<meta property=\"og:locale\" content=\"tr_TR\" \/>\n<meta property=\"og:type\" content=\"article\" \/>\n<meta property=\"og:title\" content=\"Afet Sonras\u0131 G\u00f6n\u00fcll\u00fc \u00c7al\u0131\u015fmalar (Afet Platformu) - Karekod Blog\" \/>\n<meta property=\"og:description\" content=\"Afet Sonras\u0131 G\u00f6n\u00fcll\u00fc \u00c7al\u0131\u015fmalar: \u00fclkenin bir\u00e7ok \u015fehrinde ya\u015fanan deprem afetlerini Afet Platformu \u00e7at\u0131s\u0131 alt\u0131ndaki STK&#039;lar olarak takip\" \/>\n<meta property=\"og:url\" content=\"https:\/\/www.karekod.org\/blog\/afet-sonrasi-gonullu-calismalar-afet-platformu-2023\/\" \/>\n<meta property=\"og:site_name\" content=\"Karekod Blog\" \/>\n<meta property=\"article:publisher\" content=\"https:\/\/www.facebook.com\/QarMenu\/\" \/>\n<meta property=\"article:author\" content=\"https:\/\/www.facebook.com\/mentor.perplexed\/\" \/>\n<meta property=\"article:published_time\" content=\"2023-02-27T20:53:29+00:00\" \/>\n<meta property=\"article:modified_time\" content=\"2023-07-28T23:05:06+00:00\" \/>\n<meta property=\"og:image\" content=\"https:\/\/www.karekod.org\/blog\/wp-content\/uploads\/2023\/02\/Afet-platformu-1.jpg\" \/>\n\t<meta property=\"og:image:width\" content=\"1200\" \/>\n\t<meta property=\"og:image:height\" content=\"800\" \/>\n\t<meta property=\"og:image:type\" content=\"image\/jpeg\" \/>\n<meta name=\"author\" content=\"Muharrem Emino\u011flu\" \/>\n<meta name=\"twitter:card\" content=\"summary_large_image\" \/>\n<meta name=\"twitter:creator\" content=\"@temassizmenu\" \/>\n<meta name=\"twitter:site\" content=\"@temassizmenu\" \/>\n<meta name=\"twitter:label1\" content=\"Yazan:\" \/>\n\t<meta name=\"twitter:data1\" content=\"Muharrem Emino\u011flu\" \/>\n\t<meta name=\"twitter:label2\" content=\"Tahmini okuma s\u00fcresi\" \/>\n\t<meta name=\"twitter:data2\" content=\"5 dakika\" \/>\n<script type=\"application\/ld+json\" class=\"yoast-schema-graph\">{\"@context\":\"https:\\\/\\\/schema.org\",\"@graph\":[{\"@type\":\"NewsArticle\",\"@id\":\"https:\\\/\\\/www.karekod.org\\\/blog\\\/afet-sonrasi-gonullu-calismalar-afet-platformu-2023\\\/#article\",\"isPartOf\":{\"@id\":\"https:\\\/\\\/www.karekod.org\\\/blog\\\/afet-sonrasi-gonullu-calismalar-afet-platformu-2023\\\/\"},\"author\":{\"name\":\"Muharrem Emino\u011flu\",\"@id\":\"https:\\\/\\\/www.karekod.org\\\/blog\\\/#\\\/schema\\\/person\\\/8c87c879aca1c63c7438bf937a5da8bd\"},\"headline\":\"Afet Sonras\u0131 G\u00f6n\u00fcll\u00fc \u00c7al\u0131\u015fmalar (Afet Platformu)\",\"datePublished\":\"2023-02-27T20:53:29+00:00\",\"dateModified\":\"2023-07-28T23:05:06+00:00\",\"mainEntityOfPage\":{\"@id\":\"https:\\\/\\\/www.karekod.org\\\/blog\\\/afet-sonrasi-gonullu-calismalar-afet-platformu-2023\\\/\"},\"wordCount\":1006,\"commentCount\":0,\"publisher\":{\"@id\":\"https:\\\/\\\/www.karekod.org\\\/blog\\\/#organization\"},\"image\":{\"@id\":\"https:\\\/\\\/www.karekod.org\\\/blog\\\/afet-sonrasi-gonullu-calismalar-afet-platformu-2023\\\/#primaryimage\"},\"thumbnailUrl\":\"https:\\\/\\\/www.karekod.org\\\/blog\\\/wp-content\\\/uploads\\\/2023\\\/02\\\/Afet-platformu-1.jpg\",\"keywords\":[\"afet\",\"afet platformu\",\"afet platformu 2023\",\"deprem g\u00f6n\u00fcll\u00fc \u00e7al\u0131\u015fma\"],\"articleSection\":[\"G\u00fcndem\",\"Haberler\"],\"inLanguage\":\"tr\",\"potentialAction\":[{\"@type\":\"CommentAction\",\"name\":\"Comment\",\"target\":[\"https:\\\/\\\/www.karekod.org\\\/blog\\\/afet-sonrasi-gonullu-calismalar-afet-platformu-2023\\\/#respond\"]}]},{\"@type\":\"WebPage\",\"@id\":\"https:\\\/\\\/www.karekod.org\\\/blog\\\/afet-sonrasi-gonullu-calismalar-afet-platformu-2023\\\/\",\"url\":\"https:\\\/\\\/www.karekod.org\\\/blog\\\/afet-sonrasi-gonullu-calismalar-afet-platformu-2023\\\/\",\"name\":\"Afet Sonras\u0131 G\u00f6n\u00fcll\u00fc \u00c7al\u0131\u015fmalar (Afet Platformu) - Karekod Blog\",\"isPartOf\":{\"@id\":\"https:\\\/\\\/www.karekod.org\\\/blog\\\/#website\"},\"primaryImageOfPage\":{\"@id\":\"https:\\\/\\\/www.karekod.org\\\/blog\\\/afet-sonrasi-gonullu-calismalar-afet-platformu-2023\\\/#primaryimage\"},\"image\":{\"@id\":\"https:\\\/\\\/www.karekod.org\\\/blog\\\/afet-sonrasi-gonullu-calismalar-afet-platformu-2023\\\/#primaryimage\"},\"thumbnailUrl\":\"https:\\\/\\\/www.karekod.org\\\/blog\\\/wp-content\\\/uploads\\\/2023\\\/02\\\/Afet-platformu-1.jpg\",\"datePublished\":\"2023-02-27T20:53:29+00:00\",\"dateModified\":\"2023-07-28T23:05:06+00:00\",\"description\":\"Afet Sonras\u0131 G\u00f6n\u00fcll\u00fc \u00c7al\u0131\u015fmalar: \u00fclkenin bir\u00e7ok \u015fehrinde ya\u015fanan deprem afetlerini Afet Platformu \u00e7at\u0131s\u0131 alt\u0131ndaki STK'lar olarak takip\",\"breadcrumb\":{\"@id\":\"https:\\\/\\\/www.karekod.org\\\/blog\\\/afet-sonrasi-gonullu-calismalar-afet-platformu-2023\\\/#breadcrumb\"},\"inLanguage\":\"tr\",\"potentialAction\":[{\"@type\":\"ReadAction\",\"target\":[\"https:\\\/\\\/www.karekod.org\\\/blog\\\/afet-sonrasi-gonullu-calismalar-afet-platformu-2023\\\/\"]}]},{\"@type\":\"ImageObject\",\"inLanguage\":\"tr\",\"@id\":\"https:\\\/\\\/www.karekod.org\\\/blog\\\/afet-sonrasi-gonullu-calismalar-afet-platformu-2023\\\/#primaryimage\",\"url\":\"https:\\\/\\\/www.karekod.org\\\/blog\\\/wp-content\\\/uploads\\\/2023\\\/02\\\/Afet-platformu-1.jpg\",\"contentUrl\":\"https:\\\/\\\/www.karekod.org\\\/blog\\\/wp-content\\\/uploads\\\/2023\\\/02\\\/Afet-platformu-1.jpg\",\"width\":1200,\"height\":800,\"caption\":\"Afet Platformu\"},{\"@type\":\"BreadcrumbList\",\"@id\":\"https:\\\/\\\/www.karekod.org\\\/blog\\\/afet-sonrasi-gonullu-calismalar-afet-platformu-2023\\\/#breadcrumb\",\"itemListElement\":[{\"@type\":\"ListItem\",\"position\":1,\"name\":\"Ana sayfa\",\"item\":\"https:\\\/\\\/www.karekod.org\\\/blog\\\/\"},{\"@type\":\"ListItem\",\"position\":2,\"name\":\"Haberler\",\"item\":\"https:\\\/\\\/www.karekod.org\\\/blog\\\/category\\\/haberler\\\/\"},{\"@type\":\"ListItem\",\"position\":3,\"name\":\"Afet Sonras\u0131 G\u00f6n\u00fcll\u00fc \u00c7al\u0131\u015fmalar (Afet Platformu)\"}]},{\"@type\":\"WebSite\",\"@id\":\"https:\\\/\\\/www.karekod.org\\\/blog\\\/#website\",\"url\":\"https:\\\/\\\/www.karekod.org\\\/blog\\\/\",\"name\":\"Karekod Blog\",\"description\":\"2026 G\u00fcncel Alkol Fiyatlar\u0131 ve Piyasa Rehberi\",\"publisher\":{\"@id\":\"https:\\\/\\\/www.karekod.org\\\/blog\\\/#organization\"},\"alternateName\":\"Karekod Haber\",\"potentialAction\":[{\"@type\":\"SearchAction\",\"target\":{\"@type\":\"EntryPoint\",\"urlTemplate\":\"https:\\\/\\\/www.karekod.org\\\/blog\\\/?s={search_term_string}\"},\"query-input\":{\"@type\":\"PropertyValueSpecification\",\"valueRequired\":true,\"valueName\":\"search_term_string\"}}],\"inLanguage\":\"tr\"},{\"@type\":\"Organization\",\"@id\":\"https:\\\/\\\/www.karekod.org\\\/blog\\\/#organization\",\"name\":\"Karekod Blog\",\"alternateName\":\"Karekod Haber\",\"url\":\"https:\\\/\\\/www.karekod.org\\\/blog\\\/\",\"logo\":{\"@type\":\"ImageObject\",\"inLanguage\":\"tr\",\"@id\":\"https:\\\/\\\/www.karekod.org\\\/blog\\\/#\\\/schema\\\/logo\\\/image\\\/\",\"url\":\"https:\\\/\\\/www.karekod.org\\\/blog\\\/wp-content\\\/uploads\\\/2025\\\/01\\\/cropped-logo.webp\",\"contentUrl\":\"https:\\\/\\\/www.karekod.org\\\/blog\\\/wp-content\\\/uploads\\\/2025\\\/01\\\/cropped-logo.webp\",\"width\":512,\"height\":384,\"caption\":\"Karekod Blog\"},\"image\":{\"@id\":\"https:\\\/\\\/www.karekod.org\\\/blog\\\/#\\\/schema\\\/logo\\\/image\\\/\"},\"sameAs\":[\"https:\\\/\\\/www.facebook.com\\\/QarMenu\\\/\",\"https:\\\/\\\/x.com\\\/temassizmenu\",\"https:\\\/\\\/www.instagram.com\\\/qarmenu\\\/\",\"https:\\\/\\\/www.linkedin.com\\\/company\\\/karekod\\\/\",\"https:\\\/\\\/tr.pinterest.com\\\/dijitalmenu\\\/\",\"https:\\\/\\\/www.youtube.com\\\/@qrmenu\",\"https:\\\/\\\/karekodmenu.tumblr.com\\\/\",\"https:\\\/\\\/karekod.medium.com\\\/\",\"https:\\\/\\\/www.diigo.com\\\/user\\\/karekod\",\"https:\\\/\\\/mastodon.social\\\/@karekod\",\"https:\\\/\\\/vk.com\\\/karekod\",\"https:\\\/\\\/flipboard.com\\\/@karekod\",\"https:\\\/\\\/www.quora.com\\\/profile\\\/Karekod-Haber\",\"https:\\\/\\\/note.com\\\/karekod\"]},{\"@type\":\"Person\",\"@id\":\"https:\\\/\\\/www.karekod.org\\\/blog\\\/#\\\/schema\\\/person\\\/8c87c879aca1c63c7438bf937a5da8bd\",\"name\":\"Muharrem Emino\u011flu\",\"pronouns\":\"he\\\/him\",\"description\":\"Veri analizi ve dijital raporlama s\u00fcre\u00e7lerinde yenilik\u00e7i yakla\u015f\u0131mlar benimseyerek s\u00fcrd\u00fcr\u00fclebilir i\u015f modelleri \u00fczerine \u00e7al\u0131\u015fmalar yap\u0131yorum. Teknoloji, ekonomi ve dijital pazarlama alanlar\u0131nda g\u00fcncel ve g\u00fcvenilir i\u00e7erikler \u00fcretiyorum.\",\"sameAs\":[\"https:\\\/\\\/www.karekod.org\",\"https:\\\/\\\/www.facebook.com\\\/mentor.perplexed\\\/\",\"https:\\\/\\\/www.instagram.com\\\/mentorperplexed\\\/\",\"https:\\\/\\\/www.linkedin.com\\\/in\\\/eminoglu\\\/\",\"https:\\\/\\\/www.pinterest.de\\\/dijitalmenu\\\/\",\"https:\\\/\\\/x.com\\\/temassizmenu\",\"https:\\\/\\\/www.youtube.com\\\/channel\\\/UC_vI-xTP9NegNfIqSGoesGg\",\"https:\\\/\\\/qrmenu.tumblr.com\\\/\"],\"url\":\"https:\\\/\\\/www.karekod.org\\\/blog\\\/yazar\\\/muharrem-eminoglu\\\/\"}]}<\/script>\n<!-- \/ Yoast SEO plugin. -->","yoast_head_json":{"title":"Afet Sonras\u0131 G\u00f6n\u00fcll\u00fc \u00c7al\u0131\u015fmalar (Afet Platformu) - Karekod Blog","description":"Afet Sonras\u0131 G\u00f6n\u00fcll\u00fc \u00c7al\u0131\u015fmalar: \u00fclkenin bir\u00e7ok \u015fehrinde ya\u015fanan deprem afetlerini Afet Platformu \u00e7at\u0131s\u0131 alt\u0131ndaki STK'lar olarak takip","robots":{"index":"index","follow":"follow","max-snippet":"max-snippet:-1","max-image-preview":"max-image-preview:large","max-video-preview":"max-video-preview:-1"},"canonical":"https:\/\/www.karekod.org\/blog\/afet-sonrasi-gonullu-calismalar-afet-platformu-2023\/","og_locale":"tr_TR","og_type":"article","og_title":"Afet Sonras\u0131 G\u00f6n\u00fcll\u00fc \u00c7al\u0131\u015fmalar (Afet Platformu) - Karekod Blog","og_description":"Afet Sonras\u0131 G\u00f6n\u00fcll\u00fc \u00c7al\u0131\u015fmalar: \u00fclkenin bir\u00e7ok \u015fehrinde ya\u015fanan deprem afetlerini Afet Platformu \u00e7at\u0131s\u0131 alt\u0131ndaki STK'lar olarak takip","og_url":"https:\/\/www.karekod.org\/blog\/afet-sonrasi-gonullu-calismalar-afet-platformu-2023\/","og_site_name":"Karekod Blog","article_publisher":"https:\/\/www.facebook.com\/QarMenu\/","article_author":"https:\/\/www.facebook.com\/mentor.perplexed\/","article_published_time":"2023-02-27T20:53:29+00:00","article_modified_time":"2023-07-28T23:05:06+00:00","og_image":[{"width":1200,"height":800,"url":"https:\/\/www.karekod.org\/blog\/wp-content\/uploads\/2023\/02\/Afet-platformu-1.jpg","type":"image\/jpeg"}],"author":"Muharrem Emino\u011flu","twitter_card":"summary_large_image","twitter_creator":"@temassizmenu","twitter_site":"@temassizmenu","twitter_misc":{"Yazan:":"Muharrem Emino\u011flu","Tahmini okuma s\u00fcresi":"5 dakika"},"schema":{"@context":"https:\/\/schema.org","@graph":[{"@type":"NewsArticle","@id":"https:\/\/www.karekod.org\/blog\/afet-sonrasi-gonullu-calismalar-afet-platformu-2023\/#article","isPartOf":{"@id":"https:\/\/www.karekod.org\/blog\/afet-sonrasi-gonullu-calismalar-afet-platformu-2023\/"},"author":{"name":"Muharrem Emino\u011flu","@id":"https:\/\/www.karekod.org\/blog\/#\/schema\/person\/8c87c879aca1c63c7438bf937a5da8bd"},"headline":"Afet Sonras\u0131 G\u00f6n\u00fcll\u00fc \u00c7al\u0131\u015fmalar (Afet Platformu)","datePublished":"2023-02-27T20:53:29+00:00","dateModified":"2023-07-28T23:05:06+00:00","mainEntityOfPage":{"@id":"https:\/\/www.karekod.org\/blog\/afet-sonrasi-gonullu-calismalar-afet-platformu-2023\/"},"wordCount":1006,"commentCount":0,"publisher":{"@id":"https:\/\/www.karekod.org\/blog\/#organization"},"image":{"@id":"https:\/\/www.karekod.org\/blog\/afet-sonrasi-gonullu-calismalar-afet-platformu-2023\/#primaryimage"},"thumbnailUrl":"https:\/\/www.karekod.org\/blog\/wp-content\/uploads\/2023\/02\/Afet-platformu-1.jpg","keywords":["afet","afet platformu","afet platformu 2023","deprem g\u00f6n\u00fcll\u00fc \u00e7al\u0131\u015fma"],"articleSection":["G\u00fcndem","Haberler"],"inLanguage":"tr","potentialAction":[{"@type":"CommentAction","name":"Comment","target":["https:\/\/www.karekod.org\/blog\/afet-sonrasi-gonullu-calismalar-afet-platformu-2023\/#respond"]}]},{"@type":"WebPage","@id":"https:\/\/www.karekod.org\/blog\/afet-sonrasi-gonullu-calismalar-afet-platformu-2023\/","url":"https:\/\/www.karekod.org\/blog\/afet-sonrasi-gonullu-calismalar-afet-platformu-2023\/","name":"Afet Sonras\u0131 G\u00f6n\u00fcll\u00fc \u00c7al\u0131\u015fmalar (Afet Platformu) - Karekod Blog","isPartOf":{"@id":"https:\/\/www.karekod.org\/blog\/#website"},"primaryImageOfPage":{"@id":"https:\/\/www.karekod.org\/blog\/afet-sonrasi-gonullu-calismalar-afet-platformu-2023\/#primaryimage"},"image":{"@id":"https:\/\/www.karekod.org\/blog\/afet-sonrasi-gonullu-calismalar-afet-platformu-2023\/#primaryimage"},"thumbnailUrl":"https:\/\/www.karekod.org\/blog\/wp-content\/uploads\/2023\/02\/Afet-platformu-1.jpg","datePublished":"2023-02-27T20:53:29+00:00","dateModified":"2023-07-28T23:05:06+00:00","description":"Afet Sonras\u0131 G\u00f6n\u00fcll\u00fc \u00c7al\u0131\u015fmalar: \u00fclkenin bir\u00e7ok \u015fehrinde ya\u015fanan deprem afetlerini Afet Platformu \u00e7at\u0131s\u0131 alt\u0131ndaki STK'lar olarak takip","breadcrumb":{"@id":"https:\/\/www.karekod.org\/blog\/afet-sonrasi-gonullu-calismalar-afet-platformu-2023\/#breadcrumb"},"inLanguage":"tr","potentialAction":[{"@type":"ReadAction","target":["https:\/\/www.karekod.org\/blog\/afet-sonrasi-gonullu-calismalar-afet-platformu-2023\/"]}]},{"@type":"ImageObject","inLanguage":"tr","@id":"https:\/\/www.karekod.org\/blog\/afet-sonrasi-gonullu-calismalar-afet-platformu-2023\/#primaryimage","url":"https:\/\/www.karekod.org\/blog\/wp-content\/uploads\/2023\/02\/Afet-platformu-1.jpg","contentUrl":"https:\/\/www.karekod.org\/blog\/wp-content\/uploads\/2023\/02\/Afet-platformu-1.jpg","width":1200,"height":800,"caption":"Afet Platformu"},{"@type":"BreadcrumbList","@id":"https:\/\/www.karekod.org\/blog\/afet-sonrasi-gonullu-calismalar-afet-platformu-2023\/#breadcrumb","itemListElement":[{"@type":"ListItem","position":1,"name":"Ana sayfa","item":"https:\/\/www.karekod.org\/blog\/"},{"@type":"ListItem","position":2,"name":"Haberler","item":"https:\/\/www.karekod.org\/blog\/category\/haberler\/"},{"@type":"ListItem","position":3,"name":"Afet Sonras\u0131 G\u00f6n\u00fcll\u00fc \u00c7al\u0131\u015fmalar (Afet Platformu)"}]},{"@type":"WebSite","@id":"https:\/\/www.karekod.org\/blog\/#website","url":"https:\/\/www.karekod.org\/blog\/","name":"Karekod Blog","description":"2026 G\u00fcncel Alkol Fiyatlar\u0131 ve Piyasa Rehberi","publisher":{"@id":"https:\/\/www.karekod.org\/blog\/#organization"},"alternateName":"Karekod Haber","potentialAction":[{"@type":"SearchAction","target":{"@type":"EntryPoint","urlTemplate":"https:\/\/www.karekod.org\/blog\/?s={search_term_string}"},"query-input":{"@type":"PropertyValueSpecification","valueRequired":true,"valueName":"search_term_string"}}],"inLanguage":"tr"},{"@type":"Organization","@id":"https:\/\/www.karekod.org\/blog\/#organization","name":"Karekod Blog","alternateName":"Karekod Haber","url":"https:\/\/www.karekod.org\/blog\/","logo":{"@type":"ImageObject","inLanguage":"tr","@id":"https:\/\/www.karekod.org\/blog\/#\/schema\/logo\/image\/","url":"https:\/\/www.karekod.org\/blog\/wp-content\/uploads\/2025\/01\/cropped-logo.webp","contentUrl":"https:\/\/www.karekod.org\/blog\/wp-content\/uploads\/2025\/01\/cropped-logo.webp","width":512,"height":384,"caption":"Karekod Blog"},"image":{"@id":"https:\/\/www.karekod.org\/blog\/#\/schema\/logo\/image\/"},"sameAs":["https:\/\/www.facebook.com\/QarMenu\/","https:\/\/x.com\/temassizmenu","https:\/\/www.instagram.com\/qarmenu\/","https:\/\/www.linkedin.com\/company\/karekod\/","https:\/\/tr.pinterest.com\/dijitalmenu\/","https:\/\/www.youtube.com\/@qrmenu","https:\/\/karekodmenu.tumblr.com\/","https:\/\/karekod.medium.com\/","https:\/\/www.diigo.com\/user\/karekod","https:\/\/mastodon.social\/@karekod","https:\/\/vk.com\/karekod","https:\/\/flipboard.com\/@karekod","https:\/\/www.quora.com\/profile\/Karekod-Haber","https:\/\/note.com\/karekod"]},{"@type":"Person","@id":"https:\/\/www.karekod.org\/blog\/#\/schema\/person\/8c87c879aca1c63c7438bf937a5da8bd","name":"Muharrem Emino\u011flu","pronouns":"he\/him","description":"Veri analizi ve dijital raporlama s\u00fcre\u00e7lerinde yenilik\u00e7i yakla\u015f\u0131mlar benimseyerek s\u00fcrd\u00fcr\u00fclebilir i\u015f modelleri \u00fczerine \u00e7al\u0131\u015fmalar yap\u0131yorum. Teknoloji, ekonomi ve dijital pazarlama alanlar\u0131nda g\u00fcncel ve g\u00fcvenilir i\u00e7erikler \u00fcretiyorum.","sameAs":["https:\/\/www.karekod.org","https:\/\/www.facebook.com\/mentor.perplexed\/","https:\/\/www.instagram.com\/mentorperplexed\/","https:\/\/www.linkedin.com\/in\/eminoglu\/","https:\/\/www.pinterest.de\/dijitalmenu\/","https:\/\/x.com\/temassizmenu","https:\/\/www.youtube.com\/channel\/UC_vI-xTP9NegNfIqSGoesGg","https:\/\/qrmenu.tumblr.com\/"],"url":"https:\/\/www.karekod.org\/blog\/yazar\/muharrem-eminoglu\/"}]}},"_links":{"self":[{"href":"https:\/\/www.karekod.org\/blog\/wp-json\/wp\/v2\/posts\/14188","targetHints":{"allow":["GET"]}}],"collection":[{"href":"https:\/\/www.karekod.org\/blog\/wp-json\/wp\/v2\/posts"}],"about":[{"href":"https:\/\/www.karekod.org\/blog\/wp-json\/wp\/v2\/types\/post"}],"author":[{"embeddable":true,"href":"https:\/\/www.karekod.org\/blog\/wp-json\/wp\/v2\/users\/1"}],"replies":[{"embeddable":true,"href":"https:\/\/www.karekod.org\/blog\/wp-json\/wp\/v2\/comments?post=14188"}],"version-history":[{"count":0,"href":"https:\/\/www.karekod.org\/blog\/wp-json\/wp\/v2\/posts\/14188\/revisions"}],"wp:featuredmedia":[{"embeddable":true,"href":"https:\/\/www.karekod.org\/blog\/wp-json\/wp\/v2\/media\/14192"}],"wp:attachment":[{"href":"https:\/\/www.karekod.org\/blog\/wp-json\/wp\/v2\/media?parent=14188"}],"wp:term":[{"taxonomy":"category","embeddable":true,"href":"https:\/\/www.karekod.org\/blog\/wp-json\/wp\/v2\/categories?post=14188"},{"taxonomy":"post_tag","embeddable":true,"href":"https:\/\/www.karekod.org\/blog\/wp-json\/wp\/v2\/tags?post=14188"}],"curies":[{"name":"wp","href":"https:\/\/api.w.org\/{rel}","templated":true}]}}