{"id":13684,"date":"2024-07-22T15:38:53","date_gmt":"2024-07-22T12:38:53","guid":{"rendered":"https:\/\/www.karekod.org\/blog\/?p=13684"},"modified":"2025-01-27T12:10:38","modified_gmt":"2025-01-27T09:10:38","slug":"engelli-arac-fiyatlari-2025","status":"publish","type":"post","link":"https:\/\/www.karekod.org\/blog\/engelli-arac-fiyatlari-2025\/","title":{"rendered":"Engelli Ara\u00e7 Fiyatlar\u0131 2026 (Yeni)"},"content":{"rendered":"\n<p>G\u00fcn\u00fcm\u00fczde engelli bireylerin toplum i\u00e7inde daha aktif ve ba\u011f\u0131ms\u0131z bir \u015fekilde ya\u015famalar\u0131n\u0131 sa\u011flamak amac\u0131yla, otomobil \u00fcreticileri engelli ara\u00e7lar\u0131 konusunda \u00f6nemli \u00e7al\u0131\u015fmalar y\u00fcr\u00fctmektedir. Bu makalede, 2024 y\u0131l\u0131 <strong>engelli ara\u00e7 fiyatlar\u0131<\/strong> ve engelli ara\u00e7lar\u0131n\u0131n sundu\u011fu avantajlar\u0131 ve toplumda yaratt\u0131\u011f\u0131 olumlu etkileri ele alaca\u011f\u0131z.<\/p><div id=\"ez-toc-container\" class=\"ez-toc-v2_0_82_2 counter-hierarchy ez-toc-counter ez-toc-grey ez-toc-container-direction\">\n<div class=\"ez-toc-title-container\">\n<p class=\"ez-toc-title\" style=\"cursor:inherit\">\u0130\u00e7indekiler<\/p>\n<span class=\"ez-toc-title-toggle\"><a href=\"#\" class=\"ez-toc-pull-right ez-toc-btn ez-toc-btn-xs ez-toc-btn-default ez-toc-toggle\" aria-label=\"\u0130\u00e7indekiler Tablosunu A\u00e7\/Kapat\"><span class=\"ez-toc-js-icon-con\"><span class=\"\"><span class=\"eztoc-hide\" style=\"display:none;\">Toggle<\/span><span class=\"ez-toc-icon-toggle-span\"><svg style=\"fill: #999;color:#999\" xmlns=\"http:\/\/www.w3.org\/2000\/svg\" class=\"list-377408\" width=\"20px\" height=\"20px\" viewBox=\"0 0 24 24\" fill=\"none\"><path d=\"M6 6H4v2h2V6zm14 0H8v2h12V6zM4 11h2v2H4v-2zm16 0H8v2h12v-2zM4 16h2v2H4v-2zm16 0H8v2h12v-2z\" fill=\"currentColor\"><\/path><\/svg><svg style=\"fill: #999;color:#999\" class=\"arrow-unsorted-368013\" xmlns=\"http:\/\/www.w3.org\/2000\/svg\" width=\"10px\" height=\"10px\" viewBox=\"0 0 24 24\" version=\"1.2\" baseProfile=\"tiny\"><path d=\"M18.2 9.3l-6.2-6.3-6.2 6.3c-.2.2-.3.4-.3.7s.1.5.3.7c.2.2.4.3.7.3h11c.3 0 .5-.1.7-.3.2-.2.3-.5.3-.7s-.1-.5-.3-.7zM5.8 14.7l6.2 6.3 6.2-6.3c.2-.2.3-.5.3-.7s-.1-.5-.3-.7c-.2-.2-.4-.3-.7-.3h-11c-.3 0-.5.1-.7.3-.2.2-.3.5-.3.7s.1.5.3.7z\"\/><\/svg><\/span><\/span><\/span><\/a><\/span><\/div>\n<nav><ul class='ez-toc-list ez-toc-list-level-1 ' ><li class='ez-toc-page-1 ez-toc-heading-level-2'><a class=\"ez-toc-link ez-toc-heading-1\" href=\"https:\/\/www.karekod.org\/blog\/engelli-arac-fiyatlari-2025\/#Engelli_Arac_Fiyatlari\" >Engelli Ara\u00e7 Fiyatlar\u0131<\/a><ul class='ez-toc-list-level-3' ><li class='ez-toc-heading-level-3'><a class=\"ez-toc-link ez-toc-heading-2\" href=\"https:\/\/www.karekod.org\/blog\/engelli-arac-fiyatlari-2025\/#Fiat_Engelli_Arac_Fiyatlari\" >Fiat Engelli Ara\u00e7 Fiyatlar\u0131<\/a><\/li><\/ul><\/li><li class='ez-toc-page-1 ez-toc-heading-level-2'><a class=\"ez-toc-link ez-toc-heading-3\" href=\"https:\/\/www.karekod.org\/blog\/engelli-arac-fiyatlari-2025\/#2024_Engelli_Arac_Listesi\" >2024 Engelli Ara\u00e7 Listesi<\/a><ul class='ez-toc-list-level-3' ><li class='ez-toc-heading-level-3'><a class=\"ez-toc-link ez-toc-heading-4\" href=\"https:\/\/www.karekod.org\/blog\/engelli-arac-fiyatlari-2025\/#Engelli_Indirimi_Nasil_Hesaplanir\" >Engelli \u0130ndirimi Nas\u0131l Hesaplan\u0131r?<\/a><\/li><\/ul><\/li><li class='ez-toc-page-1 ez-toc-heading-level-2'><a class=\"ez-toc-link ez-toc-heading-5\" href=\"https:\/\/www.karekod.org\/blog\/engelli-arac-fiyatlari-2025\/#Arsiv_2023_Yili_Engelli_Arac_Fiyatlari\" >Ar\u015fiv: 2023 Y\u0131l\u0131 Engelli Ara\u00e7 Fiyatlar\u0131<\/a><ul class='ez-toc-list-level-3' ><li class='ez-toc-heading-level-3'><a class=\"ez-toc-link ez-toc-heading-6\" href=\"https:\/\/www.karekod.org\/blog\/engelli-arac-fiyatlari-2025\/#2023_Agustos_Ayi_Engelli_Arac_Fiyatlari\" >2023 A\u011fustos Ay\u0131 Engelli Ara\u00e7 Fiyatlar\u0131<\/a><\/li><li class='ez-toc-page-1 ez-toc-heading-level-3'><a class=\"ez-toc-link ez-toc-heading-7\" href=\"https:\/\/www.karekod.org\/blog\/engelli-arac-fiyatlari-2025\/#Fiat_Arac_Fiyati_2023\" >Fiat Ara\u00e7 Fiyat\u0131 2023<\/a><\/li><li class='ez-toc-page-1 ez-toc-heading-level-3'><a class=\"ez-toc-link ez-toc-heading-8\" href=\"https:\/\/www.karekod.org\/blog\/engelli-arac-fiyatlari-2025\/#Renault_Arac_Fiyatlari_2023\" >Renault Ara\u00e7 Fiyatlar\u0131 2023<\/a><\/li><li class='ez-toc-page-1 ez-toc-heading-level-3'><a class=\"ez-toc-link ez-toc-heading-9\" href=\"https:\/\/www.karekod.org\/blog\/engelli-arac-fiyatlari-2025\/#Engelli_Araclarinin_Sundugu_Avantajlari\" >Engelli Ara\u00e7lar\u0131n\u0131n Sundu\u011fu Avantajlar\u0131<\/a><ul class='ez-toc-list-level-4' ><li class='ez-toc-heading-level-4'><a class=\"ez-toc-link ez-toc-heading-10\" href=\"https:\/\/www.karekod.org\/blog\/engelli-arac-fiyatlari-2025\/#SSS\" >SSS<\/a><ul class='ez-toc-list-level-5' ><li class='ez-toc-heading-level-5'><a class=\"ez-toc-link ez-toc-heading-11\" href=\"https:\/\/www.karekod.org\/blog\/engelli-arac-fiyatlari-2025\/#Ilgili_Baglantilar\" >\u0130lgili Ba\u011flant\u0131lar<\/a><\/li><\/ul><\/li><\/ul><\/li><\/ul><\/li><\/ul><\/nav><\/div>\n\n\n\n\n<h2 class=\"wp-block-heading\"><span class=\"ez-toc-section\" id=\"Engelli_Arac_Fiyatlari\"><\/span>Engelli Ara\u00e7 Fiyatlar\u0131<span class=\"ez-toc-section-end\"><\/span><\/h2>\n\n\n\n<figure class=\"wp-block-image size-large\"><img loading=\"lazy\" decoding=\"async\" width=\"1024\" height=\"614\" src=\"https:\/\/www.karekod.org\/blog\/wp-content\/uploads\/2023\/01\/KIA-STONIC-1024x614.jpg\" alt=\"KIA STONIC\" class=\"wp-image-22781\" srcset=\"https:\/\/www.karekod.org\/blog\/wp-content\/uploads\/2023\/01\/KIA-STONIC-1024x614.jpg 1024w, https:\/\/www.karekod.org\/blog\/wp-content\/uploads\/2023\/01\/KIA-STONIC-300x180.jpg 300w, https:\/\/www.karekod.org\/blog\/wp-content\/uploads\/2023\/01\/KIA-STONIC-768x461.jpg 768w, https:\/\/www.karekod.org\/blog\/wp-content\/uploads\/2023\/01\/KIA-STONIC-1536x922.jpg 1536w, https:\/\/www.karekod.org\/blog\/wp-content\/uploads\/2023\/01\/KIA-STONIC-730x438.jpg 730w, https:\/\/www.karekod.org\/blog\/wp-content\/uploads\/2023\/01\/KIA-STONIC-350x210.jpg 350w, https:\/\/www.karekod.org\/blog\/wp-content\/uploads\/2023\/01\/KIA-STONIC-1100x660.jpg 1100w, https:\/\/www.karekod.org\/blog\/wp-content\/uploads\/2023\/01\/KIA-STONIC.jpg 2000w\" sizes=\"auto, (max-width: 1024px) 100vw, 1024px\" \/><figcaption class=\"wp-element-caption\">Engelli Ara\u00e7 Fiyatlar\u0131<\/figcaption><\/figure>\n\n\n\n<figure class=\"wp-block-table\"><table class=\"has-fixed-layout\"><thead><tr><th>Ara\u00e7 Modeli<\/th><th>\u00d6TV Oran\u0131 (TL)<\/th><th>KDV Oran\u0131 (TL)<\/th><th>Vergisiz Net Fiyat (TL)<\/th><\/tr><\/thead><tbody><tr><td>Renault Clio<\/td><td>306.259<\/td><td>137.816<\/td><td>382.824<\/td><\/tr><tr><td>Hyundai i20<\/td><td>340.740<\/td><td>153.333<\/td><td>425.925<\/td><\/tr><tr><td>Volkswagen Polo<\/td><td>341.777<\/td><td>153.800<\/td><td>427.222<\/td><\/tr><tr><td>Renault Megane Sedan<\/td><td>382.185<\/td><td>171.983<\/td><td>477.731<\/td><\/tr><tr><td>Nissan Qashqai<\/td><td>549.814<\/td><td>247.416<\/td><td>687.268<\/td><\/tr><tr><td>Peugeot 3008<\/td><td>646.666<\/td><td>291.000<\/td><td>808.333<\/td><\/tr><tr><td>Fiat Egea Cross<\/td><td>305.888<\/td><td>137.650<\/td><td>382.361<\/td><\/tr><\/tbody><\/table><figcaption class=\"wp-element-caption\">Engelli Ara\u00e7 Fiyatlar\u0131<\/figcaption><\/figure>\n\n\n\n<blockquote class=\"wp-block-quote is-layout-flow wp-block-quote-is-layout-flow\">\n<p>\u00d6TV indiriminden yararlanmak isteyen kullan\u0131c\u0131lar, s\u0131f\u0131r kilometre ve 1.6 motor hacmine sahip arabalar\u0131 se\u00e7mesi gerekiyor.<\/p>\n<cite>Karekod Blog<\/cite><\/blockquote>\n\n\n\n<h3 class=\"wp-block-heading\"><span class=\"ez-toc-section\" id=\"Fiat_Engelli_Arac_Fiyatlari\"><\/span>Fiat Engelli Ara\u00e7 Fiyatlar\u0131<span class=\"ez-toc-section-end\"><\/span><\/h3>\n\n\n\n<figure class=\"wp-block-image size-large\"><img loading=\"lazy\" decoding=\"async\" width=\"1024\" height=\"683\" src=\"https:\/\/www.karekod.org\/blog\/wp-content\/uploads\/2023\/01\/engelli-arac-fiyatlari-1-1024x683.jpg\" alt=\"Engelli Ara\u00e7 Fiyatlar\u0131\" class=\"wp-image-13688\" srcset=\"https:\/\/www.karekod.org\/blog\/wp-content\/uploads\/2023\/01\/engelli-arac-fiyatlari-1-1024x683.jpg 1024w, https:\/\/www.karekod.org\/blog\/wp-content\/uploads\/2023\/01\/engelli-arac-fiyatlari-1-300x200.jpg 300w, https:\/\/www.karekod.org\/blog\/wp-content\/uploads\/2023\/01\/engelli-arac-fiyatlari-1-768x512.jpg 768w, https:\/\/www.karekod.org\/blog\/wp-content\/uploads\/2023\/01\/engelli-arac-fiyatlari-1-730x487.jpg 730w, https:\/\/www.karekod.org\/blog\/wp-content\/uploads\/2023\/01\/engelli-arac-fiyatlari-1-350x233.jpg 350w, https:\/\/www.karekod.org\/blog\/wp-content\/uploads\/2023\/01\/engelli-arac-fiyatlari-1-1100x733.jpg 1100w, https:\/\/www.karekod.org\/blog\/wp-content\/uploads\/2023\/01\/engelli-arac-fiyatlari-1.jpg 1200w\" sizes=\"auto, (max-width: 1024px) 100vw, 1024px\" \/><figcaption class=\"wp-element-caption\">Engelli Ara\u00e7 Fiyatlar\u0131<\/figcaption><\/figure>\n\n\n\n<figure class=\"wp-block-table\"><table><thead><tr><th>ARA\u00c7<\/th><th>Model<\/th><th>Tavsiye Edilen Kampanyal\u0131 Anahtar Teslim Fiyat\u0131 (\u20ba) (KDV Dahil, \u00d6TV, MTV ve Tescil Gideri Hari\u00e7)<\/th><\/tr><\/thead><tbody><tr><th>EGEA SD (Model Y\u0131l\u0131 2023)<\/th><th><\/th><th><\/th><\/tr><tr><td>EASY<\/td><td>1.4 Fire 95 HP<\/td><td>448.800<\/td><\/tr><tr><td>EASY<\/td><td>1.3 M.Jet 95 HP<\/td><td>549.100<\/td><\/tr><tr><td>EASY<\/td><td>1.6 M.Jet 130 HP DCT<\/td><td>624.400<\/td><\/tr><tr><td>EASY<\/td><td>1.5 T4 Hibrit 130 HP AT<\/td><td>697.700<\/td><\/tr><tr><td>URBAN<\/td><td>1.4 Fire 95 HP<\/td><td>482.200<\/td><\/tr><tr><td>URBAN<\/td><td>1.3 M.Jet 95 HP<\/td><td>576.900<\/td><\/tr><tr><td>URBAN<\/td><td>1.6 M.Jet 130 HP<\/td><td>606.000<\/td><\/tr><tr><td>URBAN<\/td><td>1.6 M.Jet 130 HP DCT<\/td><td>657.700<\/td><\/tr><tr><td>URBAN<\/td><td>1.5 T4 Hibrit 130 HP AT<\/td><td>719.900<\/td><\/tr><tr><td>LOUNGE<\/td><td>1.4 Fire 95 HP<\/td><td>509.900<\/td><\/tr><tr><td>LOUNGE<\/td><td>1.3 M.Jet 95 HP<\/td><td>604.700<\/td><\/tr><tr><td>LOUNGE<\/td><td>1.6 M.Jet 130 HP DCT<\/td><td>685.500<\/td><\/tr><tr><td>LOUNGE<\/td><td>1.5 T4 Hibrit 130 HP AT<\/td><td>747.700<\/td><\/tr><tr><td>LIMITED<\/td><td>1.4 Fire 95 HP<\/td><td>537.700<\/td><\/tr><tr><td>LIMITED<\/td><td>1.6 M.Jet 130 HP DCT<\/td><td>713.300<\/td><\/tr><tr><td>LIMITED<\/td><td>1.5 T4 Hibrit 130 HP AT<\/td><td>775.500<\/td><\/tr><tr><th>EGEA SD S4 (Model Y\u0131l\u0131 2024)<\/th><th><\/th><th><\/th><\/tr><tr><td>EASY<\/td><td>1.4 Fire 95 HP<\/td><td>481.000<\/td><\/tr><tr><td>EASY<\/td><td>1.3 M.Jet 95 HP<\/td><td>583.500<\/td><\/tr><tr><td>EASY<\/td><td>1.6 M.Jet 130 HP<\/td><td>615.500<\/td><\/tr><tr><td>EASY<\/td><td>1.6 M.Jet 130 HP DCT<\/td><td>667.700<\/td><\/tr><tr><td>EASY<\/td><td>1.5 T4 Hibrit 130 HP AT<\/td><td>719.900<\/td><\/tr><tr><td>URBAN<\/td><td>1.4 Fire 95 HP<\/td><td>498.800<\/td><\/tr><tr><td>URBAN<\/td><td>1.3 M.Jet 95 HP<\/td><td>593.500<\/td><\/tr><tr><td>URBAN<\/td><td>1.6 M.Jet 130 HP<\/td><td>643.300<\/td><\/tr><tr><td>URBAN<\/td><td>1.6 M.Jet 130 HP DCT<\/td><td>702.700<\/td><\/tr><tr><td>URBAN<\/td><td>1.5 T4 Hibrit 130 HP AT<\/td><td>742.200<\/td><\/tr><tr><td>LOUNGE<\/td><td>1.4 Fire 95 HP<\/td><td>526.600<\/td><\/tr><tr><td>LOUNGE<\/td><td>1.3 M.Jet 95 HP<\/td><td>621.300<\/td><\/tr><tr><td>LOUNGE<\/td><td>1.6 M.Jet 130 HP DCT<\/td><td>730.500<\/td><\/tr><tr><td>LOUNGE<\/td><td>1.5 T4 Hibrit 130 HP AT<\/td><td>769.900<\/td><\/tr><tr><td>LIMITED<\/td><td>1.4 Fire 95 HP<\/td><td>554.400<\/td><\/tr><tr><td>LIMITED<\/td><td>1.6 M.Jet 130 HP DCT<\/td><td>735.500<\/td><\/tr><tr><td>LIMITED<\/td><td>1.5 T4 Hibrit 130 HP AT<\/td><td>797.700<\/td><\/tr><tr><th>EGEA HB (Model Y\u0131l\u0131 2023)<\/th><th><\/th><th><\/th><\/tr><tr><td>STREET<\/td><td>1.4 Fire 95 HP<\/td><td>482.200<\/td><\/tr><tr><th>EGEA CROSS (Model Y\u0131l\u0131 2023)<\/th><th><\/th><th><\/th><\/tr><tr><td>STREET<\/td><td>1.4 Fire 95 HP<\/td><td>494.900<\/td><\/tr><tr><td>STREET<\/td><td>1.3 M.Jet 95 HP<\/td><td>579.100<\/td><\/tr><tr><td>STREET<\/td><td>1.6 M.Jet 130 HP DCT<\/td><td>655.500<\/td><\/tr><tr><td>STREET<\/td><td>1.5 T4 Hibrit 130 HP AT<\/td><td>728.800<\/td><\/tr><tr><td>URBAN<\/td><td>1.4 Fire 95 HP<\/td><td>517.200<\/td><\/tr><tr><td>URBAN<\/td><td>1.3 M.Jet 95 HP<\/td><td>601.300<\/td><\/tr><tr><td>URBAN<\/td><td>1.6 M.Jet 130 HP DCT<\/td><td>677.700<\/td><\/tr><tr><td>URBAN<\/td><td>1.5 T4 Hibrit 130 HP AT<\/td><td>745.500<\/td><\/tr><tr><td>LOUNGE<\/td><td>1.4 Fire 95 HP<\/td><td>544.900<\/td><\/tr><tr><td>LOUNGE<\/td><td>1.6 M.Jet 130 HP DCT<\/td><td>705.500<\/td><\/tr><tr><td>LOUNGE<\/td><td>1.5 T4 Hibrit 130 HP AT<\/td><td>773.300<\/td><\/tr><tr><td>LIMITED<\/td><td>1.4 Fire 95 HP<\/td><td>564.900<\/td><\/tr><tr><td>LIMITED<\/td><td>1.6 M.Jet 130 HP DCT<\/td><td>733.300<\/td><\/tr><tr><td>LIMITED<\/td><td>1.5 T4 Hibrit 130 HP AT<\/td><td>801.000<\/td><\/tr><tr><th>EGEA CROSS S4 (Model Y\u0131l\u0131 2024)<\/th><th><\/th><th><\/th><\/tr><tr><td>STREET<\/td><td>1.4 Fire 95 HP<\/td><td>511.600<\/td><\/tr><tr><td>STREET<\/td><td>1.6 M.Jet 130 HP DCT<\/td><td>677.700<\/td><\/tr><tr><td>STREET<\/td><td>1.5 T4 Hibrit 130 HP AT<\/td><td>751.000<\/td><\/tr><tr><td>URBAN<\/td><td>1.4 Fire 95 HP<\/td><td>533.800<\/td><\/tr><tr><td>URBAN<\/td><td>1.6 M.Jet 130 HP DCT<\/td><td>724.400<\/td><\/tr><tr><td>URBAN<\/td><td>1.5 T4 Hibrit 130 HP AT<\/td><td>767.700<\/td><\/tr><tr><td>LOUNGE<\/td><td>1.4 Fire 95 HP<\/td><td>561.600<\/td><\/tr><tr><td>LOUNGE<\/td><td>1.6 M.Jet 130 HP DCT<\/td><td>727.700<\/td><\/tr><tr><td>LOUNGE<\/td><td>1.5 T4 Hibrit 130 HP AT<\/td><td>795.500<\/td><\/tr><tr><td>LIMITED<\/td><td>1.4 Fire 95 HP<\/td><td>581.600<\/td><\/tr><tr><td>LIMITED<\/td><td>1.6 M.Jet 130 HP DCT<\/td><td>755.500<\/td><\/tr><tr><td>LIMITED<\/td><td>1.5 T4 Hibrit 130 HP AT<\/td><td>823.300<\/td><\/tr><tr><th>EGEA CROSS WAGON (Model Y\u0131l\u0131 2023)<\/th><th><\/th><th><\/th><\/tr><tr><td>URBAN<\/td><td>1.6 M.Jet 130 HP DCT<\/td><td>689.900<\/td><\/tr><tr><td>URBAN<\/td><td>1.5 T4 Hibrit 130 HP AT<\/td><td>757.700<\/td><\/tr><tr><td>LOUNGE<\/td><td>1.0 Firefly 100 HP<\/td><td>625.800<\/td><\/tr><tr><td>LOUNGE<\/td><td>1.6 M.Jet 130 HP DCT<\/td><td>717.700<\/td><\/tr><tr><td>LOUNGE<\/td><td>1.5 T4 Hibrit 130 HP AT<\/td><td>785.500<\/td><\/tr><tr><th>EGEA CROSS WAGON S4 (Model Y\u0131l\u0131 2024)<\/th><th><\/th><th><\/th><\/tr><tr><td>URBAN<\/td><td>1.6 M.Jet 130 HP DCT<\/td><td>712.200<\/td><\/tr><tr><td>URBAN<\/td><td>1.5 T4 Hibrit 130 HP AT<\/td><td>779.900<\/td><\/tr><tr><td>LOUNGE<\/td><td>1.0 Firefly 100 HP<\/td><td>648.000<\/td><\/tr><tr><td>LOUNGE<\/td><td>1.6 M.Jet 130 HP DCT<\/td><td>739.900<\/td><\/tr><tr><td>LOUNGE<\/td><td>1.5 T4 Hibrit 130 HP AT<\/td><td>807.700<\/td><\/tr><tr><th>PANDA (Model Y\u0131l\u0131 2023)<\/th><th><\/th><th><\/th><\/tr><tr><td>CITY<\/td><td>1.0 Hybrid 70 HP<\/td><td>449.800<\/td><\/tr><tr><td>CROSS 4&#215;2<\/td><td>1.0 Hybrid 70 HP<\/td><td>481.500<\/td><\/tr><tr><th>500 (Model Y\u0131l\u0131 2023)<\/th><th><\/th><th><\/th><\/tr><tr><td>HB DOLCEVITA<\/td><td>1.0 Hybrid 70 HP<\/td><td>542.600<\/td><\/tr><tr><td>CABRIO DOLCEVITA<\/td><td>1.0 Hybrid 70 HP<\/td><td>605.900<\/td><\/tr><tr><th>500X (Model Y\u0131l\u0131 2023)<\/th><th><\/th><th><\/th><\/tr><tr><td>CROSS PLUS<\/td><td>1.5 Hibrit 130 HP AT E6.4<\/td><td>825.400<\/td><\/tr><tr><td>SOFT TOP<\/td><td>1.5 Hibrit 130 HP AT E6.4<\/td><td>853.200<\/td><\/tr><\/tbody><\/table><figcaption class=\"wp-element-caption\">Fiat Engelli Ara\u00e7 Fiyatlar\u0131<\/figcaption><\/figure>\n\n\n\n<h2 class=\"wp-block-heading\"><span class=\"ez-toc-section\" id=\"2024_Engelli_Arac_Listesi\"><\/span><strong>2024 Engelli Ara\u00e7 Listesi<\/strong><span class=\"ez-toc-section-end\"><\/span><\/h2>\n\n\n\n<figure class=\"wp-block-image size-full\"><img loading=\"lazy\" decoding=\"async\" width=\"816\" height=\"612\" src=\"https:\/\/www.karekod.org\/blog\/wp-content\/uploads\/2023\/08\/engelli-arac-1.jpeg\" alt=\"Engelli Ara\u00e7\" class=\"wp-image-27832\" srcset=\"https:\/\/www.karekod.org\/blog\/wp-content\/uploads\/2023\/08\/engelli-arac-1.jpeg 816w, https:\/\/www.karekod.org\/blog\/wp-content\/uploads\/2023\/08\/engelli-arac-1-300x225.jpeg 300w, https:\/\/www.karekod.org\/blog\/wp-content\/uploads\/2023\/08\/engelli-arac-1-768x576.jpeg 768w, https:\/\/www.karekod.org\/blog\/wp-content\/uploads\/2023\/08\/engelli-arac-1-730x548.jpeg 730w, https:\/\/www.karekod.org\/blog\/wp-content\/uploads\/2023\/08\/engelli-arac-1-350x263.jpeg 350w\" sizes=\"auto, (max-width: 816px) 100vw, 816px\" \/><figcaption class=\"wp-element-caption\">Engelli Ara\u00e7<\/figcaption><\/figure>\n\n\n\n<ul class=\"wp-block-list\">\n<li><strong>Renault<\/strong>\n<ul class=\"wp-block-list\">\n<li>Clio<\/li>\n\n\n\n<li>Taliant<\/li>\n\n\n\n<li>ZOE<\/li>\n\n\n\n<li>Captur (R.S Line 1.3 Mild Hybird EDC hari\u00e7)<\/li>\n\n\n\n<li>Megane Sedan<\/li>\n<\/ul>\n<\/li>\n\n\n\n<li><strong>Dacia<\/strong>\n<ul class=\"wp-block-list\">\n<li>Yeni Sandero<\/li>\n\n\n\n<li>Yeni Sandero Stepway<\/li>\n\n\n\n<li>Yeni Duster<\/li>\n\n\n\n<li>Yeni Jogger<\/li>\n<\/ul>\n<\/li>\n\n\n\n<li><strong>Fiat<\/strong>\n<ul class=\"wp-block-list\">\n<li>Yeni Egea Sedan<\/li>\n\n\n\n<li>Yeni Egea Hatchback<\/li>\n\n\n\n<li>Yeni Egea Cross<\/li>\n\n\n\n<li>Yeni Egea Cross Wagon<\/li>\n\n\n\n<li>500<\/li>\n<\/ul>\n<\/li>\n\n\n\n<li><strong>Hyundai<\/strong>\n<ul class=\"wp-block-list\">\n<li>i10<\/li>\n\n\n\n<li>\u013020<\/li>\n\n\n\n<li>Elantra<\/li>\n<\/ul>\n<\/li>\n\n\n\n<li><strong>Kia<\/strong>\n<ul class=\"wp-block-list\">\n<li>Stonic<\/li>\n\n\n\n<li>Yeni Cerato<\/li>\n\n\n\n<li>Ceed HB<\/li>\n\n\n\n<li>Ceed SW (Mild Hybird hari\u00e7)<\/li>\n\n\n\n<li>XCED (Mild Hybird ve Prestige hari\u00e7)<\/li>\n<\/ul>\n<\/li>\n\n\n\n<li><strong>Citroen<\/strong>\n<ul class=\"wp-block-list\">\n<li>AMI<\/li>\n\n\n\n<li>C3<\/li>\n\n\n\n<li>C3 Aircroos SUV<\/li>\n\n\n\n<li>C4<\/li>\n\n\n\n<li>C-Elysee<\/li>\n\n\n\n<li>C4 (Shine Bold Hari\u00e7)<\/li>\n<\/ul>\n<\/li>\n\n\n\n<li><strong>Peugeot<\/strong>\n<ul class=\"wp-block-list\">\n<li>208<\/li>\n\n\n\n<li>Yeni 308 (GT 1.2 hari\u00e7)<\/li>\n\n\n\n<li>SUV 2008 (GT 1.2 -GT 1.5 hari\u00e7)<\/li>\n\n\n\n<li>Rifter<\/li>\n\n\n\n<li>Paetner Van<\/li>\n\n\n\n<li>Expert Van<\/li>\n\n\n\n<li>Expert Combi Van<\/li>\n\n\n\n<li>Expert Traveller<\/li>\n<\/ul>\n<\/li>\n\n\n\n<li><strong>Hyundai<\/strong>\n<ul class=\"wp-block-list\">\n<li>Bayon<\/li>\n\n\n\n<li>Kona<\/li>\n<\/ul>\n<\/li>\n\n\n\n<li><strong>Toyota<\/strong>\n<ul class=\"wp-block-list\">\n<li>Corolla<\/li>\n\n\n\n<li>Corolla Hybird (1.8 Hybird Pasion X-Pack e-CVT hari\u00e7 )<\/li>\n\n\n\n<li>Yaris Cross<\/li>\n\n\n\n<li>Yaris Cross Hybird (Dream, Flame, Passion X-Pack hari\u00e7)<\/li>\n\n\n\n<li>Yaris<\/li>\n\n\n\n<li>Proace Ctiy<\/li>\n\n\n\n<li>Proace Ctiy Cargo<\/li>\n<\/ul>\n<\/li>\n\n\n\n<li><strong>Honda<\/strong>\n<ul class=\"wp-block-list\">\n<li>Jazz<\/li>\n\n\n\n<li>City<\/li>\n<\/ul>\n<\/li>\n\n\n\n<li><strong>Skoda<\/strong>\n<ul class=\"wp-block-list\">\n<li>Fabia<\/li>\n\n\n\n<li>Scala<\/li>\n\n\n\n<li>Kamiq<\/li>\n<\/ul>\n<\/li>\n\n\n\n<li><strong>Kia<\/strong>\n<ul class=\"wp-block-list\">\n<li>Picanto<\/li>\n\n\n\n<li>Rio<\/li>\n\n\n\n<li>Stonic<\/li>\n<\/ul>\n<\/li>\n\n\n\n<li><strong>Nissan<\/strong>\n<ul class=\"wp-block-list\">\n<li>Qashqai (Sadece d\u00fcz vites Tekna)<\/li>\n\n\n\n<li>Juke (Platinum Premium hari\u00e7)<\/li>\n<\/ul>\n<\/li>\n\n\n\n<li><strong>Seat<\/strong>\n<ul class=\"wp-block-list\">\n<li>Yeni Ibiza<\/li>\n\n\n\n<li>Yeni Arona<\/li>\n<\/ul>\n<\/li>\n\n\n\n<li><strong>Opel<\/strong>\n<ul class=\"wp-block-list\">\n<li>Corsa<\/li>\n\n\n\n<li>Corsa-e<\/li>\n\n\n\n<li>Yeni Astra (GS hari\u00e7)<\/li>\n\n\n\n<li>Crossland<\/li>\n\n\n\n<li>Mokka (GS ve Ultimate hari\u00e7)<\/li>\n\n\n\n<li>Mokka-e<\/li>\n\n\n\n<li>Combo Life<\/li>\n\n\n\n<li>Combo Cargo<\/li>\n\n\n\n<li>Vivaro City Van<\/li>\n\n\n\n<li>Vivaro Cargo<\/li>\n<\/ul>\n<\/li>\n\n\n\n<li><strong>Volkswagen<\/strong>\n<ul class=\"wp-block-list\">\n<li>Polo<\/li>\n\n\n\n<li>T-cross<\/li>\n<\/ul>\n<\/li>\n<\/ul>\n\n\n\n<h3 class=\"wp-block-heading\"><span class=\"ez-toc-section\" id=\"Engelli_Indirimi_Nasil_Hesaplanir\"><\/span>Engelli \u0130ndirimi Nas\u0131l Hesaplan\u0131r?<span class=\"ez-toc-section-end\"><\/span><\/h3>\n\n\n\n<p>\u00d6rnek bir hesaplamak yapmak gerekirse;<\/p>\n\n\n\n<ul class=\"wp-block-list\">\n<li>%45 \u00d6TV \u0130ndirimli Br\u00fct Fiyat : 300.000 TL \/ 1.45 = 206.896 TL<\/li>\n\n\n\n<li>%50 \u00d6TV \u0130ndirimli Br\u00fct Fiyat : 300.000 TL \/ 1.50 = 200.000 TL<\/li>\n\n\n\n<li>%80 \u00d6TV \u0130ndirimli Br\u00fct Fiyat : 300.000 TL \/ 1.80 = 166.666 TL<\/li>\n<\/ul>\n\n\n\n<figure class=\"wp-block-image size-large\"><img loading=\"lazy\" decoding=\"async\" width=\"1024\" height=\"683\" src=\"https:\/\/www.karekod.org\/blog\/wp-content\/uploads\/2023\/01\/engelli-arac-surucusu-1024x683.jpg\" alt=\"Engelli Ara\u00e7\" class=\"wp-image-13690\" srcset=\"https:\/\/www.karekod.org\/blog\/wp-content\/uploads\/2023\/01\/engelli-arac-surucusu-1024x683.jpg 1024w, https:\/\/www.karekod.org\/blog\/wp-content\/uploads\/2023\/01\/engelli-arac-surucusu-300x200.jpg 300w, https:\/\/www.karekod.org\/blog\/wp-content\/uploads\/2023\/01\/engelli-arac-surucusu-768x512.jpg 768w, https:\/\/www.karekod.org\/blog\/wp-content\/uploads\/2023\/01\/engelli-arac-surucusu-1536x1024.jpg 1536w, https:\/\/www.karekod.org\/blog\/wp-content\/uploads\/2023\/01\/engelli-arac-surucusu-730x487.jpg 730w, https:\/\/www.karekod.org\/blog\/wp-content\/uploads\/2023\/01\/engelli-arac-surucusu-350x233.jpg 350w, https:\/\/www.karekod.org\/blog\/wp-content\/uploads\/2023\/01\/engelli-arac-surucusu-1100x733.jpg 1100w, https:\/\/www.karekod.org\/blog\/wp-content\/uploads\/2023\/01\/engelli-arac-surucusu.jpg 1800w\" sizes=\"auto, (max-width: 1024px) 100vw, 1024px\" \/><figcaption class=\"wp-element-caption\">Engelli Ara\u00e7<\/figcaption><\/figure>\n\n\n\n<p>Yan\u0131 %45 <a href=\"https:\/\/tr.wikipedia.org\/wiki\/%C3%96zel_t%C3%BCketim_vergisi\" target=\"_blank\" rel=\"noreferrer noopener\">\u00d6TV<\/a> indiriminden yararlanan bireyler, 300.000 TL&#8217;lik ara\u00e7 i\u00e7in 206.896 TL \u00f6demek zorunda.<\/p>\n\n\n\n<figure class=\"wp-block-table\"><table><tbody><tr><td><strong>Silindir&nbsp;<\/strong><\/td><td><strong>Vergisiz Sat\u0131\u015f Tutar\u0131<\/strong><\/td><td><strong>\u00d6TV<\/strong><\/td><\/tr><tr><td>1600 cm\u00b3\u2019e kadar<\/td><td>184.000 TL\u2019ye kadar&nbsp;<\/td><td>%45<\/td><\/tr><tr><td>1600 cm\u00b3\u2019e kadar<\/td><td>184.000 TL \u2013 220.000 TL aras\u0131<\/td><td>%50<\/td><\/tr><tr><td>1600 cm\u00b3\u2019e kadar<\/td><td>220.000 TL \u2013 250.000 TL aras\u0131<\/td><td>%60<\/td><\/tr><tr><td>1600 cm\u00b3\u2019e kadar<\/td><td>250.000 TL \u2013 280.000 TL aras\u0131<\/td><td>%70<\/td><\/tr><tr><td>1600 cm\u00b3\u2019e kadar<\/td><td>280.000 TL \u00fczeri<\/td><td>%80<\/td><\/tr><tr><td>1600 cm\u00b3 ile 2000 cm\u00b3 aras\u0131<\/td><td>170.000 TL\u2019ye kadar&nbsp;<\/td><td>%130<\/td><\/tr><tr><td>1600 cm\u00b3 ile 2000 cm\u00b3 aras\u0131<\/td><td>170.000 TL \u00fczeri<\/td><td>%150<\/td><\/tr><tr><td>2000 cm\u00b3 \u00fczeri<\/td><td>Tutar s\u0131n\u0131r\u0131 yok<\/td><td>%220<\/td><\/tr><\/tbody><\/table><figcaption class=\"wp-element-caption\">Engelli Ara\u00e7 Fiyat\u0131 Hesaplama (kaynak:engelli.com)<\/figcaption><\/figure>\n\n\n\n<p><strong>\u00d6rnek Hesaplama;<\/strong><\/p>\n\n\n\n<figure class=\"wp-block-table\"><table><tbody><tr><td>Ara\u00e7 Tipi<\/td><td>Otomobil<\/td><\/tr><tr><td>Motor Hacmi<\/td><td>1600 motor<\/td><\/tr><tr><td><strong>Vergiler Dahil Ara\u00e7 Fiyat\u0131<\/strong><\/td><td><strong>1.004.200 TL<\/strong><\/td><\/tr><tr><td>Arac\u0131n Vergisiz Fiyat\u0131<\/td><td>472.787 TL<\/td><\/tr><tr><td>\u00d6TV Oran\u0131<\/td><td>%80<\/td><\/tr><tr><td>\u00d6TV Tutar\u0131<\/td><td>378.230 TL<\/td><\/tr><tr><td>KDV Oran\u0131<\/td><td>%18<\/td><\/tr><tr><td>KDV Tutar\u0131<\/td><td>153.183 TL<\/td><\/tr><tr><td>Vergiler Toplam<\/td><td>531.413 TL<\/td><\/tr><tr><td><strong>Engelli \u0130ndirimli Fiyat\u0131<\/strong><\/td><td><strong>557.889 TL<\/strong><\/td><\/tr><\/tbody><\/table><figcaption class=\"wp-element-caption\"><strong>Engelli \u0130ndirimli Fiyat Hesaplama<\/strong> (kaynak:engelli.com)<\/figcaption><\/figure>\n\n\n\n<p>\u00d6rnek vermek gerekirse; 1600 cm\u00b3&#8217;e kadar silindir hacmi ve sat\u0131\u015f bedeli 1.004.200 TL olan bir araban\u0131n hesaplamas\u0131n\u0131 yapmak i\u00e7in:<\/p>\n\n\n\n<p>\u00d6TV \u0130ndirimli Br\u00fct Fiyat (%80) : 1.004.200 TL \/ 1.80 = 557.889 TL<br>KDV Tutar\u0131: 557.889 TL x %18 = 100.620 TL<br>Vergiler Toplam\u0131: \u00d6TV Tutar\u0131 + KDV Tutar\u0131 = 378.230 TL + 100.620 TL = 478.850 TL<\/p>\n\n\n\n<p>Engelli \u0130ndirimli Fiyat: 1.004.200 TL &#8211; Vergiler Toplam\u0131 = 1.004.200 TL &#8211; 478.850 TL = 525.350 TL<\/p>\n\n\n\n<p>Bu \u015fekilde, 1600 cm\u00b3&#8217;e kadar silindir hacmi ve 1.004.200 TL sat\u0131\u015f bedeli olan bir arac\u0131n engelli indirimli fiyat\u0131 525.350 TL olur.<\/p>\n\n\n\n<h2 class=\"wp-block-heading\"><span class=\"ez-toc-section\" id=\"Arsiv_2023_Yili_Engelli_Arac_Fiyatlari\"><\/span>Ar\u015fiv: 2023 Y\u0131l\u0131 Engelli Ara\u00e7 Fiyatlar\u0131<span class=\"ez-toc-section-end\"><\/span><\/h2>\n\n\n\n<figure class=\"wp-block-table\"><table><tbody><tr><td><strong>Engelli Ara\u00e7 Fiyat\u0131 2023<\/strong><\/td><td><strong>Yeni Fiyatlar<\/strong><\/td><\/tr><tr><td>Kia Stonic Cool 1.2L<\/td><td>293.437,50 TL<\/td><\/tr><tr><td>Kia Sportage Cool 1.6L<\/td><td>552.777,77 TL<\/td><\/tr><tr><td><a href=\"https:\/\/www.karekod.org\/blog\/toyota-fiyat-listesi-2025-yaris-toyota-corolla-fiyati-ne-kadar\/\" target=\"_blank\" rel=\"noreferrer noopener\">Toyota<\/a> Corolla Cross Hybrid 1.8<\/td><td>474.194,45 TL<\/td><\/tr><tr><td>Citroen C3 Aircross Fell 1.2<\/td><td>367.777,77 TL<\/td><\/tr><tr><td>Toyota Corolla Cross 1.8 Hybrid 4&#215;2<\/td><td>557.333,33 TL<\/td><\/tr><tr><td>Citroen C4 engelli ara\u00e7 fiyat\u0131<\/td><td>366.666,66 TL<\/td><\/tr><tr><td><a href=\"https:\/\/www.karekod.org\/blog\/peugeot-fiyat-listesi-2025-sifir-fiyati-508-208-308-peugeot-3008-fiyat\/\" target=\"_blank\" rel=\"noreferrer noopener\">Peugeot<\/a> SUV 2008<\/td><td>397.777,78 TL<\/td><\/tr><tr><td>Opel Crossland engelli ara\u00e7 fiyat\u0131<\/td><td>349.944,45 TL<\/td><\/tr><tr><td>Opel Mokka engelli ara\u00e7 fiyat\u0131<\/td><td>483.833,34 TL<\/td><\/tr><tr><td><a href=\"https:\/\/www.karekod.org\/blog\/skoda-fiyat-listesi-2025\/\" target=\"_blank\" rel=\"noreferrer noopener\">Skoda<\/a> Kamiq engelli ara\u00e7 fiyat\u0131<\/td><td>408.833,34 TL<\/td><\/tr><tr><td>Skoda Arona engelli ara\u00e7 fiyat\u0131<\/td><td>386.111,12 TL<\/td><\/tr><tr><td><a href=\"https:\/\/www.karekod.org\/blog\/volkswagen-fiyat-listesi-2025\/\" target=\"_blank\" rel=\"noreferrer noopener\">Wolkswagen<\/a> Taigo engelli indirimli fiyat\u0131<\/td><td>392.722,22 TL<\/td><\/tr><\/tbody><\/table><figcaption class=\"wp-element-caption\">Engelli Ara\u00e7 Fiyatlar\u0131 2023<\/figcaption><\/figure>\n\n\n\n<figure class=\"wp-block-image size-large\"><img loading=\"lazy\" decoding=\"async\" width=\"1024\" height=\"684\" src=\"https:\/\/www.karekod.org\/blog\/wp-content\/uploads\/2023\/01\/engelli-arac-1-1024x684.jpg\" alt=\"Engelli Ara\u00e7 S\u00fcr\u00fcc\u00fcs\u00fc\" class=\"wp-image-13689\" srcset=\"https:\/\/www.karekod.org\/blog\/wp-content\/uploads\/2023\/01\/engelli-arac-1-1024x684.jpg 1024w, https:\/\/www.karekod.org\/blog\/wp-content\/uploads\/2023\/01\/engelli-arac-1-300x200.jpg 300w, https:\/\/www.karekod.org\/blog\/wp-content\/uploads\/2023\/01\/engelli-arac-1-768x513.jpg 768w, https:\/\/www.karekod.org\/blog\/wp-content\/uploads\/2023\/01\/engelli-arac-1-730x487.jpg 730w, https:\/\/www.karekod.org\/blog\/wp-content\/uploads\/2023\/01\/engelli-arac-1-350x234.jpg 350w, https:\/\/www.karekod.org\/blog\/wp-content\/uploads\/2023\/01\/engelli-arac-1-1100x735.jpg 1100w, https:\/\/www.karekod.org\/blog\/wp-content\/uploads\/2023\/01\/engelli-arac-1.jpg 1198w\" sizes=\"auto, (max-width: 1024px) 100vw, 1024px\" \/><figcaption class=\"wp-element-caption\">Engelli Ara\u00e7 S\u00fcr\u00fcc\u00fcs\u00fc<\/figcaption><\/figure>\n\n\n\n<h3 class=\"wp-block-heading\"><span class=\"ez-toc-section\" id=\"2023_Agustos_Ayi_Engelli_Arac_Fiyatlari\"><\/span>2023 A\u011fustos Ay\u0131 Engelli Ara\u00e7 Fiyatlar\u0131<span class=\"ez-toc-section-end\"><\/span><\/h3>\n\n\n\n<figure class=\"wp-block-table\"><table><tbody><tr><td><strong>Ara\u00e7 Modeli<\/strong><\/td><td><strong>\u00d6TV Oran\u0131<\/strong><\/td><td><strong>Fiyat\u0131 (\u20ba)<\/strong><\/td><\/tr><tr><td>Essential Stepway Tce 90 bg<\/td><td>%60<\/td><td>281.562,50<\/td><\/tr><tr><td>Essential Stepway ECO-G 100 bg<\/td><td>%60<\/td><td>289.562,50<\/td><\/tr><tr><td>Essential Stepway Tce 90 bg CVT<\/td><td>%70<\/td><td>299.352,95<\/td><\/tr><tr><td>Expression Stepway Tce 90 bg CVT<\/td><td>%70<\/td><td>309.941,51<\/td><\/tr><tr><td>Essential TCe 90 bg<\/td><td>%70<\/td><td>301.705,88<\/td><\/tr><tr><td>Essential ECO-G 100 bg<\/td><td>%70<\/td><td>320.529,41<\/td><\/tr><tr><td>Expression ECO-G 100 bg<\/td><td>%80<\/td><td>312.944,45<\/td><\/tr><tr><td>Essential Tce 150 bg 4&#215;4<\/td><td>%80<\/td><td>346.944,45<\/td><\/tr><tr><td>Essential Tce 150 bg EDC<\/td><td>%80<\/td><td>348.888,89<\/td><\/tr><tr><td>Journey Tce 150 bg EDC<\/td><td>%80<\/td><td>374.944,45<\/td><\/tr><tr><td>Essential Blue dCi 115 bg 4&#215;4<\/td><td>%80<\/td><td>384.388,88<\/td><\/tr><tr><td>Essential Turbo 110bg 7 Koltuklu<\/td><td>%70<\/td><td>326.470,59<\/td><\/tr><tr><td>Essential Turbo ECO-G 100 bg 7 Koltuklu<\/td><td>%80<\/td><td>335.500,00<\/td><\/tr><tr><td>Expression Turbo 110 bg 7 Koltuklu<\/td><td>%80<\/td><td>335.500,00<\/td><\/tr><tr><td>Expression Turbo ECO-G 100bg 7 Koltuklu<\/td><td>%80<\/td><td>338.277,77<\/td><\/tr><tr><td>Extreme Turbo 110bg 7 Koltuklu<\/td><td>%80<\/td><td>360.555,56<\/td><\/tr><tr><td>Extreme Turbo ECO-G 100bg 7 Koltuklu<\/td><td>%80<\/td><td>360.555,56<\/td><\/tr><tr><td>Touch 1.3 Mild Hybrid EDC 140bg<\/td><td>%80<\/td><td>412.222,23<\/td><\/tr><tr><td>Touch Plus 1.3 Mild Hybrid EDC 140bg<\/td><td>%80<\/td><td>423.333,33<\/td><\/tr><tr><td>Icon 1.3 Mild Hybrid EDC 140bg<\/td><td>%80<\/td><td>438.888,89<\/td><\/tr><tr><td>R.S. Line 1.3 Mild Hybrid EDC 155bg<\/td><td>%80<\/td><td>483.888,89<\/td><\/tr><tr><td>Icon 1.3 Tce EDC 160bg<\/td><td>%80<\/td><td>516.111,11<\/td><\/tr><\/tbody><\/table><figcaption class=\"wp-element-caption\">2023 Y\u0131l\u0131 Engelli Ara\u00e7 Fiyatlar\u0131<\/figcaption><\/figure>\n\n\n\n<blockquote class=\"wp-block-quote is-layout-flow wp-block-quote-is-layout-flow\">\n<p>\u00d6zel T\u00fcketim Vergisi (\u00d6TV) ve Motorlu Ta\u015f\u0131tlar Vergisi (MTV)\u2019den muaf \u015fekilde sat\u0131n al\u0131nabilecek olan otomobillerin motor silindir hacmine bak\u0131lmaks\u0131z\u0131n, \u00d6zel T\u00fcketim Vergisi (\u00d6TV) ve di\u011fer her t\u00fcrl\u00fc vergiler dahil bedellerinin \u20ba1.004.200&#8217;nin alt\u0131nda olmas\u0131 gerekmektedir.<\/p>\n<cite>Hazine ve Maliye Bakanl\u0131\u011f\u0131 Gelir \u0130daresi Ba\u015fkanl\u0131\u011f\u0131<\/cite><\/blockquote>\n\n\n\n<h3 class=\"wp-block-heading\"><span class=\"ez-toc-section\" id=\"Fiat_Arac_Fiyati_2023\"><\/span>Fiat Ara\u00e7 Fiyat\u0131 2023<span class=\"ez-toc-section-end\"><\/span><\/h3>\n\n\n\n<figure class=\"wp-block-table\"><table><tbody><tr><td><strong>Fiat Ara\u00e7 Modeli<\/strong><\/td><td><strong>Fiyat\u0131 (\u20ba)<\/strong><\/td><td><strong>Tescil Gideri (\u20ba)<\/strong><\/td><\/tr><tr><td>EGEA SD EASY 1.4 Fire 95 HP<\/td><td>403,200<\/td><td>2,000<\/td><\/tr><tr><td>EGEA SD EASY 1.3 M.Jet 95 HP<\/td><td>494,800<\/td><td>2,000<\/td><\/tr><tr><td>EGEA SD EASY 1.6 M.Jet 130 HP DCT<\/td><td>555,400<\/td><td>2,000<\/td><\/tr><tr><td>EGEA SD URBAN 1.4 Fire 95 HP<\/td><td>430,900<\/td><td>2,000<\/td><\/tr><tr><td>EGEA SD URBAN 1.3 M.Jet 95 HP<\/td><td>522,600<\/td><td>2,000<\/td><\/tr><tr><td>EGEA SD URBAN 1.6 M.Jet 130 HP<\/td><td>550,400<\/td><td>2,000<\/td><\/tr><tr><td>EGEA SD LOUNGE 1.4 Fire 95 HP<\/td><td>458,700<\/td><td>2,000<\/td><\/tr><tr><td>EGEA SD LOUNGE 1.3 M.Jet 95 HP<\/td><td>550,300<\/td><td>2,000<\/td><\/tr><tr><td>EGEA HB STREET 1.4 Fire 95 HP<\/td><td>430,900<\/td><td>2,000<\/td><\/tr><tr><td>EGEA CROSS STREET 1.4 Fire 95 HP<\/td><td>443,700<\/td><td>2,000<\/td><\/tr><tr><td>EGEA CROSS STREET 1.3 M.Jet 95 HP<\/td><td>524,800<\/td><td>2,000<\/td><\/tr><tr><td>EGEA CROSS URBAN 1.4 Fire 95 HP<\/td><td>465,900<\/td><td>2,000<\/td><\/tr><tr><td>EGEA CROSS URBAN 1.3 M.Jet 95 HP<\/td><td>547,000<\/td><td>2,000<\/td><\/tr><tr><td>EGEA CROSS LOUNGE 1.4 Fire 95 HP<\/td><td>493,700<\/td><td>2,000<\/td><\/tr><tr><td>PANDA CITY 1.0 Hybrid 70 HP<\/td><td>438,700<\/td><td>2,000<\/td><\/tr><tr><td>PANDA CROSS 4&#215;2 1.0 Hybrid 70 HP<\/td><td>470,300<\/td><td>2,000<\/td><\/tr><tr><td>500 HB DOLCEVITA 1.0 Hybrid 70 HP<\/td><td>531,500<\/td><td>2,000<\/td><\/tr><\/tbody><\/table><figcaption class=\"wp-element-caption\">Fiat Engelli Ara\u00e7 Fiyat\u0131<\/figcaption><\/figure>\n\n\n\n<h3 class=\"wp-block-heading\"><span class=\"ez-toc-section\" id=\"Renault_Arac_Fiyatlari_2023\"><\/span>Renault Ara\u00e7 Fiyatlar\u0131 2023<span class=\"ez-toc-section-end\"><\/span><\/h3>\n\n\n\n<figure class=\"wp-block-image size-large\"><img loading=\"lazy\" decoding=\"async\" width=\"1024\" height=\"701\" src=\"https:\/\/www.karekod.org\/blog\/wp-content\/uploads\/2023\/01\/renault-1024x701.jpg\" alt=\"Renault\" class=\"wp-image-13692\" srcset=\"https:\/\/www.karekod.org\/blog\/wp-content\/uploads\/2023\/01\/renault-1024x701.jpg 1024w, https:\/\/www.karekod.org\/blog\/wp-content\/uploads\/2023\/01\/renault-300x205.jpg 300w, https:\/\/www.karekod.org\/blog\/wp-content\/uploads\/2023\/01\/renault-768x526.jpg 768w, https:\/\/www.karekod.org\/blog\/wp-content\/uploads\/2023\/01\/renault-1536x1051.jpg 1536w, https:\/\/www.karekod.org\/blog\/wp-content\/uploads\/2023\/01\/renault-730x500.jpg 730w, https:\/\/www.karekod.org\/blog\/wp-content\/uploads\/2023\/01\/renault-350x240.jpg 350w, https:\/\/www.karekod.org\/blog\/wp-content\/uploads\/2023\/01\/renault-1100x753.jpg 1100w, https:\/\/www.karekod.org\/blog\/wp-content\/uploads\/2023\/01\/renault.jpg 1600w\" sizes=\"auto, (max-width: 1024px) 100vw, 1024px\" \/><figcaption class=\"wp-element-caption\">Renault<\/figcaption><\/figure>\n\n\n\n<p>03.08.2023 tarihi itibar\u0131yla <strong>Renault engelli ara\u00e7 fiyatlar\u0131<\/strong>:<\/p>\n\n\n\n<p><strong>RENAULT CAPTUR HYBRID:<\/strong><\/p>\n\n\n\n<ul class=\"wp-block-list\">\n<li>Touch 1.3 Mild Hybrid EDC 140bg paketi, %80 \u00d6TV oran\u0131 ile 412.222,23 TL<\/li>\n\n\n\n<li>Touch Plus 1.3 Mild Hybrid EDC 140bg paketi, %80 \u00d6TV oran\u0131 ile 423.333,33 TL<\/li>\n\n\n\n<li>Icon 1.3 Mild Hybrid EDC 140bg paketi, %80 \u00d6TV oran\u0131 ile 438.888,89 TL<\/li>\n\n\n\n<li>R.S. Line 1.3 Mild Hybrid EDC 155bg paketi, %80 \u00d6TV oran\u0131 ile 483.888,89 TL<\/li>\n<\/ul>\n\n\n\n<p><br><strong>RENAULT KADJAR:<\/strong><\/p>\n\n\n\n<ul class=\"wp-block-list\">\n<li>Icon 1.3 Tce EDC 160bg paketi, %80 \u00d6TV oran\u0131 ile 516.111,11 TL<\/li>\n<\/ul>\n\n\n\n<blockquote class=\"wp-block-quote is-layout-flow wp-block-quote-is-layout-flow\">\n<p>Yukar\u0131daki tabloda, Renault CAPTUR HYBRID ve Renault KADJAR ara\u00e7lar\u0131n\u0131n farkl\u0131 paketleri ile %80 \u00d6TV oran\u0131na g\u00f6re indirimli fiyatlar\u0131 verilmi\u015ftir. Bu fiyatlar, kampanyal\u0131 anahtar teslim fiyatlar\u0131d\u0131r.<\/p>\n<cite>Karekod Blog<\/cite><\/blockquote>\n\n\n\n<p>G\u00fcncel <a href=\"https:\/\/www.karekod.org\/blog\/renault-fiyatlari-2023-clio-fiyati-captur-taliant-reno-megane-renault-fiyat-listesi\/\" target=\"_blank\" rel=\"noreferrer noopener\">Renault fiyat listesi<\/a> i\u00e7in ilgili ba\u011flant\u0131ya gidebilirsiniz.<\/p>\n\n\n\n<h3 class=\"wp-block-heading\"><span class=\"ez-toc-section\" id=\"Engelli_Araclarinin_Sundugu_Avantajlari\"><\/span>Engelli Ara\u00e7lar\u0131n\u0131n Sundu\u011fu Avantajlar\u0131 <span class=\"ez-toc-section-end\"><\/span><\/h3>\n\n\n\n<ul class=\"wp-block-list\">\n<li>Mobilite ve Ba\u011f\u0131ms\u0131zl\u0131k: Engelli ara\u00e7lar, engelli bireylerin hareket \u00f6zg\u00fcrl\u00fc\u011f\u00fcn\u00fc art\u0131rarak daha ba\u011f\u0131ms\u0131z bir ya\u015fam s\u00fcrmelerine olanak sa\u011flar. Bu ara\u00e7lar sayesinde engelli ki\u015filer, toplu ta\u015f\u0131ma veya ba\u015fkalar\u0131n\u0131n yard\u0131m\u0131 olmadan istedikleri yere gitme imkan\u0131 elde ederler.<\/li>\n\n\n\n<li>\u00d6zg\u00fcven ve \u00d6zsayg\u0131: Engelli ara\u00e7lar\u0131 kullanabilme becerisi, engelli bireylerin \u00f6zg\u00fcvenini ve \u00f6zsayg\u0131s\u0131n\u0131 art\u0131r\u0131r. Kendi ba\u015flar\u0131na ara\u00e7 kullanabilmek, engelli bireylerin kendi g\u00fcc\u00fcne ve yeteneklerine olan inan\u00e7lar\u0131n\u0131 peki\u015ftirir.<\/li>\n\n\n\n<li>Ula\u015f\u0131labilirlik: Engelli ara\u00e7lar\u0131, \u00f6zel donan\u0131mlar\u0131 sayesinde engelli bireylerin ara\u00e7lara daha kolay ve rahat bir \u015fekilde eri\u015fimini sa\u011flar. Bu da engelli ki\u015filerin sosyal ve i\u015f ya\u015fam\u0131na daha etkin bir \u015fekilde kat\u0131lmalar\u0131na yard\u0131mc\u0131 olur.<\/li>\n\n\n\n<li>Konfor ve G\u00fcvenlik: Engelli ara\u00e7lar\u0131, engelli bireylerin konforlu ve g\u00fcvenli bir \u015fekilde seyahat etmelerini sa\u011flayacak \u015fekilde tasarlan\u0131r. \u00d6zel adaptasyonlar ve ergonomik d\u00fczenlemeler, engelli s\u00fcr\u00fcc\u00fclerin ve yolcular\u0131n seyahatlerini daha keyifli hale getirir.<\/li>\n\n\n\n<li>Toplumsal Entegrasyon: Engelli ara\u00e7lar, engelli bireylerin topluma daha iyi entegre olmalar\u0131n\u0131 sa\u011flar. Engelli bireylerin daha aktif ve kat\u0131l\u0131mc\u0131 bir \u015fekilde sosyal etkinliklere, i\u015f ya\u015fam\u0131na ve e\u011flence alanlar\u0131na ula\u015fmalar\u0131na yard\u0131mc\u0131 olur.<\/li>\n\n\n\n<li>\u0130stihdam Olanaklar\u0131: Engelli ara\u00e7lar\u0131 sayesinde engelli bireyler, i\u015f hayat\u0131na daha rahatl\u0131kla kat\u0131labilirler. \u0130\u015fe gidip gelme konusundaki ba\u011f\u0131ms\u0131zl\u0131klar\u0131, engelli ki\u015filerin istihdam olanaklar\u0131n\u0131 art\u0131r\u0131r.<\/li>\n\n\n\n<li>Fark\u0131ndal\u0131k ve Duyarl\u0131l\u0131k: Engelli ara\u00e7lar\u0131n yayg\u0131nla\u015fmas\u0131 ve toplumda daha fazla g\u00f6r\u00fcn\u00fcr hale gelmesi, engelli bireylere kar\u015f\u0131 fark\u0131ndal\u0131\u011f\u0131 art\u0131r\u0131r ve toplumun daha duyarl\u0131 olmas\u0131n\u0131 sa\u011flar.<\/li>\n\n\n\n<li>Engelsiz \u015eehirler: Engelli ara\u00e7lar\u0131, kent planlamas\u0131nda ve \u015fehir d\u00fczenlemelerinde de\u011fi\u015fim ve geli\u015fime \u00f6nc\u00fcl\u00fck eder. Engelli bireylerin \u015fehir i\u00e7inde daha rahat ve sorunsuz bir \u015fekilde hareket etmelerini hedefleyen engelsiz \u015fehirlerin olu\u015fmas\u0131na katk\u0131 sa\u011flar.<\/li>\n<\/ul>\n\n\n\n<h4 class=\"wp-block-heading\"><span class=\"ez-toc-section\" id=\"SSS\"><\/span>SSS<span class=\"ez-toc-section-end\"><\/span><\/h4>\n\n\n\n<div class=\"schema-faq wp-block-yoast-faq-block\"><div class=\"schema-faq-section\" id=\"faq-question-1674223264416\"><strong class=\"schema-faq-question\">Engelli ara\u00e7 fiyatlar\u0131 2024 hangi ara\u00e7lar al\u0131n\u0131r?<\/strong> <p class=\"schema-faq-answer\">MG, Suzuki, Fiat, Dacia, Renault, Ford, Opel, Skoda, Seat, Volkswagen, Toyota gibi markalar\u0131n bir\u00e7ok modeline sahip olabilirler.<\/p> <\/div> <div class=\"schema-faq-section\" id=\"faq-question-1674223328841\"><strong class=\"schema-faq-question\">Engelli ara\u00e7 fiyatlar\u0131 2023 ne kadar olacak?<\/strong> <p class=\"schema-faq-answer\">Vergiler dahil fiyat\u0131 1.004.200 TL olan bir arac\u0131 engelli indirimi ile 557.889,00 TL&#8217;ye sahip olabilirsiniz.<\/p> <\/div> <div class=\"schema-faq-section\" id=\"faq-question-1674223387674\"><strong class=\"schema-faq-question\">Engelli indirimli ara\u00e7 fiyatlar\u0131 ka\u00e7 TL 2023?<\/strong> <p class=\"schema-faq-answer\">Hyundai Jump 1.4 MPI 100 Ps paketi, %60 \u00d6TV oran\u0131 ile 273.124,99 TL ve Jump 1.4 MPI 100 Ps Otomatik paketi, %60 \u00d6TV oran\u0131 ile 291.250,00 TL&#8217;dir.<\/p> <\/div> <div class=\"schema-faq-section\" id=\"faq-question-1705686233647\"><strong class=\"schema-faq-question\">Engelli indirimli ara\u00e7 fiyatlar\u0131 ka\u00e7 TL 2024?<\/strong> <p class=\"schema-faq-answer\">Engelli ara\u00e7 fiyatlar\u0131 2024: Renault Clio 382.824 TL, Hyundai i20 425.925 TL ve Volkswagen Polo engelli ara\u00e7 fiyat\u0131: 427.222 TL&#8217;dir.<\/p> <\/div> <\/div>\n\n\n\n<figure class=\"wp-block-embed is-type-video is-provider-youtube wp-block-embed-youtube wp-embed-aspect-16-9 wp-has-aspect-ratio\"><div class=\"wp-block-embed__wrapper\">\n<iframe loading=\"lazy\" title=\"Engelli Raporuyla Al\u0131nabilen SON OTOMAT\u0130K V\u0130TESL\u0130 OTOMOB\u0130LLER\" width=\"500\" height=\"281\" src=\"https:\/\/www.youtube.com\/embed\/d8V6zK1TKKs?feature=oembed\" frameborder=\"0\" allow=\"accelerometer; autoplay; clipboard-write; encrypted-media; gyroscope; picture-in-picture; web-share\" referrerpolicy=\"strict-origin-when-cross-origin\" allowfullscreen><\/iframe>\n<\/div><figcaption class=\"wp-element-caption\">Engelli Ara\u00e7 Fiyatlar\u0131 Hakk\u0131nda Video<\/figcaption><\/figure>\n\n\n\n<h5 class=\"wp-block-heading\"><span class=\"ez-toc-section\" id=\"Ilgili_Baglantilar\"><\/span>\u0130lgili Ba\u011flant\u0131lar<span class=\"ez-toc-section-end\"><\/span><\/h5>\n\n\n\n<p><a href=\"https:\/\/www.karekod.org\/blog\/ehliyet-fiyatlari-2023-kurs-ve-harc-ucretleri-ne-kadar\/\" target=\"_blank\" rel=\"noreferrer noopener\">Ehliyet Fiyatlar\u0131<\/a><\/p>\n\n\n\n<p><a href=\"https:\/\/www.karekod.org\/blog\/arac-kiralama-fiyatlari-aylik-gunluk-arac-kiralama-ucreti-202\/\" target=\"_blank\" rel=\"noreferrer noopener\">Ara\u00e7 Kiralama Fiyatlar\u0131<\/a><\/p>\n\n\n\n<p><a href=\"https:\/\/www.karekod.org\/blog\/togg-fiyatlari\/\">Togg Fiyat<\/a><\/p>\n","protected":false},"excerpt":{"rendered":"<p>G\u00fcn\u00fcm\u00fczde engelli bireylerin toplum i\u00e7inde daha aktif ve ba\u011f\u0131ms\u0131z bir \u015fekilde ya\u015famalar\u0131n\u0131 sa\u011flamak amac\u0131yla, otomobil \u00fcreticileri engelli ara\u00e7lar\u0131 konusunda \u00f6nemli [&hellip;]<\/p>\n","protected":false},"author":1,"featured_media":13687,"comment_status":"open","ping_status":"open","sticky":false,"template":"","format":"standard","meta":{"footnotes":""},"categories":[3938],"tags":[2118,2940,2943,2944,2945],"class_list":["post-13684","post","type-post","status-publish","format-standard","has-post-thumbnail","hentry","category-arac-fiyatlari","tag-engelli-arac-fiyatlari","tag-engelli-arac-fiyatlari-2023","tag-renault-engelli-arac-fiyati","tag-sifir-engelli-arac-fiyatlari","tag-toyota-engelli-arac-fiyatlari"],"yoast_head":"<!-- This site is optimized with the Yoast SEO plugin v27.5 - https:\/\/yoast.com\/product\/yoast-seo-wordpress\/ -->\n<title>Engelli Ara\u00e7 Fiyatlar\u0131 2026 (Yeni) - Karekod Blog<\/title>\n<meta name=\"description\" content=\"Engelli ara\u00e7 fiyatlar\u0131 2024: Clio, g\u00fcncel fiyat\u0131 826.900 TL. \u00d6TV giren Clio\u2019nun \u00d6TV oran\u0131 306.259 TL, vergisiz net fiyat\u0131 382.824 TL\" \/>\n<meta name=\"robots\" content=\"index, follow, max-snippet:-1, max-image-preview:large, max-video-preview:-1\" \/>\n<link rel=\"canonical\" href=\"https:\/\/www.karekod.org\/blog\/engelli-arac-fiyatlari-2025\/\" \/>\n<meta property=\"og:locale\" content=\"tr_TR\" \/>\n<meta property=\"og:type\" content=\"article\" \/>\n<meta property=\"og:title\" content=\"Engelli Ara\u00e7 Fiyatlar\u0131\" \/>\n<meta property=\"og:description\" content=\"Engelli ara\u00e7 fiyatlar\u0131 2024: Renault Clio 382.824 TL, Hyundai i20 425.925 TL ve Volkswagen Polo engelli ara\u00e7 fiyat\u0131: 427.222 TL&#039;dir.\" \/>\n<meta property=\"og:url\" content=\"https:\/\/www.karekod.org\/blog\/engelli-arac-fiyatlari-2025\/\" \/>\n<meta property=\"og:site_name\" content=\"Karekod Blog\" \/>\n<meta property=\"article:publisher\" content=\"https:\/\/www.facebook.com\/QarMenu\/\" \/>\n<meta property=\"article:author\" content=\"https:\/\/www.facebook.com\/mentor.perplexed\/\" \/>\n<meta property=\"article:published_time\" content=\"2024-07-22T12:38:53+00:00\" \/>\n<meta property=\"article:modified_time\" content=\"2025-01-27T09:10:38+00:00\" \/>\n<meta property=\"og:image\" content=\"https:\/\/www.karekod.org\/blog\/wp-content\/uploads\/2023\/01\/engelli-arac-fiyati.jpg\" \/>\n\t<meta property=\"og:image:width\" content=\"1200\" \/>\n\t<meta property=\"og:image:height\" content=\"800\" \/>\n\t<meta property=\"og:image:type\" content=\"image\/jpeg\" \/>\n<meta name=\"author\" content=\"Muharrem Emino\u011flu\" \/>\n<meta name=\"twitter:card\" content=\"summary_large_image\" \/>\n<meta name=\"twitter:creator\" content=\"@temassizmenu\" \/>\n<meta name=\"twitter:site\" content=\"@temassizmenu\" \/>\n<meta name=\"twitter:label1\" content=\"Yazan:\" \/>\n\t<meta name=\"twitter:data1\" content=\"Muharrem Emino\u011flu\" \/>\n\t<meta name=\"twitter:label2\" content=\"Tahmini okuma s\u00fcresi\" \/>\n\t<meta name=\"twitter:data2\" content=\"14 dakika\" \/>\n<script type=\"application\/ld+json\" class=\"yoast-schema-graph\">{\"@context\":\"https:\\\/\\\/schema.org\",\"@graph\":[{\"@type\":\"NewsArticle\",\"@id\":\"https:\\\/\\\/www.karekod.org\\\/blog\\\/engelli-arac-fiyatlari-2025\\\/#article\",\"isPartOf\":{\"@id\":\"https:\\\/\\\/www.karekod.org\\\/blog\\\/engelli-arac-fiyatlari-2025\\\/\"},\"author\":{\"name\":\"Muharrem Emino\u011flu\",\"@id\":\"https:\\\/\\\/www.karekod.org\\\/blog\\\/#\\\/schema\\\/person\\\/8c87c879aca1c63c7438bf937a5da8bd\"},\"headline\":\"Engelli Ara\u00e7 Fiyatlar\u0131 2026 (Yeni)\",\"datePublished\":\"2024-07-22T12:38:53+00:00\",\"dateModified\":\"2025-01-27T09:10:38+00:00\",\"mainEntityOfPage\":{\"@id\":\"https:\\\/\\\/www.karekod.org\\\/blog\\\/engelli-arac-fiyatlari-2025\\\/\"},\"wordCount\":1868,\"commentCount\":0,\"publisher\":{\"@id\":\"https:\\\/\\\/www.karekod.org\\\/blog\\\/#organization\"},\"image\":{\"@id\":\"https:\\\/\\\/www.karekod.org\\\/blog\\\/engelli-arac-fiyatlari-2025\\\/#primaryimage\"},\"thumbnailUrl\":\"https:\\\/\\\/www.karekod.org\\\/blog\\\/wp-content\\\/uploads\\\/2023\\\/01\\\/engelli-arac-fiyati.jpg\",\"keywords\":[\"engelli ara\u00e7 fiyatlar\u0131\",\"engelli ara\u00e7 fiyatlar\u0131 2023\",\"renault engelli ara\u00e7 fiyat\u0131\",\"s\u0131f\u0131r engelli ara\u00e7 fiyatlar\u0131\",\"toyota engelli ara\u00e7 fiyatlar\u0131\"],\"articleSection\":[\"Ara\u00e7 Fiyatlar\u0131\"],\"inLanguage\":\"tr\",\"potentialAction\":[{\"@type\":\"CommentAction\",\"name\":\"Comment\",\"target\":[\"https:\\\/\\\/www.karekod.org\\\/blog\\\/engelli-arac-fiyatlari-2025\\\/#respond\"]}]},{\"@type\":[\"WebPage\",\"FAQPage\"],\"@id\":\"https:\\\/\\\/www.karekod.org\\\/blog\\\/engelli-arac-fiyatlari-2025\\\/\",\"url\":\"https:\\\/\\\/www.karekod.org\\\/blog\\\/engelli-arac-fiyatlari-2025\\\/\",\"name\":\"Engelli Ara\u00e7 Fiyatlar\u0131 2026 (Yeni) - Karekod Blog\",\"isPartOf\":{\"@id\":\"https:\\\/\\\/www.karekod.org\\\/blog\\\/#website\"},\"primaryImageOfPage\":{\"@id\":\"https:\\\/\\\/www.karekod.org\\\/blog\\\/engelli-arac-fiyatlari-2025\\\/#primaryimage\"},\"image\":{\"@id\":\"https:\\\/\\\/www.karekod.org\\\/blog\\\/engelli-arac-fiyatlari-2025\\\/#primaryimage\"},\"thumbnailUrl\":\"https:\\\/\\\/www.karekod.org\\\/blog\\\/wp-content\\\/uploads\\\/2023\\\/01\\\/engelli-arac-fiyati.jpg\",\"datePublished\":\"2024-07-22T12:38:53+00:00\",\"dateModified\":\"2025-01-27T09:10:38+00:00\",\"description\":\"Engelli ara\u00e7 fiyatlar\u0131 2024: Clio, g\u00fcncel fiyat\u0131 826.900 TL. \u00d6TV giren Clio\u2019nun \u00d6TV oran\u0131 306.259 TL, vergisiz net fiyat\u0131 382.824 TL\",\"breadcrumb\":{\"@id\":\"https:\\\/\\\/www.karekod.org\\\/blog\\\/engelli-arac-fiyatlari-2025\\\/#breadcrumb\"},\"mainEntity\":[{\"@id\":\"https:\\\/\\\/www.karekod.org\\\/blog\\\/engelli-arac-fiyatlari-2025\\\/#faq-question-1674223264416\"},{\"@id\":\"https:\\\/\\\/www.karekod.org\\\/blog\\\/engelli-arac-fiyatlari-2025\\\/#faq-question-1674223328841\"},{\"@id\":\"https:\\\/\\\/www.karekod.org\\\/blog\\\/engelli-arac-fiyatlari-2025\\\/#faq-question-1674223387674\"},{\"@id\":\"https:\\\/\\\/www.karekod.org\\\/blog\\\/engelli-arac-fiyatlari-2025\\\/#faq-question-1705686233647\"}],\"inLanguage\":\"tr\",\"potentialAction\":[{\"@type\":\"ReadAction\",\"target\":[\"https:\\\/\\\/www.karekod.org\\\/blog\\\/engelli-arac-fiyatlari-2025\\\/\"]}]},{\"@type\":\"ImageObject\",\"inLanguage\":\"tr\",\"@id\":\"https:\\\/\\\/www.karekod.org\\\/blog\\\/engelli-arac-fiyatlari-2025\\\/#primaryimage\",\"url\":\"https:\\\/\\\/www.karekod.org\\\/blog\\\/wp-content\\\/uploads\\\/2023\\\/01\\\/engelli-arac-fiyati.jpg\",\"contentUrl\":\"https:\\\/\\\/www.karekod.org\\\/blog\\\/wp-content\\\/uploads\\\/2023\\\/01\\\/engelli-arac-fiyati.jpg\",\"width\":1200,\"height\":800,\"caption\":\"Engelli Ara\u00e7 Fiyat\u0131\"},{\"@type\":\"BreadcrumbList\",\"@id\":\"https:\\\/\\\/www.karekod.org\\\/blog\\\/engelli-arac-fiyatlari-2025\\\/#breadcrumb\",\"itemListElement\":[{\"@type\":\"ListItem\",\"position\":1,\"name\":\"Ana sayfa\",\"item\":\"https:\\\/\\\/www.karekod.org\\\/blog\\\/\"},{\"@type\":\"ListItem\",\"position\":2,\"name\":\"Fiyat\",\"item\":\"https:\\\/\\\/www.karekod.org\\\/blog\\\/category\\\/fiyat\\\/\"},{\"@type\":\"ListItem\",\"position\":3,\"name\":\"Ara\u00e7 Fiyatlar\u0131\",\"item\":\"https:\\\/\\\/www.karekod.org\\\/blog\\\/category\\\/fiyat\\\/arac-fiyatlari\\\/\"},{\"@type\":\"ListItem\",\"position\":4,\"name\":\"Engelli Ara\u00e7 Fiyatlar\u0131 2025 (Yeni)\"}]},{\"@type\":\"WebSite\",\"@id\":\"https:\\\/\\\/www.karekod.org\\\/blog\\\/#website\",\"url\":\"https:\\\/\\\/www.karekod.org\\\/blog\\\/\",\"name\":\"Karekod Blog\",\"description\":\"2026 G\u00fcncel Alkol Fiyatlar\u0131 ve Piyasa Rehberi\",\"publisher\":{\"@id\":\"https:\\\/\\\/www.karekod.org\\\/blog\\\/#organization\"},\"alternateName\":\"Karekod Haber\",\"potentialAction\":[{\"@type\":\"SearchAction\",\"target\":{\"@type\":\"EntryPoint\",\"urlTemplate\":\"https:\\\/\\\/www.karekod.org\\\/blog\\\/?s={search_term_string}\"},\"query-input\":{\"@type\":\"PropertyValueSpecification\",\"valueRequired\":true,\"valueName\":\"search_term_string\"}}],\"inLanguage\":\"tr\"},{\"@type\":\"Organization\",\"@id\":\"https:\\\/\\\/www.karekod.org\\\/blog\\\/#organization\",\"name\":\"Karekod Blog\",\"alternateName\":\"Karekod Haber\",\"url\":\"https:\\\/\\\/www.karekod.org\\\/blog\\\/\",\"logo\":{\"@type\":\"ImageObject\",\"inLanguage\":\"tr\",\"@id\":\"https:\\\/\\\/www.karekod.org\\\/blog\\\/#\\\/schema\\\/logo\\\/image\\\/\",\"url\":\"https:\\\/\\\/www.karekod.org\\\/blog\\\/wp-content\\\/uploads\\\/2025\\\/01\\\/cropped-logo.webp\",\"contentUrl\":\"https:\\\/\\\/www.karekod.org\\\/blog\\\/wp-content\\\/uploads\\\/2025\\\/01\\\/cropped-logo.webp\",\"width\":512,\"height\":384,\"caption\":\"Karekod Blog\"},\"image\":{\"@id\":\"https:\\\/\\\/www.karekod.org\\\/blog\\\/#\\\/schema\\\/logo\\\/image\\\/\"},\"sameAs\":[\"https:\\\/\\\/www.facebook.com\\\/QarMenu\\\/\",\"https:\\\/\\\/x.com\\\/temassizmenu\",\"https:\\\/\\\/www.instagram.com\\\/qarmenu\\\/\",\"https:\\\/\\\/www.linkedin.com\\\/company\\\/karekod\\\/\",\"https:\\\/\\\/tr.pinterest.com\\\/dijitalmenu\\\/\",\"https:\\\/\\\/www.youtube.com\\\/@qrmenu\",\"https:\\\/\\\/karekodmenu.tumblr.com\\\/\",\"https:\\\/\\\/karekod.medium.com\\\/\",\"https:\\\/\\\/www.diigo.com\\\/user\\\/karekod\",\"https:\\\/\\\/mastodon.social\\\/@karekod\",\"https:\\\/\\\/vk.com\\\/karekod\",\"https:\\\/\\\/flipboard.com\\\/@karekod\",\"https:\\\/\\\/www.quora.com\\\/profile\\\/Karekod-Haber\",\"https:\\\/\\\/note.com\\\/karekod\"]},{\"@type\":\"Person\",\"@id\":\"https:\\\/\\\/www.karekod.org\\\/blog\\\/#\\\/schema\\\/person\\\/8c87c879aca1c63c7438bf937a5da8bd\",\"name\":\"Muharrem Emino\u011flu\",\"pronouns\":\"he\\\/him\",\"description\":\"Veri analizi ve dijital raporlama s\u00fcre\u00e7lerinde yenilik\u00e7i yakla\u015f\u0131mlar benimseyerek s\u00fcrd\u00fcr\u00fclebilir i\u015f modelleri \u00fczerine \u00e7al\u0131\u015fmalar yap\u0131yorum. Teknoloji, ekonomi ve dijital pazarlama alanlar\u0131nda g\u00fcncel ve g\u00fcvenilir i\u00e7erikler \u00fcretiyorum.\",\"sameAs\":[\"https:\\\/\\\/www.karekod.org\",\"https:\\\/\\\/www.facebook.com\\\/mentor.perplexed\\\/\",\"https:\\\/\\\/www.instagram.com\\\/mentorperplexed\\\/\",\"https:\\\/\\\/www.linkedin.com\\\/in\\\/eminoglu\\\/\",\"https:\\\/\\\/www.pinterest.de\\\/dijitalmenu\\\/\",\"https:\\\/\\\/x.com\\\/temassizmenu\",\"https:\\\/\\\/www.youtube.com\\\/channel\\\/UC_vI-xTP9NegNfIqSGoesGg\",\"https:\\\/\\\/qrmenu.tumblr.com\\\/\"],\"url\":\"https:\\\/\\\/www.karekod.org\\\/blog\\\/yazar\\\/muharrem-eminoglu\\\/\"},{\"@type\":\"Question\",\"@id\":\"https:\\\/\\\/www.karekod.org\\\/blog\\\/engelli-arac-fiyatlari-2025\\\/#faq-question-1674223264416\",\"position\":1,\"url\":\"https:\\\/\\\/www.karekod.org\\\/blog\\\/engelli-arac-fiyatlari-2025\\\/#faq-question-1674223264416\",\"name\":\"Engelli ara\u00e7 fiyatlar\u0131 2024 hangi ara\u00e7lar al\u0131n\u0131r?\",\"answerCount\":1,\"acceptedAnswer\":{\"@type\":\"Answer\",\"text\":\"MG, Suzuki, Fiat, Dacia, Renault, Ford, Opel, Skoda, Seat, Volkswagen, Toyota gibi markalar\u0131n bir\u00e7ok modeline sahip olabilirler.\",\"inLanguage\":\"tr\"},\"inLanguage\":\"tr\"},{\"@type\":\"Question\",\"@id\":\"https:\\\/\\\/www.karekod.org\\\/blog\\\/engelli-arac-fiyatlari-2025\\\/#faq-question-1674223328841\",\"position\":2,\"url\":\"https:\\\/\\\/www.karekod.org\\\/blog\\\/engelli-arac-fiyatlari-2025\\\/#faq-question-1674223328841\",\"name\":\"Engelli ara\u00e7 fiyatlar\u0131 2023 ne kadar olacak?\",\"answerCount\":1,\"acceptedAnswer\":{\"@type\":\"Answer\",\"text\":\"Vergiler dahil fiyat\u0131 1.004.200 TL olan bir arac\u0131 engelli indirimi ile 557.889,00 TL'ye sahip olabilirsiniz.\",\"inLanguage\":\"tr\"},\"inLanguage\":\"tr\"},{\"@type\":\"Question\",\"@id\":\"https:\\\/\\\/www.karekod.org\\\/blog\\\/engelli-arac-fiyatlari-2025\\\/#faq-question-1674223387674\",\"position\":3,\"url\":\"https:\\\/\\\/www.karekod.org\\\/blog\\\/engelli-arac-fiyatlari-2025\\\/#faq-question-1674223387674\",\"name\":\"Engelli indirimli ara\u00e7 fiyatlar\u0131 ka\u00e7 TL 2023?\",\"answerCount\":1,\"acceptedAnswer\":{\"@type\":\"Answer\",\"text\":\"Hyundai Jump 1.4 MPI 100 Ps paketi, %60 \u00d6TV oran\u0131 ile 273.124,99 TL ve Jump 1.4 MPI 100 Ps Otomatik paketi, %60 \u00d6TV oran\u0131 ile 291.250,00 TL'dir.\",\"inLanguage\":\"tr\"},\"inLanguage\":\"tr\"},{\"@type\":\"Question\",\"@id\":\"https:\\\/\\\/www.karekod.org\\\/blog\\\/engelli-arac-fiyatlari-2025\\\/#faq-question-1705686233647\",\"position\":4,\"url\":\"https:\\\/\\\/www.karekod.org\\\/blog\\\/engelli-arac-fiyatlari-2025\\\/#faq-question-1705686233647\",\"name\":\"Engelli indirimli ara\u00e7 fiyatlar\u0131 ka\u00e7 TL 2024?\",\"answerCount\":1,\"acceptedAnswer\":{\"@type\":\"Answer\",\"text\":\"Engelli ara\u00e7 fiyatlar\u0131 2024: Renault Clio 382.824 TL, Hyundai i20 425.925 TL ve Volkswagen Polo engelli ara\u00e7 fiyat\u0131: 427.222 TL'dir.\",\"inLanguage\":\"tr\"},\"inLanguage\":\"tr\"}]}<\/script>\n<!-- \/ Yoast SEO plugin. -->","yoast_head_json":{"title":"Engelli Ara\u00e7 Fiyatlar\u0131 2026 (Yeni) - Karekod Blog","description":"Engelli ara\u00e7 fiyatlar\u0131 2024: Clio, g\u00fcncel fiyat\u0131 826.900 TL. \u00d6TV giren Clio\u2019nun \u00d6TV oran\u0131 306.259 TL, vergisiz net fiyat\u0131 382.824 TL","robots":{"index":"index","follow":"follow","max-snippet":"max-snippet:-1","max-image-preview":"max-image-preview:large","max-video-preview":"max-video-preview:-1"},"canonical":"https:\/\/www.karekod.org\/blog\/engelli-arac-fiyatlari-2025\/","og_locale":"tr_TR","og_type":"article","og_title":"Engelli Ara\u00e7 Fiyatlar\u0131","og_description":"Engelli ara\u00e7 fiyatlar\u0131 2024: Renault Clio 382.824 TL, Hyundai i20 425.925 TL ve Volkswagen Polo engelli ara\u00e7 fiyat\u0131: 427.222 TL'dir.","og_url":"https:\/\/www.karekod.org\/blog\/engelli-arac-fiyatlari-2025\/","og_site_name":"Karekod Blog","article_publisher":"https:\/\/www.facebook.com\/QarMenu\/","article_author":"https:\/\/www.facebook.com\/mentor.perplexed\/","article_published_time":"2024-07-22T12:38:53+00:00","article_modified_time":"2025-01-27T09:10:38+00:00","og_image":[{"width":1200,"height":800,"url":"https:\/\/www.karekod.org\/blog\/wp-content\/uploads\/2023\/01\/engelli-arac-fiyati.jpg","type":"image\/jpeg"}],"author":"Muharrem Emino\u011flu","twitter_card":"summary_large_image","twitter_creator":"@temassizmenu","twitter_site":"@temassizmenu","twitter_misc":{"Yazan:":"Muharrem Emino\u011flu","Tahmini okuma s\u00fcresi":"14 dakika"},"schema":{"@context":"https:\/\/schema.org","@graph":[{"@type":"NewsArticle","@id":"https:\/\/www.karekod.org\/blog\/engelli-arac-fiyatlari-2025\/#article","isPartOf":{"@id":"https:\/\/www.karekod.org\/blog\/engelli-arac-fiyatlari-2025\/"},"author":{"name":"Muharrem Emino\u011flu","@id":"https:\/\/www.karekod.org\/blog\/#\/schema\/person\/8c87c879aca1c63c7438bf937a5da8bd"},"headline":"Engelli Ara\u00e7 Fiyatlar\u0131 2026 (Yeni)","datePublished":"2024-07-22T12:38:53+00:00","dateModified":"2025-01-27T09:10:38+00:00","mainEntityOfPage":{"@id":"https:\/\/www.karekod.org\/blog\/engelli-arac-fiyatlari-2025\/"},"wordCount":1868,"commentCount":0,"publisher":{"@id":"https:\/\/www.karekod.org\/blog\/#organization"},"image":{"@id":"https:\/\/www.karekod.org\/blog\/engelli-arac-fiyatlari-2025\/#primaryimage"},"thumbnailUrl":"https:\/\/www.karekod.org\/blog\/wp-content\/uploads\/2023\/01\/engelli-arac-fiyati.jpg","keywords":["engelli ara\u00e7 fiyatlar\u0131","engelli ara\u00e7 fiyatlar\u0131 2023","renault engelli ara\u00e7 fiyat\u0131","s\u0131f\u0131r engelli ara\u00e7 fiyatlar\u0131","toyota engelli ara\u00e7 fiyatlar\u0131"],"articleSection":["Ara\u00e7 Fiyatlar\u0131"],"inLanguage":"tr","potentialAction":[{"@type":"CommentAction","name":"Comment","target":["https:\/\/www.karekod.org\/blog\/engelli-arac-fiyatlari-2025\/#respond"]}]},{"@type":["WebPage","FAQPage"],"@id":"https:\/\/www.karekod.org\/blog\/engelli-arac-fiyatlari-2025\/","url":"https:\/\/www.karekod.org\/blog\/engelli-arac-fiyatlari-2025\/","name":"Engelli Ara\u00e7 Fiyatlar\u0131 2026 (Yeni) - Karekod Blog","isPartOf":{"@id":"https:\/\/www.karekod.org\/blog\/#website"},"primaryImageOfPage":{"@id":"https:\/\/www.karekod.org\/blog\/engelli-arac-fiyatlari-2025\/#primaryimage"},"image":{"@id":"https:\/\/www.karekod.org\/blog\/engelli-arac-fiyatlari-2025\/#primaryimage"},"thumbnailUrl":"https:\/\/www.karekod.org\/blog\/wp-content\/uploads\/2023\/01\/engelli-arac-fiyati.jpg","datePublished":"2024-07-22T12:38:53+00:00","dateModified":"2025-01-27T09:10:38+00:00","description":"Engelli ara\u00e7 fiyatlar\u0131 2024: Clio, g\u00fcncel fiyat\u0131 826.900 TL. \u00d6TV giren Clio\u2019nun \u00d6TV oran\u0131 306.259 TL, vergisiz net fiyat\u0131 382.824 TL","breadcrumb":{"@id":"https:\/\/www.karekod.org\/blog\/engelli-arac-fiyatlari-2025\/#breadcrumb"},"mainEntity":[{"@id":"https:\/\/www.karekod.org\/blog\/engelli-arac-fiyatlari-2025\/#faq-question-1674223264416"},{"@id":"https:\/\/www.karekod.org\/blog\/engelli-arac-fiyatlari-2025\/#faq-question-1674223328841"},{"@id":"https:\/\/www.karekod.org\/blog\/engelli-arac-fiyatlari-2025\/#faq-question-1674223387674"},{"@id":"https:\/\/www.karekod.org\/blog\/engelli-arac-fiyatlari-2025\/#faq-question-1705686233647"}],"inLanguage":"tr","potentialAction":[{"@type":"ReadAction","target":["https:\/\/www.karekod.org\/blog\/engelli-arac-fiyatlari-2025\/"]}]},{"@type":"ImageObject","inLanguage":"tr","@id":"https:\/\/www.karekod.org\/blog\/engelli-arac-fiyatlari-2025\/#primaryimage","url":"https:\/\/www.karekod.org\/blog\/wp-content\/uploads\/2023\/01\/engelli-arac-fiyati.jpg","contentUrl":"https:\/\/www.karekod.org\/blog\/wp-content\/uploads\/2023\/01\/engelli-arac-fiyati.jpg","width":1200,"height":800,"caption":"Engelli Ara\u00e7 Fiyat\u0131"},{"@type":"BreadcrumbList","@id":"https:\/\/www.karekod.org\/blog\/engelli-arac-fiyatlari-2025\/#breadcrumb","itemListElement":[{"@type":"ListItem","position":1,"name":"Ana sayfa","item":"https:\/\/www.karekod.org\/blog\/"},{"@type":"ListItem","position":2,"name":"Fiyat","item":"https:\/\/www.karekod.org\/blog\/category\/fiyat\/"},{"@type":"ListItem","position":3,"name":"Ara\u00e7 Fiyatlar\u0131","item":"https:\/\/www.karekod.org\/blog\/category\/fiyat\/arac-fiyatlari\/"},{"@type":"ListItem","position":4,"name":"Engelli Ara\u00e7 Fiyatlar\u0131 2025 (Yeni)"}]},{"@type":"WebSite","@id":"https:\/\/www.karekod.org\/blog\/#website","url":"https:\/\/www.karekod.org\/blog\/","name":"Karekod Blog","description":"2026 G\u00fcncel Alkol Fiyatlar\u0131 ve Piyasa Rehberi","publisher":{"@id":"https:\/\/www.karekod.org\/blog\/#organization"},"alternateName":"Karekod Haber","potentialAction":[{"@type":"SearchAction","target":{"@type":"EntryPoint","urlTemplate":"https:\/\/www.karekod.org\/blog\/?s={search_term_string}"},"query-input":{"@type":"PropertyValueSpecification","valueRequired":true,"valueName":"search_term_string"}}],"inLanguage":"tr"},{"@type":"Organization","@id":"https:\/\/www.karekod.org\/blog\/#organization","name":"Karekod Blog","alternateName":"Karekod Haber","url":"https:\/\/www.karekod.org\/blog\/","logo":{"@type":"ImageObject","inLanguage":"tr","@id":"https:\/\/www.karekod.org\/blog\/#\/schema\/logo\/image\/","url":"https:\/\/www.karekod.org\/blog\/wp-content\/uploads\/2025\/01\/cropped-logo.webp","contentUrl":"https:\/\/www.karekod.org\/blog\/wp-content\/uploads\/2025\/01\/cropped-logo.webp","width":512,"height":384,"caption":"Karekod Blog"},"image":{"@id":"https:\/\/www.karekod.org\/blog\/#\/schema\/logo\/image\/"},"sameAs":["https:\/\/www.facebook.com\/QarMenu\/","https:\/\/x.com\/temassizmenu","https:\/\/www.instagram.com\/qarmenu\/","https:\/\/www.linkedin.com\/company\/karekod\/","https:\/\/tr.pinterest.com\/dijitalmenu\/","https:\/\/www.youtube.com\/@qrmenu","https:\/\/karekodmenu.tumblr.com\/","https:\/\/karekod.medium.com\/","https:\/\/www.diigo.com\/user\/karekod","https:\/\/mastodon.social\/@karekod","https:\/\/vk.com\/karekod","https:\/\/flipboard.com\/@karekod","https:\/\/www.quora.com\/profile\/Karekod-Haber","https:\/\/note.com\/karekod"]},{"@type":"Person","@id":"https:\/\/www.karekod.org\/blog\/#\/schema\/person\/8c87c879aca1c63c7438bf937a5da8bd","name":"Muharrem Emino\u011flu","pronouns":"he\/him","description":"Veri analizi ve dijital raporlama s\u00fcre\u00e7lerinde yenilik\u00e7i yakla\u015f\u0131mlar benimseyerek s\u00fcrd\u00fcr\u00fclebilir i\u015f modelleri \u00fczerine \u00e7al\u0131\u015fmalar yap\u0131yorum. Teknoloji, ekonomi ve dijital pazarlama alanlar\u0131nda g\u00fcncel ve g\u00fcvenilir i\u00e7erikler \u00fcretiyorum.","sameAs":["https:\/\/www.karekod.org","https:\/\/www.facebook.com\/mentor.perplexed\/","https:\/\/www.instagram.com\/mentorperplexed\/","https:\/\/www.linkedin.com\/in\/eminoglu\/","https:\/\/www.pinterest.de\/dijitalmenu\/","https:\/\/x.com\/temassizmenu","https:\/\/www.youtube.com\/channel\/UC_vI-xTP9NegNfIqSGoesGg","https:\/\/qrmenu.tumblr.com\/"],"url":"https:\/\/www.karekod.org\/blog\/yazar\/muharrem-eminoglu\/"},{"@type":"Question","@id":"https:\/\/www.karekod.org\/blog\/engelli-arac-fiyatlari-2025\/#faq-question-1674223264416","position":1,"url":"https:\/\/www.karekod.org\/blog\/engelli-arac-fiyatlari-2025\/#faq-question-1674223264416","name":"Engelli ara\u00e7 fiyatlar\u0131 2024 hangi ara\u00e7lar al\u0131n\u0131r?","answerCount":1,"acceptedAnswer":{"@type":"Answer","text":"MG, Suzuki, Fiat, Dacia, Renault, Ford, Opel, Skoda, Seat, Volkswagen, Toyota gibi markalar\u0131n bir\u00e7ok modeline sahip olabilirler.","inLanguage":"tr"},"inLanguage":"tr"},{"@type":"Question","@id":"https:\/\/www.karekod.org\/blog\/engelli-arac-fiyatlari-2025\/#faq-question-1674223328841","position":2,"url":"https:\/\/www.karekod.org\/blog\/engelli-arac-fiyatlari-2025\/#faq-question-1674223328841","name":"Engelli ara\u00e7 fiyatlar\u0131 2023 ne kadar olacak?","answerCount":1,"acceptedAnswer":{"@type":"Answer","text":"Vergiler dahil fiyat\u0131 1.004.200 TL olan bir arac\u0131 engelli indirimi ile 557.889,00 TL'ye sahip olabilirsiniz.","inLanguage":"tr"},"inLanguage":"tr"},{"@type":"Question","@id":"https:\/\/www.karekod.org\/blog\/engelli-arac-fiyatlari-2025\/#faq-question-1674223387674","position":3,"url":"https:\/\/www.karekod.org\/blog\/engelli-arac-fiyatlari-2025\/#faq-question-1674223387674","name":"Engelli indirimli ara\u00e7 fiyatlar\u0131 ka\u00e7 TL 2023?","answerCount":1,"acceptedAnswer":{"@type":"Answer","text":"Hyundai Jump 1.4 MPI 100 Ps paketi, %60 \u00d6TV oran\u0131 ile 273.124,99 TL ve Jump 1.4 MPI 100 Ps Otomatik paketi, %60 \u00d6TV oran\u0131 ile 291.250,00 TL'dir.","inLanguage":"tr"},"inLanguage":"tr"},{"@type":"Question","@id":"https:\/\/www.karekod.org\/blog\/engelli-arac-fiyatlari-2025\/#faq-question-1705686233647","position":4,"url":"https:\/\/www.karekod.org\/blog\/engelli-arac-fiyatlari-2025\/#faq-question-1705686233647","name":"Engelli indirimli ara\u00e7 fiyatlar\u0131 ka\u00e7 TL 2024?","answerCount":1,"acceptedAnswer":{"@type":"Answer","text":"Engelli ara\u00e7 fiyatlar\u0131 2024: Renault Clio 382.824 TL, Hyundai i20 425.925 TL ve Volkswagen Polo engelli ara\u00e7 fiyat\u0131: 427.222 TL'dir.","inLanguage":"tr"},"inLanguage":"tr"}]}},"_links":{"self":[{"href":"https:\/\/www.karekod.org\/blog\/wp-json\/wp\/v2\/posts\/13684","targetHints":{"allow":["GET"]}}],"collection":[{"href":"https:\/\/www.karekod.org\/blog\/wp-json\/wp\/v2\/posts"}],"about":[{"href":"https:\/\/www.karekod.org\/blog\/wp-json\/wp\/v2\/types\/post"}],"author":[{"embeddable":true,"href":"https:\/\/www.karekod.org\/blog\/wp-json\/wp\/v2\/users\/1"}],"replies":[{"embeddable":true,"href":"https:\/\/www.karekod.org\/blog\/wp-json\/wp\/v2\/comments?post=13684"}],"version-history":[{"count":0,"href":"https:\/\/www.karekod.org\/blog\/wp-json\/wp\/v2\/posts\/13684\/revisions"}],"wp:featuredmedia":[{"embeddable":true,"href":"https:\/\/www.karekod.org\/blog\/wp-json\/wp\/v2\/media\/13687"}],"wp:attachment":[{"href":"https:\/\/www.karekod.org\/blog\/wp-json\/wp\/v2\/media?parent=13684"}],"wp:term":[{"taxonomy":"category","embeddable":true,"href":"https:\/\/www.karekod.org\/blog\/wp-json\/wp\/v2\/categories?post=13684"},{"taxonomy":"post_tag","embeddable":true,"href":"https:\/\/www.karekod.org\/blog\/wp-json\/wp\/v2\/tags?post=13684"}],"curies":[{"name":"wp","href":"https:\/\/api.w.org\/{rel}","templated":true}]}}