{"id":13659,"date":"2023-10-10T01:14:31","date_gmt":"2023-10-09T22:14:31","guid":{"rendered":"https:\/\/www.karekod.org\/blog\/?p=13659"},"modified":"2025-02-28T04:33:56","modified_gmt":"2025-02-28T01:33:56","slug":"ehliyet-fiyatlari-2023-kurs-ve-harc-ucretleri-ne-kadar","status":"publish","type":"post","link":"https:\/\/www.karekod.org\/blog\/ehliyet-fiyatlari-2023-kurs-ve-harc-ucretleri-ne-kadar\/","title":{"rendered":"Ehliyet Fiyatlar\u0131 2023 (Kurs ve Har\u00e7 \u00dccretleri)"},"content":{"rendered":"\n<p>Son zamlardan sonra ehliyet kurs ve s\u00fcr\u00fcc\u00fc belgesi har\u00e7 \u00fccretleri 2023 y\u0131l\u0131nda ne kadar oldu? A, A1, A2, B, B1, F, M ve engelli s\u0131n\u0131f\u0131 2023 g\u00fcncel ehliyet fiyatlar\u0131 ka\u00e7 TL?<\/p><div id=\"ez-toc-container\" class=\"ez-toc-v2_0_82_2 counter-hierarchy ez-toc-counter ez-toc-grey ez-toc-container-direction\">\n<div class=\"ez-toc-title-container\">\n<p class=\"ez-toc-title\" style=\"cursor:inherit\">\u0130\u00e7indekiler<\/p>\n<span class=\"ez-toc-title-toggle\"><a href=\"#\" class=\"ez-toc-pull-right ez-toc-btn ez-toc-btn-xs ez-toc-btn-default ez-toc-toggle\" aria-label=\"\u0130\u00e7indekiler Tablosunu A\u00e7\/Kapat\"><span class=\"ez-toc-js-icon-con\"><span class=\"\"><span class=\"eztoc-hide\" style=\"display:none;\">Toggle<\/span><span class=\"ez-toc-icon-toggle-span\"><svg style=\"fill: #999;color:#999\" xmlns=\"http:\/\/www.w3.org\/2000\/svg\" class=\"list-377408\" width=\"20px\" height=\"20px\" viewBox=\"0 0 24 24\" fill=\"none\"><path d=\"M6 6H4v2h2V6zm14 0H8v2h12V6zM4 11h2v2H4v-2zm16 0H8v2h12v-2zM4 16h2v2H4v-2zm16 0H8v2h12v-2z\" fill=\"currentColor\"><\/path><\/svg><svg style=\"fill: #999;color:#999\" class=\"arrow-unsorted-368013\" xmlns=\"http:\/\/www.w3.org\/2000\/svg\" width=\"10px\" height=\"10px\" viewBox=\"0 0 24 24\" version=\"1.2\" baseProfile=\"tiny\"><path d=\"M18.2 9.3l-6.2-6.3-6.2 6.3c-.2.2-.3.4-.3.7s.1.5.3.7c.2.2.4.3.7.3h11c.3 0 .5-.1.7-.3.2-.2.3-.5.3-.7s-.1-.5-.3-.7zM5.8 14.7l6.2 6.3 6.2-6.3c.2-.2.3-.5.3-.7s-.1-.5-.3-.7c-.2-.2-.4-.3-.7-.3h-11c-.3 0-.5.1-.7.3-.2.2-.3.5-.3.7s.1.5.3.7z\"\/><\/svg><\/span><\/span><\/span><\/a><\/span><\/div>\n<nav><ul class='ez-toc-list ez-toc-list-level-1 ' ><li class='ez-toc-page-1 ez-toc-heading-level-2'><a class=\"ez-toc-link ez-toc-heading-1\" href=\"https:\/\/www.karekod.org\/blog\/ehliyet-fiyatlari-2023-kurs-ve-harc-ucretleri-ne-kadar\/#Ehliyet_Fiyatlari\" >Ehliyet Fiyatlar\u0131<\/a><ul class='ez-toc-list-level-3' ><li class='ez-toc-heading-level-3'><a class=\"ez-toc-link ez-toc-heading-2\" href=\"https:\/\/www.karekod.org\/blog\/ehliyet-fiyatlari-2023-kurs-ve-harc-ucretleri-ne-kadar\/#F_Sinifi\" >F S\u0131n\u0131f\u0131<\/a><\/li><li class='ez-toc-page-1 ez-toc-heading-level-3'><a class=\"ez-toc-link ez-toc-heading-3\" href=\"https:\/\/www.karekod.org\/blog\/ehliyet-fiyatlari-2023-kurs-ve-harc-ucretleri-ne-kadar\/#M_Sinifi\" >M S\u0131n\u0131f\u0131<\/a><\/li><li class='ez-toc-page-1 ez-toc-heading-level-3'><a class=\"ez-toc-link ez-toc-heading-4\" href=\"https:\/\/www.karekod.org\/blog\/ehliyet-fiyatlari-2023-kurs-ve-harc-ucretleri-ne-kadar\/#Engelli_Sinifi\" >Engelli S\u0131n\u0131f\u0131<\/a><\/li><\/ul><\/li><li class='ez-toc-page-1 ez-toc-heading-level-2'><a class=\"ez-toc-link ez-toc-heading-5\" href=\"https:\/\/www.karekod.org\/blog\/ehliyet-fiyatlari-2023-kurs-ve-harc-ucretleri-ne-kadar\/#A_sinifi_Ehliyet\" >A s\u0131n\u0131f\u0131 Ehliyet<\/a><ul class='ez-toc-list-level-3' ><li class='ez-toc-heading-level-3'><a class=\"ez-toc-link ez-toc-heading-6\" href=\"https:\/\/www.karekod.org\/blog\/ehliyet-fiyatlari-2023-kurs-ve-harc-ucretleri-ne-kadar\/#A_Sinifi_Ehliyet_Fiyatlari\" >A S\u0131n\u0131f\u0131 Ehliyet Fiyatlar\u0131<\/a><ul class='ez-toc-list-level-4' ><li class='ez-toc-heading-level-4'><a class=\"ez-toc-link ez-toc-heading-7\" href=\"https:\/\/www.karekod.org\/blog\/ehliyet-fiyatlari-2023-kurs-ve-harc-ucretleri-ne-kadar\/#A1_Sinifi_Ucretleri\" >A1 S\u0131n\u0131f\u0131 \u00dccretleri<\/a><\/li><li class='ez-toc-page-1 ez-toc-heading-level-4'><a class=\"ez-toc-link ez-toc-heading-8\" href=\"https:\/\/www.karekod.org\/blog\/ehliyet-fiyatlari-2023-kurs-ve-harc-ucretleri-ne-kadar\/#A2_Sinifi_Ehliyet_Kurs_ve_Harc_Fiyatlari\" >A2 S\u0131n\u0131f\u0131 Ehliyet Kurs ve Har\u00e7 Fiyatlar\u0131<\/a><\/li><\/ul><\/li><\/ul><\/li><li class='ez-toc-page-1 ez-toc-heading-level-2'><a class=\"ez-toc-link ez-toc-heading-9\" href=\"https:\/\/www.karekod.org\/blog\/ehliyet-fiyatlari-2023-kurs-ve-harc-ucretleri-ne-kadar\/#B_Sinifi_Ehliyet\" >B S\u0131n\u0131f\u0131 Ehliyet<\/a><ul class='ez-toc-list-level-3' ><li class='ez-toc-heading-level-3'><a class=\"ez-toc-link ez-toc-heading-10\" href=\"https:\/\/www.karekod.org\/blog\/ehliyet-fiyatlari-2023-kurs-ve-harc-ucretleri-ne-kadar\/#Ehliyet_Fiyatlari_2023\" >Ehliyet Fiyatlar\u0131 2023<\/a><ul class='ez-toc-list-level-4' ><li class='ez-toc-heading-level-4'><a class=\"ez-toc-link ez-toc-heading-11\" href=\"https:\/\/www.karekod.org\/blog\/ehliyet-fiyatlari-2023-kurs-ve-harc-ucretleri-ne-kadar\/#B1_Sinifi_Ehliyet_Kurs_ve_Harc_Fiyatlari\" >B1 S\u0131n\u0131f\u0131 Ehliyet Kurs ve Har\u00e7 Fiyatlar\u0131<\/a><\/li><\/ul><\/li><li class='ez-toc-page-1 ez-toc-heading-level-3'><a class=\"ez-toc-link ez-toc-heading-12\" href=\"https:\/\/www.karekod.org\/blog\/ehliyet-fiyatlari-2023-kurs-ve-harc-ucretleri-ne-kadar\/#Ehliyet_Fiyatlari_Bursa\" >Ehliyet Fiyatlar\u0131 Bursa<\/a><\/li><li class='ez-toc-page-1 ez-toc-heading-level-3'><a class=\"ez-toc-link ez-toc-heading-13\" href=\"https:\/\/www.karekod.org\/blog\/ehliyet-fiyatlari-2023-kurs-ve-harc-ucretleri-ne-kadar\/#Ehliyet_Fiyatlari_Ankara\" >Ehliyet Fiyatlar\u0131 Ankara<\/a><\/li><li class='ez-toc-page-1 ez-toc-heading-level-3'><a class=\"ez-toc-link ez-toc-heading-14\" href=\"https:\/\/www.karekod.org\/blog\/ehliyet-fiyatlari-2023-kurs-ve-harc-ucretleri-ne-kadar\/#Ehliyet_Sinav_Ucretleri_Ne_Kadar\" >Ehliyet S\u0131nav \u00dccretleri Ne Kadar?<\/a><\/li><li class='ez-toc-page-1 ez-toc-heading-level-3'><a class=\"ez-toc-link ez-toc-heading-15\" href=\"https:\/\/www.karekod.org\/blog\/ehliyet-fiyatlari-2023-kurs-ve-harc-ucretleri-ne-kadar\/#Harc_Ucretleri_Ne_Kadar_2023\" >Har\u00e7 \u00dccretleri Ne Kadar 2023?<\/a><\/li><li class='ez-toc-page-1 ez-toc-heading-level-3'><a class=\"ez-toc-link ez-toc-heading-16\" href=\"https:\/\/www.karekod.org\/blog\/ehliyet-fiyatlari-2023-kurs-ve-harc-ucretleri-ne-kadar\/#Ehliyet_Yenileme_Fiyatlari\" >Ehliyet Yenileme Fiyatlar\u0131<\/a><\/li><li class='ez-toc-page-1 ez-toc-heading-level-3'><a class=\"ez-toc-link ez-toc-heading-17\" href=\"https:\/\/www.karekod.org\/blog\/ehliyet-fiyatlari-2023-kurs-ve-harc-ucretleri-ne-kadar\/#Harc_Ucreti_Nereye_Yatirilir\" >Har\u00e7 \u00dccreti Nereye Yat\u0131r\u0131l\u0131r?<\/a><\/li><li class='ez-toc-page-1 ez-toc-heading-level-3'><a class=\"ez-toc-link ez-toc-heading-18\" href=\"https:\/\/www.karekod.org\/blog\/ehliyet-fiyatlari-2023-kurs-ve-harc-ucretleri-ne-kadar\/#Avrupada_Ehliyet_Fiyatlari\" >Avrupa&#8217;da Ehliyet Fiyatlar\u0131<\/a><\/li><\/ul><\/li><li class='ez-toc-page-1 ez-toc-heading-level-2'><a class=\"ez-toc-link ez-toc-heading-19\" href=\"https:\/\/www.karekod.org\/blog\/ehliyet-fiyatlari-2023-kurs-ve-harc-ucretleri-ne-kadar\/#Ehliyet_Siniflari_ve_Kullanabilecekleri_Araclar\" >Ehliyet S\u0131n\u0131flar\u0131 ve Kullanabilecekleri Ara\u00e7lar<\/a><ul class='ez-toc-list-level-3' ><li class='ez-toc-heading-level-3'><a class=\"ez-toc-link ez-toc-heading-20\" href=\"https:\/\/www.karekod.org\/blog\/ehliyet-fiyatlari-2023-kurs-ve-harc-ucretleri-ne-kadar\/#Ehliyet_Fiyatlari_Hakkinda_Sikca_Sorulan_Sorular\" >Ehliyet Fiyatlar\u0131 Hakk\u0131nda S\u0131k\u00e7a Sorulan Sorular<\/a><\/li><\/ul><\/li><li class='ez-toc-page-1 ez-toc-heading-level-2'><a class=\"ez-toc-link ez-toc-heading-21\" href=\"https:\/\/www.karekod.org\/blog\/ehliyet-fiyatlari-2023-kurs-ve-harc-ucretleri-ne-kadar\/#Ehliyet_Nedir\" >Ehliyet Nedir?<\/a><ul class='ez-toc-list-level-3' ><li class='ez-toc-heading-level-3'><a class=\"ez-toc-link ez-toc-heading-22\" href=\"https:\/\/www.karekod.org\/blog\/ehliyet-fiyatlari-2023-kurs-ve-harc-ucretleri-ne-kadar\/#Kimler_Alabilir\" >Kimler Alabilir?<\/a><\/li><li class='ez-toc-page-1 ez-toc-heading-level-3'><a class=\"ez-toc-link ez-toc-heading-23\" href=\"https:\/\/www.karekod.org\/blog\/ehliyet-fiyatlari-2023-kurs-ve-harc-ucretleri-ne-kadar\/#Arac_Kullanirken_Dikkat_Edilmesi_Gerekenler\" >Ara\u00e7 Kullan\u0131rken Dikkat Edilmesi Gerekenler<\/a><\/li><li class='ez-toc-page-1 ez-toc-heading-level-3'><a class=\"ez-toc-link ez-toc-heading-24\" href=\"https:\/\/www.karekod.org\/blog\/ehliyet-fiyatlari-2023-kurs-ve-harc-ucretleri-ne-kadar\/#Ehliyetsiz_Otomobil_ve_Motor_Kullanmanin_Cezasi\" >Ehliyetsiz Otomobil ve Motor Kullanman\u0131n Cezas\u0131<\/a><ul class='ez-toc-list-level-4' ><li class='ez-toc-heading-level-4'><a class=\"ez-toc-link ez-toc-heading-25\" href=\"https:\/\/www.karekod.org\/blog\/ehliyet-fiyatlari-2023-kurs-ve-harc-ucretleri-ne-kadar\/#Ilgili_Baglantilar\" >\u0130lgili Ba\u011flant\u0131lar<\/a><\/li><\/ul><\/li><\/ul><\/li><\/ul><\/nav><\/div>\n\n\n\n\n<h2 class=\"wp-block-heading\"><span class=\"ez-toc-section\" id=\"Ehliyet_Fiyatlari\"><\/span>Ehliyet Fiyatlar\u0131<span class=\"ez-toc-section-end\"><\/span><\/h2>\n\n\n\n<figure class=\"wp-block-image size-large\"><img loading=\"lazy\" decoding=\"async\" width=\"1024\" height=\"576\" src=\"https:\/\/www.karekod.org\/blog\/wp-content\/uploads\/2023\/01\/ehliyet-1024x576.jpg\" alt=\"Ehliyet\" class=\"wp-image-13661\" srcset=\"https:\/\/www.karekod.org\/blog\/wp-content\/uploads\/2023\/01\/ehliyet-1024x576.jpg 1024w, https:\/\/www.karekod.org\/blog\/wp-content\/uploads\/2023\/01\/ehliyet-300x169.jpg 300w, https:\/\/www.karekod.org\/blog\/wp-content\/uploads\/2023\/01\/ehliyet-768x432.jpg 768w, https:\/\/www.karekod.org\/blog\/wp-content\/uploads\/2023\/01\/ehliyet-730x411.jpg 730w, https:\/\/www.karekod.org\/blog\/wp-content\/uploads\/2023\/01\/ehliyet-350x197.jpg 350w, https:\/\/www.karekod.org\/blog\/wp-content\/uploads\/2023\/01\/ehliyet-1100x619.jpg 1100w, https:\/\/www.karekod.org\/blog\/wp-content\/uploads\/2023\/01\/ehliyet.jpg 1200w\" sizes=\"auto, (max-width: 1024px) 100vw, 1024px\" \/><figcaption class=\"wp-element-caption\">S\u00fcr\u00fcc\u00fc Belgesi<\/figcaption><\/figure>\n\n\n\n<p>F s\u0131n\u0131f\u0131 ehliyet almak isteyen yeni s\u00fcr\u00fcc\u00fc adaylar\u0131 toplamda 12.121 TL, M s\u0131n\u0131f\u0131 ehliyet almak isteyenler 10.439 TL ve <a href=\"https:\/\/tr.wikipedia.org\/wiki\/Engellilik\" target=\"_blank\" rel=\"noreferrer noopener\">Engelli<\/a> s\u0131n\u0131f\u0131 ehliyet almak isteyenler 13.746 TL&#8217;y\u0131 g\u00f6zden \u00e7\u0131karmak zorunda. \u0130\u015fte s\u0131n\u0131f s\u0131n\u0131f <strong>ehliyet fiyatlar\u0131<\/strong>:<\/p>\n\n\n\n<figure class=\"wp-block-table\"><table><tbody><tr><td><strong>Ehliyet S\u0131n\u0131f\u0131<\/strong><\/td><td><strong>Fiyatlar\u0131<\/strong><\/td><\/tr><tr><td>M S\u0131n\u0131f\u0131 Ehliyet \u00dccreti<\/td><td>3.000,4 TL<\/td><\/tr><tr><td>A S\u0131n\u0131f\u0131 Ehliyet \u00dccreti<\/td><td>3890,4 TL<\/td><\/tr><tr><td>A1 S\u0131n\u0131f\u0131 Ehliyet \u00dccreti<\/td><td>3.000,4 TL<\/td><\/tr><tr><td>A2 S\u0131n\u0131f\u0131 Ehliyet \u00dccreti<\/td><td>3.390,4 TL<\/td><\/tr><tr><td>B S\u0131n\u0131f\u0131 Ehliyet \u00dccreti<\/td><td>5.383,7 TL<\/td><\/tr><tr><td>B1 S\u0131n\u0131f\u0131 Ehliyet \u00dccreti<\/td><td>5.383,7 TL<\/td><\/tr><tr><td>F S\u0131n\u0131f\u0131 Ehliyet \u00dccreti<\/td><td>3.390,4 TL<\/td><\/tr><\/tbody><\/table><figcaption class=\"wp-element-caption\">Ehliyet Fiyatlar\u0131<\/figcaption><\/figure>\n\n\n\n<blockquote class=\"wp-block-quote is-layout-flow wp-block-quote-is-layout-flow\">\n<p><strong>Ehliyet S\u0131nav\u0131na Giri\u015f \u00dccreti<\/strong> 280,00 TL&#8217;dir.<\/p>\n<cite>Karekod Blog<\/cite><\/blockquote>\n\n\n\n<h3 class=\"wp-block-heading\"><span class=\"ez-toc-section\" id=\"F_Sinifi\"><\/span><strong>F S\u0131n\u0131f\u0131<\/strong><span class=\"ez-toc-section-end\"><\/span><\/h3>\n\n\n\n<ul class=\"wp-block-list\">\n<li><strong>S\u00fcr\u00fcc\u00fc kursu \u00fccreti: 5.886 TL<\/strong><\/li>\n\n\n\n<li>Teorik ders saat \u00fccreti: 50 TL<\/li>\n\n\n\n<li>F s\u0131n\u0131f\u0131 ders \u00fccreti: 1.700 TL<\/li>\n\n\n\n<li>Direksiyon ders saat \u00fccreti: 299 TL<\/li>\n\n\n\n<li>Ders \u00fccreti: 4.186 TL<\/li>\n<\/ul>\n\n\n\n<h3 class=\"wp-block-heading\"><span class=\"ez-toc-section\" id=\"M_Sinifi\"><\/span><strong>M S\u0131n\u0131f\u0131<\/strong><span class=\"ez-toc-section-end\"><\/span><\/h3>\n\n\n\n<p>Motorlu bisikletleri (motorsiklet) kullanmak i\u00e7in gerekli olan ehliyet s\u0131n\u0131f\u0131d\u0131r. M harfi, \u0130ngilizce&#8217;deki motorcycle kelimesinin ba\u015f harfidir. M s\u0131n\u0131f\u0131 ehliyet, belirli bir motor silindir hacmi (cc) s\u0131n\u0131r\u0131 olmaks\u0131z\u0131n her t\u00fcr motorsikleti kullanmaya izin verir. \u0130\u015fte <strong>M s\u0131n\u0131f\u0131 ehliyet fiyatlar\u0131<\/strong>:<\/p>\n\n\n\n<ul class=\"wp-block-list\">\n<li><strong>S\u00fcr\u00fcc\u00fc kursu \u00fccreti: 5.074 TL<\/strong><\/li>\n\n\n\n<li>Teorik ders saat \u00fccreti: 50 TL<\/li>\n\n\n\n<li>M s\u0131n\u0131f\u0131 ders \u00fccreti: 1.700 TL<\/li>\n\n\n\n<li>Direksiyon ders saat \u00fccreti: 241 TL<\/li>\n\n\n\n<li>Ders \u00fccreti: 3.374 TL<\/li>\n<\/ul>\n\n\n\n<h3 class=\"wp-block-heading\"><span class=\"ez-toc-section\" id=\"Engelli_Sinifi\"><\/span><strong>Engelli S\u0131n\u0131f\u0131<\/strong><span class=\"ez-toc-section-end\"><\/span><\/h3>\n\n\n\n<figure class=\"wp-block-image size-large\"><img loading=\"lazy\" decoding=\"async\" width=\"1024\" height=\"683\" src=\"https:\/\/www.karekod.org\/blog\/wp-content\/uploads\/2023\/01\/ehliyet-kursu-1024x683.jpg\" alt=\"Ehliyet Kursu\" class=\"wp-image-13662\" srcset=\"https:\/\/www.karekod.org\/blog\/wp-content\/uploads\/2023\/01\/ehliyet-kursu-1024x683.jpg 1024w, https:\/\/www.karekod.org\/blog\/wp-content\/uploads\/2023\/01\/ehliyet-kursu-300x200.jpg 300w, https:\/\/www.karekod.org\/blog\/wp-content\/uploads\/2023\/01\/ehliyet-kursu-768x512.jpg 768w, https:\/\/www.karekod.org\/blog\/wp-content\/uploads\/2023\/01\/ehliyet-kursu-730x487.jpg 730w, https:\/\/www.karekod.org\/blog\/wp-content\/uploads\/2023\/01\/ehliyet-kursu-350x233.jpg 350w, https:\/\/www.karekod.org\/blog\/wp-content\/uploads\/2023\/01\/ehliyet-kursu-1100x733.jpg 1100w, https:\/\/www.karekod.org\/blog\/wp-content\/uploads\/2023\/01\/ehliyet-kursu.jpg 1200w\" sizes=\"auto, (max-width: 1024px) 100vw, 1024px\" \/><figcaption class=\"wp-element-caption\">Ehliyet Kursu<\/figcaption><\/figure>\n\n\n\n<ul class=\"wp-block-list\">\n<li><strong>S\u00fcr\u00fcc\u00fc kursu \u00fccreti: 6.692 TL<\/strong><\/li>\n\n\n\n<li>Teorik ders saat \u00fccreti: 50 TL<\/li>\n\n\n\n<li>Engelli s\u0131n\u0131f\u0131 ders \u00fccreti: 1.700 TL<\/li>\n\n\n\n<li>Direksiyon ders saat \u00fccreti: 312 TL<\/li>\n\n\n\n<li>Ders \u00fccreti: 4.992 TL<\/li>\n<\/ul>\n\n\n\n<p>Engelli bireylerin ehliyet al\u0131m s\u00fcreci, Karayollar\u0131 Trafik Y\u00f6netmeli\u011fi&#8217;ne g\u00f6re d\u00fczenlenmi\u015ftir. Art\u0131k eskiden H s\u0131n\u0131f\u0131 olarak adland\u0131r\u0131lan engelli ehliyetleri, A veya B s\u0131n\u0131f\u0131 olarak verilmektedir.<\/p>\n\n\n\n<p>Bir engelli s\u00fcr\u00fcc\u00fc aday\u0131, B S\u0131n\u0131f\u0131 ehliyet almak i\u00e7in 18 ya\u015f\u0131nda olmal\u0131, A S\u0131n\u0131f\u0131 ehliyet almak i\u00e7in ise en az 20 ya\u015f\u0131nda olmal\u0131d\u0131r. Ayr\u0131ca, A s\u0131n\u0131f\u0131 ehliyet almak i\u00e7in \u00f6nceden en az 2 y\u0131l s\u00fcreyle A2 ehliyetine sahip olmak gerekmektedir. Engelli bireylerin her iki ehliyete sahip olabilmesi i\u00e7in ise en az ilkokul mezunu olmalar\u0131 \u015fart\u0131 bulunmaktad\u0131r. Bu kriterlere uymayanlar, s\u00fcr\u00fcc\u00fc belgesi almaya hak kazanamazlar.<\/p>\n\n\n\n<p>Ehliyet almak isteyen engelli adaylar, yaz\u0131l\u0131 ehliyet s\u0131nav\u0131na girdikten sonra \u00f6zel direksiyon dersleri al\u0131rlar ve bu derslerin ard\u0131ndan \u00f6zel aparatl\u0131 ara\u00e7larla s\u0131nava girerler. Ba\u015far\u0131l\u0131 olduklar\u0131 takdirde, ehliyetlerini elde edebilirler. Engelli s\u00fcr\u00fcc\u00fcler, sa\u011fl\u0131k durumlar\u0131na g\u00f6re \u00f6zel donan\u0131ml\u0131 ara\u00e7lar\u0131 kullanabilirler.<\/p>\n\n\n\n<blockquote class=\"wp-block-quote is-layout-flow wp-block-quote-is-layout-flow\">\n<p>Bu d\u00fczenlemeler, engelli bireylerin de toplum i\u00e7inde ba\u011f\u0131ms\u0131z bir \u015fekilde ve g\u00fcvenli bir \u015fekilde ara\u00e7 kullanabilmelerini sa\u011flamay\u0131 ama\u00e7lamaktad\u0131r. Ehliyet al\u0131m s\u00fcreci, engellilik durumlar\u0131na g\u00f6re d\u00fczenlendi\u011fi i\u00e7in bireylere uygun ve g\u00fcvenli bir s\u00fcr\u00fc\u015f deneyimi sunmaktad\u0131r.<\/p>\n<cite>Karekod Blog<\/cite><\/blockquote>\n\n\n\n<h2 class=\"wp-block-heading\"><span class=\"ez-toc-section\" id=\"A_sinifi_Ehliyet\"><\/span>A s\u0131n\u0131f\u0131 Ehliyet<span class=\"ez-toc-section-end\"><\/span><\/h2>\n\n\n\n<p>Motorlu ta\u015f\u0131tlar y\u00f6netmeli\u011fi kapsam\u0131nda, iki veya \u00fc\u00e7 tekerlekli motorlu ara\u00e7lar ile d\u00f6rt tekerlekli hafif ticari ara\u00e7lar, otomobil ve minib\u00fcsleri kullanmak i\u00e7in gereken ehliyet s\u0131n\u0131f\u0131d\u0131r. A s\u0131n\u0131f\u0131 ehliyet sahipleri, A1 ve A2 s\u0131n\u0131f\u0131 ara\u00e7lar\u0131 da kullanabilirler.<\/p>\n\n\n\n<p>A s\u0131n\u0131f\u0131 ehliyet almak i\u00e7in, 24 ya\u015f\u0131ndan b\u00fcy\u00fck olmak ve en az 2 y\u0131l B s\u0131n\u0131f\u0131 ehliyet sahibi olmak gerekmektedir. Ehliyet adaylar\u0131n\u0131n sa\u011fl\u0131k a\u00e7\u0131s\u0131ndan uygunlu\u011funu belirten bir sa\u011fl\u0131k raporu almalar\u0131 gerekmektedir. Ehliyet adaylar\u0131, \u00f6ncelikle bir s\u00fcr\u00fcc\u00fc kursuna kaydolarak teorik ve pratik s\u00fcr\u00fc\u015f e\u011fitimlerini tamamlamal\u0131d\u0131rlar. Daha sonra s\u0131navlara girerek ba\u015far\u0131l\u0131 olmalar\u0131 halinde A s\u0131n\u0131f\u0131 ehliyet almaya hak kazan\u0131rlar.<\/p>\n\n\n\n<h3 class=\"wp-block-heading\"><span class=\"ez-toc-section\" id=\"A_Sinifi_Ehliyet_Fiyatlari\"><\/span><strong>A S\u0131n\u0131f\u0131 Ehliyet Fiyatlar\u0131<\/strong><span class=\"ez-toc-section-end\"><\/span><\/h3>\n\n\n\n<ul class=\"wp-block-list\">\n<li><strong>S\u00fcr\u00fcc\u00fc kursu: 7.048 TL<\/strong><\/li>\n\n\n\n<li>Teorik ders saat \u00fccreti: 50 TL<\/li>\n\n\n\n<li>Ders \u00fccreti: 1.700 TL<\/li>\n\n\n\n<li>Direksiyon ders saat \u00fccreti: 382 TL<\/li>\n\n\n\n<li>Ders \u00fccreti: 5.348 TL<\/li>\n<\/ul>\n\n\n\n<h4 class=\"wp-block-heading\"><span class=\"ez-toc-section\" id=\"A1_Sinifi_Ucretleri\"><\/span><strong>A1 S\u0131n\u0131f\u0131 \u00dccretleri<\/strong><span class=\"ez-toc-section-end\"><\/span><\/h4>\n\n\n\n<figure class=\"wp-block-image size-large\"><img loading=\"lazy\" decoding=\"async\" width=\"1024\" height=\"683\" src=\"https:\/\/www.karekod.org\/blog\/wp-content\/uploads\/2023\/01\/ehliyet-belgesi-1024x683.jpg\" alt=\"Ehliyet Belgesi Trafik Polisi\" class=\"wp-image-15498\" srcset=\"https:\/\/www.karekod.org\/blog\/wp-content\/uploads\/2023\/01\/ehliyet-belgesi-1024x683.jpg 1024w, https:\/\/www.karekod.org\/blog\/wp-content\/uploads\/2023\/01\/ehliyet-belgesi-300x200.jpg 300w, https:\/\/www.karekod.org\/blog\/wp-content\/uploads\/2023\/01\/ehliyet-belgesi-768x512.jpg 768w, https:\/\/www.karekod.org\/blog\/wp-content\/uploads\/2023\/01\/ehliyet-belgesi-1536x1024.jpg 1536w, https:\/\/www.karekod.org\/blog\/wp-content\/uploads\/2023\/01\/ehliyet-belgesi-730x487.jpg 730w, https:\/\/www.karekod.org\/blog\/wp-content\/uploads\/2023\/01\/ehliyet-belgesi-350x233.jpg 350w, https:\/\/www.karekod.org\/blog\/wp-content\/uploads\/2023\/01\/ehliyet-belgesi-1100x733.jpg 1100w, https:\/\/www.karekod.org\/blog\/wp-content\/uploads\/2023\/01\/ehliyet-belgesi.jpg 1800w\" sizes=\"auto, (max-width: 1024px) 100vw, 1024px\" \/><figcaption class=\"wp-element-caption\">Ehliyet Belgesi Trafik Polisi<\/figcaption><\/figure>\n\n\n\n<ul class=\"wp-block-list\">\n<li><strong>S\u00fcr\u00fcc\u00fc kursu: 5.074 TL<\/strong><\/li>\n\n\n\n<li>Teorik ders saat \u00fccreti: 50 TL<\/li>\n\n\n\n<li>Ders \u00fccreti: 1.700 TL<\/li>\n\n\n\n<li>Direksiyon ders saat \u00fccreti: 241 TL<\/li>\n\n\n\n<li>Ders \u00fccreti: 3.374 TL<\/li>\n<\/ul>\n\n\n\n<h4 class=\"wp-block-heading\"><span class=\"ez-toc-section\" id=\"A2_Sinifi_Ehliyet_Kurs_ve_Harc_Fiyatlari\"><\/span><strong>A2 S\u0131n\u0131f\u0131 Ehliyet Kurs ve Har\u00e7 Fiyatlar\u0131<\/strong><span class=\"ez-toc-section-end\"><\/span><\/h4>\n\n\n\n<ul class=\"wp-block-list\">\n<li><strong>S\u00fcr\u00fcc\u00fc kursu: 5.900 TL<\/strong><\/li>\n\n\n\n<li>Teorik ders saat \u00fccreti: 50 TL<\/li>\n\n\n\n<li>Ders \u00fccreti: 1.700 TL<\/li>\n\n\n\n<li>Direksiyon ders saat \u00fccreti: 300 TL<\/li>\n\n\n\n<li>Ders \u00fccreti: 4.200 TL<\/li>\n<\/ul>\n\n\n\n<h2 class=\"wp-block-heading\"><span class=\"ez-toc-section\" id=\"B_Sinifi_Ehliyet\"><\/span><strong>B S\u0131n\u0131f\u0131<\/strong> Ehliyet<span class=\"ez-toc-section-end\"><\/span><\/h2>\n\n\n\n<p>B s\u0131n\u0131f\u0131 ehliyet, otomobil ve hafif ticari ara\u00e7lar\u0131 kullanmak i\u00e7in gereken s\u00fcr\u00fcc\u00fc belgesidir. Bu ehliyet, belirli bir ya\u015f s\u0131n\u0131r\u0131n\u0131 ve s\u00fcr\u00fcc\u00fc adaylar\u0131n\u0131n belirli s\u00fcr\u00fc\u015f testlerini ge\u00e7melerini gerektirir.<\/p>\n\n\n\n<p>B s\u0131n\u0131f\u0131 ehliyet, bir\u00e7ok \u00fclkede benzer s\u00fcr\u00fcc\u00fc belgesi s\u0131n\u0131flar\u0131n\u0131n bir par\u00e7as\u0131d\u0131r. \u00d6rne\u011fin, Avrupa Birli\u011fi \u00fclkelerinde, B s\u0131n\u0131f\u0131 ehliyet, 18 ya\u015f\u0131ndan b\u00fcy\u00fck olanlar taraf\u0131ndan kullan\u0131labilir ve 3500 kg&#8217;a kadar olan hafif ticari ara\u00e7lar\u0131 da kapsar.<\/p>\n\n\n\n<p>B s\u0131n\u0131f\u0131 ehliyet i\u00e7in gereken s\u00fcr\u00fc\u015f testleri, genellikle yerel s\u00fcr\u00fc\u015f okullar\u0131nda veya \u00f6zel s\u00fcr\u00fc\u015f e\u011fitimi veren kurumlarda al\u0131nabilir. S\u00fcr\u00fcc\u00fc adaylar\u0131, genellikle s\u0131n\u0131f teorik dersleri ve uygulamal\u0131 s\u00fcr\u00fc\u015f derslerinden olu\u015fan bir e\u011fitim program\u0131na kat\u0131lmalar\u0131 gerekmektedir.<\/p>\n\n\n\n<figure class=\"wp-block-image size-large\"><img loading=\"lazy\" decoding=\"async\" width=\"1024\" height=\"683\" src=\"https:\/\/www.karekod.org\/blog\/wp-content\/uploads\/2023\/01\/ehliyet-sinavi-1024x683.jpg\" alt=\"Ehliyet S\u0131nav\u0131\" class=\"wp-image-13663\" srcset=\"https:\/\/www.karekod.org\/blog\/wp-content\/uploads\/2023\/01\/ehliyet-sinavi-1024x683.jpg 1024w, https:\/\/www.karekod.org\/blog\/wp-content\/uploads\/2023\/01\/ehliyet-sinavi-300x200.jpg 300w, https:\/\/www.karekod.org\/blog\/wp-content\/uploads\/2023\/01\/ehliyet-sinavi-768x512.jpg 768w, https:\/\/www.karekod.org\/blog\/wp-content\/uploads\/2023\/01\/ehliyet-sinavi-730x487.jpg 730w, https:\/\/www.karekod.org\/blog\/wp-content\/uploads\/2023\/01\/ehliyet-sinavi-350x233.jpg 350w, https:\/\/www.karekod.org\/blog\/wp-content\/uploads\/2023\/01\/ehliyet-sinavi-1100x733.jpg 1100w, https:\/\/www.karekod.org\/blog\/wp-content\/uploads\/2023\/01\/ehliyet-sinavi.jpg 1200w\" sizes=\"auto, (max-width: 1024px) 100vw, 1024px\" \/><figcaption class=\"wp-element-caption\">Ehliyet S\u0131nav\u0131<\/figcaption><\/figure>\n\n\n\n<p>B s\u0131n\u0131f\u0131 ehliyetin sahipleri, genellikle trafik kurallar\u0131na uyma, ara\u00e7lar\u0131 kontrol etme ve g\u00fcvenli bir \u015fekilde s\u00fcrme becerilerine sahip olmalar\u0131 gerekti\u011fi i\u00e7in d\u00fczenli olarak s\u00fcr\u00fc\u015f testlerine tabi tutulurlar. Ayr\u0131ca, baz\u0131 \u00fclkelerde B s\u0131n\u0131f\u0131 ehliyet sahipleri, belirli ara\u00e7 t\u00fcrleri veya s\u00fcr\u00fc\u015f ko\u015fullar\u0131 i\u00e7in ek s\u00fcr\u00fcc\u00fc belgeleri almak zorunda kalabilirler.<\/p>\n\n\n\n<h3 class=\"wp-block-heading\"><span class=\"ez-toc-section\" id=\"Ehliyet_Fiyatlari_2023\"><\/span>Ehliyet Fiyatlar\u0131 2023<span class=\"ez-toc-section-end\"><\/span><\/h3>\n\n\n\n<ul class=\"wp-block-list\">\n<li><strong>S\u00fcr\u00fcc\u00fc kursu: 2.900 TL<\/strong><\/li>\n\n\n\n<li>Teorik ders saat \u00fccreti: 50 TL<\/li>\n\n\n\n<li>Ders \u00fccreti: 1.700 TL<\/li>\n\n\n\n<li>Direksiyon ders saat \u00fccreti: 335 TL<\/li>\n\n\n\n<li>Ders \u00fccreti: 5.360 TL<\/li>\n<\/ul>\n\n\n\n<h4 class=\"wp-block-heading\"><span class=\"ez-toc-section\" id=\"B1_Sinifi_Ehliyet_Kurs_ve_Harc_Fiyatlari\"><\/span><strong>B1 S\u0131n\u0131f\u0131 Ehliyet Kurs ve Har\u00e7 Fiyatlar\u0131<\/strong><span class=\"ez-toc-section-end\"><\/span><\/h4>\n\n\n\n<ul class=\"wp-block-list\">\n<li><strong>S\u00fcr\u00fcc\u00fc kursu: 7.048 TL<\/strong><\/li>\n\n\n\n<li>Teorik ders saat \u00fccreti: 50 TL<\/li>\n\n\n\n<li>Ders \u00fccreti: 1.700 TL<\/li>\n\n\n\n<li>Direksiyon ders saat \u00fccreti: 382 TL<\/li>\n\n\n\n<li>Ders \u00fccreti: 5.348 TL<\/li>\n<\/ul>\n\n\n\n<figure class=\"wp-block-image size-large\"><img loading=\"lazy\" decoding=\"async\" width=\"1024\" height=\"512\" src=\"https:\/\/www.karekod.org\/blog\/wp-content\/uploads\/2023\/01\/surucu-kursu-1-1024x512.jpg\" alt=\"S\u00fcr\u00fcc\u00fc Kursu\" class=\"wp-image-13679\" srcset=\"https:\/\/www.karekod.org\/blog\/wp-content\/uploads\/2023\/01\/surucu-kursu-1-1024x512.jpg 1024w, https:\/\/www.karekod.org\/blog\/wp-content\/uploads\/2023\/01\/surucu-kursu-1-300x150.jpg 300w, https:\/\/www.karekod.org\/blog\/wp-content\/uploads\/2023\/01\/surucu-kursu-1-768x384.jpg 768w, https:\/\/www.karekod.org\/blog\/wp-content\/uploads\/2023\/01\/surucu-kursu-1-1536x768.jpg 1536w, https:\/\/www.karekod.org\/blog\/wp-content\/uploads\/2023\/01\/surucu-kursu-1-730x365.jpg 730w, https:\/\/www.karekod.org\/blog\/wp-content\/uploads\/2023\/01\/surucu-kursu-1-350x175.jpg 350w, https:\/\/www.karekod.org\/blog\/wp-content\/uploads\/2023\/01\/surucu-kursu-1-1100x550.jpg 1100w, https:\/\/www.karekod.org\/blog\/wp-content\/uploads\/2023\/01\/surucu-kursu-1.jpg 2000w\" sizes=\"auto, (max-width: 1024px) 100vw, 1024px\" \/><figcaption class=\"wp-element-caption\">S\u00fcr\u00fcc\u00fc Kursu<\/figcaption><\/figure>\n\n\n\n<p><strong>\u0130pucu:<\/strong> G\u00fcncel <a href=\"https:\/\/www.karekod.org\/blog\/bisiklet-fiyatlari\/\">bisiklet fiyatlar\u0131<\/a> i\u00e7in ilgili ba\u011flant\u0131ya gidebilirsiniz.<\/p>\n\n\n\n<h3 class=\"wp-block-heading\"><span class=\"ez-toc-section\" id=\"Ehliyet_Fiyatlari_Bursa\"><\/span>Ehliyet Fiyatlar\u0131 Bursa<span class=\"ez-toc-section-end\"><\/span><\/h3>\n\n\n\n<ul class=\"wp-block-list\">\n<li>B s\u0131n\u0131f\u0131 Bursa ehliyet fiyat\u0131: 6.400,00 TL <\/li>\n\n\n\n<li>Har\u00e7 \u00fccreti: 1.875,00 TL<\/li>\n<\/ul>\n\n\n\n<p><em>Bursa&#8217;da ehliyet almak i\u00e7in \u00f6demeniz gereken \u00fccretler de\u011fi\u015febilir. Bu \u00fccretler ehliyet s\u0131n\u0131f\u0131na, ehliyetin ne kadar s\u00fcreyle ge\u00e7erli olaca\u011f\u0131na ve s\u00fcr\u00fcc\u00fc kurslar\u0131n\u0131n fiyat politikas\u0131na g\u00f6re de\u011fi\u015fir.<\/em><\/p>\n\n\n\n<h3 class=\"wp-block-heading\"><span class=\"ez-toc-section\" id=\"Ehliyet_Fiyatlari_Ankara\"><\/span>Ehliyet Fiyatlar\u0131 Ankara<span class=\"ez-toc-section-end\"><\/span><\/h3>\n\n\n\n<ul class=\"wp-block-list\">\n<li>Ankara ehliyet fiyat\u0131: 7.060 TL<\/li>\n\n\n\n<li>Teorik s\u0131nav \u00fccreti: 130 TL<\/li>\n\n\n\n<li>Direksiyon s\u0131nav \u00fccreti: 295 TL<\/li>\n\n\n\n<li>A1 S\u0131n\u0131f\u0131: <strong>4.350<\/strong> TL.<\/li>\n\n\n\n<li>A2 S\u0131n\u0131f\u0131:&nbsp;<strong>4.820<\/strong> TL<\/li>\n\n\n\n<li>&nbsp;B ve B otamatik s\u0131n\u0131f:&nbsp;<strong>7.060<\/strong> TL<\/li>\n\n\n\n<li>D (Otob\u00fcs) s\u0131n\u0131f\u0131:&nbsp;<strong>5.300<\/strong> TL<\/li>\n\n\n\n<li>100 ceza puan\u0131:&nbsp;<strong>3.250<\/strong> TL<\/li>\n<\/ul>\n\n\n\n<figure class=\"wp-block-image size-large\"><img loading=\"lazy\" decoding=\"async\" width=\"1024\" height=\"576\" src=\"https:\/\/www.karekod.org\/blog\/wp-content\/uploads\/2023\/01\/surucu-kursu-2-1024x576.jpg\" alt=\"S\u00fcr\u00fcc\u00fc Kursu\" class=\"wp-image-15499\" srcset=\"https:\/\/www.karekod.org\/blog\/wp-content\/uploads\/2023\/01\/surucu-kursu-2-1024x576.jpg 1024w, https:\/\/www.karekod.org\/blog\/wp-content\/uploads\/2023\/01\/surucu-kursu-2-300x169.jpg 300w, https:\/\/www.karekod.org\/blog\/wp-content\/uploads\/2023\/01\/surucu-kursu-2-768x432.jpg 768w, https:\/\/www.karekod.org\/blog\/wp-content\/uploads\/2023\/01\/surucu-kursu-2-1536x864.jpg 1536w, https:\/\/www.karekod.org\/blog\/wp-content\/uploads\/2023\/01\/surucu-kursu-2-2048x1152.jpg 2048w, https:\/\/www.karekod.org\/blog\/wp-content\/uploads\/2023\/01\/surucu-kursu-2-730x411.jpg 730w, https:\/\/www.karekod.org\/blog\/wp-content\/uploads\/2023\/01\/surucu-kursu-2-350x197.jpg 350w, https:\/\/www.karekod.org\/blog\/wp-content\/uploads\/2023\/01\/surucu-kursu-2-1100x619.jpg 1100w\" sizes=\"auto, (max-width: 1024px) 100vw, 1024px\" \/><figcaption class=\"wp-element-caption\">S\u00fcr\u00fcc\u00fc Kursu<\/figcaption><\/figure>\n\n\n\n<p>2016 y\u0131l\u0131ndan \u00f6nce B s\u0131n\u0131f\u0131 ehliyeti olup, D s\u0131n\u0131f\u0131 i\u00e7in \u00f6demesi gereken tutar: \u00f6demeleri gereken tutar&nbsp;4.650 TL&#8217;dir. Ba\u015fka bir s\u0131n\u0131f ehliyeti olup A2 s\u0131n\u0131f\u0131 ehliyet almak isteyen adaylar\u0131n \u00fccreti ise&nbsp;4.350 TL&#8217;dir. A1, A2, A s\u0131n\u0131f ehliyeti olup B s\u0131n\u0131f\u0131 otomobil ehliyeti almak isteyenlerin i\u00e7in \u00fccret&nbsp;4.800 TL&#8217;dir.<\/p>\n\n\n\n<h3 class=\"wp-block-heading\"><span class=\"ez-toc-section\" id=\"Ehliyet_Sinav_Ucretleri_Ne_Kadar\"><\/span>Ehliyet S\u0131nav \u00dccretleri Ne Kadar?<span class=\"ez-toc-section-end\"><\/span><\/h3>\n\n\n\n<ul class=\"wp-block-list\">\n<li>Teorik S\u0131nav Giri\u015f \u00dccreti: 120 TL<\/li>\n\n\n\n<li>Direksiyon S\u0131nav Giri\u015f \u00dccreti: 160 TL<\/li>\n\n\n\n<li>Ehliyet y\u00fckseltmek i\u00e7in Direksiyon S\u0131nav \u00dccreti: 160 TL<\/li>\n<\/ul>\n\n\n\n<p>Yukar\u0131daki s\u0131nav \u00fccretleri ilk defa ehliyet alanlar i\u00e7in ge\u00e7erlidir.<\/p>\n\n\n\n<h3 class=\"wp-block-heading\"><span class=\"ez-toc-section\" id=\"Harc_Ucretleri_Ne_Kadar_2023\"><\/span>Har\u00e7 \u00dccretleri Ne Kadar 2023?<span class=\"ez-toc-section-end\"><\/span><\/h3>\n\n\n\n<ul class=\"wp-block-list\">\n<li>A, A1, A2 ve F S\u0131n\u0131f\u0131 \u0130\u00e7in Har\u00e7 \u00dccreti: 1.594 TL<\/li>\n\n\n\n<li>B S\u0131n\u0131f\u0131 \u0130\u00e7in Har\u00e7 \u00dccreti: 3.258,9 TL<\/li>\n\n\n\n<li>B1, BE, C1, C1E, C, ve CE S\u0131n\u0131f\u0131 \u0130\u00e7in Har\u00e7 \u00dccreti: 4.923,70 TL<\/li>\n\n\n\n<li>D1, D1E, D, DE, G ve M S\u0131n\u0131f\u0131 \u0130\u00e7in Har\u00e7 \u00dccreti: 4.923,70 TL<\/li>\n<\/ul>\n\n\n\n<h3 class=\"wp-block-heading\"><span class=\"ez-toc-section\" id=\"Ehliyet_Yenileme_Fiyatlari\"><\/span>Ehliyet Yenileme Fiyatlar\u0131<span class=\"ez-toc-section-end\"><\/span><\/h3>\n\n\n\n<ul class=\"wp-block-list\">\n<li>Eski tip ehliyetini yeni tip ile de\u011fi\u015ftireceklerin \u00f6deyecekleri \u00fccret: 15 TL&#8217;dir.<\/li>\n\n\n\n<li>Ehliyetlerini yenilemek isteyenlerin, kaybedenlerin veya \u00e7ald\u0131ranlar\u0131n \u00f6deyecekleri \u00fccret: 769 TL&#8217;dir.<\/li>\n<\/ul>\n\n\n\n<blockquote class=\"wp-block-quote is-layout-flow wp-block-quote-is-layout-flow\">\n<p>Ehliyet har\u00e7lar\u0131 devlete, s\u0131nav \u00fccretleri ise MEB&#8217;e \u00f6denmektedir.<\/p>\n<cite>Karekod Blog<\/cite><\/blockquote>\n\n\n\n<h3 class=\"wp-block-heading\"><span class=\"ez-toc-section\" id=\"Harc_Ucreti_Nereye_Yatirilir\"><\/span>Har\u00e7 \u00dccreti Nereye Yat\u0131r\u0131l\u0131r?<span class=\"ez-toc-section-end\"><\/span><\/h3>\n\n\n\n<ul class=\"wp-block-list\">\n<li>Akbank<\/li>\n\n\n\n<li>AtifBank<\/li>\n\n\n\n<li>ING Bank<\/li>\n\n\n\n<li>Garanti Bankas\u0131<\/li>\n\n\n\n<li>\u015eekerBank<\/li>\n\n\n\n<li>T\u00fcrkiye Vak\u0131flar B.<\/li>\n\n\n\n<li>Kuveyt T\u00fcrk<\/li>\n\n\n\n<li>Albaraka T\u00fcrk<\/li>\n\n\n\n<li>T.C. Ziraat Bankas\u0131<\/li>\n\n\n\n<li>T\u00fcrk Ekonomi Bankas\u0131<\/li>\n\n\n\n<li>DenizBank<\/li>\n\n\n\n<li>PTT Bank<\/li>\n<\/ul>\n\n\n\n<p><strong>\u0130pucu:<\/strong> <a href=\"https:\/\/www.karekod.org\/blog\/arac-kiralama\/\">Ara\u00e7 kiralama<\/a> hakk\u0131nda detayl\u0131 bilgili i\u00e7in ilgili ba\u011flant\u0131y\u0131 incelebilirsiniz.<\/p>\n\n\n\n<h3 class=\"wp-block-heading\"><span class=\"ez-toc-section\" id=\"Avrupada_Ehliyet_Fiyatlari\"><\/span>Avrupa&#8217;da Ehliyet Fiyatlar\u0131<span class=\"ez-toc-section-end\"><\/span><\/h3>\n\n\n\n<figure class=\"wp-block-image size-large\"><img loading=\"lazy\" decoding=\"async\" width=\"1024\" height=\"461\" src=\"https:\/\/www.karekod.org\/blog\/wp-content\/uploads\/2023\/04\/ehliyet-kursu-1024x461.jpg\" alt=\"Ehliyet Kursu\" class=\"wp-image-20093\" srcset=\"https:\/\/www.karekod.org\/blog\/wp-content\/uploads\/2023\/04\/ehliyet-kursu-1024x461.jpg 1024w, https:\/\/www.karekod.org\/blog\/wp-content\/uploads\/2023\/04\/ehliyet-kursu-300x135.jpg 300w, https:\/\/www.karekod.org\/blog\/wp-content\/uploads\/2023\/04\/ehliyet-kursu-768x346.jpg 768w, https:\/\/www.karekod.org\/blog\/wp-content\/uploads\/2023\/04\/ehliyet-kursu-1536x691.jpg 1536w, https:\/\/www.karekod.org\/blog\/wp-content\/uploads\/2023\/04\/ehliyet-kursu-2048x921.jpg 2048w, https:\/\/www.karekod.org\/blog\/wp-content\/uploads\/2023\/04\/ehliyet-kursu-730x328.jpg 730w, https:\/\/www.karekod.org\/blog\/wp-content\/uploads\/2023\/04\/ehliyet-kursu-350x157.jpg 350w, https:\/\/www.karekod.org\/blog\/wp-content\/uploads\/2023\/04\/ehliyet-kursu-1100x495.jpg 1100w\" sizes=\"auto, (max-width: 1024px) 100vw, 1024px\" \/><figcaption class=\"wp-element-caption\">Ehliyet Kursu<\/figcaption><\/figure>\n\n\n\n<p>Her \u00fclkenin kendi ehliyet alma prosed\u00fcrleri ve maliyetleri bulunmaktad\u0131r. \u00d6rne\u011fin, Almanya&#8217;da ehliyet almak i\u00e7in genellikle bin euro gibi bir \u00fccret \u00f6denmektedir. Fransa&#8217;da ise yakla\u015f\u0131k olarak 300-400 euro aras\u0131nda de\u011fi\u015fen fiyatlar s\u00f6z konusudur. \u0130ngiltere&#8217;de ehliyet almak daha pahal\u0131 olabilir ve 1000 poundu bulabilir. \u0130talya&#8217;da ise ehliyet maliyeti genellikle 200-300 euro aras\u0131nda de\u011fi\u015fmektedir. A\u015fa\u011f\u0131daki tabloda Avrupa&#8217;daki baz\u0131 \u00fclkelerdeki ehliyet fiyatlar\u0131n\u0131 g\u00f6steren bir kar\u015f\u0131la\u015ft\u0131rma bulunmaktad\u0131r:<\/p>\n\n\n\n<figure class=\"wp-block-table\"><table><tbody><tr><td><strong>\u00dclke<\/strong><\/td><td><strong>Fiyatlar<\/strong><\/td><\/tr><tr><td>Almanya ehliyet fiyat\u0131<\/td><td>1.000 Euro<\/td><\/tr><tr><td>Fransa ehliyet fiyat\u0131<\/td><td>350 Euro<\/td><\/tr><tr><td>\u0130ngiltere ehliyet fiyat\u0131<\/td><td>1.000 Euro<\/td><\/tr><tr><td>\u0130talya ehliyet fiyat\u0131<\/td><td>250 Euro<\/td><\/tr><tr><td>\u0130spanya ehliyet fiyat\u0131<\/td><td>500 Euro<\/td><\/tr><tr><td>Hollanda ehliyet fiyat\u0131<\/td><td>550 Euro<\/td><\/tr><tr><td>Polonya ehliyet fiyat\u0131<\/td><td>200 Euro<\/td><\/tr><tr><td>Bel\u00e7ika ehliyet fiyat\u0131<\/td><td>500 Euro<\/td><\/tr><tr><td>\u0130sve\u00e7 ehliyet fiyat\u0131<\/td><td> 600 Euro<\/td><\/tr><\/tbody><\/table><figcaption class=\"wp-element-caption\">Avrupa&#8217;da Ehliyet Fiyatlar\u0131<\/figcaption><\/figure>\n\n\n\n<h2 class=\"wp-block-heading\"><span class=\"ez-toc-section\" id=\"Ehliyet_Siniflari_ve_Kullanabilecekleri_Araclar\"><\/span>Ehliyet S\u0131n\u0131flar\u0131 ve Kullanabilecekleri Ara\u00e7lar<span class=\"ez-toc-section-end\"><\/span><\/h2>\n\n\n\n<figure class=\"wp-block-table\"><table><thead><tr><th>hliyet S\u0131n\u0131f\u0131<\/th><th>Kullan\u0131labilecek Ara\u00e7lar<\/th><th>Kullan\u0131m \u015eartlar\u0131<\/th><\/tr><\/thead><tbody><tr><td>A1<\/td><td>Motorlu bisiklet ve hafif motosiklet<\/td><td>Motor silindir hacmi 125 cc&#8217;yi ge\u00e7meyen hafif motosikletler. En fazla 11 kW g\u00fc\u00e7 \u00fcreten ve 0.1 kW\/kg a\u011f\u0131rl\u0131k oran\u0131na sahip olacak.<\/td><\/tr><tr><td>A2<\/td><td>Orta s\u0131n\u0131f motosiklet<\/td><td>Motor silindir hacmi 395 cc&#8217;yi ge\u00e7meyen, 0.2 kW\/kg a\u011f\u0131rl\u0131k oran\u0131na sahip olacak ve en fazla 35 kW g\u00fc\u00e7 \u00fcretebilecek.<\/td><\/tr><tr><td>A<\/td><td>A\u011f\u0131r motosiklet ve \u00f6zel ama\u00e7l\u0131 ara\u00e7lar<\/td><td>Motor silindir hacmi 595 cc&#8217;yi ge\u00e7en, 0.2 kW\/kg a\u011f\u0131rl\u0131k oran\u0131na sahip olacak ve 50 kW g\u00fcc\u00fc a\u015fmayacak. A s\u0131n\u0131f\u0131 s\u00fcr\u00fcc\u00fc belgesi ile \u00f6zel ama\u00e7l\u0131 ara\u00e7lar da kullan\u0131labilir.<\/td><\/tr><tr><td>B<\/td><td>Otomobil, kamyonet, minib\u00fcs<\/td><td>Otomobil, kamyonet ve minib\u00fcsler kullan\u0131labilece\u011fi gibi, \u00fc\u00e7 tekerlekli ara\u00e7lar, tar\u0131m ve orman trakt\u00f6rleri, motorsiklet ve motorlu bisiklet de kullan\u0131labilir.<\/td><\/tr><tr><td>C<\/td><td>Kamyon, T\u0131rlar (\u00c7ekici + R\u00f6mork)<\/td><td>Kamyon, t\u0131rlar, \u00e7ekici ve r\u00f6morklar kullan\u0131labilece\u011fi gibi otomobil, kamyonet, minib\u00fcs, \u00fc\u00e7 tekerlekli ara\u00e7lar, tar\u0131m ve orman trakt\u00f6rleri, motorsiklet ve motorlu bisiklet de kullan\u0131labilir.<\/td><\/tr><tr><td>D1<\/td><td>K\u00fc\u00e7\u00fck otob\u00fcs ve minib\u00fcs<\/td><td>En fazla 16 yolcu ta\u015f\u0131yan k\u00fc\u00e7\u00fck otob\u00fcsler ve minib\u00fcsler kullan\u0131labilece\u011fi gibi, otomobil, kamyonet, motorsiklet ve motorlu bisiklet de kullan\u0131labilir.<\/td><\/tr><tr><td>D<\/td><td>Otob\u00fcs<\/td><td>Otob\u00fcsler kullan\u0131labilece\u011fi gibi, otomobil, kamyonet, minib\u00fcs, \u00fc\u00e7 tekerlekli ara\u00e7lar, tar\u0131m ve orman trakt\u00f6rleri, motorsiklet ve motorlu bisiklet de kullan\u0131labilir.<\/td><\/tr><tr><td>E<\/td><td>\u00c7ekici + R\u00f6mork<\/td><td>\u00c7ekici ve r\u00f6morklar\u0131n toplam a\u011f\u0131rl\u0131\u011f\u0131 7500 kg&#8217;yi ge\u00e7en ara\u00e7lar i\u00e7in kullan\u0131l\u0131r. A s\u0131n\u0131f\u0131 s\u00fcr\u00fcc\u00fc belgesi sahipleri E s\u0131n\u0131f\u0131 s\u00fcr\u00fcc\u00fc belgesi almak i\u00e7in ba\u015fvurabilirler.<\/td><\/tr><\/tbody><\/table><figcaption class=\"wp-element-caption\">Ehliyet S\u0131n\u0131flar\u0131 ve Kullanabilecekleri Ara\u00e7lar<\/figcaption><\/figure>\n\n\n\n<blockquote class=\"wp-block-quote is-layout-flow wp-block-quote-is-layout-flow\">\n<p>T\u00fcrkiye S\u00fcr\u00fcc\u00fc Kurslar\u0131 Federasyonu&#8217;ndan veya Emniyet Genel M\u00fcd\u00fcrl\u00fc\u011f\u00fc Trafik Hizmetleri Ba\u015fkanl\u0131\u011f\u0131&#8217;ndan resmi bilgi alabilirsiniz.<\/p>\n<cite>Karekod Blog<\/cite><\/blockquote>\n\n\n\n<h3 class=\"wp-block-heading\"><span class=\"ez-toc-section\" id=\"Ehliyet_Fiyatlari_Hakkinda_Sikca_Sorulan_Sorular\"><\/span>Ehliyet Fiyatlar\u0131 Hakk\u0131nda S\u0131k\u00e7a Sorulan Sorular<span class=\"ez-toc-section-end\"><\/span><\/h3>\n\n\n\n<figure class=\"wp-block-image size-large\"><img loading=\"lazy\" decoding=\"async\" width=\"1024\" height=\"947\" src=\"https:\/\/www.karekod.org\/blog\/wp-content\/uploads\/2023\/01\/ehliyet-sinavi-1-1024x947.jpg\" alt=\"Ehliyet S\u0131nav\u0131\" class=\"wp-image-15500\" srcset=\"https:\/\/www.karekod.org\/blog\/wp-content\/uploads\/2023\/01\/ehliyet-sinavi-1-1024x947.jpg 1024w, https:\/\/www.karekod.org\/blog\/wp-content\/uploads\/2023\/01\/ehliyet-sinavi-1-300x278.jpg 300w, https:\/\/www.karekod.org\/blog\/wp-content\/uploads\/2023\/01\/ehliyet-sinavi-1-768x711.jpg 768w, https:\/\/www.karekod.org\/blog\/wp-content\/uploads\/2023\/01\/ehliyet-sinavi-1-730x675.jpg 730w, https:\/\/www.karekod.org\/blog\/wp-content\/uploads\/2023\/01\/ehliyet-sinavi-1-350x324.jpg 350w, https:\/\/www.karekod.org\/blog\/wp-content\/uploads\/2023\/01\/ehliyet-sinavi-1-1100x1018.jpg 1100w, https:\/\/www.karekod.org\/blog\/wp-content\/uploads\/2023\/01\/ehliyet-sinavi-1.jpg 1376w\" sizes=\"auto, (max-width: 1024px) 100vw, 1024px\" \/><figcaption class=\"wp-element-caption\">Trafik \u0130\u015faretleri<\/figcaption><\/figure>\n\n\n\n<div class=\"schema-faq wp-block-yoast-faq-block\"><div class=\"schema-faq-section\" id=\"faq-question-1674050642913\"><strong class=\"schema-faq-question\">Ehliyet fiyatlar\u0131 ka\u00e7 TL 2023?<\/strong> <p class=\"schema-faq-answer\">F s\u0131n\u0131f\u0131 ehliyet toplam \u00fccreti 12.121 TL, M s\u0131n\u0131f\u0131 ehliyet \u00fccreti 10.439 TL ve Engelli s\u0131n\u0131f\u0131 ehliyet fiyat\u0131 ise 13.746 TL&#8217;ye y\u00fckseldi.<\/p> <\/div> <div class=\"schema-faq-section\" id=\"faq-question-1674050782341\"><strong class=\"schema-faq-question\">B s\u0131n\u0131f\u0131 ehliyet her \u015fey dahil ne kadar 2023?<\/strong> <p class=\"schema-faq-answer\">B s\u0131n\u0131f\u0131 ehliyet almak isteyen yeni s\u00fcr\u00fcc\u00fc adaylar\u0131 her \u015fey dahil 10.345 TL \u00f6demek zorunda.<\/p> <\/div> <div class=\"schema-faq-section\" id=\"faq-question-1674050875603\"><strong class=\"schema-faq-question\">Ehliyet ka\u00e7 ayda al\u0131n\u0131r 2023?<\/strong> <p class=\"schema-faq-answer\">2023 y\u0131l\u0131nda ehliyet \u00e7\u0131kma s\u00fcresi toplamda 45 g\u00fcn s\u00fcrer. Kursta teorik ders alma s\u00fcresi 15 g\u00fcnd\u00fcr. Teorik dersler tamamland\u0131ktan sonra bir ay boyunca direksiyon e\u011fitimine kat\u0131lman\u0131z gerekir.<\/p> <\/div> <div class=\"schema-faq-section\" id=\"faq-question-1674217079186\"><strong class=\"schema-faq-question\">Ehliyet yenileme \u00fccreti ne kadar 2023?<\/strong> <p class=\"schema-faq-answer\">Eski tip ehliyetini yeni tip ile de\u011fi\u015ftirmek 15 TL&#8217;dir. Ehliyetlerini yenilemek isteyenlerin, kaybedenlerin veya \u00e7ald\u0131ranlar\u0131n \u00f6deyecekleri \u00fccret: 769 TL&#8217;dir.<\/p> <\/div> <div class=\"schema-faq-section\" id=\"faq-question-1674217168768\"><strong class=\"schema-faq-question\">B s\u0131n\u0131f\u0131 ehliyet hangi ara\u00e7lar\u0131 kullanabilir?<\/strong> <p class=\"schema-faq-answer\">B s\u0131n\u0131f\u0131 s\u00fcr\u00fcc\u00fc belgesi ile <strong>otomobil<\/strong> ve <strong>kamyonet<\/strong> s\u0131n\u0131f\u0131na dahil t\u00fcm ara\u00e7lar\u0131 kullanabiliyor. Bu ehliyet t\u00fcr\u00fc M ve F s\u0131n\u0131flar\u0131n\u0131 da kaps\u0131yor. Bu s\u0131n\u0131f\u0131n i\u00e7indeki ta\u015f\u0131tlar ise motorlu bisiklet, trakt\u00f6r ve ticari ama\u00e7l\u0131 olmamak kayd\u0131yla r\u00f6mork ta\u015f\u0131yabilen tar\u0131m ara\u00e7lar\u0131d\u0131r.<\/p> <\/div> <div class=\"schema-faq-section\" id=\"faq-question-1682974935029\"><strong class=\"schema-faq-question\">Ehliyet ne kadar 2023?<\/strong> <p class=\"schema-faq-answer\">2023 y\u0131l\u0131nda A s\u0131n\u0131f\u0131 s\u00fcr\u00fcc\u00fc belgesi i\u00e7in toplam 1.594 TL&#8217;lik bir \u00fccret \u00f6demeniz gerekiyor.<\/p> <\/div> <\/div>\n\n\n\n<h2 class=\"wp-block-heading\"><span class=\"ez-toc-section\" id=\"Ehliyet_Nedir\"><\/span>Ehliyet Nedir?<span class=\"ez-toc-section-end\"><\/span><\/h2>\n\n\n\n<p>Bir arac\u0131 kullanabilme yetkisini belirten resmi bir belgedir. Genellikle s\u00fcr\u00fcc\u00fc ehliyeti olarak adland\u0131r\u0131l\u0131r. <em>Motorlu ara\u00e7lar, motosikletler, kamyonlar, otob\u00fcsler ve di\u011fer ara\u00e7lar gibi \u00e7e\u015fitli ara\u00e7 t\u00fcrleri i\u00e7in verilir.<\/em><\/p>\n\n\n\n<p>Ehliyet, s\u00fcr\u00fcc\u00fclerin belirli bir ara\u00e7 t\u00fcr\u00fcn\u00fc kullanma kabiliyetlerinin yasal olarak tan\u0131nmas\u0131na ve belgelenmesine izin verir. Ehliyet almak i\u00e7in, adaylar\u0131n belirli bir ya\u015f s\u0131n\u0131r\u0131n\u0131, s\u00fcr\u00fc\u015f becerileri testlerini ve trafik kurallar\u0131 ve y\u00f6netmelikleri hakk\u0131nda bilgi sahibi olmalar\u0131n\u0131 g\u00f6steren bir s\u0131nav\u0131 ge\u00e7meleri gerekir.<\/p>\n\n\n\n<p>Trafik kurallar\u0131na uyma ve di\u011fer s\u00fcr\u00fcc\u00fclerin ve yayalar\u0131n g\u00fcvenli\u011fini sa\u011flama sorumlulu\u011funu ta\u015f\u0131r.<\/p>\n\n\n\n<blockquote class=\"wp-block-quote is-layout-flow wp-block-quote-is-layout-flow\">\n<p>Ehliyet, s\u00fcr\u00fcc\u00fclerin g\u00fcvenli bir \u015fekilde ara\u00e7 kullanmalar\u0131na yard\u0131mc\u0131 olmak i\u00e7in gereklidir<\/p>\n<cite>Karekod Blog<\/cite><\/blockquote>\n\n\n\n<h3 class=\"wp-block-heading\"><span class=\"ez-toc-section\" id=\"Kimler_Alabilir\"><\/span>Kimler Alabilir?<span class=\"ez-toc-section-end\"><\/span><\/h3>\n\n\n\n<ul class=\"wp-block-list\">\n<li>Belirli bir ya\u015f s\u0131n\u0131r\u0131n\u0131 ge\u00e7mi\u015f olmak (\u00f6rne\u011fin, 18 ya\u015f ve \u00fczeri)<\/li>\n\n\n\n<li>S\u00fcr\u00fcc\u00fc ehliyeti s\u0131navlar\u0131n\u0131 ge\u00e7mek (teorik ve\/veya pratik s\u00fcr\u00fc\u015f s\u0131navlar\u0131)<\/li>\n\n\n\n<li>Sa\u011fl\u0131k ve g\u00f6rme testlerini ge\u00e7mek<\/li>\n\n\n\n<li>Gerekli belgeleri sunmak (kimlik kart\u0131, pasaport, vb.)<\/li>\n\n\n\n<li>Ehliyet almak i\u00e7in \u00f6ng\u00f6r\u00fclen \u00fccretleri \u00f6demek<\/li>\n<\/ul>\n\n\n\n<figure class=\"wp-block-embed is-type-video is-provider-youtube wp-block-embed-youtube wp-embed-aspect-16-9 wp-has-aspect-ratio\"><div class=\"wp-block-embed__wrapper\">\n<iframe loading=\"lazy\" title=\"\u00c7ocuklar i\u00e7in trafik kurallar\u0131 e\u011fitimi - Animasyon\" width=\"500\" height=\"281\" src=\"https:\/\/www.youtube.com\/embed\/0ComN8ABymk?feature=oembed\" frameborder=\"0\" allow=\"accelerometer; autoplay; clipboard-write; encrypted-media; gyroscope; picture-in-picture; web-share\" referrerpolicy=\"strict-origin-when-cross-origin\" allowfullscreen><\/iframe>\n<\/div><figcaption class=\"wp-element-caption\">Trafik Kurallar\u0131 E\u011fitimi &#8211; Yaya ge\u00e7idinde yol vermesini bilmeyen angutlar i\u00e7in ka\u00e7\u0131r\u0131lmayacak bir e\u011fitim videosu<\/figcaption><\/figure>\n\n\n\n<p><strong>\u00d6neri:<\/strong> <a href=\"https:\/\/www.karekod.org\/blog\/kimlik-karti-yenileme-ucreti\/\">Kimlik kart\u0131 yenileme \u00fccreti<\/a><\/p>\n\n\n\n<h3 class=\"wp-block-heading\"><span class=\"ez-toc-section\" id=\"Arac_Kullanirken_Dikkat_Edilmesi_Gerekenler\"><\/span>Ara\u00e7 Kullan\u0131rken Dikkat Edilmesi Gerekenler<span class=\"ez-toc-section-end\"><\/span><\/h3>\n\n\n\n<ol class=\"wp-block-list\">\n<li><strong>Dikkatli ve sakin olun:<\/strong> Ara\u00e7 kullan\u0131rken dikkatli ve sakin olmak \u00e7ok \u00f6nemlidir. Stresli veya sinirliyseniz, ara\u00e7 kullanmaktan ka\u00e7\u0131n\u0131n veya birka\u00e7 dakika mola verin.<\/li>\n\n\n\n<li><strong>Emniyet kemeri kullan\u0131n:<\/strong> Her zaman emniyet kemeri kullan\u0131n. Emniyet kemeri, kaza durumunda ciddi yaralanmalar\u0131n \u00f6nlenmesine yard\u0131mc\u0131 olabilir.<\/li>\n\n\n\n<li><strong>H\u0131z limitlerine uygun hareket edin:<\/strong> H\u0131z limitlerine uygun hareket edin. Yol durumuna, hava ko\u015fullar\u0131na ve trafik yo\u011funlu\u011funa g\u00f6re h\u0131z\u0131n\u0131z\u0131 ayarlay\u0131n.<\/li>\n\n\n\n<li><strong>Arac\u0131n\u0131z\u0131n bak\u0131m\u0131n\u0131 d\u00fczenli olarak yapt\u0131r\u0131n:<\/strong> Arac\u0131n\u0131z\u0131n bak\u0131m\u0131n\u0131 d\u00fczenli olarak yapt\u0131r\u0131n. Lastik bas\u0131n\u00e7lar\u0131, frenler, \u0131\u015f\u0131klar, ya\u011f seviyeleri gibi arac\u0131n g\u00fcvenli\u011fini etkileyen \u00f6nemli noktalar\u0131 kontrol edin.<\/li>\n\n\n\n<li><strong>Alkol veya uyu\u015fturucu kullanmay\u0131n:<\/strong> Ara\u00e7 kullan\u0131rken alkol veya uyu\u015fturucu kullanmay\u0131n. Bu maddelerin kullan\u0131m\u0131, s\u00fcr\u00fc\u015f becerilerinizi olumsuz etkileyebilir ve kazalara sebep olabilir.<\/li>\n\n\n\n<li><strong>Dikkatinizi yoldan ay\u0131rmay\u0131n:<\/strong> Ara\u00e7 kullan\u0131rken dikkatinizi yoldan ay\u0131rmay\u0131n. Telefon, yiyecek, i\u00e7ecek gibi \u015feyleri kullan\u0131rken veya arka koltuktaki yolcularla konu\u015furken dikkatinizi kaybetmeyin.<\/li>\n\n\n\n<li><strong>Trafik i\u015faretlerine ve i\u015faret\u00e7ilere dikkat edin:<\/strong> Trafik i\u015faretlerine ve i\u015faret\u00e7ilere dikkat edin. Trafik i\u015faretlerinin ve di\u011fer s\u00fcr\u00fcc\u00fclerin sinyallerinin do\u011fru bir \u015fekilde anla\u015f\u0131lmas\u0131, trafik ak\u0131\u015f\u0131n\u0131n d\u00fczenli olmas\u0131na yard\u0131mc\u0131 olur.<\/li>\n<\/ol>\n\n\n\n<h3 class=\"wp-block-heading\"><span class=\"ez-toc-section\" id=\"Ehliyetsiz_Otomobil_ve_Motor_Kullanmanin_Cezasi\"><\/span>Ehliyetsiz Otomobil ve Motor Kullanman\u0131n Cezas\u0131<span class=\"ez-toc-section-end\"><\/span><\/h3>\n\n\n\n<p>2020&#8217;de ehliyetsiz motosiklet kullanman\u0131n cezas\u0131 2.473 TL idi, ancak 2021&#8217;de bu miktar 2.968 TL&#8217;ye y\u00fckseldi. 2023&#8217;te ise ehliyetsiz motosiklet kullanman\u0131n cezas\u0131 8.190 TL olarak saptand\u0131.<\/p>\n\n\n\n<p>Ehliyeti olmayan s\u00fcr\u00fcc\u00fclere verilen cezalar her y\u0131l belirli bir oranda artmaktad\u0131r. \u00d6rnek olarak, ehliyetsiz ara\u00e7 kullanman\u0131n cezas\u0131 2018&#8217;de 2.018 TL iken, 2022&#8217;de 3.674 TL&#8217;ye y\u00fckselmi\u015ftir. 2023&#8217;te ise ehliyetsiz ara\u00e7 kullanma ceza miktar\u0131 8.190 TL&#8217;ye kadar \u00e7\u0131kar\u0131lm\u0131\u015ft\u0131r.<\/p>\n\n\n\n<p>G\u00fcncel <a href=\"https:\/\/www.karekod.org\/blog\/arac-kiralama-fiyatlari-aylik-gunluk-arac-kiralama-ucreti-202\/\" target=\"_blank\" rel=\"noreferrer noopener\">ara\u00e7 kiralama fiyatlar\u0131<\/a> ve <a href=\"https:\/\/www.karekod.org\/blog\/bmw-fiyat-listesi-2025-bmw-x1-serisi-x5-x3-i8-fiyat\/\">BMW fiyat listesi<\/a> i\u00e7in ilgili ba\u011flant\u0131ya gidebilirsiniz.<\/p>\n\n\n\n<h4 class=\"wp-block-heading\"><span class=\"ez-toc-section\" id=\"Ilgili_Baglantilar\"><\/span>\u0130lgili Ba\u011flant\u0131lar<span class=\"ez-toc-section-end\"><\/span><\/h4>\n\n\n\n<p><a href=\"https:\/\/www.karekod.org\/blog\/servis-ucretleri-2022-2023-servis-fiyatlari\/\" target=\"_blank\" rel=\"noreferrer noopener\">Servis \u00dccretleri<\/a><\/p>\n\n\n\n<p><a href=\"https:\/\/www.karekod.org\/blog\/bursa-toplu-tasima-ucretleri-burulas-fiyati\/\" target=\"_blank\" rel=\"noreferrer noopener\">Burula\u015f Fiyatlar\u0131<\/a><\/p>\n\n\n\n<p><a href=\"https:\/\/www.karekod.org\/blog\/eshot-ucretleri-2023-izmir-metro-tramvay-izdeniz-izban-fiyati\/\" target=\"_blank\" rel=\"noreferrer noopener\">ESHOT Fiyatlar\u0131<\/a><\/p>\n\n\n\n<p><a href=\"https:\/\/www.karekod.org\/blog\/istanbul-toplu-tasima-ucretleri-2022\/\" target=\"_blank\" rel=\"noreferrer noopener\">\u0130ETT Fiyatlar\u0131<\/a><\/p>\n\n\n\n<p><a href=\"https:\/\/www.karekod.org\/blog\/volkswagen-fiyat-listesi-2025\/\" target=\"_blank\" rel=\"noreferrer noopener\">Volkswagen Fiyatlar\u0131<\/a><\/p>\n\n\n\n<p><a href=\"https:\/\/www.karekod.org\/blog\/engelli-arac-fiyatlari-2025\/\" target=\"_blank\" rel=\"noreferrer noopener\">Engelli Ara\u00e7 Fiyatlar\u0131<\/a><\/p>\n\n\n\n<p><a href=\"https:\/\/www.karekod.org\/blog\/sarj-istasyonu-fiyatlari\/\">\u015earj \u0130stasyonu Fiyatlar\u0131<\/a><\/p>\n","protected":false},"excerpt":{"rendered":"<p>Son zamlardan sonra ehliyet kurs ve s\u00fcr\u00fcc\u00fc belgesi har\u00e7 \u00fccretleri 2023 y\u0131l\u0131nda ne kadar oldu? A, A1, A2, B, B1, [&hellip;]<\/p>\n","protected":false},"author":1,"featured_media":13660,"comment_status":"open","ping_status":"open","sticky":false,"template":"","format":"standard","meta":{"footnotes":""},"categories":[3957,53],"tags":[2939,2934,2935,2936],"class_list":["post-13659","post","type-post","status-publish","format-standard","has-post-thumbnail","hentry","category-gundem","category-haberler","tag-b-sinifi-ehliyet","tag-ehliyet-fiyatlari","tag-ehliyet-fiyatlari-2023","tag-ehliyet-kursu-fiyatlari"],"yoast_head":"<!-- This site is optimized with the Yoast SEO plugin v27.5 - https:\/\/yoast.com\/product\/yoast-seo-wordpress\/ -->\n<title>Ehliyet Fiyatlar\u0131 2023 (Kurs ve Har\u00e7 \u00dccretleri) - Karekod Blog<\/title>\n<meta name=\"description\" content=\"Ehliyet fiyatlar\u0131 2023: F s\u0131n\u0131f\u0131 ehliyet almak isteyen yeni s\u00fcr\u00fcc\u00fc adaylar\u0131 toplamda 12.121 TL, M s\u0131n\u0131f\u0131 ehliyet almak isteyenler 10.439 TL\" \/>\n<meta name=\"robots\" content=\"index, follow, max-snippet:-1, max-image-preview:large, max-video-preview:-1\" \/>\n<link rel=\"canonical\" href=\"https:\/\/www.karekod.org\/blog\/ehliyet-fiyatlari-2023-kurs-ve-harc-ucretleri-ne-kadar\/\" \/>\n<meta property=\"og:locale\" content=\"tr_TR\" \/>\n<meta property=\"og:type\" content=\"article\" \/>\n<meta property=\"og:title\" content=\"Ehliyet Fiyatlar\u0131 2023 (Kurs ve Har\u00e7 \u00dccretleri) - Karekod Blog\" \/>\n<meta property=\"og:description\" content=\"Ehliyet fiyatlar\u0131 2023: F s\u0131n\u0131f\u0131 ehliyet almak isteyen yeni s\u00fcr\u00fcc\u00fc adaylar\u0131 toplamda 12.121 TL, M s\u0131n\u0131f\u0131 ehliyet almak isteyenler 10.439 TL\" \/>\n<meta property=\"og:url\" content=\"https:\/\/www.karekod.org\/blog\/ehliyet-fiyatlari-2023-kurs-ve-harc-ucretleri-ne-kadar\/\" \/>\n<meta property=\"og:site_name\" content=\"Karekod Blog\" \/>\n<meta property=\"article:publisher\" content=\"https:\/\/www.facebook.com\/QarMenu\/\" \/>\n<meta property=\"article:author\" content=\"https:\/\/www.facebook.com\/mentor.perplexed\/\" \/>\n<meta property=\"article:published_time\" content=\"2023-10-09T22:14:31+00:00\" \/>\n<meta property=\"article:modified_time\" content=\"2025-02-28T01:33:56+00:00\" \/>\n<meta property=\"og:image\" content=\"https:\/\/www.karekod.org\/blog\/wp-content\/uploads\/2023\/01\/surucu-kursu.jpg\" \/>\n\t<meta property=\"og:image:width\" content=\"1200\" \/>\n\t<meta property=\"og:image:height\" content=\"800\" \/>\n\t<meta property=\"og:image:type\" content=\"image\/jpeg\" \/>\n<meta name=\"author\" content=\"Muharrem Emino\u011flu\" \/>\n<meta name=\"twitter:card\" content=\"summary_large_image\" \/>\n<meta name=\"twitter:creator\" content=\"@temassizmenu\" \/>\n<meta name=\"twitter:site\" content=\"@temassizmenu\" \/>\n<meta name=\"twitter:label1\" content=\"Yazan:\" \/>\n\t<meta name=\"twitter:data1\" content=\"Muharrem Emino\u011flu\" \/>\n\t<meta name=\"twitter:label2\" content=\"Tahmini okuma s\u00fcresi\" \/>\n\t<meta name=\"twitter:data2\" content=\"14 dakika\" \/>\n<script type=\"application\/ld+json\" class=\"yoast-schema-graph\">{\"@context\":\"https:\\\/\\\/schema.org\",\"@graph\":[{\"@type\":\"NewsArticle\",\"@id\":\"https:\\\/\\\/www.karekod.org\\\/blog\\\/ehliyet-fiyatlari-2023-kurs-ve-harc-ucretleri-ne-kadar\\\/#article\",\"isPartOf\":{\"@id\":\"https:\\\/\\\/www.karekod.org\\\/blog\\\/ehliyet-fiyatlari-2023-kurs-ve-harc-ucretleri-ne-kadar\\\/\"},\"author\":{\"name\":\"Muharrem Emino\u011flu\",\"@id\":\"https:\\\/\\\/www.karekod.org\\\/blog\\\/#\\\/schema\\\/person\\\/8c87c879aca1c63c7438bf937a5da8bd\"},\"headline\":\"Ehliyet Fiyatlar\u0131 2023 (Kurs ve Har\u00e7 \u00dccretleri)\",\"datePublished\":\"2023-10-09T22:14:31+00:00\",\"dateModified\":\"2025-02-28T01:33:56+00:00\",\"mainEntityOfPage\":{\"@id\":\"https:\\\/\\\/www.karekod.org\\\/blog\\\/ehliyet-fiyatlari-2023-kurs-ve-harc-ucretleri-ne-kadar\\\/\"},\"wordCount\":2713,\"commentCount\":7,\"publisher\":{\"@id\":\"https:\\\/\\\/www.karekod.org\\\/blog\\\/#organization\"},\"image\":{\"@id\":\"https:\\\/\\\/www.karekod.org\\\/blog\\\/ehliyet-fiyatlari-2023-kurs-ve-harc-ucretleri-ne-kadar\\\/#primaryimage\"},\"thumbnailUrl\":\"https:\\\/\\\/www.karekod.org\\\/blog\\\/wp-content\\\/uploads\\\/2023\\\/01\\\/surucu-kursu.jpg\",\"keywords\":[\"b s\u0131n\u0131f\u0131 ehliyet\",\"ehliyet fiyatlar\u0131\",\"ehliyet fiyatlar\u0131 2023\",\"ehliyet kursu fiyatlar\u0131\"],\"articleSection\":[\"G\u00fcndem\",\"Haberler\"],\"inLanguage\":\"tr\",\"potentialAction\":[{\"@type\":\"CommentAction\",\"name\":\"Comment\",\"target\":[\"https:\\\/\\\/www.karekod.org\\\/blog\\\/ehliyet-fiyatlari-2023-kurs-ve-harc-ucretleri-ne-kadar\\\/#respond\"]}]},{\"@type\":[\"WebPage\",\"FAQPage\"],\"@id\":\"https:\\\/\\\/www.karekod.org\\\/blog\\\/ehliyet-fiyatlari-2023-kurs-ve-harc-ucretleri-ne-kadar\\\/\",\"url\":\"https:\\\/\\\/www.karekod.org\\\/blog\\\/ehliyet-fiyatlari-2023-kurs-ve-harc-ucretleri-ne-kadar\\\/\",\"name\":\"Ehliyet Fiyatlar\u0131 2023 (Kurs ve Har\u00e7 \u00dccretleri) - Karekod Blog\",\"isPartOf\":{\"@id\":\"https:\\\/\\\/www.karekod.org\\\/blog\\\/#website\"},\"primaryImageOfPage\":{\"@id\":\"https:\\\/\\\/www.karekod.org\\\/blog\\\/ehliyet-fiyatlari-2023-kurs-ve-harc-ucretleri-ne-kadar\\\/#primaryimage\"},\"image\":{\"@id\":\"https:\\\/\\\/www.karekod.org\\\/blog\\\/ehliyet-fiyatlari-2023-kurs-ve-harc-ucretleri-ne-kadar\\\/#primaryimage\"},\"thumbnailUrl\":\"https:\\\/\\\/www.karekod.org\\\/blog\\\/wp-content\\\/uploads\\\/2023\\\/01\\\/surucu-kursu.jpg\",\"datePublished\":\"2023-10-09T22:14:31+00:00\",\"dateModified\":\"2025-02-28T01:33:56+00:00\",\"description\":\"Ehliyet fiyatlar\u0131 2023: F s\u0131n\u0131f\u0131 ehliyet almak isteyen yeni s\u00fcr\u00fcc\u00fc adaylar\u0131 toplamda 12.121 TL, M s\u0131n\u0131f\u0131 ehliyet almak isteyenler 10.439 TL\",\"breadcrumb\":{\"@id\":\"https:\\\/\\\/www.karekod.org\\\/blog\\\/ehliyet-fiyatlari-2023-kurs-ve-harc-ucretleri-ne-kadar\\\/#breadcrumb\"},\"mainEntity\":[{\"@id\":\"https:\\\/\\\/www.karekod.org\\\/blog\\\/ehliyet-fiyatlari-2023-kurs-ve-harc-ucretleri-ne-kadar\\\/#faq-question-1674050642913\"},{\"@id\":\"https:\\\/\\\/www.karekod.org\\\/blog\\\/ehliyet-fiyatlari-2023-kurs-ve-harc-ucretleri-ne-kadar\\\/#faq-question-1674050782341\"},{\"@id\":\"https:\\\/\\\/www.karekod.org\\\/blog\\\/ehliyet-fiyatlari-2023-kurs-ve-harc-ucretleri-ne-kadar\\\/#faq-question-1674050875603\"},{\"@id\":\"https:\\\/\\\/www.karekod.org\\\/blog\\\/ehliyet-fiyatlari-2023-kurs-ve-harc-ucretleri-ne-kadar\\\/#faq-question-1674217079186\"},{\"@id\":\"https:\\\/\\\/www.karekod.org\\\/blog\\\/ehliyet-fiyatlari-2023-kurs-ve-harc-ucretleri-ne-kadar\\\/#faq-question-1674217168768\"},{\"@id\":\"https:\\\/\\\/www.karekod.org\\\/blog\\\/ehliyet-fiyatlari-2023-kurs-ve-harc-ucretleri-ne-kadar\\\/#faq-question-1682974935029\"}],\"inLanguage\":\"tr\",\"potentialAction\":[{\"@type\":\"ReadAction\",\"target\":[\"https:\\\/\\\/www.karekod.org\\\/blog\\\/ehliyet-fiyatlari-2023-kurs-ve-harc-ucretleri-ne-kadar\\\/\"]}]},{\"@type\":\"ImageObject\",\"inLanguage\":\"tr\",\"@id\":\"https:\\\/\\\/www.karekod.org\\\/blog\\\/ehliyet-fiyatlari-2023-kurs-ve-harc-ucretleri-ne-kadar\\\/#primaryimage\",\"url\":\"https:\\\/\\\/www.karekod.org\\\/blog\\\/wp-content\\\/uploads\\\/2023\\\/01\\\/surucu-kursu.jpg\",\"contentUrl\":\"https:\\\/\\\/www.karekod.org\\\/blog\\\/wp-content\\\/uploads\\\/2023\\\/01\\\/surucu-kursu.jpg\",\"width\":1200,\"height\":800,\"caption\":\"S\u00fcr\u00fcc\u00fc Kursu\"},{\"@type\":\"BreadcrumbList\",\"@id\":\"https:\\\/\\\/www.karekod.org\\\/blog\\\/ehliyet-fiyatlari-2023-kurs-ve-harc-ucretleri-ne-kadar\\\/#breadcrumb\",\"itemListElement\":[{\"@type\":\"ListItem\",\"position\":1,\"name\":\"Ana sayfa\",\"item\":\"https:\\\/\\\/www.karekod.org\\\/blog\\\/\"},{\"@type\":\"ListItem\",\"position\":2,\"name\":\"Haberler\",\"item\":\"https:\\\/\\\/www.karekod.org\\\/blog\\\/category\\\/haberler\\\/\"},{\"@type\":\"ListItem\",\"position\":3,\"name\":\"Ehliyet Fiyatlar\u0131 2023 (Kurs ve Har\u00e7 \u00dccretleri)\"}]},{\"@type\":\"WebSite\",\"@id\":\"https:\\\/\\\/www.karekod.org\\\/blog\\\/#website\",\"url\":\"https:\\\/\\\/www.karekod.org\\\/blog\\\/\",\"name\":\"Karekod Blog\",\"description\":\"2026 G\u00fcncel Alkol Fiyatlar\u0131 ve Piyasa Rehberi\",\"publisher\":{\"@id\":\"https:\\\/\\\/www.karekod.org\\\/blog\\\/#organization\"},\"alternateName\":\"Karekod Haber\",\"potentialAction\":[{\"@type\":\"SearchAction\",\"target\":{\"@type\":\"EntryPoint\",\"urlTemplate\":\"https:\\\/\\\/www.karekod.org\\\/blog\\\/?s={search_term_string}\"},\"query-input\":{\"@type\":\"PropertyValueSpecification\",\"valueRequired\":true,\"valueName\":\"search_term_string\"}}],\"inLanguage\":\"tr\"},{\"@type\":\"Organization\",\"@id\":\"https:\\\/\\\/www.karekod.org\\\/blog\\\/#organization\",\"name\":\"Karekod Blog\",\"alternateName\":\"Karekod Haber\",\"url\":\"https:\\\/\\\/www.karekod.org\\\/blog\\\/\",\"logo\":{\"@type\":\"ImageObject\",\"inLanguage\":\"tr\",\"@id\":\"https:\\\/\\\/www.karekod.org\\\/blog\\\/#\\\/schema\\\/logo\\\/image\\\/\",\"url\":\"https:\\\/\\\/www.karekod.org\\\/blog\\\/wp-content\\\/uploads\\\/2025\\\/01\\\/cropped-logo.webp\",\"contentUrl\":\"https:\\\/\\\/www.karekod.org\\\/blog\\\/wp-content\\\/uploads\\\/2025\\\/01\\\/cropped-logo.webp\",\"width\":512,\"height\":384,\"caption\":\"Karekod Blog\"},\"image\":{\"@id\":\"https:\\\/\\\/www.karekod.org\\\/blog\\\/#\\\/schema\\\/logo\\\/image\\\/\"},\"sameAs\":[\"https:\\\/\\\/www.facebook.com\\\/QarMenu\\\/\",\"https:\\\/\\\/x.com\\\/temassizmenu\",\"https:\\\/\\\/www.instagram.com\\\/qarmenu\\\/\",\"https:\\\/\\\/www.linkedin.com\\\/company\\\/karekod\\\/\",\"https:\\\/\\\/tr.pinterest.com\\\/dijitalmenu\\\/\",\"https:\\\/\\\/www.youtube.com\\\/@qrmenu\",\"https:\\\/\\\/karekodmenu.tumblr.com\\\/\",\"https:\\\/\\\/karekod.medium.com\\\/\",\"https:\\\/\\\/www.diigo.com\\\/user\\\/karekod\",\"https:\\\/\\\/mastodon.social\\\/@karekod\",\"https:\\\/\\\/vk.com\\\/karekod\",\"https:\\\/\\\/flipboard.com\\\/@karekod\",\"https:\\\/\\\/www.quora.com\\\/profile\\\/Karekod-Haber\",\"https:\\\/\\\/note.com\\\/karekod\"]},{\"@type\":\"Person\",\"@id\":\"https:\\\/\\\/www.karekod.org\\\/blog\\\/#\\\/schema\\\/person\\\/8c87c879aca1c63c7438bf937a5da8bd\",\"name\":\"Muharrem Emino\u011flu\",\"pronouns\":\"he\\\/him\",\"description\":\"Veri analizi ve dijital raporlama s\u00fcre\u00e7lerinde yenilik\u00e7i yakla\u015f\u0131mlar benimseyerek s\u00fcrd\u00fcr\u00fclebilir i\u015f modelleri \u00fczerine \u00e7al\u0131\u015fmalar yap\u0131yorum. Teknoloji, ekonomi ve dijital pazarlama alanlar\u0131nda g\u00fcncel ve g\u00fcvenilir i\u00e7erikler \u00fcretiyorum.\",\"sameAs\":[\"https:\\\/\\\/www.karekod.org\",\"https:\\\/\\\/www.facebook.com\\\/mentor.perplexed\\\/\",\"https:\\\/\\\/www.instagram.com\\\/mentorperplexed\\\/\",\"https:\\\/\\\/www.linkedin.com\\\/in\\\/eminoglu\\\/\",\"https:\\\/\\\/www.pinterest.de\\\/dijitalmenu\\\/\",\"https:\\\/\\\/x.com\\\/temassizmenu\",\"https:\\\/\\\/www.youtube.com\\\/channel\\\/UC_vI-xTP9NegNfIqSGoesGg\",\"https:\\\/\\\/qrmenu.tumblr.com\\\/\"],\"url\":\"https:\\\/\\\/www.karekod.org\\\/blog\\\/yazar\\\/muharrem-eminoglu\\\/\"},{\"@type\":\"Question\",\"@id\":\"https:\\\/\\\/www.karekod.org\\\/blog\\\/ehliyet-fiyatlari-2023-kurs-ve-harc-ucretleri-ne-kadar\\\/#faq-question-1674050642913\",\"position\":1,\"url\":\"https:\\\/\\\/www.karekod.org\\\/blog\\\/ehliyet-fiyatlari-2023-kurs-ve-harc-ucretleri-ne-kadar\\\/#faq-question-1674050642913\",\"name\":\"Ehliyet fiyatlar\u0131 ka\u00e7 TL 2023?\",\"answerCount\":1,\"acceptedAnswer\":{\"@type\":\"Answer\",\"text\":\"F s\u0131n\u0131f\u0131 ehliyet toplam \u00fccreti 12.121 TL, M s\u0131n\u0131f\u0131 ehliyet \u00fccreti 10.439 TL ve Engelli s\u0131n\u0131f\u0131 ehliyet fiyat\u0131 ise 13.746 TL'ye y\u00fckseldi.\",\"inLanguage\":\"tr\"},\"inLanguage\":\"tr\"},{\"@type\":\"Question\",\"@id\":\"https:\\\/\\\/www.karekod.org\\\/blog\\\/ehliyet-fiyatlari-2023-kurs-ve-harc-ucretleri-ne-kadar\\\/#faq-question-1674050782341\",\"position\":2,\"url\":\"https:\\\/\\\/www.karekod.org\\\/blog\\\/ehliyet-fiyatlari-2023-kurs-ve-harc-ucretleri-ne-kadar\\\/#faq-question-1674050782341\",\"name\":\"B s\u0131n\u0131f\u0131 ehliyet her \u015fey dahil ne kadar 2023?\",\"answerCount\":1,\"acceptedAnswer\":{\"@type\":\"Answer\",\"text\":\"B s\u0131n\u0131f\u0131 ehliyet almak isteyen yeni s\u00fcr\u00fcc\u00fc adaylar\u0131 her \u015fey dahil 10.345 TL \u00f6demek zorunda.\",\"inLanguage\":\"tr\"},\"inLanguage\":\"tr\"},{\"@type\":\"Question\",\"@id\":\"https:\\\/\\\/www.karekod.org\\\/blog\\\/ehliyet-fiyatlari-2023-kurs-ve-harc-ucretleri-ne-kadar\\\/#faq-question-1674050875603\",\"position\":3,\"url\":\"https:\\\/\\\/www.karekod.org\\\/blog\\\/ehliyet-fiyatlari-2023-kurs-ve-harc-ucretleri-ne-kadar\\\/#faq-question-1674050875603\",\"name\":\"Ehliyet ka\u00e7 ayda al\u0131n\u0131r 2023?\",\"answerCount\":1,\"acceptedAnswer\":{\"@type\":\"Answer\",\"text\":\"2023 y\u0131l\u0131nda ehliyet \u00e7\u0131kma s\u00fcresi toplamda 45 g\u00fcn s\u00fcrer. Kursta teorik ders alma s\u00fcresi 15 g\u00fcnd\u00fcr. Teorik dersler tamamland\u0131ktan sonra bir ay boyunca direksiyon e\u011fitimine kat\u0131lman\u0131z gerekir.\",\"inLanguage\":\"tr\"},\"inLanguage\":\"tr\"},{\"@type\":\"Question\",\"@id\":\"https:\\\/\\\/www.karekod.org\\\/blog\\\/ehliyet-fiyatlari-2023-kurs-ve-harc-ucretleri-ne-kadar\\\/#faq-question-1674217079186\",\"position\":4,\"url\":\"https:\\\/\\\/www.karekod.org\\\/blog\\\/ehliyet-fiyatlari-2023-kurs-ve-harc-ucretleri-ne-kadar\\\/#faq-question-1674217079186\",\"name\":\"Ehliyet yenileme \u00fccreti ne kadar 2023?\",\"answerCount\":1,\"acceptedAnswer\":{\"@type\":\"Answer\",\"text\":\"Eski tip ehliyetini yeni tip ile de\u011fi\u015ftirmek 15 TL'dir. Ehliyetlerini yenilemek isteyenlerin, kaybedenlerin veya \u00e7ald\u0131ranlar\u0131n \u00f6deyecekleri \u00fccret: 769 TL'dir.\",\"inLanguage\":\"tr\"},\"inLanguage\":\"tr\"},{\"@type\":\"Question\",\"@id\":\"https:\\\/\\\/www.karekod.org\\\/blog\\\/ehliyet-fiyatlari-2023-kurs-ve-harc-ucretleri-ne-kadar\\\/#faq-question-1674217168768\",\"position\":5,\"url\":\"https:\\\/\\\/www.karekod.org\\\/blog\\\/ehliyet-fiyatlari-2023-kurs-ve-harc-ucretleri-ne-kadar\\\/#faq-question-1674217168768\",\"name\":\"B s\u0131n\u0131f\u0131 ehliyet hangi ara\u00e7lar\u0131 kullanabilir?\",\"answerCount\":1,\"acceptedAnswer\":{\"@type\":\"Answer\",\"text\":\"B s\u0131n\u0131f\u0131 s\u00fcr\u00fcc\u00fc belgesi ile <strong>otomobil<\\\/strong> ve <strong>kamyonet<\\\/strong> s\u0131n\u0131f\u0131na dahil t\u00fcm ara\u00e7lar\u0131 kullanabiliyor. Bu ehliyet t\u00fcr\u00fc M ve F s\u0131n\u0131flar\u0131n\u0131 da kaps\u0131yor. Bu s\u0131n\u0131f\u0131n i\u00e7indeki ta\u015f\u0131tlar ise motorlu bisiklet, trakt\u00f6r ve ticari ama\u00e7l\u0131 olmamak kayd\u0131yla r\u00f6mork ta\u015f\u0131yabilen tar\u0131m ara\u00e7lar\u0131d\u0131r.\",\"inLanguage\":\"tr\"},\"inLanguage\":\"tr\"},{\"@type\":\"Question\",\"@id\":\"https:\\\/\\\/www.karekod.org\\\/blog\\\/ehliyet-fiyatlari-2023-kurs-ve-harc-ucretleri-ne-kadar\\\/#faq-question-1682974935029\",\"position\":6,\"url\":\"https:\\\/\\\/www.karekod.org\\\/blog\\\/ehliyet-fiyatlari-2023-kurs-ve-harc-ucretleri-ne-kadar\\\/#faq-question-1682974935029\",\"name\":\"Ehliyet ne kadar 2023?\",\"answerCount\":1,\"acceptedAnswer\":{\"@type\":\"Answer\",\"text\":\"2023 y\u0131l\u0131nda A s\u0131n\u0131f\u0131 s\u00fcr\u00fcc\u00fc belgesi i\u00e7in toplam 1.594 TL'lik bir \u00fccret \u00f6demeniz gerekiyor.\",\"inLanguage\":\"tr\"},\"inLanguage\":\"tr\"}]}<\/script>\n<!-- \/ Yoast SEO plugin. -->","yoast_head_json":{"title":"Ehliyet Fiyatlar\u0131 2023 (Kurs ve Har\u00e7 \u00dccretleri) - Karekod Blog","description":"Ehliyet fiyatlar\u0131 2023: F s\u0131n\u0131f\u0131 ehliyet almak isteyen yeni s\u00fcr\u00fcc\u00fc adaylar\u0131 toplamda 12.121 TL, M s\u0131n\u0131f\u0131 ehliyet almak isteyenler 10.439 TL","robots":{"index":"index","follow":"follow","max-snippet":"max-snippet:-1","max-image-preview":"max-image-preview:large","max-video-preview":"max-video-preview:-1"},"canonical":"https:\/\/www.karekod.org\/blog\/ehliyet-fiyatlari-2023-kurs-ve-harc-ucretleri-ne-kadar\/","og_locale":"tr_TR","og_type":"article","og_title":"Ehliyet Fiyatlar\u0131 2023 (Kurs ve Har\u00e7 \u00dccretleri) - Karekod Blog","og_description":"Ehliyet fiyatlar\u0131 2023: F s\u0131n\u0131f\u0131 ehliyet almak isteyen yeni s\u00fcr\u00fcc\u00fc adaylar\u0131 toplamda 12.121 TL, M s\u0131n\u0131f\u0131 ehliyet almak isteyenler 10.439 TL","og_url":"https:\/\/www.karekod.org\/blog\/ehliyet-fiyatlari-2023-kurs-ve-harc-ucretleri-ne-kadar\/","og_site_name":"Karekod Blog","article_publisher":"https:\/\/www.facebook.com\/QarMenu\/","article_author":"https:\/\/www.facebook.com\/mentor.perplexed\/","article_published_time":"2023-10-09T22:14:31+00:00","article_modified_time":"2025-02-28T01:33:56+00:00","og_image":[{"width":1200,"height":800,"url":"https:\/\/www.karekod.org\/blog\/wp-content\/uploads\/2023\/01\/surucu-kursu.jpg","type":"image\/jpeg"}],"author":"Muharrem Emino\u011flu","twitter_card":"summary_large_image","twitter_creator":"@temassizmenu","twitter_site":"@temassizmenu","twitter_misc":{"Yazan:":"Muharrem Emino\u011flu","Tahmini okuma s\u00fcresi":"14 dakika"},"schema":{"@context":"https:\/\/schema.org","@graph":[{"@type":"NewsArticle","@id":"https:\/\/www.karekod.org\/blog\/ehliyet-fiyatlari-2023-kurs-ve-harc-ucretleri-ne-kadar\/#article","isPartOf":{"@id":"https:\/\/www.karekod.org\/blog\/ehliyet-fiyatlari-2023-kurs-ve-harc-ucretleri-ne-kadar\/"},"author":{"name":"Muharrem Emino\u011flu","@id":"https:\/\/www.karekod.org\/blog\/#\/schema\/person\/8c87c879aca1c63c7438bf937a5da8bd"},"headline":"Ehliyet Fiyatlar\u0131 2023 (Kurs ve Har\u00e7 \u00dccretleri)","datePublished":"2023-10-09T22:14:31+00:00","dateModified":"2025-02-28T01:33:56+00:00","mainEntityOfPage":{"@id":"https:\/\/www.karekod.org\/blog\/ehliyet-fiyatlari-2023-kurs-ve-harc-ucretleri-ne-kadar\/"},"wordCount":2713,"commentCount":7,"publisher":{"@id":"https:\/\/www.karekod.org\/blog\/#organization"},"image":{"@id":"https:\/\/www.karekod.org\/blog\/ehliyet-fiyatlari-2023-kurs-ve-harc-ucretleri-ne-kadar\/#primaryimage"},"thumbnailUrl":"https:\/\/www.karekod.org\/blog\/wp-content\/uploads\/2023\/01\/surucu-kursu.jpg","keywords":["b s\u0131n\u0131f\u0131 ehliyet","ehliyet fiyatlar\u0131","ehliyet fiyatlar\u0131 2023","ehliyet kursu fiyatlar\u0131"],"articleSection":["G\u00fcndem","Haberler"],"inLanguage":"tr","potentialAction":[{"@type":"CommentAction","name":"Comment","target":["https:\/\/www.karekod.org\/blog\/ehliyet-fiyatlari-2023-kurs-ve-harc-ucretleri-ne-kadar\/#respond"]}]},{"@type":["WebPage","FAQPage"],"@id":"https:\/\/www.karekod.org\/blog\/ehliyet-fiyatlari-2023-kurs-ve-harc-ucretleri-ne-kadar\/","url":"https:\/\/www.karekod.org\/blog\/ehliyet-fiyatlari-2023-kurs-ve-harc-ucretleri-ne-kadar\/","name":"Ehliyet Fiyatlar\u0131 2023 (Kurs ve Har\u00e7 \u00dccretleri) - Karekod Blog","isPartOf":{"@id":"https:\/\/www.karekod.org\/blog\/#website"},"primaryImageOfPage":{"@id":"https:\/\/www.karekod.org\/blog\/ehliyet-fiyatlari-2023-kurs-ve-harc-ucretleri-ne-kadar\/#primaryimage"},"image":{"@id":"https:\/\/www.karekod.org\/blog\/ehliyet-fiyatlari-2023-kurs-ve-harc-ucretleri-ne-kadar\/#primaryimage"},"thumbnailUrl":"https:\/\/www.karekod.org\/blog\/wp-content\/uploads\/2023\/01\/surucu-kursu.jpg","datePublished":"2023-10-09T22:14:31+00:00","dateModified":"2025-02-28T01:33:56+00:00","description":"Ehliyet fiyatlar\u0131 2023: F s\u0131n\u0131f\u0131 ehliyet almak isteyen yeni s\u00fcr\u00fcc\u00fc adaylar\u0131 toplamda 12.121 TL, M s\u0131n\u0131f\u0131 ehliyet almak isteyenler 10.439 TL","breadcrumb":{"@id":"https:\/\/www.karekod.org\/blog\/ehliyet-fiyatlari-2023-kurs-ve-harc-ucretleri-ne-kadar\/#breadcrumb"},"mainEntity":[{"@id":"https:\/\/www.karekod.org\/blog\/ehliyet-fiyatlari-2023-kurs-ve-harc-ucretleri-ne-kadar\/#faq-question-1674050642913"},{"@id":"https:\/\/www.karekod.org\/blog\/ehliyet-fiyatlari-2023-kurs-ve-harc-ucretleri-ne-kadar\/#faq-question-1674050782341"},{"@id":"https:\/\/www.karekod.org\/blog\/ehliyet-fiyatlari-2023-kurs-ve-harc-ucretleri-ne-kadar\/#faq-question-1674050875603"},{"@id":"https:\/\/www.karekod.org\/blog\/ehliyet-fiyatlari-2023-kurs-ve-harc-ucretleri-ne-kadar\/#faq-question-1674217079186"},{"@id":"https:\/\/www.karekod.org\/blog\/ehliyet-fiyatlari-2023-kurs-ve-harc-ucretleri-ne-kadar\/#faq-question-1674217168768"},{"@id":"https:\/\/www.karekod.org\/blog\/ehliyet-fiyatlari-2023-kurs-ve-harc-ucretleri-ne-kadar\/#faq-question-1682974935029"}],"inLanguage":"tr","potentialAction":[{"@type":"ReadAction","target":["https:\/\/www.karekod.org\/blog\/ehliyet-fiyatlari-2023-kurs-ve-harc-ucretleri-ne-kadar\/"]}]},{"@type":"ImageObject","inLanguage":"tr","@id":"https:\/\/www.karekod.org\/blog\/ehliyet-fiyatlari-2023-kurs-ve-harc-ucretleri-ne-kadar\/#primaryimage","url":"https:\/\/www.karekod.org\/blog\/wp-content\/uploads\/2023\/01\/surucu-kursu.jpg","contentUrl":"https:\/\/www.karekod.org\/blog\/wp-content\/uploads\/2023\/01\/surucu-kursu.jpg","width":1200,"height":800,"caption":"S\u00fcr\u00fcc\u00fc Kursu"},{"@type":"BreadcrumbList","@id":"https:\/\/www.karekod.org\/blog\/ehliyet-fiyatlari-2023-kurs-ve-harc-ucretleri-ne-kadar\/#breadcrumb","itemListElement":[{"@type":"ListItem","position":1,"name":"Ana sayfa","item":"https:\/\/www.karekod.org\/blog\/"},{"@type":"ListItem","position":2,"name":"Haberler","item":"https:\/\/www.karekod.org\/blog\/category\/haberler\/"},{"@type":"ListItem","position":3,"name":"Ehliyet Fiyatlar\u0131 2023 (Kurs ve Har\u00e7 \u00dccretleri)"}]},{"@type":"WebSite","@id":"https:\/\/www.karekod.org\/blog\/#website","url":"https:\/\/www.karekod.org\/blog\/","name":"Karekod Blog","description":"2026 G\u00fcncel Alkol Fiyatlar\u0131 ve Piyasa Rehberi","publisher":{"@id":"https:\/\/www.karekod.org\/blog\/#organization"},"alternateName":"Karekod Haber","potentialAction":[{"@type":"SearchAction","target":{"@type":"EntryPoint","urlTemplate":"https:\/\/www.karekod.org\/blog\/?s={search_term_string}"},"query-input":{"@type":"PropertyValueSpecification","valueRequired":true,"valueName":"search_term_string"}}],"inLanguage":"tr"},{"@type":"Organization","@id":"https:\/\/www.karekod.org\/blog\/#organization","name":"Karekod Blog","alternateName":"Karekod Haber","url":"https:\/\/www.karekod.org\/blog\/","logo":{"@type":"ImageObject","inLanguage":"tr","@id":"https:\/\/www.karekod.org\/blog\/#\/schema\/logo\/image\/","url":"https:\/\/www.karekod.org\/blog\/wp-content\/uploads\/2025\/01\/cropped-logo.webp","contentUrl":"https:\/\/www.karekod.org\/blog\/wp-content\/uploads\/2025\/01\/cropped-logo.webp","width":512,"height":384,"caption":"Karekod Blog"},"image":{"@id":"https:\/\/www.karekod.org\/blog\/#\/schema\/logo\/image\/"},"sameAs":["https:\/\/www.facebook.com\/QarMenu\/","https:\/\/x.com\/temassizmenu","https:\/\/www.instagram.com\/qarmenu\/","https:\/\/www.linkedin.com\/company\/karekod\/","https:\/\/tr.pinterest.com\/dijitalmenu\/","https:\/\/www.youtube.com\/@qrmenu","https:\/\/karekodmenu.tumblr.com\/","https:\/\/karekod.medium.com\/","https:\/\/www.diigo.com\/user\/karekod","https:\/\/mastodon.social\/@karekod","https:\/\/vk.com\/karekod","https:\/\/flipboard.com\/@karekod","https:\/\/www.quora.com\/profile\/Karekod-Haber","https:\/\/note.com\/karekod"]},{"@type":"Person","@id":"https:\/\/www.karekod.org\/blog\/#\/schema\/person\/8c87c879aca1c63c7438bf937a5da8bd","name":"Muharrem Emino\u011flu","pronouns":"he\/him","description":"Veri analizi ve dijital raporlama s\u00fcre\u00e7lerinde yenilik\u00e7i yakla\u015f\u0131mlar benimseyerek s\u00fcrd\u00fcr\u00fclebilir i\u015f modelleri \u00fczerine \u00e7al\u0131\u015fmalar yap\u0131yorum. Teknoloji, ekonomi ve dijital pazarlama alanlar\u0131nda g\u00fcncel ve g\u00fcvenilir i\u00e7erikler \u00fcretiyorum.","sameAs":["https:\/\/www.karekod.org","https:\/\/www.facebook.com\/mentor.perplexed\/","https:\/\/www.instagram.com\/mentorperplexed\/","https:\/\/www.linkedin.com\/in\/eminoglu\/","https:\/\/www.pinterest.de\/dijitalmenu\/","https:\/\/x.com\/temassizmenu","https:\/\/www.youtube.com\/channel\/UC_vI-xTP9NegNfIqSGoesGg","https:\/\/qrmenu.tumblr.com\/"],"url":"https:\/\/www.karekod.org\/blog\/yazar\/muharrem-eminoglu\/"},{"@type":"Question","@id":"https:\/\/www.karekod.org\/blog\/ehliyet-fiyatlari-2023-kurs-ve-harc-ucretleri-ne-kadar\/#faq-question-1674050642913","position":1,"url":"https:\/\/www.karekod.org\/blog\/ehliyet-fiyatlari-2023-kurs-ve-harc-ucretleri-ne-kadar\/#faq-question-1674050642913","name":"Ehliyet fiyatlar\u0131 ka\u00e7 TL 2023?","answerCount":1,"acceptedAnswer":{"@type":"Answer","text":"F s\u0131n\u0131f\u0131 ehliyet toplam \u00fccreti 12.121 TL, M s\u0131n\u0131f\u0131 ehliyet \u00fccreti 10.439 TL ve Engelli s\u0131n\u0131f\u0131 ehliyet fiyat\u0131 ise 13.746 TL'ye y\u00fckseldi.","inLanguage":"tr"},"inLanguage":"tr"},{"@type":"Question","@id":"https:\/\/www.karekod.org\/blog\/ehliyet-fiyatlari-2023-kurs-ve-harc-ucretleri-ne-kadar\/#faq-question-1674050782341","position":2,"url":"https:\/\/www.karekod.org\/blog\/ehliyet-fiyatlari-2023-kurs-ve-harc-ucretleri-ne-kadar\/#faq-question-1674050782341","name":"B s\u0131n\u0131f\u0131 ehliyet her \u015fey dahil ne kadar 2023?","answerCount":1,"acceptedAnswer":{"@type":"Answer","text":"B s\u0131n\u0131f\u0131 ehliyet almak isteyen yeni s\u00fcr\u00fcc\u00fc adaylar\u0131 her \u015fey dahil 10.345 TL \u00f6demek zorunda.","inLanguage":"tr"},"inLanguage":"tr"},{"@type":"Question","@id":"https:\/\/www.karekod.org\/blog\/ehliyet-fiyatlari-2023-kurs-ve-harc-ucretleri-ne-kadar\/#faq-question-1674050875603","position":3,"url":"https:\/\/www.karekod.org\/blog\/ehliyet-fiyatlari-2023-kurs-ve-harc-ucretleri-ne-kadar\/#faq-question-1674050875603","name":"Ehliyet ka\u00e7 ayda al\u0131n\u0131r 2023?","answerCount":1,"acceptedAnswer":{"@type":"Answer","text":"2023 y\u0131l\u0131nda ehliyet \u00e7\u0131kma s\u00fcresi toplamda 45 g\u00fcn s\u00fcrer. Kursta teorik ders alma s\u00fcresi 15 g\u00fcnd\u00fcr. Teorik dersler tamamland\u0131ktan sonra bir ay boyunca direksiyon e\u011fitimine kat\u0131lman\u0131z gerekir.","inLanguage":"tr"},"inLanguage":"tr"},{"@type":"Question","@id":"https:\/\/www.karekod.org\/blog\/ehliyet-fiyatlari-2023-kurs-ve-harc-ucretleri-ne-kadar\/#faq-question-1674217079186","position":4,"url":"https:\/\/www.karekod.org\/blog\/ehliyet-fiyatlari-2023-kurs-ve-harc-ucretleri-ne-kadar\/#faq-question-1674217079186","name":"Ehliyet yenileme \u00fccreti ne kadar 2023?","answerCount":1,"acceptedAnswer":{"@type":"Answer","text":"Eski tip ehliyetini yeni tip ile de\u011fi\u015ftirmek 15 TL'dir. Ehliyetlerini yenilemek isteyenlerin, kaybedenlerin veya \u00e7ald\u0131ranlar\u0131n \u00f6deyecekleri \u00fccret: 769 TL'dir.","inLanguage":"tr"},"inLanguage":"tr"},{"@type":"Question","@id":"https:\/\/www.karekod.org\/blog\/ehliyet-fiyatlari-2023-kurs-ve-harc-ucretleri-ne-kadar\/#faq-question-1674217168768","position":5,"url":"https:\/\/www.karekod.org\/blog\/ehliyet-fiyatlari-2023-kurs-ve-harc-ucretleri-ne-kadar\/#faq-question-1674217168768","name":"B s\u0131n\u0131f\u0131 ehliyet hangi ara\u00e7lar\u0131 kullanabilir?","answerCount":1,"acceptedAnswer":{"@type":"Answer","text":"B s\u0131n\u0131f\u0131 s\u00fcr\u00fcc\u00fc belgesi ile <strong>otomobil<\/strong> ve <strong>kamyonet<\/strong> s\u0131n\u0131f\u0131na dahil t\u00fcm ara\u00e7lar\u0131 kullanabiliyor. Bu ehliyet t\u00fcr\u00fc M ve F s\u0131n\u0131flar\u0131n\u0131 da kaps\u0131yor. Bu s\u0131n\u0131f\u0131n i\u00e7indeki ta\u015f\u0131tlar ise motorlu bisiklet, trakt\u00f6r ve ticari ama\u00e7l\u0131 olmamak kayd\u0131yla r\u00f6mork ta\u015f\u0131yabilen tar\u0131m ara\u00e7lar\u0131d\u0131r.","inLanguage":"tr"},"inLanguage":"tr"},{"@type":"Question","@id":"https:\/\/www.karekod.org\/blog\/ehliyet-fiyatlari-2023-kurs-ve-harc-ucretleri-ne-kadar\/#faq-question-1682974935029","position":6,"url":"https:\/\/www.karekod.org\/blog\/ehliyet-fiyatlari-2023-kurs-ve-harc-ucretleri-ne-kadar\/#faq-question-1682974935029","name":"Ehliyet ne kadar 2023?","answerCount":1,"acceptedAnswer":{"@type":"Answer","text":"2023 y\u0131l\u0131nda A s\u0131n\u0131f\u0131 s\u00fcr\u00fcc\u00fc belgesi i\u00e7in toplam 1.594 TL'lik bir \u00fccret \u00f6demeniz gerekiyor.","inLanguage":"tr"},"inLanguage":"tr"}]}},"_links":{"self":[{"href":"https:\/\/www.karekod.org\/blog\/wp-json\/wp\/v2\/posts\/13659","targetHints":{"allow":["GET"]}}],"collection":[{"href":"https:\/\/www.karekod.org\/blog\/wp-json\/wp\/v2\/posts"}],"about":[{"href":"https:\/\/www.karekod.org\/blog\/wp-json\/wp\/v2\/types\/post"}],"author":[{"embeddable":true,"href":"https:\/\/www.karekod.org\/blog\/wp-json\/wp\/v2\/users\/1"}],"replies":[{"embeddable":true,"href":"https:\/\/www.karekod.org\/blog\/wp-json\/wp\/v2\/comments?post=13659"}],"version-history":[{"count":0,"href":"https:\/\/www.karekod.org\/blog\/wp-json\/wp\/v2\/posts\/13659\/revisions"}],"wp:featuredmedia":[{"embeddable":true,"href":"https:\/\/www.karekod.org\/blog\/wp-json\/wp\/v2\/media\/13660"}],"wp:attachment":[{"href":"https:\/\/www.karekod.org\/blog\/wp-json\/wp\/v2\/media?parent=13659"}],"wp:term":[{"taxonomy":"category","embeddable":true,"href":"https:\/\/www.karekod.org\/blog\/wp-json\/wp\/v2\/categories?post=13659"},{"taxonomy":"post_tag","embeddable":true,"href":"https:\/\/www.karekod.org\/blog\/wp-json\/wp\/v2\/tags?post=13659"}],"curies":[{"name":"wp","href":"https:\/\/api.w.org\/{rel}","templated":true}]}}